{"id":8932,"date":"2017-09-01T09:57:36","date_gmt":"2017-09-01T07:57:36","guid":{"rendered":"https:\/\/www.immobilienbusiness.ch\/?p=8932"},"modified":"2017-09-01T09:57:36","modified_gmt":"2017-09-01T07:57:36","slug":"kapitalerhoehung-fuer-den-cs-ref-green-property","status":"publish","type":"post","link":"https:\/\/www.immobilienbusiness.ch\/en\/unternehmen\/2017-09-01\/kapitalerhoehung-fuer-den-cs-ref-green-property\/","title":{"rendered":"Capital increase for CS REF Green Property"},"content":{"rendered":"<div class=\"page\" title=\"Page 1\">\n<div class=\"layoutArea\">\n<div class=\"column\">\n<figure id=\"attachment_8786\" aria-describedby=\"caption-attachment-8786\" style=\"width: 680px\" class=\"wp-caption alignnone\"><img loading=\"lazy\" decoding=\"async\" class=\"size-medium wp-image-8786\" src=\"https:\/\/www.immobilienbusiness.ch\/wp-content\/uploads\/2017\/08\/IB-News-22082017-SFPI-vorl\u00e4ufige-Halbjahreszahlen_Depositphotos_64056199.jpg\" alt=\"\" width=\"680\" height=\"455\" \/><figcaption id=\"caption-attachment-8786\" class=\"wp-caption-text\">The real estate fund CS REF Green Property wants to raise fresh capital (Photo: valphoto - deposit photos)<\/figcaption><\/figure>\n<p>According to Credit Suisse Asset Management's Global Real Estate, the issue proceeds will be used for the further expansion of the real estate portfolio. Detailed information on the transaction, such as volume, issue price and subscription ratio, will be announced shortly before the capital increase. The issue will be carried out in compliance with the subscription rights of existing shareholders, the statement added.<\/p>\n<p>CS REF Green Property was launched in 2009 and is, according to its own statements, the largest Swiss real estate fund for sustainable real estate investments. It invests in new construction projects in strong Swiss economic regions that meet the requirements of \"greenproperty\". This seal of approval for sustainable real estate evaluates qualitative and quantitative criteria with regard to use, infrastructure, energy, materials and life cycle and covers ecological, economic and social aspects.<\/p>\n<\/div>\n<\/div>\n<\/div>\n<div class=\"page\" title=\"Page 2\"><\/div>","protected":false},"excerpt":{"rendered":"<p>In the fourth quarter of 2017, an issue is to be carried out for the real estate fund Credit Suisse Real Estate Fund Green Property (CS REF Green Property).<\/p>","protected":false},"author":3,"featured_media":8786,"comment_status":"open","ping_status":"open","sticky":false,"template":"","format":"standard","meta":{"_acf_changed":false,"_yoast_wpseo_focuskw":"CS REF Green Property","_yoast_wpseo_title":"","_yoast_wpseo_metadesc":"Im vierten Quartal dieses Jahres soll f\u00fcr den Immobilienfonds CS REF Green Property eine Kapitalerh\u00f6hung durchgef\u00fchrt werden.","_yoast_wpseo_linkdex":66,"pgc_sgb_lightbox_settings":"","footnotes":""},"categories":[988],"tags":[1344,1412,1807],"class_list":["post-8932","post","type-post","status-publish","format-standard","has-post-thumbnail","hentry","category-unternehmen","tag-immobilienfonds","tag-kapitalerhoehung","tag-unternehmen"],"acf":[],"yoast_head":"<!-- This site is optimized with the Yoast SEO plugin v27.4 - https:\/\/yoast.com\/product\/yoast-seo-wordpress\/ -->\n<title>Kapitalerh\u00f6hung f\u00fcr den CS REF Green Property - IMMOBILIEN Business<\/title>\n<meta name=\"description\" content=\"Im vierten Quartal dieses Jahres soll f\u00fcr den Immobilienfonds CS REF Green Property eine Kapitalerh\u00f6hung durchgef\u00fchrt werden.\" \/>\n<meta name=\"robots\" content=\"index, follow, max-snippet:-1, max-image-preview:large, max-video-preview:-1\" \/>\n<link rel=\"canonical\" href=\"https:\/\/www.immobilienbusiness.ch\/en\/unternehmen\/2017-09-01\/kapitalerhoehung-fuer-den-cs-ref-green-property\/\" \/>\n<meta property=\"og:locale\" content=\"en_US\" \/>\n<meta property=\"og:type\" content=\"article\" \/>\n<meta property=\"og:title\" content=\"Kapitalerh\u00f6hung f\u00fcr den CS REF Green Property\" \/>\n<meta property=\"og:description\" content=\"Im vierten Quartal dieses Jahres soll f\u00fcr den Immobilienfonds CS REF Green Property eine Kapitalerh\u00f6hung durchgef\u00fchrt werden.\" \/>\n<meta property=\"og:url\" content=\"https:\/\/www.immobilienbusiness.ch\/en\/unternehmen\/2017-09-01\/kapitalerhoehung-fuer-den-cs-ref-green-property\/\" \/>\n<meta property=\"og:site_name\" content=\"IMMOBILIEN Business\" \/>\n<meta property=\"article:publisher\" content=\"https:\/\/www.facebook.com\/immobilienbusiness\/\" \/>\n<meta property=\"article:published_time\" content=\"2017-09-01T07:57:36+00:00\" \/>\n<meta property=\"og:image\" content=\"https:\/\/www.immobilienbusiness.ch\/wp-content\/uploads\/2017\/08\/IB-News-22082017-SFPI-vorlaeufige-Halbjahreszahlen_Depositphotos_64056199.jpg\" \/>\n\t<meta property=\"og:image:width\" content=\"680\" \/>\n\t<meta property=\"og:image:height\" content=\"455\" \/>\n\t<meta property=\"og:image:type\" content=\"image\/jpeg\" \/>\n<meta name=\"author\" content=\"anja.hall\" \/>\n<meta name=\"twitter:card\" content=\"summary_large_image\" \/>\n<meta name=\"twitter:title\" content=\"Kapitalerh\u00f6hung f\u00fcr den CS REF Green Property\" \/>\n<meta name=\"twitter:description\" content=\"Im vierten Quartal dieses Jahres soll f\u00fcr den Immobilienfonds CS REF Green Property eine Kapitalerh\u00f6hung durchgef\u00fchrt werden.\" \/>\n<meta name=\"twitter:image\" content=\"https:\/\/www.immobilienbusiness.ch\/wp-content\/uploads\/2017\/08\/IB-News-22082017-SFPI-vorl\u00e4ufige-Halbjahreszahlen_Depositphotos_64056199.jpg\" \/>\n<script type=\"application\/ld+json\" class=\"yoast-schema-graph\">{\"@context\":\"https:\\\/\\\/schema.org\",\"@graph\":[{\"@type\":\"Article\",\"@id\":\"https:\\\/\\\/www.immobilienbusiness.ch\\\/unternehmen\\\/2017-09-01\\\/kapitalerhoehung-fuer-den-cs-ref-green-property\\\/#article\",\"isPartOf\":{\"@id\":\"https:\\\/\\\/www.immobilienbusiness.ch\\\/unternehmen\\\/2017-09-01\\\/kapitalerhoehung-fuer-den-cs-ref-green-property\\\/\"},\"author\":{\"name\":\"anja.hall\",\"@id\":\"https:\\\/\\\/www.immobilienbusiness.ch\\\/#\\\/schema\\\/person\\\/3fc036297b10b9f42d6db5ee932af8c8\"},\"headline\":\"Kapitalerh\u00f6hung f\u00fcr den CS REF Green Property\",\"datePublished\":\"2017-09-01T07:57:36+00:00\",\"mainEntityOfPage\":{\"@id\":\"https:\\\/\\\/www.immobilienbusiness.ch\\\/unternehmen\\\/2017-09-01\\\/kapitalerhoehung-fuer-den-cs-ref-green-property\\\/\"},\"wordCount\":153,\"commentCount\":0,\"publisher\":{\"@id\":\"https:\\\/\\\/www.immobilienbusiness.ch\\\/#organization\"},\"image\":{\"@id\":\"https:\\\/\\\/www.immobilienbusiness.ch\\\/unternehmen\\\/2017-09-01\\\/kapitalerhoehung-fuer-den-cs-ref-green-property\\\/#primaryimage\"},\"thumbnailUrl\":\"https:\\\/\\\/www.immobilienbusiness.ch\\\/wp-content\\\/uploads\\\/2017\\\/08\\\/IB-News-22082017-SFPI-vorlaeufige-Halbjahreszahlen_Depositphotos_64056199.jpg\",\"keywords\":[\"Immobilienfonds\",\"Kapitalerh\u00f6hung\",\"Unternehmen\"],\"articleSection\":[\"UNTERNEHMEN\"],\"inLanguage\":\"en-US\"},{\"@type\":\"WebPage\",\"@id\":\"https:\\\/\\\/www.immobilienbusiness.ch\\\/unternehmen\\\/2017-09-01\\\/kapitalerhoehung-fuer-den-cs-ref-green-property\\\/\",\"url\":\"https:\\\/\\\/www.immobilienbusiness.ch\\\/unternehmen\\\/2017-09-01\\\/kapitalerhoehung-fuer-den-cs-ref-green-property\\\/\",\"name\":\"Kapitalerh\u00f6hung f\u00fcr den CS REF Green Property - IMMOBILIEN Business\",\"isPartOf\":{\"@id\":\"https:\\\/\\\/www.immobilienbusiness.ch\\\/#website\"},\"primaryImageOfPage\":{\"@id\":\"https:\\\/\\\/www.immobilienbusiness.ch\\\/unternehmen\\\/2017-09-01\\\/kapitalerhoehung-fuer-den-cs-ref-green-property\\\/#primaryimage\"},\"image\":{\"@id\":\"https:\\\/\\\/www.immobilienbusiness.ch\\\/unternehmen\\\/2017-09-01\\\/kapitalerhoehung-fuer-den-cs-ref-green-property\\\/#primaryimage\"},\"thumbnailUrl\":\"https:\\\/\\\/www.immobilienbusiness.ch\\\/wp-content\\\/uploads\\\/2017\\\/08\\\/IB-News-22082017-SFPI-vorlaeufige-Halbjahreszahlen_Depositphotos_64056199.jpg\",\"datePublished\":\"2017-09-01T07:57:36+00:00\",\"description\":\"Im vierten Quartal dieses Jahres soll f\u00fcr den Immobilienfonds CS REF Green Property eine Kapitalerh\u00f6hung durchgef\u00fchrt werden.\",\"breadcrumb\":{\"@id\":\"https:\\\/\\\/www.immobilienbusiness.ch\\\/unternehmen\\\/2017-09-01\\\/kapitalerhoehung-fuer-den-cs-ref-green-property\\\/#breadcrumb\"},\"inLanguage\":\"en-US\",\"potentialAction\":[{\"@type\":\"ReadAction\",\"target\":[\"https:\\\/\\\/www.immobilienbusiness.ch\\\/unternehmen\\\/2017-09-01\\\/kapitalerhoehung-fuer-den-cs-ref-green-property\\\/\"]}]},{\"@type\":\"ImageObject\",\"inLanguage\":\"en-US\",\"@id\":\"https:\\\/\\\/www.immobilienbusiness.ch\\\/unternehmen\\\/2017-09-01\\\/kapitalerhoehung-fuer-den-cs-ref-green-property\\\/#primaryimage\",\"url\":\"https:\\\/\\\/www.immobilienbusiness.ch\\\/wp-content\\\/uploads\\\/2017\\\/08\\\/IB-News-22082017-SFPI-vorlaeufige-Halbjahreszahlen_Depositphotos_64056199.jpg\",\"contentUrl\":\"https:\\\/\\\/www.immobilienbusiness.ch\\\/wp-content\\\/uploads\\\/2017\\\/08\\\/IB-News-22082017-SFPI-vorlaeufige-Halbjahreszahlen_Depositphotos_64056199.jpg\",\"width\":680,\"height\":455,\"caption\":\"Der Swiss Real Estate Fund von Patrimonium hat seine Jahreszahlen pr\u00e4sentiert (Foto: valphoto \u2013 deposit photos)\"},{\"@type\":\"BreadcrumbList\",\"@id\":\"https:\\\/\\\/www.immobilienbusiness.ch\\\/unternehmen\\\/2017-09-01\\\/kapitalerhoehung-fuer-den-cs-ref-green-property\\\/#breadcrumb\",\"itemListElement\":[{\"@type\":\"ListItem\",\"position\":1,\"name\":\"Home\",\"item\":\"https:\\\/\\\/www.immobilienbusiness.ch\\\/\"},{\"@type\":\"ListItem\",\"position\":2,\"name\":\"Kapitalerh\u00f6hung f\u00fcr den CS REF Green Property\"}]},{\"@type\":\"WebSite\",\"@id\":\"https:\\\/\\\/www.immobilienbusiness.ch\\\/#website\",\"url\":\"https:\\\/\\\/www.immobilienbusiness.ch\\\/\",\"name\":\"IMMOBILIEN Business\",\"description\":\"Unabh\u00e4ngiges Schweizer Wirtschaftsmagazin mit Fokus auf Immobilien, Architektur- und Bau sowie Investment- und Finanzierung.\",\"publisher\":{\"@id\":\"https:\\\/\\\/www.immobilienbusiness.ch\\\/#organization\"},\"potentialAction\":[{\"@type\":\"SearchAction\",\"target\":{\"@type\":\"EntryPoint\",\"urlTemplate\":\"https:\\\/\\\/www.immobilienbusiness.ch\\\/?s={search_term_string}\"},\"query-input\":{\"@type\":\"PropertyValueSpecification\",\"valueRequired\":true,\"valueName\":\"search_term_string\"}}],\"inLanguage\":\"en-US\"},{\"@type\":\"Organization\",\"@id\":\"https:\\\/\\\/www.immobilienbusiness.ch\\\/#organization\",\"name\":\"IMMOBILIEN Business\",\"url\":\"https:\\\/\\\/www.immobilienbusiness.ch\\\/\",\"logo\":{\"@type\":\"ImageObject\",\"inLanguage\":\"en-US\",\"@id\":\"https:\\\/\\\/www.immobilienbusiness.ch\\\/#\\\/schema\\\/logo\\\/image\\\/\",\"url\":\"https:\\\/\\\/www.immobilienbusiness.ch\\\/wp-content\\\/uploads\\\/2021\\\/07\\\/logo_ib.png\",\"contentUrl\":\"https:\\\/\\\/www.immobilienbusiness.ch\\\/wp-content\\\/uploads\\\/2021\\\/07\\\/logo_ib.png\",\"width\":800,\"height\":181,\"caption\":\"IMMOBILIEN Business\"},\"image\":{\"@id\":\"https:\\\/\\\/www.immobilienbusiness.ch\\\/#\\\/schema\\\/logo\\\/image\\\/\"},\"sameAs\":[\"https:\\\/\\\/www.facebook.com\\\/immobilienbusiness\\\/\"]},{\"@type\":\"Person\",\"@id\":\"https:\\\/\\\/www.immobilienbusiness.ch\\\/#\\\/schema\\\/person\\\/3fc036297b10b9f42d6db5ee932af8c8\",\"name\":\"anja.hall\",\"image\":{\"@type\":\"ImageObject\",\"inLanguage\":\"en-US\",\"@id\":\"https:\\\/\\\/secure.gravatar.com\\\/avatar\\\/066b5a0d447013502c71a5782f4f3469f03cfe595cc2329fb94652fe47511bfb?s=96&d=mm&r=g\",\"url\":\"https:\\\/\\\/secure.gravatar.com\\\/avatar\\\/066b5a0d447013502c71a5782f4f3469f03cfe595cc2329fb94652fe47511bfb?s=96&d=mm&r=g\",\"contentUrl\":\"https:\\\/\\\/secure.gravatar.com\\\/avatar\\\/066b5a0d447013502c71a5782f4f3469f03cfe595cc2329fb94652fe47511bfb?s=96&d=mm&r=g\",\"caption\":\"anja.hall\"},\"url\":\"https:\\\/\\\/www.immobilienbusiness.ch\\\/en\\\/author\\\/anja-hall\\\/\"}]}<\/script>\n<!-- \/ Yoast SEO plugin. -->","yoast_head_json":{"title":"Kapitalerh\u00f6hung f\u00fcr den CS REF Green Property - IMMOBILIEN Business","description":"Im vierten Quartal dieses Jahres soll f\u00fcr den Immobilienfonds CS REF Green Property eine Kapitalerh\u00f6hung durchgef\u00fchrt werden.","robots":{"index":"index","follow":"follow","max-snippet":"max-snippet:-1","max-image-preview":"max-image-preview:large","max-video-preview":"max-video-preview:-1"},"canonical":"https:\/\/www.immobilienbusiness.ch\/en\/unternehmen\/2017-09-01\/kapitalerhoehung-fuer-den-cs-ref-green-property\/","og_locale":"en_US","og_type":"article","og_title":"Kapitalerh\u00f6hung f\u00fcr den CS REF Green Property","og_description":"Im vierten Quartal dieses Jahres soll f\u00fcr den Immobilienfonds CS REF Green Property eine Kapitalerh\u00f6hung durchgef\u00fchrt werden.","og_url":"https:\/\/www.immobilienbusiness.ch\/en\/unternehmen\/2017-09-01\/kapitalerhoehung-fuer-den-cs-ref-green-property\/","og_site_name":"IMMOBILIEN Business","article_publisher":"https:\/\/www.facebook.com\/immobilienbusiness\/","article_published_time":"2017-09-01T07:57:36+00:00","og_image":[{"width":680,"height":455,"url":"https:\/\/www.immobilienbusiness.ch\/wp-content\/uploads\/2017\/08\/IB-News-22082017-SFPI-vorlaeufige-Halbjahreszahlen_Depositphotos_64056199.jpg","type":"image\/jpeg"}],"author":"anja.hall","twitter_card":"summary_large_image","twitter_title":"Kapitalerh\u00f6hung f\u00fcr den CS REF Green Property","twitter_description":"Im vierten Quartal dieses Jahres soll f\u00fcr den Immobilienfonds CS REF Green Property eine Kapitalerh\u00f6hung durchgef\u00fchrt werden.","twitter_image":"https:\/\/www.immobilienbusiness.ch\/wp-content\/uploads\/2017\/08\/IB-News-22082017-SFPI-vorl\u00e4ufige-Halbjahreszahlen_Depositphotos_64056199.jpg","schema":{"@context":"https:\/\/schema.org","@graph":[{"@type":"Article","@id":"https:\/\/www.immobilienbusiness.ch\/unternehmen\/2017-09-01\/kapitalerhoehung-fuer-den-cs-ref-green-property\/#article","isPartOf":{"@id":"https:\/\/www.immobilienbusiness.ch\/unternehmen\/2017-09-01\/kapitalerhoehung-fuer-den-cs-ref-green-property\/"},"author":{"name":"anja.hall","@id":"https:\/\/www.immobilienbusiness.ch\/#\/schema\/person\/3fc036297b10b9f42d6db5ee932af8c8"},"headline":"Kapitalerh\u00f6hung f\u00fcr den CS REF Green Property","datePublished":"2017-09-01T07:57:36+00:00","mainEntityOfPage":{"@id":"https:\/\/www.immobilienbusiness.ch\/unternehmen\/2017-09-01\/kapitalerhoehung-fuer-den-cs-ref-green-property\/"},"wordCount":153,"commentCount":0,"publisher":{"@id":"https:\/\/www.immobilienbusiness.ch\/#organization"},"image":{"@id":"https:\/\/www.immobilienbusiness.ch\/unternehmen\/2017-09-01\/kapitalerhoehung-fuer-den-cs-ref-green-property\/#primaryimage"},"thumbnailUrl":"https:\/\/www.immobilienbusiness.ch\/wp-content\/uploads\/2017\/08\/IB-News-22082017-SFPI-vorlaeufige-Halbjahreszahlen_Depositphotos_64056199.jpg","keywords":["Immobilienfonds","Kapitalerh\u00f6hung","Unternehmen"],"articleSection":["UNTERNEHMEN"],"inLanguage":"en-US"},{"@type":"WebPage","@id":"https:\/\/www.immobilienbusiness.ch\/unternehmen\/2017-09-01\/kapitalerhoehung-fuer-den-cs-ref-green-property\/","url":"https:\/\/www.immobilienbusiness.ch\/unternehmen\/2017-09-01\/kapitalerhoehung-fuer-den-cs-ref-green-property\/","name":"Kapitalerh\u00f6hung f\u00fcr den CS REF Green Property - IMMOBILIEN Business","isPartOf":{"@id":"https:\/\/www.immobilienbusiness.ch\/#website"},"primaryImageOfPage":{"@id":"https:\/\/www.immobilienbusiness.ch\/unternehmen\/2017-09-01\/kapitalerhoehung-fuer-den-cs-ref-green-property\/#primaryimage"},"image":{"@id":"https:\/\/www.immobilienbusiness.ch\/unternehmen\/2017-09-01\/kapitalerhoehung-fuer-den-cs-ref-green-property\/#primaryimage"},"thumbnailUrl":"https:\/\/www.immobilienbusiness.ch\/wp-content\/uploads\/2017\/08\/IB-News-22082017-SFPI-vorlaeufige-Halbjahreszahlen_Depositphotos_64056199.jpg","datePublished":"2017-09-01T07:57:36+00:00","description":"Im vierten Quartal dieses Jahres soll f\u00fcr den Immobilienfonds CS REF Green Property eine Kapitalerh\u00f6hung durchgef\u00fchrt werden.","breadcrumb":{"@id":"https:\/\/www.immobilienbusiness.ch\/unternehmen\/2017-09-01\/kapitalerhoehung-fuer-den-cs-ref-green-property\/#breadcrumb"},"inLanguage":"en-US","potentialAction":[{"@type":"ReadAction","target":["https:\/\/www.immobilienbusiness.ch\/unternehmen\/2017-09-01\/kapitalerhoehung-fuer-den-cs-ref-green-property\/"]}]},{"@type":"ImageObject","inLanguage":"en-US","@id":"https:\/\/www.immobilienbusiness.ch\/unternehmen\/2017-09-01\/kapitalerhoehung-fuer-den-cs-ref-green-property\/#primaryimage","url":"https:\/\/www.immobilienbusiness.ch\/wp-content\/uploads\/2017\/08\/IB-News-22082017-SFPI-vorlaeufige-Halbjahreszahlen_Depositphotos_64056199.jpg","contentUrl":"https:\/\/www.immobilienbusiness.ch\/wp-content\/uploads\/2017\/08\/IB-News-22082017-SFPI-vorlaeufige-Halbjahreszahlen_Depositphotos_64056199.jpg","width":680,"height":455,"caption":"Der Swiss Real Estate Fund von Patrimonium hat seine Jahreszahlen pr\u00e4sentiert (Foto: valphoto \u2013 deposit photos)"},{"@type":"BreadcrumbList","@id":"https:\/\/www.immobilienbusiness.ch\/unternehmen\/2017-09-01\/kapitalerhoehung-fuer-den-cs-ref-green-property\/#breadcrumb","itemListElement":[{"@type":"ListItem","position":1,"name":"Home","item":"https:\/\/www.immobilienbusiness.ch\/"},{"@type":"ListItem","position":2,"name":"Kapitalerh\u00f6hung f\u00fcr den CS REF Green Property"}]},{"@type":"WebSite","@id":"https:\/\/www.immobilienbusiness.ch\/#website","url":"https:\/\/www.immobilienbusiness.ch\/","name":"REAL ESTATE Business","description":"Independent Swiss business magazine focusing on real estate, architecture and construction as well as investment and financing.","publisher":{"@id":"https:\/\/www.immobilienbusiness.ch\/#organization"},"potentialAction":[{"@type":"SearchAction","target":{"@type":"EntryPoint","urlTemplate":"https:\/\/www.immobilienbusiness.ch\/?s={search_term_string}"},"query-input":{"@type":"PropertyValueSpecification","valueRequired":true,"valueName":"search_term_string"}}],"inLanguage":"en-US"},{"@type":"Organization","@id":"https:\/\/www.immobilienbusiness.ch\/#organization","name":"REAL ESTATE Business","url":"https:\/\/www.immobilienbusiness.ch\/","logo":{"@type":"ImageObject","inLanguage":"en-US","@id":"https:\/\/www.immobilienbusiness.ch\/#\/schema\/logo\/image\/","url":"https:\/\/www.immobilienbusiness.ch\/wp-content\/uploads\/2021\/07\/logo_ib.png","contentUrl":"https:\/\/www.immobilienbusiness.ch\/wp-content\/uploads\/2021\/07\/logo_ib.png","width":800,"height":181,"caption":"IMMOBILIEN Business"},"image":{"@id":"https:\/\/www.immobilienbusiness.ch\/#\/schema\/logo\/image\/"},"sameAs":["https:\/\/www.facebook.com\/immobilienbusiness\/"]},{"@type":"Person","@id":"https:\/\/www.immobilienbusiness.ch\/#\/schema\/person\/3fc036297b10b9f42d6db5ee932af8c8","name":"anja.hall","image":{"@type":"ImageObject","inLanguage":"en-US","@id":"https:\/\/secure.gravatar.com\/avatar\/066b5a0d447013502c71a5782f4f3469f03cfe595cc2329fb94652fe47511bfb?s=96&d=mm&r=g","url":"https:\/\/secure.gravatar.com\/avatar\/066b5a0d447013502c71a5782f4f3469f03cfe595cc2329fb94652fe47511bfb?s=96&d=mm&r=g","contentUrl":"https:\/\/secure.gravatar.com\/avatar\/066b5a0d447013502c71a5782f4f3469f03cfe595cc2329fb94652fe47511bfb?s=96&d=mm&r=g","caption":"anja.hall"},"url":"https:\/\/www.immobilienbusiness.ch\/en\/author\/anja-hall\/"}]}},"_links":{"self":[{"href":"https:\/\/www.immobilienbusiness.ch\/en\/wp-json\/wp\/v2\/posts\/8932","targetHints":{"allow":["GET"]}}],"collection":[{"href":"https:\/\/www.immobilienbusiness.ch\/en\/wp-json\/wp\/v2\/posts"}],"about":[{"href":"https:\/\/www.immobilienbusiness.ch\/en\/wp-json\/wp\/v2\/types\/post"}],"author":[{"embeddable":true,"href":"https:\/\/www.immobilienbusiness.ch\/en\/wp-json\/wp\/v2\/users\/3"}],"replies":[{"embeddable":true,"href":"https:\/\/www.immobilienbusiness.ch\/en\/wp-json\/wp\/v2\/comments?post=8932"}],"version-history":[{"count":0,"href":"https:\/\/www.immobilienbusiness.ch\/en\/wp-json\/wp\/v2\/posts\/8932\/revisions"}],"wp:featuredmedia":[{"embeddable":true,"href":"https:\/\/www.immobilienbusiness.ch\/en\/wp-json\/wp\/v2\/media\/8786"}],"wp:attachment":[{"href":"https:\/\/www.immobilienbusiness.ch\/en\/wp-json\/wp\/v2\/media?parent=8932"}],"wp:term":[{"taxonomy":"category","embeddable":true,"href":"https:\/\/www.immobilienbusiness.ch\/en\/wp-json\/wp\/v2\/categories?post=8932"},{"taxonomy":"post_tag","embeddable":true,"href":"https:\/\/www.immobilienbusiness.ch\/en\/wp-json\/wp\/v2\/tags?post=8932"}],"curies":[{"name":"wp","href":"https:\/\/api.w.org\/{rel}","templated":true}]}}