{"id":8885,"date":"2017-08-29T08:47:12","date_gmt":"2017-08-29T06:47:12","guid":{"rendered":"https:\/\/www.immobilienbusiness.ch\/?p=8885"},"modified":"2017-08-29T08:47:12","modified_gmt":"2017-08-29T06:47:12","slug":"st-gallen-geplante-messe-erweiterung-bis-2024","status":"publish","type":"post","link":"https:\/\/www.immobilienbusiness.ch\/en\/regionen\/2017-08-29\/st-gallen-geplante-messe-erweiterung-bis-2024\/","title":{"rendered":"St.Gallen: Planned Olma trade fair expansion until 2024"},"content":{"rendered":"<figure id=\"attachment_8886\" aria-describedby=\"caption-attachment-8886\" style=\"width: 675px\" class=\"wp-caption alignnone\"><img loading=\"lazy\" decoding=\"async\" class=\"size-full wp-image-8886\" src=\"https:\/\/www.immobilienbusiness.ch\/wp-content\/uploads\/2017\/08\/IB-News-29082017-Olma-Neubau-Messehalle-St-Gallen.jpg\" alt=\"\" width=\"675\" height=\"451\" srcset=\"https:\/\/www.immobilienbusiness.ch\/wp-content\/uploads\/2017\/08\/IB-News-29082017-Olma-Neubau-Messehalle-St-Gallen.jpg 675w, https:\/\/www.immobilienbusiness.ch\/wp-content\/uploads\/2017\/08\/IB-News-29082017-Olma-Neubau-Messehalle-St-Gallen-300x200.jpg 300w, https:\/\/www.immobilienbusiness.ch\/wp-content\/uploads\/2017\/08\/IB-News-29082017-Olma-Neubau-Messehalle-St-Gallen-16x12.jpg 16w, https:\/\/www.immobilienbusiness.ch\/wp-content\/uploads\/2017\/08\/IB-News-29082017-Olma-Neubau-Messehalle-St-Gallen-262x175.jpg 262w, https:\/\/www.immobilienbusiness.ch\/wp-content\/uploads\/2017\/08\/IB-News-29082017-Olma-Neubau-Messehalle-St-Gallen-524x350.jpg 524w\" sizes=\"auto, (max-width: 675px) 100vw, 675px\" \/><figcaption id=\"caption-attachment-8886\" class=\"wp-caption-text\">The plans for the expansion of the Olma trade fair grounds include a superstructure on the city highway (Image: Olma Messen St.Gallen)<\/figcaption><\/figure>\n<p>The construction project, which envisages a partial covering of the A1 city highway in St.Gallen, is to be supported by the public sector with a total of CHF 30 million. The city and canton want to contribute 18 and twelve million respectively. Another component of the city's proposal is an adjustment of the ownership and building lease relationships.<\/p>\n<p><strong>Total cost of over 163 million<\/strong><\/p>\n<p>The extension to the east of the Olma site is scheduled for completion in 2024. For this project, the Rosenberg Tunnel is to be extended by around 200 meters to the east so that the new Hall 1 with a floor area of around 12,500 square meters can be realized above it. The total investment volume amounts to 163.4 million. Of this, 41.6 million is for the highway overlay and 121.8 million for the new building and the extended site design.<\/p>\n<p>Most of the site is owned by the City of St.Gallen, which has granted Olma the building lease free of charge until 2062. With the commissioning of the new Hall 1, the building lease contracts for all areas are to be concluded uniformly and newly for a fee at a reduced building lease rate of 0.5 percent. In addition, the city wants to make four plots of land southeast of Rosenheimstrasse available to Olma and is rezoning them from the commercial zone to the zone for public buildings and facilities.<\/p>\n<p>The Olma Messen Cooperative will bear the major part of the investments itself (28.4 million own funds, 105 million bank loans). The contributions from the canton and the city are mutually conditional. The corresponding bills will be discussed by the city parliament on September 26, 2017, and by the cantonal council in its first reading during its session at the end of November.<\/p>\n<p><strong>Referendum expected in March 2018<\/strong><\/p>\n<p>In the event of a positive decision by the city parliament, the project (financial contribution) is subject to a mandatory referendum. The municipal referendum is scheduled for March 2018. The cantonal decision, in turn, is subject to an optional referendum. The earliest start of construction would be at the end of 2021, with the opening of the new hall scheduled for the end of 2024.<\/p>","protected":false},"excerpt":{"rendered":"<p>The city and canton of St.Gallen want to help finance the planned expansion of the Olma site to include a new exhibition and event hall.<\/p>","protected":false},"author":4,"featured_media":8886,"comment_status":"open","ping_status":"open","sticky":false,"template":"","format":"standard","meta":{"_acf_changed":false,"_yoast_wpseo_focuskw":"Olma","_yoast_wpseo_title":"","_yoast_wpseo_metadesc":"Stadt und Kanton St. Gallen wollen die geplante Erweiterung des Olma-Gel\u00e4ndes um eine neue Messe- und Eventhalle mit 30 Millionen CHF mitfinanzieren.","_yoast_wpseo_linkdex":81,"pgc_sgb_lightbox_settings":"","footnotes":""},"categories":[985],"tags":[1203,1222,1483,1600,1722],"class_list":["post-8885","post","type-post","status-publish","format-standard","has-post-thumbnail","hentry","category-regionen","tag-erweiterung","tag-finanzierung","tag-messe","tag-projekt-in-planung","tag-st-gallen"],"acf":[],"yoast_head":"<!-- This site is optimized with the Yoast SEO plugin v27.4 - https:\/\/yoast.com\/product\/yoast-seo-wordpress\/ -->\n<title>St.Gallen: Geplante Olma-Messe-Erweiterung bis 2024 - IMMOBILIEN Business<\/title>\n<meta name=\"description\" content=\"Stadt und Kanton St. Gallen wollen die geplante Erweiterung des Olma-Gel\u00e4ndes um eine neue Messe- und Eventhalle mit 30 Millionen CHF mitfinanzieren.\" \/>\n<meta name=\"robots\" content=\"index, follow, max-snippet:-1, max-image-preview:large, max-video-preview:-1\" \/>\n<link rel=\"canonical\" href=\"https:\/\/www.immobilienbusiness.ch\/en\/regionen\/2017-08-29\/st-gallen-geplante-messe-erweiterung-bis-2024\/\" \/>\n<meta property=\"og:locale\" content=\"en_US\" \/>\n<meta property=\"og:type\" content=\"article\" \/>\n<meta property=\"og:title\" content=\"St. Gallen: Geplante Messe-Erweiterung bis 2024\" \/>\n<meta property=\"og:description\" content=\"Stadt und Kanton St. Gallen wollen die geplante Erweiterung des Olma-Gel\u00e4ndes um eine neue Messe- und Eventhalle mit 30 Millionen CHF mitfinanzieren.\" \/>\n<meta property=\"og:url\" content=\"https:\/\/www.immobilienbusiness.ch\/en\/regionen\/2017-08-29\/st-gallen-geplante-messe-erweiterung-bis-2024\/\" \/>\n<meta property=\"og:site_name\" content=\"IMMOBILIEN Business\" \/>\n<meta property=\"article:publisher\" content=\"https:\/\/www.facebook.com\/immobilienbusiness\/\" \/>\n<meta property=\"article:published_time\" content=\"2017-08-29T06:47:12+00:00\" \/>\n<meta property=\"og:image\" content=\"https:\/\/www.immobilienbusiness.ch\/wp-content\/uploads\/2017\/08\/IB-News-29082017-Olma-Neubau-Messehalle-St-Gallen.jpg\" \/>\n\t<meta property=\"og:image:width\" content=\"675\" \/>\n\t<meta property=\"og:image:height\" content=\"451\" \/>\n\t<meta property=\"og:image:type\" content=\"image\/jpeg\" \/>\n<meta name=\"author\" content=\"mathias.rinka\" \/>\n<meta name=\"twitter:card\" content=\"summary_large_image\" \/>\n<meta name=\"twitter:title\" content=\"St. Gallen: Geplante Messe-Erweiterung bis 2024\" \/>\n<meta name=\"twitter:description\" content=\"Stadt und Kanton St. Gallen wollen die geplante Erweiterung des Olma-Gel\u00e4ndes um eine neue Messe- und Eventhalle mit 30 Millionen CHF mitfinanzieren.\" \/>\n<script type=\"application\/ld+json\" class=\"yoast-schema-graph\">{\"@context\":\"https:\\\/\\\/schema.org\",\"@graph\":[{\"@type\":\"Article\",\"@id\":\"https:\\\/\\\/www.immobilienbusiness.ch\\\/it\\\/regionen\\\/2017-08-29\\\/st-gallen-geplante-messe-erweiterung-bis-2024\\\/#article\",\"isPartOf\":{\"@id\":\"https:\\\/\\\/www.immobilienbusiness.ch\\\/it\\\/regionen\\\/2017-08-29\\\/st-gallen-geplante-messe-erweiterung-bis-2024\\\/\"},\"author\":{\"name\":\"mathias.rinka\",\"@id\":\"https:\\\/\\\/www.immobilienbusiness.ch\\\/#\\\/schema\\\/person\\\/31be7383261ea656cfe52cad71fdc211\"},\"headline\":\"St.Gallen: Geplante Olma-Messe-Erweiterung bis 2024\",\"datePublished\":\"2017-08-29T06:47:12+00:00\",\"mainEntityOfPage\":{\"@id\":\"https:\\\/\\\/www.immobilienbusiness.ch\\\/it\\\/regionen\\\/2017-08-29\\\/st-gallen-geplante-messe-erweiterung-bis-2024\\\/\"},\"wordCount\":336,\"commentCount\":0,\"publisher\":{\"@id\":\"https:\\\/\\\/www.immobilienbusiness.ch\\\/#organization\"},\"image\":{\"@id\":\"https:\\\/\\\/www.immobilienbusiness.ch\\\/it\\\/regionen\\\/2017-08-29\\\/st-gallen-geplante-messe-erweiterung-bis-2024\\\/#primaryimage\"},\"thumbnailUrl\":\"https:\\\/\\\/www.immobilienbusiness.ch\\\/wp-content\\\/uploads\\\/2017\\\/08\\\/IB-News-29082017-Olma-Neubau-Messehalle-St-Gallen.jpg\",\"keywords\":[\"Erweiterung\",\"Finanzierung\",\"Messe\",\"Projekt in Planung\",\"St. Gallen\"],\"articleSection\":[\"REGIONEN\"],\"inLanguage\":\"en-US\"},{\"@type\":\"WebPage\",\"@id\":\"https:\\\/\\\/www.immobilienbusiness.ch\\\/it\\\/regionen\\\/2017-08-29\\\/st-gallen-geplante-messe-erweiterung-bis-2024\\\/\",\"url\":\"https:\\\/\\\/www.immobilienbusiness.ch\\\/it\\\/regionen\\\/2017-08-29\\\/st-gallen-geplante-messe-erweiterung-bis-2024\\\/\",\"name\":\"St.Gallen: Geplante Olma-Messe-Erweiterung bis 2024 - IMMOBILIEN Business\",\"isPartOf\":{\"@id\":\"https:\\\/\\\/www.immobilienbusiness.ch\\\/#website\"},\"primaryImageOfPage\":{\"@id\":\"https:\\\/\\\/www.immobilienbusiness.ch\\\/it\\\/regionen\\\/2017-08-29\\\/st-gallen-geplante-messe-erweiterung-bis-2024\\\/#primaryimage\"},\"image\":{\"@id\":\"https:\\\/\\\/www.immobilienbusiness.ch\\\/it\\\/regionen\\\/2017-08-29\\\/st-gallen-geplante-messe-erweiterung-bis-2024\\\/#primaryimage\"},\"thumbnailUrl\":\"https:\\\/\\\/www.immobilienbusiness.ch\\\/wp-content\\\/uploads\\\/2017\\\/08\\\/IB-News-29082017-Olma-Neubau-Messehalle-St-Gallen.jpg\",\"datePublished\":\"2017-08-29T06:47:12+00:00\",\"description\":\"Stadt und Kanton St. Gallen wollen die geplante Erweiterung des Olma-Gel\u00e4ndes um eine neue Messe- und Eventhalle mit 30 Millionen CHF mitfinanzieren.\",\"breadcrumb\":{\"@id\":\"https:\\\/\\\/www.immobilienbusiness.ch\\\/it\\\/regionen\\\/2017-08-29\\\/st-gallen-geplante-messe-erweiterung-bis-2024\\\/#breadcrumb\"},\"inLanguage\":\"en-US\",\"potentialAction\":[{\"@type\":\"ReadAction\",\"target\":[\"https:\\\/\\\/www.immobilienbusiness.ch\\\/it\\\/regionen\\\/2017-08-29\\\/st-gallen-geplante-messe-erweiterung-bis-2024\\\/\"]}]},{\"@type\":\"ImageObject\",\"inLanguage\":\"en-US\",\"@id\":\"https:\\\/\\\/www.immobilienbusiness.ch\\\/it\\\/regionen\\\/2017-08-29\\\/st-gallen-geplante-messe-erweiterung-bis-2024\\\/#primaryimage\",\"url\":\"https:\\\/\\\/www.immobilienbusiness.ch\\\/wp-content\\\/uploads\\\/2017\\\/08\\\/IB-News-29082017-Olma-Neubau-Messehalle-St-Gallen.jpg\",\"contentUrl\":\"https:\\\/\\\/www.immobilienbusiness.ch\\\/wp-content\\\/uploads\\\/2017\\\/08\\\/IB-News-29082017-Olma-Neubau-Messehalle-St-Gallen.jpg\",\"width\":675,\"height\":451,\"caption\":\"Die Pl\u00e4ne f\u00fcr die Erweiterung des Olma-Messegel\u00e4ndes sehen eine \u00dcberbauung der Stadtautobahn vor (Bild: Olma Messen St.Gallen)\"},{\"@type\":\"BreadcrumbList\",\"@id\":\"https:\\\/\\\/www.immobilienbusiness.ch\\\/it\\\/regionen\\\/2017-08-29\\\/st-gallen-geplante-messe-erweiterung-bis-2024\\\/#breadcrumb\",\"itemListElement\":[{\"@type\":\"ListItem\",\"position\":1,\"name\":\"Home\",\"item\":\"https:\\\/\\\/www.immobilienbusiness.ch\\\/\"},{\"@type\":\"ListItem\",\"position\":2,\"name\":\"St.Gallen: Geplante Olma-Messe-Erweiterung bis 2024\"}]},{\"@type\":\"WebSite\",\"@id\":\"https:\\\/\\\/www.immobilienbusiness.ch\\\/#website\",\"url\":\"https:\\\/\\\/www.immobilienbusiness.ch\\\/\",\"name\":\"IMMOBILIEN Business\",\"description\":\"Unabh\u00e4ngiges Schweizer Wirtschaftsmagazin mit Fokus auf Immobilien, Architektur- und Bau sowie Investment- und Finanzierung.\",\"publisher\":{\"@id\":\"https:\\\/\\\/www.immobilienbusiness.ch\\\/#organization\"},\"potentialAction\":[{\"@type\":\"SearchAction\",\"target\":{\"@type\":\"EntryPoint\",\"urlTemplate\":\"https:\\\/\\\/www.immobilienbusiness.ch\\\/?s={search_term_string}\"},\"query-input\":{\"@type\":\"PropertyValueSpecification\",\"valueRequired\":true,\"valueName\":\"search_term_string\"}}],\"inLanguage\":\"en-US\"},{\"@type\":\"Organization\",\"@id\":\"https:\\\/\\\/www.immobilienbusiness.ch\\\/#organization\",\"name\":\"IMMOBILIEN Business\",\"url\":\"https:\\\/\\\/www.immobilienbusiness.ch\\\/\",\"logo\":{\"@type\":\"ImageObject\",\"inLanguage\":\"en-US\",\"@id\":\"https:\\\/\\\/www.immobilienbusiness.ch\\\/#\\\/schema\\\/logo\\\/image\\\/\",\"url\":\"https:\\\/\\\/www.immobilienbusiness.ch\\\/wp-content\\\/uploads\\\/2021\\\/07\\\/logo_ib.png\",\"contentUrl\":\"https:\\\/\\\/www.immobilienbusiness.ch\\\/wp-content\\\/uploads\\\/2021\\\/07\\\/logo_ib.png\",\"width\":800,\"height\":181,\"caption\":\"IMMOBILIEN Business\"},\"image\":{\"@id\":\"https:\\\/\\\/www.immobilienbusiness.ch\\\/#\\\/schema\\\/logo\\\/image\\\/\"},\"sameAs\":[\"https:\\\/\\\/www.facebook.com\\\/immobilienbusiness\\\/\"]},{\"@type\":\"Person\",\"@id\":\"https:\\\/\\\/www.immobilienbusiness.ch\\\/#\\\/schema\\\/person\\\/31be7383261ea656cfe52cad71fdc211\",\"name\":\"mathias.rinka\",\"image\":{\"@type\":\"ImageObject\",\"inLanguage\":\"en-US\",\"@id\":\"https:\\\/\\\/secure.gravatar.com\\\/avatar\\\/?s=96&d=mm&r=g\",\"url\":\"https:\\\/\\\/secure.gravatar.com\\\/avatar\\\/?s=96&d=mm&r=g\",\"contentUrl\":\"https:\\\/\\\/secure.gravatar.com\\\/avatar\\\/?s=96&d=mm&r=g\",\"caption\":\"mathias.rinka\"},\"url\":\"https:\\\/\\\/www.immobilienbusiness.ch\\\/en\\\/author\\\/mathias-rinka\\\/\"}]}<\/script>\n<!-- \/ Yoast SEO plugin. -->","yoast_head_json":{"title":"St.Gallen: Planned expansion of the Olma trade fair by 2024 - IMMOBILIEN Business","description":"The city and canton of St. Gallen want to co-finance the planned expansion of the Olma site with a new exhibition and event hall to the tune of CHF 30 million.","robots":{"index":"index","follow":"follow","max-snippet":"max-snippet:-1","max-image-preview":"max-image-preview:large","max-video-preview":"max-video-preview:-1"},"canonical":"https:\/\/www.immobilienbusiness.ch\/en\/regionen\/2017-08-29\/st-gallen-geplante-messe-erweiterung-bis-2024\/","og_locale":"en_US","og_type":"article","og_title":"St. Gallen: Geplante Messe-Erweiterung bis 2024","og_description":"Stadt und Kanton St. Gallen wollen die geplante Erweiterung des Olma-Gel\u00e4ndes um eine neue Messe- und Eventhalle mit 30 Millionen CHF mitfinanzieren.","og_url":"https:\/\/www.immobilienbusiness.ch\/en\/regionen\/2017-08-29\/st-gallen-geplante-messe-erweiterung-bis-2024\/","og_site_name":"IMMOBILIEN Business","article_publisher":"https:\/\/www.facebook.com\/immobilienbusiness\/","article_published_time":"2017-08-29T06:47:12+00:00","og_image":[{"width":675,"height":451,"url":"https:\/\/www.immobilienbusiness.ch\/wp-content\/uploads\/2017\/08\/IB-News-29082017-Olma-Neubau-Messehalle-St-Gallen.jpg","type":"image\/jpeg"}],"author":"mathias.rinka","twitter_card":"summary_large_image","twitter_title":"St. Gallen: Geplante Messe-Erweiterung bis 2024","twitter_description":"Stadt und Kanton St. Gallen wollen die geplante Erweiterung des Olma-Gel\u00e4ndes um eine neue Messe- und Eventhalle mit 30 Millionen CHF mitfinanzieren.","schema":{"@context":"https:\/\/schema.org","@graph":[{"@type":"Article","@id":"https:\/\/www.immobilienbusiness.ch\/it\/regionen\/2017-08-29\/st-gallen-geplante-messe-erweiterung-bis-2024\/#article","isPartOf":{"@id":"https:\/\/www.immobilienbusiness.ch\/it\/regionen\/2017-08-29\/st-gallen-geplante-messe-erweiterung-bis-2024\/"},"author":{"name":"mathias.rinka","@id":"https:\/\/www.immobilienbusiness.ch\/#\/schema\/person\/31be7383261ea656cfe52cad71fdc211"},"headline":"St.Gallen: Geplante Olma-Messe-Erweiterung bis 2024","datePublished":"2017-08-29T06:47:12+00:00","mainEntityOfPage":{"@id":"https:\/\/www.immobilienbusiness.ch\/it\/regionen\/2017-08-29\/st-gallen-geplante-messe-erweiterung-bis-2024\/"},"wordCount":336,"commentCount":0,"publisher":{"@id":"https:\/\/www.immobilienbusiness.ch\/#organization"},"image":{"@id":"https:\/\/www.immobilienbusiness.ch\/it\/regionen\/2017-08-29\/st-gallen-geplante-messe-erweiterung-bis-2024\/#primaryimage"},"thumbnailUrl":"https:\/\/www.immobilienbusiness.ch\/wp-content\/uploads\/2017\/08\/IB-News-29082017-Olma-Neubau-Messehalle-St-Gallen.jpg","keywords":["Erweiterung","Finanzierung","Messe","Projekt in Planung","St. Gallen"],"articleSection":["REGIONEN"],"inLanguage":"en-US"},{"@type":"WebPage","@id":"https:\/\/www.immobilienbusiness.ch\/it\/regionen\/2017-08-29\/st-gallen-geplante-messe-erweiterung-bis-2024\/","url":"https:\/\/www.immobilienbusiness.ch\/it\/regionen\/2017-08-29\/st-gallen-geplante-messe-erweiterung-bis-2024\/","name":"St.Gallen: Planned expansion of the Olma trade fair by 2024 - IMMOBILIEN Business","isPartOf":{"@id":"https:\/\/www.immobilienbusiness.ch\/#website"},"primaryImageOfPage":{"@id":"https:\/\/www.immobilienbusiness.ch\/it\/regionen\/2017-08-29\/st-gallen-geplante-messe-erweiterung-bis-2024\/#primaryimage"},"image":{"@id":"https:\/\/www.immobilienbusiness.ch\/it\/regionen\/2017-08-29\/st-gallen-geplante-messe-erweiterung-bis-2024\/#primaryimage"},"thumbnailUrl":"https:\/\/www.immobilienbusiness.ch\/wp-content\/uploads\/2017\/08\/IB-News-29082017-Olma-Neubau-Messehalle-St-Gallen.jpg","datePublished":"2017-08-29T06:47:12+00:00","description":"The city and canton of St. Gallen want to co-finance the planned expansion of the Olma site with a new exhibition and event hall to the tune of CHF 30 million.","breadcrumb":{"@id":"https:\/\/www.immobilienbusiness.ch\/it\/regionen\/2017-08-29\/st-gallen-geplante-messe-erweiterung-bis-2024\/#breadcrumb"},"inLanguage":"en-US","potentialAction":[{"@type":"ReadAction","target":["https:\/\/www.immobilienbusiness.ch\/it\/regionen\/2017-08-29\/st-gallen-geplante-messe-erweiterung-bis-2024\/"]}]},{"@type":"ImageObject","inLanguage":"en-US","@id":"https:\/\/www.immobilienbusiness.ch\/it\/regionen\/2017-08-29\/st-gallen-geplante-messe-erweiterung-bis-2024\/#primaryimage","url":"https:\/\/www.immobilienbusiness.ch\/wp-content\/uploads\/2017\/08\/IB-News-29082017-Olma-Neubau-Messehalle-St-Gallen.jpg","contentUrl":"https:\/\/www.immobilienbusiness.ch\/wp-content\/uploads\/2017\/08\/IB-News-29082017-Olma-Neubau-Messehalle-St-Gallen.jpg","width":675,"height":451,"caption":"Die Pl\u00e4ne f\u00fcr die Erweiterung des Olma-Messegel\u00e4ndes sehen eine \u00dcberbauung der Stadtautobahn vor (Bild: Olma Messen St.Gallen)"},{"@type":"BreadcrumbList","@id":"https:\/\/www.immobilienbusiness.ch\/it\/regionen\/2017-08-29\/st-gallen-geplante-messe-erweiterung-bis-2024\/#breadcrumb","itemListElement":[{"@type":"ListItem","position":1,"name":"Home","item":"https:\/\/www.immobilienbusiness.ch\/"},{"@type":"ListItem","position":2,"name":"St.Gallen: Geplante Olma-Messe-Erweiterung bis 2024"}]},{"@type":"WebSite","@id":"https:\/\/www.immobilienbusiness.ch\/#website","url":"https:\/\/www.immobilienbusiness.ch\/","name":"REAL ESTATE Business","description":"Independent Swiss business magazine focusing on real estate, architecture and construction as well as investment and financing.","publisher":{"@id":"https:\/\/www.immobilienbusiness.ch\/#organization"},"potentialAction":[{"@type":"SearchAction","target":{"@type":"EntryPoint","urlTemplate":"https:\/\/www.immobilienbusiness.ch\/?s={search_term_string}"},"query-input":{"@type":"PropertyValueSpecification","valueRequired":true,"valueName":"search_term_string"}}],"inLanguage":"en-US"},{"@type":"Organization","@id":"https:\/\/www.immobilienbusiness.ch\/#organization","name":"REAL ESTATE Business","url":"https:\/\/www.immobilienbusiness.ch\/","logo":{"@type":"ImageObject","inLanguage":"en-US","@id":"https:\/\/www.immobilienbusiness.ch\/#\/schema\/logo\/image\/","url":"https:\/\/www.immobilienbusiness.ch\/wp-content\/uploads\/2021\/07\/logo_ib.png","contentUrl":"https:\/\/www.immobilienbusiness.ch\/wp-content\/uploads\/2021\/07\/logo_ib.png","width":800,"height":181,"caption":"IMMOBILIEN Business"},"image":{"@id":"https:\/\/www.immobilienbusiness.ch\/#\/schema\/logo\/image\/"},"sameAs":["https:\/\/www.facebook.com\/immobilienbusiness\/"]},{"@type":"Person","@id":"https:\/\/www.immobilienbusiness.ch\/#\/schema\/person\/31be7383261ea656cfe52cad71fdc211","name":"mathias.rinka","image":{"@type":"ImageObject","inLanguage":"en-US","@id":"https:\/\/secure.gravatar.com\/avatar\/?s=96&d=mm&r=g","url":"https:\/\/secure.gravatar.com\/avatar\/?s=96&d=mm&r=g","contentUrl":"https:\/\/secure.gravatar.com\/avatar\/?s=96&d=mm&r=g","caption":"mathias.rinka"},"url":"https:\/\/www.immobilienbusiness.ch\/en\/author\/mathias-rinka\/"}]}},"_links":{"self":[{"href":"https:\/\/www.immobilienbusiness.ch\/en\/wp-json\/wp\/v2\/posts\/8885","targetHints":{"allow":["GET"]}}],"collection":[{"href":"https:\/\/www.immobilienbusiness.ch\/en\/wp-json\/wp\/v2\/posts"}],"about":[{"href":"https:\/\/www.immobilienbusiness.ch\/en\/wp-json\/wp\/v2\/types\/post"}],"author":[{"embeddable":true,"href":"https:\/\/www.immobilienbusiness.ch\/en\/wp-json\/wp\/v2\/users\/4"}],"replies":[{"embeddable":true,"href":"https:\/\/www.immobilienbusiness.ch\/en\/wp-json\/wp\/v2\/comments?post=8885"}],"version-history":[{"count":0,"href":"https:\/\/www.immobilienbusiness.ch\/en\/wp-json\/wp\/v2\/posts\/8885\/revisions"}],"wp:featuredmedia":[{"embeddable":true,"href":"https:\/\/www.immobilienbusiness.ch\/en\/wp-json\/wp\/v2\/media\/8886"}],"wp:attachment":[{"href":"https:\/\/www.immobilienbusiness.ch\/en\/wp-json\/wp\/v2\/media?parent=8885"}],"wp:term":[{"taxonomy":"category","embeddable":true,"href":"https:\/\/www.immobilienbusiness.ch\/en\/wp-json\/wp\/v2\/categories?post=8885"},{"taxonomy":"post_tag","embeddable":true,"href":"https:\/\/www.immobilienbusiness.ch\/en\/wp-json\/wp\/v2\/tags?post=8885"}],"curies":[{"name":"wp","href":"https:\/\/api.w.org\/{rel}","templated":true}]}}