{"id":867,"date":"2015-09-25T10:20:23","date_gmt":"2015-09-25T08:20:23","guid":{"rendered":"http:\/\/dev.immobilienbusiness.ch\/?p=867"},"modified":"2015-09-25T10:20:23","modified_gmt":"2015-09-25T08:20:23","slug":"fm-trends-steigender-preisdruck-und-strategisches-flaechenmanagement","status":"publish","type":"post","link":"https:\/\/www.immobilienbusiness.ch\/en\/allgemein\/2015-09-25\/fm-trends-steigender-preisdruck-und-strategisches-flaechenmanagement\/","title":{"rendered":"FM trends: Increasing price pressure and strategic space management"},"content":{"rendered":"<figure id=\"attachment_4854\" aria-describedby=\"caption-attachment-4854\" style=\"width: 339px\" class=\"wp-caption alignnone\"><img loading=\"lazy\" decoding=\"async\" class=\"wp-image-4854 size-full\" src=\"https:\/\/immobilienbusiness.ch\/wp-content\/uploads\/2015\/09\/FM-Trends-Steigender-Preisdruck-und-strategisches-Fl\u00e4chenmanagement-immobilien-business.jpg\" width=\"339\" height=\"231\" \/><figcaption id=\"caption-attachment-4854\" class=\"wp-caption-text\">The current FM Monitor from pom+ continues to see strategically oriented space management as a top trend (Photo\/Logo: pom+)<\/figcaption><\/figure>\n<p>In the early consideration of all life cycle costs, 75 % of the respondents consider an important value in future FM. Despite price and cost pressures, the future of the Swiss FM market is viewed as thoroughly positive. Growth is expected to be particularly strong where the influence of the public sector is high, for example in the healthcare sector.<\/p>\n<p>In addition, strategically oriented space management has been the absolute strongest trend in the FM market in Switzerland for years. 86 % of all respondents see a strong or very strong increase in importance here. However, far too few organizations still have a space strategy. Currently, only 53 % of all respondents have such a concrete strategy. (mr)<\/p>\n<ul>\n<li>The report \"FM Monitor Trend Analysis 2015\" can be ordered at pom+, <a href=\"http:\/\/www.pom.ch\" target=\"_blank\" data-cke-saved-href=\"http:\/\/www.pom.ch\" rel=\"noopener\">www.pom.ch<\/a> or directly via the website <a href=\"http:\/\/www.fmmonitor.ch\" target=\"_blank\" data-cke-saved-href=\"http:\/\/www.fmmonitor.ch\" rel=\"noopener\">www.fmmonitor.ch<\/a> for 90 Swiss francs. A text abridged version of the \"FM Monitor Benchmark 2015\" report is available free of charge on these websites.<\/li>\n<\/ul>","protected":false},"excerpt":{"rendered":"<p>Cost reduction over the entire real estate lifecycle and increasing price pressure are strongly driving the facility management (FM) market in Switzerland. Around 80 % of industry experts surveyed see a strong trend in both topics. This is the result of the current FM Monitor by pom+.<\/p>","protected":false},"author":1,"featured_media":4854,"comment_status":"open","ping_status":"open","sticky":false,"template":"","format":"standard","meta":{"_acf_changed":false,"_yoast_wpseo_focuskw":"Fl\u00e4chenmanagement FM","_yoast_wpseo_title":"Fl\u00e4chenmanagement FM: Preisdruck und Strategien im Fokus","_yoast_wpseo_metadesc":"Angesichts steigender Kosten gewinnt strategisches Fl\u00e4chenmanagement im FM-Markt Schweiz an Bedeutung. Zukunftsaussichten bleiben positiv.","_yoast_wpseo_linkdex":58,"pgc_sgb_lightbox_settings":"","footnotes":""},"categories":[1],"tags":[1216],"class_list":["post-867","post","type-post","status-publish","format-standard","has-post-thumbnail","hentry","category-allgemein","tag-facility-management"],"acf":[],"yoast_head":"<!-- This site is optimized with the Yoast SEO plugin v27.4 - https:\/\/yoast.com\/product\/yoast-seo-wordpress\/ -->\n<title>Fl\u00e4chenmanagement FM: Preisdruck und Strategien im Fokus<\/title>\n<meta name=\"description\" content=\"Angesichts steigender Kosten gewinnt strategisches Fl\u00e4chenmanagement im FM-Markt Schweiz an Bedeutung. Zukunftsaussichten bleiben positiv.\" \/>\n<meta name=\"robots\" content=\"index, follow, max-snippet:-1, max-image-preview:large, max-video-preview:-1\" \/>\n<link rel=\"canonical\" href=\"https:\/\/www.immobilienbusiness.ch\/en\/allgemein\/2015-09-25\/fm-trends-steigender-preisdruck-und-strategisches-flaechenmanagement\/\" \/>\n<meta property=\"og:locale\" content=\"en_US\" \/>\n<meta property=\"og:type\" content=\"article\" \/>\n<meta property=\"og:title\" content=\"FM-Trends: Steigender Preisdruck und strategisches Fl\u00e4chenmanagement\" \/>\n<meta property=\"og:description\" content=\"Kostenreduktion \u00fcber den ganzen Immobilien-Lebenszyklus hinweg und ein ansteigender Preisdruck bewegen den Markt f\u00fcr Facility Management (FM) in der Schweiz stark. Rund 80 % von befragten Branchenexperten sehen bei beiden Themen einen starken Trend. Dies geht aus dem aktuellen FM Monitor von pom+ hervor.\" \/>\n<meta property=\"og:url\" content=\"https:\/\/www.immobilienbusiness.ch\/en\/allgemein\/2015-09-25\/fm-trends-steigender-preisdruck-und-strategisches-flaechenmanagement\/\" \/>\n<meta property=\"og:site_name\" content=\"IMMOBILIEN Business\" \/>\n<meta property=\"article:publisher\" content=\"https:\/\/www.facebook.com\/immobilienbusiness\/\" \/>\n<meta property=\"article:published_time\" content=\"2015-09-25T08:20:23+00:00\" \/>\n<meta name=\"author\" content=\"Redaktion\" \/>\n<meta name=\"twitter:card\" content=\"summary_large_image\" \/>\n<meta name=\"twitter:image\" content=\"https:\/\/www.immobilienbusiness.ch\/wp-content\/uploads\/2015\/09\/FM-Trends-Steigender-Preisdruck-und-strategisches-Flaechenmanagement-immobilien-business.jpg\" \/>\n<script type=\"application\/ld+json\" class=\"yoast-schema-graph\">{\"@context\":\"https:\\\/\\\/schema.org\",\"@graph\":[{\"@type\":\"Article\",\"@id\":\"https:\\\/\\\/www.immobilienbusiness.ch\\\/allgemein\\\/2015-09-25\\\/fm-trends-steigender-preisdruck-und-strategisches-flaechenmanagement\\\/#article\",\"isPartOf\":{\"@id\":\"https:\\\/\\\/www.immobilienbusiness.ch\\\/allgemein\\\/2015-09-25\\\/fm-trends-steigender-preisdruck-und-strategisches-flaechenmanagement\\\/\"},\"author\":{\"name\":\"Redaktion\",\"@id\":\"https:\\\/\\\/www.immobilienbusiness.ch\\\/#\\\/schema\\\/person\\\/aa2bace6c5c5aad60102004a50c4eb1c\"},\"headline\":\"FM-Trends: Steigender Preisdruck und strategisches Fl\u00e4chenmanagement\",\"datePublished\":\"2015-09-25T08:20:23+00:00\",\"mainEntityOfPage\":{\"@id\":\"https:\\\/\\\/www.immobilienbusiness.ch\\\/allgemein\\\/2015-09-25\\\/fm-trends-steigender-preisdruck-und-strategisches-flaechenmanagement\\\/\"},\"wordCount\":176,\"commentCount\":0,\"publisher\":{\"@id\":\"https:\\\/\\\/www.immobilienbusiness.ch\\\/#organization\"},\"image\":{\"@id\":\"https:\\\/\\\/www.immobilienbusiness.ch\\\/allgemein\\\/2015-09-25\\\/fm-trends-steigender-preisdruck-und-strategisches-flaechenmanagement\\\/#primaryimage\"},\"thumbnailUrl\":\"https:\\\/\\\/www.immobilienbusiness.ch\\\/wp-content\\\/uploads\\\/2015\\\/09\\\/FM-Trends-Steigender-Preisdruck-und-strategisches-Flaechenmanagement-immobilien-business.jpg\",\"keywords\":[\"Facility Management\"],\"articleSection\":[\"Allgemein\"],\"inLanguage\":\"en-US\"},{\"@type\":\"WebPage\",\"@id\":\"https:\\\/\\\/www.immobilienbusiness.ch\\\/allgemein\\\/2015-09-25\\\/fm-trends-steigender-preisdruck-und-strategisches-flaechenmanagement\\\/\",\"url\":\"https:\\\/\\\/www.immobilienbusiness.ch\\\/allgemein\\\/2015-09-25\\\/fm-trends-steigender-preisdruck-und-strategisches-flaechenmanagement\\\/\",\"name\":\"Fl\u00e4chenmanagement FM: Preisdruck und Strategien im Fokus\",\"isPartOf\":{\"@id\":\"https:\\\/\\\/www.immobilienbusiness.ch\\\/#website\"},\"primaryImageOfPage\":{\"@id\":\"https:\\\/\\\/www.immobilienbusiness.ch\\\/allgemein\\\/2015-09-25\\\/fm-trends-steigender-preisdruck-und-strategisches-flaechenmanagement\\\/#primaryimage\"},\"image\":{\"@id\":\"https:\\\/\\\/www.immobilienbusiness.ch\\\/allgemein\\\/2015-09-25\\\/fm-trends-steigender-preisdruck-und-strategisches-flaechenmanagement\\\/#primaryimage\"},\"thumbnailUrl\":\"https:\\\/\\\/www.immobilienbusiness.ch\\\/wp-content\\\/uploads\\\/2015\\\/09\\\/FM-Trends-Steigender-Preisdruck-und-strategisches-Flaechenmanagement-immobilien-business.jpg\",\"datePublished\":\"2015-09-25T08:20:23+00:00\",\"description\":\"Angesichts steigender Kosten gewinnt strategisches Fl\u00e4chenmanagement im FM-Markt Schweiz an Bedeutung. Zukunftsaussichten bleiben positiv.\",\"breadcrumb\":{\"@id\":\"https:\\\/\\\/www.immobilienbusiness.ch\\\/allgemein\\\/2015-09-25\\\/fm-trends-steigender-preisdruck-und-strategisches-flaechenmanagement\\\/#breadcrumb\"},\"inLanguage\":\"en-US\",\"potentialAction\":[{\"@type\":\"ReadAction\",\"target\":[\"https:\\\/\\\/www.immobilienbusiness.ch\\\/allgemein\\\/2015-09-25\\\/fm-trends-steigender-preisdruck-und-strategisches-flaechenmanagement\\\/\"]}]},{\"@type\":\"ImageObject\",\"inLanguage\":\"en-US\",\"@id\":\"https:\\\/\\\/www.immobilienbusiness.ch\\\/allgemein\\\/2015-09-25\\\/fm-trends-steigender-preisdruck-und-strategisches-flaechenmanagement\\\/#primaryimage\",\"url\":\"https:\\\/\\\/www.immobilienbusiness.ch\\\/wp-content\\\/uploads\\\/2015\\\/09\\\/FM-Trends-Steigender-Preisdruck-und-strategisches-Flaechenmanagement-immobilien-business.jpg\",\"contentUrl\":\"https:\\\/\\\/www.immobilienbusiness.ch\\\/wp-content\\\/uploads\\\/2015\\\/09\\\/FM-Trends-Steigender-Preisdruck-und-strategisches-Flaechenmanagement-immobilien-business.jpg\",\"width\":339,\"height\":231,\"caption\":\"Der aktuelle FM Monitor von pom+ sieht strategisch ausgerichtetes Fl\u00e4chenmanagement weiterhin als Top-Trend (Foto\\\/Logo: pom+)\"},{\"@type\":\"BreadcrumbList\",\"@id\":\"https:\\\/\\\/www.immobilienbusiness.ch\\\/allgemein\\\/2015-09-25\\\/fm-trends-steigender-preisdruck-und-strategisches-flaechenmanagement\\\/#breadcrumb\",\"itemListElement\":[{\"@type\":\"ListItem\",\"position\":1,\"name\":\"Home\",\"item\":\"https:\\\/\\\/www.immobilienbusiness.ch\\\/\"},{\"@type\":\"ListItem\",\"position\":2,\"name\":\"FM-Trends: Steigender Preisdruck und strategisches Fl\u00e4chenmanagement\"}]},{\"@type\":\"WebSite\",\"@id\":\"https:\\\/\\\/www.immobilienbusiness.ch\\\/#website\",\"url\":\"https:\\\/\\\/www.immobilienbusiness.ch\\\/\",\"name\":\"IMMOBILIEN Business\",\"description\":\"Unabh\u00e4ngiges Schweizer Wirtschaftsmagazin mit Fokus auf Immobilien, Architektur- und Bau sowie Investment- und Finanzierung.\",\"publisher\":{\"@id\":\"https:\\\/\\\/www.immobilienbusiness.ch\\\/#organization\"},\"potentialAction\":[{\"@type\":\"SearchAction\",\"target\":{\"@type\":\"EntryPoint\",\"urlTemplate\":\"https:\\\/\\\/www.immobilienbusiness.ch\\\/?s={search_term_string}\"},\"query-input\":{\"@type\":\"PropertyValueSpecification\",\"valueRequired\":true,\"valueName\":\"search_term_string\"}}],\"inLanguage\":\"en-US\"},{\"@type\":\"Organization\",\"@id\":\"https:\\\/\\\/www.immobilienbusiness.ch\\\/#organization\",\"name\":\"IMMOBILIEN Business\",\"url\":\"https:\\\/\\\/www.immobilienbusiness.ch\\\/\",\"logo\":{\"@type\":\"ImageObject\",\"inLanguage\":\"en-US\",\"@id\":\"https:\\\/\\\/www.immobilienbusiness.ch\\\/#\\\/schema\\\/logo\\\/image\\\/\",\"url\":\"https:\\\/\\\/www.immobilienbusiness.ch\\\/wp-content\\\/uploads\\\/2021\\\/07\\\/logo_ib.png\",\"contentUrl\":\"https:\\\/\\\/www.immobilienbusiness.ch\\\/wp-content\\\/uploads\\\/2021\\\/07\\\/logo_ib.png\",\"width\":800,\"height\":181,\"caption\":\"IMMOBILIEN Business\"},\"image\":{\"@id\":\"https:\\\/\\\/www.immobilienbusiness.ch\\\/#\\\/schema\\\/logo\\\/image\\\/\"},\"sameAs\":[\"https:\\\/\\\/www.facebook.com\\\/immobilienbusiness\\\/\"]},{\"@type\":\"Person\",\"@id\":\"https:\\\/\\\/www.immobilienbusiness.ch\\\/#\\\/schema\\\/person\\\/aa2bace6c5c5aad60102004a50c4eb1c\",\"name\":\"Redaktion\",\"image\":{\"@type\":\"ImageObject\",\"inLanguage\":\"en-US\",\"@id\":\"https:\\\/\\\/secure.gravatar.com\\\/avatar\\\/ae2f4d718e6c49043e314ce431e7e645d646302a24a5ef5a8bc8e3f5a032e319?s=96&d=mm&r=g\",\"url\":\"https:\\\/\\\/secure.gravatar.com\\\/avatar\\\/ae2f4d718e6c49043e314ce431e7e645d646302a24a5ef5a8bc8e3f5a032e319?s=96&d=mm&r=g\",\"contentUrl\":\"https:\\\/\\\/secure.gravatar.com\\\/avatar\\\/ae2f4d718e6c49043e314ce431e7e645d646302a24a5ef5a8bc8e3f5a032e319?s=96&d=mm&r=g\",\"caption\":\"Redaktion\"},\"sameAs\":[\"http:\\\/\\\/develop.organisator.galledia.ch\"],\"url\":\"https:\\\/\\\/www.immobilienbusiness.ch\\\/en\\\/author\\\/admin\\\/\"}]}<\/script>\n<!-- \/ Yoast SEO plugin. -->","yoast_head_json":{"title":"FM space management: focus on price pressure and strategies","description":"In view of rising costs, strategic space management is becoming increasingly important in the FM market in Switzerland. Future prospects remain positive.","robots":{"index":"index","follow":"follow","max-snippet":"max-snippet:-1","max-image-preview":"max-image-preview:large","max-video-preview":"max-video-preview:-1"},"canonical":"https:\/\/www.immobilienbusiness.ch\/en\/allgemein\/2015-09-25\/fm-trends-steigender-preisdruck-und-strategisches-flaechenmanagement\/","og_locale":"en_US","og_type":"article","og_title":"FM-Trends: Steigender Preisdruck und strategisches Fl\u00e4chenmanagement","og_description":"Kostenreduktion \u00fcber den ganzen Immobilien-Lebenszyklus hinweg und ein ansteigender Preisdruck bewegen den Markt f\u00fcr Facility Management (FM) in der Schweiz stark. Rund 80 % von befragten Branchenexperten sehen bei beiden Themen einen starken Trend. Dies geht aus dem aktuellen FM Monitor von pom+ hervor.","og_url":"https:\/\/www.immobilienbusiness.ch\/en\/allgemein\/2015-09-25\/fm-trends-steigender-preisdruck-und-strategisches-flaechenmanagement\/","og_site_name":"IMMOBILIEN Business","article_publisher":"https:\/\/www.facebook.com\/immobilienbusiness\/","article_published_time":"2015-09-25T08:20:23+00:00","author":"Redaktion","twitter_card":"summary_large_image","twitter_image":"https:\/\/www.immobilienbusiness.ch\/wp-content\/uploads\/2015\/09\/FM-Trends-Steigender-Preisdruck-und-strategisches-Flaechenmanagement-immobilien-business.jpg","schema":{"@context":"https:\/\/schema.org","@graph":[{"@type":"Article","@id":"https:\/\/www.immobilienbusiness.ch\/allgemein\/2015-09-25\/fm-trends-steigender-preisdruck-und-strategisches-flaechenmanagement\/#article","isPartOf":{"@id":"https:\/\/www.immobilienbusiness.ch\/allgemein\/2015-09-25\/fm-trends-steigender-preisdruck-und-strategisches-flaechenmanagement\/"},"author":{"name":"Redaktion","@id":"https:\/\/www.immobilienbusiness.ch\/#\/schema\/person\/aa2bace6c5c5aad60102004a50c4eb1c"},"headline":"FM-Trends: Steigender Preisdruck und strategisches Fl\u00e4chenmanagement","datePublished":"2015-09-25T08:20:23+00:00","mainEntityOfPage":{"@id":"https:\/\/www.immobilienbusiness.ch\/allgemein\/2015-09-25\/fm-trends-steigender-preisdruck-und-strategisches-flaechenmanagement\/"},"wordCount":176,"commentCount":0,"publisher":{"@id":"https:\/\/www.immobilienbusiness.ch\/#organization"},"image":{"@id":"https:\/\/www.immobilienbusiness.ch\/allgemein\/2015-09-25\/fm-trends-steigender-preisdruck-und-strategisches-flaechenmanagement\/#primaryimage"},"thumbnailUrl":"https:\/\/www.immobilienbusiness.ch\/wp-content\/uploads\/2015\/09\/FM-Trends-Steigender-Preisdruck-und-strategisches-Flaechenmanagement-immobilien-business.jpg","keywords":["Facility Management"],"articleSection":["Allgemein"],"inLanguage":"en-US"},{"@type":"WebPage","@id":"https:\/\/www.immobilienbusiness.ch\/allgemein\/2015-09-25\/fm-trends-steigender-preisdruck-und-strategisches-flaechenmanagement\/","url":"https:\/\/www.immobilienbusiness.ch\/allgemein\/2015-09-25\/fm-trends-steigender-preisdruck-und-strategisches-flaechenmanagement\/","name":"FM space management: focus on price pressure and strategies","isPartOf":{"@id":"https:\/\/www.immobilienbusiness.ch\/#website"},"primaryImageOfPage":{"@id":"https:\/\/www.immobilienbusiness.ch\/allgemein\/2015-09-25\/fm-trends-steigender-preisdruck-und-strategisches-flaechenmanagement\/#primaryimage"},"image":{"@id":"https:\/\/www.immobilienbusiness.ch\/allgemein\/2015-09-25\/fm-trends-steigender-preisdruck-und-strategisches-flaechenmanagement\/#primaryimage"},"thumbnailUrl":"https:\/\/www.immobilienbusiness.ch\/wp-content\/uploads\/2015\/09\/FM-Trends-Steigender-Preisdruck-und-strategisches-Flaechenmanagement-immobilien-business.jpg","datePublished":"2015-09-25T08:20:23+00:00","description":"In view of rising costs, strategic space management is becoming increasingly important in the FM market in Switzerland. Future prospects remain positive.","breadcrumb":{"@id":"https:\/\/www.immobilienbusiness.ch\/allgemein\/2015-09-25\/fm-trends-steigender-preisdruck-und-strategisches-flaechenmanagement\/#breadcrumb"},"inLanguage":"en-US","potentialAction":[{"@type":"ReadAction","target":["https:\/\/www.immobilienbusiness.ch\/allgemein\/2015-09-25\/fm-trends-steigender-preisdruck-und-strategisches-flaechenmanagement\/"]}]},{"@type":"ImageObject","inLanguage":"en-US","@id":"https:\/\/www.immobilienbusiness.ch\/allgemein\/2015-09-25\/fm-trends-steigender-preisdruck-und-strategisches-flaechenmanagement\/#primaryimage","url":"https:\/\/www.immobilienbusiness.ch\/wp-content\/uploads\/2015\/09\/FM-Trends-Steigender-Preisdruck-und-strategisches-Flaechenmanagement-immobilien-business.jpg","contentUrl":"https:\/\/www.immobilienbusiness.ch\/wp-content\/uploads\/2015\/09\/FM-Trends-Steigender-Preisdruck-und-strategisches-Flaechenmanagement-immobilien-business.jpg","width":339,"height":231,"caption":"Der aktuelle FM Monitor von pom+ sieht strategisch ausgerichtetes Fl\u00e4chenmanagement weiterhin als Top-Trend (Foto\/Logo: pom+)"},{"@type":"BreadcrumbList","@id":"https:\/\/www.immobilienbusiness.ch\/allgemein\/2015-09-25\/fm-trends-steigender-preisdruck-und-strategisches-flaechenmanagement\/#breadcrumb","itemListElement":[{"@type":"ListItem","position":1,"name":"Home","item":"https:\/\/www.immobilienbusiness.ch\/"},{"@type":"ListItem","position":2,"name":"FM-Trends: Steigender Preisdruck und strategisches Fl\u00e4chenmanagement"}]},{"@type":"WebSite","@id":"https:\/\/www.immobilienbusiness.ch\/#website","url":"https:\/\/www.immobilienbusiness.ch\/","name":"REAL ESTATE Business","description":"Independent Swiss business magazine focusing on real estate, architecture and construction as well as investment and financing.","publisher":{"@id":"https:\/\/www.immobilienbusiness.ch\/#organization"},"potentialAction":[{"@type":"SearchAction","target":{"@type":"EntryPoint","urlTemplate":"https:\/\/www.immobilienbusiness.ch\/?s={search_term_string}"},"query-input":{"@type":"PropertyValueSpecification","valueRequired":true,"valueName":"search_term_string"}}],"inLanguage":"en-US"},{"@type":"Organization","@id":"https:\/\/www.immobilienbusiness.ch\/#organization","name":"REAL ESTATE Business","url":"https:\/\/www.immobilienbusiness.ch\/","logo":{"@type":"ImageObject","inLanguage":"en-US","@id":"https:\/\/www.immobilienbusiness.ch\/#\/schema\/logo\/image\/","url":"https:\/\/www.immobilienbusiness.ch\/wp-content\/uploads\/2021\/07\/logo_ib.png","contentUrl":"https:\/\/www.immobilienbusiness.ch\/wp-content\/uploads\/2021\/07\/logo_ib.png","width":800,"height":181,"caption":"IMMOBILIEN Business"},"image":{"@id":"https:\/\/www.immobilienbusiness.ch\/#\/schema\/logo\/image\/"},"sameAs":["https:\/\/www.facebook.com\/immobilienbusiness\/"]},{"@type":"Person","@id":"https:\/\/www.immobilienbusiness.ch\/#\/schema\/person\/aa2bace6c5c5aad60102004a50c4eb1c","name":"Editorial","image":{"@type":"ImageObject","inLanguage":"en-US","@id":"https:\/\/secure.gravatar.com\/avatar\/ae2f4d718e6c49043e314ce431e7e645d646302a24a5ef5a8bc8e3f5a032e319?s=96&d=mm&r=g","url":"https:\/\/secure.gravatar.com\/avatar\/ae2f4d718e6c49043e314ce431e7e645d646302a24a5ef5a8bc8e3f5a032e319?s=96&d=mm&r=g","contentUrl":"https:\/\/secure.gravatar.com\/avatar\/ae2f4d718e6c49043e314ce431e7e645d646302a24a5ef5a8bc8e3f5a032e319?s=96&d=mm&r=g","caption":"Redaktion"},"sameAs":["http:\/\/develop.organisator.galledia.ch"],"url":"https:\/\/www.immobilienbusiness.ch\/en\/author\/admin\/"}]}},"_links":{"self":[{"href":"https:\/\/www.immobilienbusiness.ch\/en\/wp-json\/wp\/v2\/posts\/867","targetHints":{"allow":["GET"]}}],"collection":[{"href":"https:\/\/www.immobilienbusiness.ch\/en\/wp-json\/wp\/v2\/posts"}],"about":[{"href":"https:\/\/www.immobilienbusiness.ch\/en\/wp-json\/wp\/v2\/types\/post"}],"author":[{"embeddable":true,"href":"https:\/\/www.immobilienbusiness.ch\/en\/wp-json\/wp\/v2\/users\/1"}],"replies":[{"embeddable":true,"href":"https:\/\/www.immobilienbusiness.ch\/en\/wp-json\/wp\/v2\/comments?post=867"}],"version-history":[{"count":0,"href":"https:\/\/www.immobilienbusiness.ch\/en\/wp-json\/wp\/v2\/posts\/867\/revisions"}],"wp:featuredmedia":[{"embeddable":true,"href":"https:\/\/www.immobilienbusiness.ch\/en\/wp-json\/wp\/v2\/media\/4854"}],"wp:attachment":[{"href":"https:\/\/www.immobilienbusiness.ch\/en\/wp-json\/wp\/v2\/media?parent=867"}],"wp:term":[{"taxonomy":"category","embeddable":true,"href":"https:\/\/www.immobilienbusiness.ch\/en\/wp-json\/wp\/v2\/categories?post=867"},{"taxonomy":"post_tag","embeddable":true,"href":"https:\/\/www.immobilienbusiness.ch\/en\/wp-json\/wp\/v2\/tags?post=867"}],"curies":[{"name":"wp","href":"https:\/\/api.w.org\/{rel}","templated":true}]}}