{"id":7846,"date":"2017-06-02T09:38:54","date_gmt":"2017-06-02T07:38:54","guid":{"rendered":"https:\/\/www.immobilienbusiness.ch\/?p=7846"},"modified":"2017-06-02T09:38:54","modified_gmt":"2017-06-02T07:38:54","slug":"engel-voelkers-antonia-crespi-wird-head-of-private-office","status":"publish","type":"post","link":"https:\/\/www.immobilienbusiness.ch\/en\/residential\/2017-06-02\/engel-voelkers-antonia-crespi-wird-head-of-private-office\/","title":{"rendered":"Engel &amp; V\u00f6lkers: Antonia Cresp\u00ed becomes Head of Private Office"},"content":{"rendered":"<figure id=\"attachment_7849\" aria-describedby=\"caption-attachment-7849\" style=\"width: 680px\" class=\"wp-caption alignnone\"><img loading=\"lazy\" decoding=\"async\" class=\"size-medium wp-image-7849\" src=\"https:\/\/www.immobilienbusiness.ch\/wp-content\/uploads\/2017\/06\/Antonia-Cresp\u00b0cEngel-V\u00eelkers-Private-Office.jpg\" alt=\"\" width=\"680\" height=\"510\" \/><figcaption id=\"caption-attachment-7849\" class=\"wp-caption-text\">Antonia Cresp\u00ed is the new Head of Private Office at Engel &amp; V\u00f6lkers (Image: Engel &amp; V\u00f6lkers Private Office)<\/figcaption><\/figure>\n<p>As Head of Private Office at Engel &amp; V\u00f6lkers, Antonia Cresp\u00ed now heads up business with ultra-high net worth individuals worldwide. According to the brokerage firm, it wants to expand its involvement in this segment because the number of \"ultra high net worth individuals\" is continuously rising worldwide.<\/p>\n<p>As Christian V\u00f6lkers, CEO of Engel &amp; V\u00f6lkers AG, says, Cresp\u00ed was the company's most successful real estate consultant worldwide for many years. For example, she brokered chalets worth up to CHF 60 million in Gstaad.<\/p>\n<p>The Engel &amp; V\u00f6lkers Private Office brokers primary residences and vacation properties as well as commercial properties, yachts and aircraft. In the future, Cresp\u00ed will work closely with Constantin von Dalwigk as the new Head of Private Office. In his function, the Managing Director of the Private Office is now responsible for the collaboration with the worldwide Engel &amp; V\u00f6lkers network.<\/p>\n<p>&nbsp;<\/p>","protected":false},"excerpt":{"rendered":"<p>Antonia Cresp\u00ed is the new Head of Private Office at Engel &amp; V\u00f6lkers. She was Managing Partner of the real estate agency's residential real estate business in Gstaad for many years.<\/p>","protected":false},"author":3,"featured_media":7849,"comment_status":"open","ping_status":"open","sticky":false,"template":"","format":"standard","meta":{"_acf_changed":false,"_yoast_wpseo_focuskw":"Antonia Cresp\u00ed","_yoast_wpseo_title":"","_yoast_wpseo_metadesc":"Antonia Cresp\u00ed ist neue Head of Private Office bei Engel & V\u00f6lkers. Sie leitete lange Zeit das Wohnimmobiliengesch\u00e4ft des Maklerunternehmens\u00a0in Gstaad.","_yoast_wpseo_linkdex":61,"pgc_sgb_lightbox_settings":"","footnotes":""},"categories":[986],"tags":[1563,1639,1807],"class_list":["post-7846","post","type-post","status-publish","format-standard","has-post-thumbnail","hentry","category-residential","tag-personalia","tag-residential","tag-unternehmen"],"acf":[],"yoast_head":"<!-- This site is optimized with the Yoast SEO plugin v27.4 - https:\/\/yoast.com\/product\/yoast-seo-wordpress\/ -->\n<title>Engel &amp; V\u00f6lkers: Antonia Cresp\u00ed wird Head of Private Office - IMMOBILIEN Business<\/title>\n<meta name=\"description\" content=\"Antonia Cresp\u00ed ist neue Head of Private Office bei Engel &amp; V\u00f6lkers. Sie leitete lange Zeit das Wohnimmobiliengesch\u00e4ft des Maklerunternehmens\u00a0in Gstaad.\" \/>\n<meta name=\"robots\" content=\"index, follow, max-snippet:-1, max-image-preview:large, max-video-preview:-1\" \/>\n<link rel=\"canonical\" href=\"https:\/\/www.immobilienbusiness.ch\/en\/residential\/2017-06-02\/engel-voelkers-antonia-crespi-wird-head-of-private-office\/\" \/>\n<meta property=\"og:locale\" content=\"en_US\" \/>\n<meta property=\"og:type\" content=\"article\" \/>\n<meta property=\"og:title\" content=\"Engel &amp; V\u00f6lkers: Antonia Cresp\u00ed wird Head of Private Office\" \/>\n<meta property=\"og:description\" content=\"Antonia Cresp\u00ed ist neue Head of Private Office bei Engel &amp; V\u00f6lkers. Sie leitete lange Zeit das Wohnimmobiliengesch\u00e4ft des Maklerunternehmens\u00a0in Gstaad.\" \/>\n<meta property=\"og:url\" content=\"https:\/\/www.immobilienbusiness.ch\/en\/residential\/2017-06-02\/engel-voelkers-antonia-crespi-wird-head-of-private-office\/\" \/>\n<meta property=\"og:site_name\" content=\"IMMOBILIEN Business\" \/>\n<meta property=\"article:publisher\" content=\"https:\/\/www.facebook.com\/immobilienbusiness\/\" \/>\n<meta property=\"article:published_time\" content=\"2017-06-02T07:38:54+00:00\" \/>\n<meta property=\"og:image\" content=\"https:\/\/www.immobilienbusiness.ch\/wp-content\/uploads\/2017\/06\/Antonia-Cresp\u00b0cEngel-Vilkers-Private-Office-1024x768.jpg\" \/>\n\t<meta property=\"og:image:width\" content=\"1024\" \/>\n\t<meta property=\"og:image:height\" content=\"768\" \/>\n\t<meta property=\"og:image:type\" content=\"image\/jpeg\" \/>\n<meta name=\"author\" content=\"anja.hall\" \/>\n<meta name=\"twitter:card\" content=\"summary_large_image\" \/>\n<meta name=\"twitter:title\" content=\"Engel &amp; V\u00f6lkers: Antonia Cresp\u00ed wird Head of Private Office\" \/>\n<meta name=\"twitter:description\" content=\"Antonia Cresp\u00ed ist neue Head of Private Office bei Engel &amp; V\u00f6lkers. Sie leitete lange Zeit das Wohnimmobiliengesch\u00e4ft des Maklerunternehmens\u00a0in Gstaad.\" \/>\n<meta name=\"twitter:image\" content=\"https:\/\/www.immobilienbusiness.ch\/wp-content\/uploads\/2017\/06\/Antonia-Cresp\u00b0cEngel-V\u00eelkers-Private-Office.jpg\" \/>\n<script type=\"application\/ld+json\" class=\"yoast-schema-graph\">{\"@context\":\"https:\\\/\\\/schema.org\",\"@graph\":[{\"@type\":\"Article\",\"@id\":\"https:\\\/\\\/www.immobilienbusiness.ch\\\/fr\\\/residential\\\/2017-06-02\\\/engel-voelkers-antonia-crespi-wird-head-of-private-office\\\/#article\",\"isPartOf\":{\"@id\":\"https:\\\/\\\/www.immobilienbusiness.ch\\\/fr\\\/residential\\\/2017-06-02\\\/engel-voelkers-antonia-crespi-wird-head-of-private-office\\\/\"},\"author\":{\"name\":\"anja.hall\",\"@id\":\"https:\\\/\\\/www.immobilienbusiness.ch\\\/#\\\/schema\\\/person\\\/3fc036297b10b9f42d6db5ee932af8c8\"},\"headline\":\"Engel &#038; V\u00f6lkers: Antonia Cresp\u00ed wird Head of Private Office\",\"datePublished\":\"2017-06-02T07:38:54+00:00\",\"mainEntityOfPage\":{\"@id\":\"https:\\\/\\\/www.immobilienbusiness.ch\\\/fr\\\/residential\\\/2017-06-02\\\/engel-voelkers-antonia-crespi-wird-head-of-private-office\\\/\"},\"wordCount\":175,\"commentCount\":0,\"publisher\":{\"@id\":\"https:\\\/\\\/www.immobilienbusiness.ch\\\/#organization\"},\"image\":{\"@id\":\"https:\\\/\\\/www.immobilienbusiness.ch\\\/fr\\\/residential\\\/2017-06-02\\\/engel-voelkers-antonia-crespi-wird-head-of-private-office\\\/#primaryimage\"},\"thumbnailUrl\":\"https:\\\/\\\/www.immobilienbusiness.ch\\\/wp-content\\\/uploads\\\/2017\\\/06\\\/Antonia-Cresp\u00b0cEngel-Vilkers-Private-Office.jpg\",\"keywords\":[\"Personalia\",\"Residential\",\"Unternehmen\"],\"articleSection\":[\"RESIDENTIAL\"],\"inLanguage\":\"en-US\"},{\"@type\":\"WebPage\",\"@id\":\"https:\\\/\\\/www.immobilienbusiness.ch\\\/fr\\\/residential\\\/2017-06-02\\\/engel-voelkers-antonia-crespi-wird-head-of-private-office\\\/\",\"url\":\"https:\\\/\\\/www.immobilienbusiness.ch\\\/fr\\\/residential\\\/2017-06-02\\\/engel-voelkers-antonia-crespi-wird-head-of-private-office\\\/\",\"name\":\"Engel & V\u00f6lkers: Antonia Cresp\u00ed wird Head of Private Office - IMMOBILIEN Business\",\"isPartOf\":{\"@id\":\"https:\\\/\\\/www.immobilienbusiness.ch\\\/#website\"},\"primaryImageOfPage\":{\"@id\":\"https:\\\/\\\/www.immobilienbusiness.ch\\\/fr\\\/residential\\\/2017-06-02\\\/engel-voelkers-antonia-crespi-wird-head-of-private-office\\\/#primaryimage\"},\"image\":{\"@id\":\"https:\\\/\\\/www.immobilienbusiness.ch\\\/fr\\\/residential\\\/2017-06-02\\\/engel-voelkers-antonia-crespi-wird-head-of-private-office\\\/#primaryimage\"},\"thumbnailUrl\":\"https:\\\/\\\/www.immobilienbusiness.ch\\\/wp-content\\\/uploads\\\/2017\\\/06\\\/Antonia-Cresp\u00b0cEngel-Vilkers-Private-Office.jpg\",\"datePublished\":\"2017-06-02T07:38:54+00:00\",\"description\":\"Antonia Cresp\u00ed ist neue Head of Private Office bei Engel & V\u00f6lkers. Sie leitete lange Zeit das Wohnimmobiliengesch\u00e4ft des Maklerunternehmens\u00a0in Gstaad.\",\"breadcrumb\":{\"@id\":\"https:\\\/\\\/www.immobilienbusiness.ch\\\/fr\\\/residential\\\/2017-06-02\\\/engel-voelkers-antonia-crespi-wird-head-of-private-office\\\/#breadcrumb\"},\"inLanguage\":\"en-US\",\"potentialAction\":[{\"@type\":\"ReadAction\",\"target\":[\"https:\\\/\\\/www.immobilienbusiness.ch\\\/fr\\\/residential\\\/2017-06-02\\\/engel-voelkers-antonia-crespi-wird-head-of-private-office\\\/\"]}]},{\"@type\":\"ImageObject\",\"inLanguage\":\"en-US\",\"@id\":\"https:\\\/\\\/www.immobilienbusiness.ch\\\/fr\\\/residential\\\/2017-06-02\\\/engel-voelkers-antonia-crespi-wird-head-of-private-office\\\/#primaryimage\",\"url\":\"https:\\\/\\\/www.immobilienbusiness.ch\\\/wp-content\\\/uploads\\\/2017\\\/06\\\/Antonia-Cresp\u00b0cEngel-Vilkers-Private-Office.jpg\",\"contentUrl\":\"https:\\\/\\\/www.immobilienbusiness.ch\\\/wp-content\\\/uploads\\\/2017\\\/06\\\/Antonia-Cresp\u00b0cEngel-Vilkers-Private-Office.jpg\",\"width\":2110,\"height\":1582,\"caption\":\"c\"},{\"@type\":\"BreadcrumbList\",\"@id\":\"https:\\\/\\\/www.immobilienbusiness.ch\\\/fr\\\/residential\\\/2017-06-02\\\/engel-voelkers-antonia-crespi-wird-head-of-private-office\\\/#breadcrumb\",\"itemListElement\":[{\"@type\":\"ListItem\",\"position\":1,\"name\":\"Home\",\"item\":\"https:\\\/\\\/www.immobilienbusiness.ch\\\/\"},{\"@type\":\"ListItem\",\"position\":2,\"name\":\"Engel &#038; V\u00f6lkers: Antonia Cresp\u00ed wird Head of Private Office\"}]},{\"@type\":\"WebSite\",\"@id\":\"https:\\\/\\\/www.immobilienbusiness.ch\\\/#website\",\"url\":\"https:\\\/\\\/www.immobilienbusiness.ch\\\/\",\"name\":\"IMMOBILIEN Business\",\"description\":\"Unabh\u00e4ngiges Schweizer Wirtschaftsmagazin mit Fokus auf Immobilien, Architektur- und Bau sowie Investment- und Finanzierung.\",\"publisher\":{\"@id\":\"https:\\\/\\\/www.immobilienbusiness.ch\\\/#organization\"},\"potentialAction\":[{\"@type\":\"SearchAction\",\"target\":{\"@type\":\"EntryPoint\",\"urlTemplate\":\"https:\\\/\\\/www.immobilienbusiness.ch\\\/?s={search_term_string}\"},\"query-input\":{\"@type\":\"PropertyValueSpecification\",\"valueRequired\":true,\"valueName\":\"search_term_string\"}}],\"inLanguage\":\"en-US\"},{\"@type\":\"Organization\",\"@id\":\"https:\\\/\\\/www.immobilienbusiness.ch\\\/#organization\",\"name\":\"IMMOBILIEN Business\",\"url\":\"https:\\\/\\\/www.immobilienbusiness.ch\\\/\",\"logo\":{\"@type\":\"ImageObject\",\"inLanguage\":\"en-US\",\"@id\":\"https:\\\/\\\/www.immobilienbusiness.ch\\\/#\\\/schema\\\/logo\\\/image\\\/\",\"url\":\"https:\\\/\\\/www.immobilienbusiness.ch\\\/wp-content\\\/uploads\\\/2021\\\/07\\\/logo_ib.png\",\"contentUrl\":\"https:\\\/\\\/www.immobilienbusiness.ch\\\/wp-content\\\/uploads\\\/2021\\\/07\\\/logo_ib.png\",\"width\":800,\"height\":181,\"caption\":\"IMMOBILIEN Business\"},\"image\":{\"@id\":\"https:\\\/\\\/www.immobilienbusiness.ch\\\/#\\\/schema\\\/logo\\\/image\\\/\"},\"sameAs\":[\"https:\\\/\\\/www.facebook.com\\\/immobilienbusiness\\\/\"]},{\"@type\":\"Person\",\"@id\":\"https:\\\/\\\/www.immobilienbusiness.ch\\\/#\\\/schema\\\/person\\\/3fc036297b10b9f42d6db5ee932af8c8\",\"name\":\"anja.hall\",\"image\":{\"@type\":\"ImageObject\",\"inLanguage\":\"en-US\",\"@id\":\"https:\\\/\\\/secure.gravatar.com\\\/avatar\\\/066b5a0d447013502c71a5782f4f3469f03cfe595cc2329fb94652fe47511bfb?s=96&d=mm&r=g\",\"url\":\"https:\\\/\\\/secure.gravatar.com\\\/avatar\\\/066b5a0d447013502c71a5782f4f3469f03cfe595cc2329fb94652fe47511bfb?s=96&d=mm&r=g\",\"contentUrl\":\"https:\\\/\\\/secure.gravatar.com\\\/avatar\\\/066b5a0d447013502c71a5782f4f3469f03cfe595cc2329fb94652fe47511bfb?s=96&d=mm&r=g\",\"caption\":\"anja.hall\"},\"url\":\"https:\\\/\\\/www.immobilienbusiness.ch\\\/en\\\/author\\\/anja-hall\\\/\"}]}<\/script>\n<!-- \/ Yoast SEO plugin. -->","yoast_head_json":{"title":"Engel &amp; V\u00f6lkers: Antonia Cresp\u00ed becomes Head of Private Office - IMMOBILIEN Business","description":"Antonia Cresp\u00ed is the new Head of Private Office at Engel &amp; V\u00f6lkers. For a long time, she managed the real estate agency's residential real estate business in Gstaad.","robots":{"index":"index","follow":"follow","max-snippet":"max-snippet:-1","max-image-preview":"max-image-preview:large","max-video-preview":"max-video-preview:-1"},"canonical":"https:\/\/www.immobilienbusiness.ch\/en\/residential\/2017-06-02\/engel-voelkers-antonia-crespi-wird-head-of-private-office\/","og_locale":"en_US","og_type":"article","og_title":"Engel & V\u00f6lkers: Antonia Cresp\u00ed wird Head of Private Office","og_description":"Antonia Cresp\u00ed ist neue Head of Private Office bei Engel & V\u00f6lkers. Sie leitete lange Zeit das Wohnimmobiliengesch\u00e4ft des Maklerunternehmens\u00a0in Gstaad.","og_url":"https:\/\/www.immobilienbusiness.ch\/en\/residential\/2017-06-02\/engel-voelkers-antonia-crespi-wird-head-of-private-office\/","og_site_name":"IMMOBILIEN Business","article_publisher":"https:\/\/www.facebook.com\/immobilienbusiness\/","article_published_time":"2017-06-02T07:38:54+00:00","og_image":[{"width":1024,"height":768,"url":"https:\/\/www.immobilienbusiness.ch\/wp-content\/uploads\/2017\/06\/Antonia-Cresp\u00b0cEngel-Vilkers-Private-Office-1024x768.jpg","type":"image\/jpeg"}],"author":"anja.hall","twitter_card":"summary_large_image","twitter_title":"Engel & V\u00f6lkers: Antonia Cresp\u00ed wird Head of Private Office","twitter_description":"Antonia Cresp\u00ed ist neue Head of Private Office bei Engel & V\u00f6lkers. Sie leitete lange Zeit das Wohnimmobiliengesch\u00e4ft des Maklerunternehmens\u00a0in Gstaad.","twitter_image":"https:\/\/www.immobilienbusiness.ch\/wp-content\/uploads\/2017\/06\/Antonia-Cresp\u00b0cEngel-V\u00eelkers-Private-Office.jpg","schema":{"@context":"https:\/\/schema.org","@graph":[{"@type":"Article","@id":"https:\/\/www.immobilienbusiness.ch\/fr\/residential\/2017-06-02\/engel-voelkers-antonia-crespi-wird-head-of-private-office\/#article","isPartOf":{"@id":"https:\/\/www.immobilienbusiness.ch\/fr\/residential\/2017-06-02\/engel-voelkers-antonia-crespi-wird-head-of-private-office\/"},"author":{"name":"anja.hall","@id":"https:\/\/www.immobilienbusiness.ch\/#\/schema\/person\/3fc036297b10b9f42d6db5ee932af8c8"},"headline":"Engel &#038; V\u00f6lkers: Antonia Cresp\u00ed wird Head of Private Office","datePublished":"2017-06-02T07:38:54+00:00","mainEntityOfPage":{"@id":"https:\/\/www.immobilienbusiness.ch\/fr\/residential\/2017-06-02\/engel-voelkers-antonia-crespi-wird-head-of-private-office\/"},"wordCount":175,"commentCount":0,"publisher":{"@id":"https:\/\/www.immobilienbusiness.ch\/#organization"},"image":{"@id":"https:\/\/www.immobilienbusiness.ch\/fr\/residential\/2017-06-02\/engel-voelkers-antonia-crespi-wird-head-of-private-office\/#primaryimage"},"thumbnailUrl":"https:\/\/www.immobilienbusiness.ch\/wp-content\/uploads\/2017\/06\/Antonia-Cresp\u00b0cEngel-Vilkers-Private-Office.jpg","keywords":["Personalia","Residential","Unternehmen"],"articleSection":["RESIDENTIAL"],"inLanguage":"en-US"},{"@type":"WebPage","@id":"https:\/\/www.immobilienbusiness.ch\/fr\/residential\/2017-06-02\/engel-voelkers-antonia-crespi-wird-head-of-private-office\/","url":"https:\/\/www.immobilienbusiness.ch\/fr\/residential\/2017-06-02\/engel-voelkers-antonia-crespi-wird-head-of-private-office\/","name":"Engel &amp; V\u00f6lkers: Antonia Cresp\u00ed becomes Head of Private Office - IMMOBILIEN Business","isPartOf":{"@id":"https:\/\/www.immobilienbusiness.ch\/#website"},"primaryImageOfPage":{"@id":"https:\/\/www.immobilienbusiness.ch\/fr\/residential\/2017-06-02\/engel-voelkers-antonia-crespi-wird-head-of-private-office\/#primaryimage"},"image":{"@id":"https:\/\/www.immobilienbusiness.ch\/fr\/residential\/2017-06-02\/engel-voelkers-antonia-crespi-wird-head-of-private-office\/#primaryimage"},"thumbnailUrl":"https:\/\/www.immobilienbusiness.ch\/wp-content\/uploads\/2017\/06\/Antonia-Cresp\u00b0cEngel-Vilkers-Private-Office.jpg","datePublished":"2017-06-02T07:38:54+00:00","description":"Antonia Cresp\u00ed is the new Head of Private Office at Engel &amp; V\u00f6lkers. For a long time, she managed the real estate agency's residential real estate business in Gstaad.","breadcrumb":{"@id":"https:\/\/www.immobilienbusiness.ch\/fr\/residential\/2017-06-02\/engel-voelkers-antonia-crespi-wird-head-of-private-office\/#breadcrumb"},"inLanguage":"en-US","potentialAction":[{"@type":"ReadAction","target":["https:\/\/www.immobilienbusiness.ch\/fr\/residential\/2017-06-02\/engel-voelkers-antonia-crespi-wird-head-of-private-office\/"]}]},{"@type":"ImageObject","inLanguage":"en-US","@id":"https:\/\/www.immobilienbusiness.ch\/fr\/residential\/2017-06-02\/engel-voelkers-antonia-crespi-wird-head-of-private-office\/#primaryimage","url":"https:\/\/www.immobilienbusiness.ch\/wp-content\/uploads\/2017\/06\/Antonia-Cresp\u00b0cEngel-Vilkers-Private-Office.jpg","contentUrl":"https:\/\/www.immobilienbusiness.ch\/wp-content\/uploads\/2017\/06\/Antonia-Cresp\u00b0cEngel-Vilkers-Private-Office.jpg","width":2110,"height":1582,"caption":"c"},{"@type":"BreadcrumbList","@id":"https:\/\/www.immobilienbusiness.ch\/fr\/residential\/2017-06-02\/engel-voelkers-antonia-crespi-wird-head-of-private-office\/#breadcrumb","itemListElement":[{"@type":"ListItem","position":1,"name":"Home","item":"https:\/\/www.immobilienbusiness.ch\/"},{"@type":"ListItem","position":2,"name":"Engel &#038; V\u00f6lkers: Antonia Cresp\u00ed wird Head of Private Office"}]},{"@type":"WebSite","@id":"https:\/\/www.immobilienbusiness.ch\/#website","url":"https:\/\/www.immobilienbusiness.ch\/","name":"REAL ESTATE Business","description":"Independent Swiss business magazine focusing on real estate, architecture and construction as well as investment and financing.","publisher":{"@id":"https:\/\/www.immobilienbusiness.ch\/#organization"},"potentialAction":[{"@type":"SearchAction","target":{"@type":"EntryPoint","urlTemplate":"https:\/\/www.immobilienbusiness.ch\/?s={search_term_string}"},"query-input":{"@type":"PropertyValueSpecification","valueRequired":true,"valueName":"search_term_string"}}],"inLanguage":"en-US"},{"@type":"Organization","@id":"https:\/\/www.immobilienbusiness.ch\/#organization","name":"REAL ESTATE Business","url":"https:\/\/www.immobilienbusiness.ch\/","logo":{"@type":"ImageObject","inLanguage":"en-US","@id":"https:\/\/www.immobilienbusiness.ch\/#\/schema\/logo\/image\/","url":"https:\/\/www.immobilienbusiness.ch\/wp-content\/uploads\/2021\/07\/logo_ib.png","contentUrl":"https:\/\/www.immobilienbusiness.ch\/wp-content\/uploads\/2021\/07\/logo_ib.png","width":800,"height":181,"caption":"IMMOBILIEN Business"},"image":{"@id":"https:\/\/www.immobilienbusiness.ch\/#\/schema\/logo\/image\/"},"sameAs":["https:\/\/www.facebook.com\/immobilienbusiness\/"]},{"@type":"Person","@id":"https:\/\/www.immobilienbusiness.ch\/#\/schema\/person\/3fc036297b10b9f42d6db5ee932af8c8","name":"anja.hall","image":{"@type":"ImageObject","inLanguage":"en-US","@id":"https:\/\/secure.gravatar.com\/avatar\/066b5a0d447013502c71a5782f4f3469f03cfe595cc2329fb94652fe47511bfb?s=96&d=mm&r=g","url":"https:\/\/secure.gravatar.com\/avatar\/066b5a0d447013502c71a5782f4f3469f03cfe595cc2329fb94652fe47511bfb?s=96&d=mm&r=g","contentUrl":"https:\/\/secure.gravatar.com\/avatar\/066b5a0d447013502c71a5782f4f3469f03cfe595cc2329fb94652fe47511bfb?s=96&d=mm&r=g","caption":"anja.hall"},"url":"https:\/\/www.immobilienbusiness.ch\/en\/author\/anja-hall\/"}]}},"_links":{"self":[{"href":"https:\/\/www.immobilienbusiness.ch\/en\/wp-json\/wp\/v2\/posts\/7846","targetHints":{"allow":["GET"]}}],"collection":[{"href":"https:\/\/www.immobilienbusiness.ch\/en\/wp-json\/wp\/v2\/posts"}],"about":[{"href":"https:\/\/www.immobilienbusiness.ch\/en\/wp-json\/wp\/v2\/types\/post"}],"author":[{"embeddable":true,"href":"https:\/\/www.immobilienbusiness.ch\/en\/wp-json\/wp\/v2\/users\/3"}],"replies":[{"embeddable":true,"href":"https:\/\/www.immobilienbusiness.ch\/en\/wp-json\/wp\/v2\/comments?post=7846"}],"version-history":[{"count":0,"href":"https:\/\/www.immobilienbusiness.ch\/en\/wp-json\/wp\/v2\/posts\/7846\/revisions"}],"wp:featuredmedia":[{"embeddable":true,"href":"https:\/\/www.immobilienbusiness.ch\/en\/wp-json\/wp\/v2\/media\/7849"}],"wp:attachment":[{"href":"https:\/\/www.immobilienbusiness.ch\/en\/wp-json\/wp\/v2\/media?parent=7846"}],"wp:term":[{"taxonomy":"category","embeddable":true,"href":"https:\/\/www.immobilienbusiness.ch\/en\/wp-json\/wp\/v2\/categories?post=7846"},{"taxonomy":"post_tag","embeddable":true,"href":"https:\/\/www.immobilienbusiness.ch\/en\/wp-json\/wp\/v2\/tags?post=7846"}],"curies":[{"name":"wp","href":"https:\/\/api.w.org\/{rel}","templated":true}]}}