{"id":7363,"date":"2017-05-02T15:41:20","date_gmt":"2017-05-02T13:41:20","guid":{"rendered":"https:\/\/www.immobilienbusiness.ch\/?p=7363"},"modified":"2017-05-02T15:41:20","modified_gmt":"2017-05-02T13:41:20","slug":"hb-real-estate-johannes-fraeulin-neues-mitglied-der-geschaeftsleitung","status":"publish","type":"post","link":"https:\/\/www.immobilienbusiness.ch\/en\/unternehmen\/2017-05-02\/hb-real-estate-johannes-fraeulin-neues-mitglied-der-geschaeftsleitung\/","title":{"rendered":"H&amp;B Real Estate: Johannes Fr\u00e4ulin new member of the management board"},"content":{"rendered":"<figure id=\"attachment_7443\" aria-describedby=\"caption-attachment-7443\" style=\"width: 2151px\" class=\"wp-caption alignnone\"><img loading=\"lazy\" decoding=\"async\" class=\"size-full wp-image-7443\" src=\"https:\/\/www.immobilienbusiness.ch\/wp-content\/uploads\/2017\/05\/IB-News-03052017_Johannes-Fr\u00e4ulin_HB-Real-Estate.jpg\" alt=\"\" width=\"2151\" height=\"1433\" \/><figcaption id=\"caption-attachment-7443\" class=\"wp-caption-text\">Johannes Fr\u00e4ulin is a new member of the H&amp;B Management Board and Head of Commercial Leasing (Photo: H&amp;B Real Estate)<\/figcaption><\/figure>\n<p>Johannes Fr\u00e4ulin has been working for H&amp;B Real Estate AG in Zurich since August 2014, most recently as co-head of the transaction team. Previously, he worked for Kuoni Mueller &amp; Partner Investment AG, among others.<\/p>\n<p>Fr\u00e4ulin heads a six-person team at H&amp;B Real Estate that deals with the leasing of office, commercial, logistics and retail space. He describes the repositioning of commercially used properties as a core competence.<\/p>\n<p>Fr\u00e4ulin also holds the position of \"Country Head\" for the alliance partner Savills and is thus the contact person for inquiries from the Savills Group concerning commercial real estate in Switzerland. As far as the French-speaking part of Switzerland is concerned, the cooperation partners Comptoir Immobilier, based in Geneva, are involved.<\/p>","protected":false},"excerpt":{"rendered":"<p>Per\u00a0April ist Johannes Fr\u00e4ulin zum\u00a0Mitglied der Gesch\u00e4ftsleitung der H&#038;B Real Estate und Leiter des Bereichs kommerzielle Vermietung berufen worden. <\/p>","protected":false},"author":3,"featured_media":7443,"comment_status":"open","ping_status":"open","sticky":false,"template":"","format":"standard","meta":{"_acf_changed":false,"_yoast_wpseo_focuskw":"Johannes Fr\u00e4ulin","_yoast_wpseo_title":"","_yoast_wpseo_metadesc":"Per\u00a0April ist Johannes Fr\u00e4ulin zum\u00a0Mitglied der Gesch\u00e4ftsleitung der H&B Real Estate und Leiter des Bereichs kommerzielle Vermietung berufen worden.","_yoast_wpseo_linkdex":64,"pgc_sgb_lightbox_settings":"","footnotes":""},"categories":[988],"tags":[1563,1807],"class_list":["post-7363","post","type-post","status-publish","format-standard","has-post-thumbnail","hentry","category-unternehmen","tag-personalia","tag-unternehmen"],"acf":[],"yoast_head":"<!-- This site is optimized with the Yoast SEO plugin v27.5 - https:\/\/yoast.com\/product\/yoast-seo-wordpress\/ -->\n<title>H&amp;B Real Estate: Johannes Fr\u00e4ulin neues Mitglied der Gesch\u00e4ftsleitung - IMMOBILIEN Business<\/title>\n<meta name=\"description\" content=\"Per\u00a0April ist Johannes Fr\u00e4ulin zum\u00a0Mitglied der Gesch\u00e4ftsleitung der H&amp;B Real Estate und Leiter des Bereichs kommerzielle Vermietung berufen worden.\" \/>\n<meta name=\"robots\" content=\"index, follow, max-snippet:-1, max-image-preview:large, max-video-preview:-1\" \/>\n<link rel=\"canonical\" href=\"https:\/\/www.immobilienbusiness.ch\/en\/unternehmen\/2017-05-02\/hb-real-estate-johannes-fraeulin-neues-mitglied-der-geschaeftsleitung\/\" \/>\n<meta property=\"og:locale\" content=\"en_US\" \/>\n<meta property=\"og:type\" content=\"article\" \/>\n<meta property=\"og:title\" content=\"H&amp;B Real Estate: Johannes Fr\u00e4ulin neues Mitglied der Gesch\u00e4ftsleitung\" \/>\n<meta property=\"og:description\" content=\"Per\u00a0April ist Johannes Fr\u00e4ulin zum\u00a0Mitglied der Gesch\u00e4ftsleitung der H&amp;B Real Estate und Leiter des Bereichs kommerzielle Vermietung berufen worden.\" \/>\n<meta property=\"og:url\" content=\"https:\/\/www.immobilienbusiness.ch\/en\/unternehmen\/2017-05-02\/hb-real-estate-johannes-fraeulin-neues-mitglied-der-geschaeftsleitung\/\" \/>\n<meta property=\"og:site_name\" content=\"IMMOBILIEN Business\" \/>\n<meta property=\"article:publisher\" content=\"https:\/\/www.facebook.com\/immobilienbusiness\/\" \/>\n<meta property=\"article:published_time\" content=\"2017-05-02T13:41:20+00:00\" \/>\n<meta property=\"og:image\" content=\"https:\/\/www.immobilienbusiness.ch\/wp-content\/uploads\/2016\/12\/Depositphotos_11631521_l-2015-1024x682.jpg\" \/>\n\t<meta property=\"og:image:width\" content=\"1024\" \/>\n\t<meta property=\"og:image:height\" content=\"682\" \/>\n\t<meta property=\"og:image:type\" content=\"image\/jpeg\" \/>\n<meta name=\"author\" content=\"anja.hall\" \/>\n<meta name=\"twitter:card\" content=\"summary_large_image\" \/>\n<meta name=\"twitter:title\" content=\"H&amp;B Real Estate: Johannes Fr\u00e4ulin neues Mitglied der Gesch\u00e4ftsleitung\" \/>\n<meta name=\"twitter:description\" content=\"Per\u00a0April ist Johannes Fr\u00e4ulin zum\u00a0Mitglied der Gesch\u00e4ftsleitung der H&amp;B Real Estate und Leiter des Bereichs kommerzielle Vermietung berufen worden.\" \/>\n<meta name=\"twitter:image\" content=\"https:\/\/www.immobilienbusiness.ch\/wp-content\/uploads\/2016\/12\/Depositphotos_11631521_l-2015.jpg\" \/>\n<script type=\"application\/ld+json\" class=\"yoast-schema-graph\">{\"@context\":\"https:\\\/\\\/schema.org\",\"@graph\":[{\"@type\":\"Article\",\"@id\":\"https:\\\/\\\/www.immobilienbusiness.ch\\\/de\\\/unternehmen\\\/2017-05-02\\\/hb-real-estate-johannes-fraeulin-neues-mitglied-der-geschaeftsleitung\\\/#article\",\"isPartOf\":{\"@id\":\"https:\\\/\\\/www.immobilienbusiness.ch\\\/de\\\/unternehmen\\\/2017-05-02\\\/hb-real-estate-johannes-fraeulin-neues-mitglied-der-geschaeftsleitung\\\/\"},\"author\":{\"name\":\"anja.hall\",\"@id\":\"https:\\\/\\\/www.immobilienbusiness.ch\\\/#\\\/schema\\\/person\\\/3fc036297b10b9f42d6db5ee932af8c8\"},\"headline\":\"H&#038;B Real Estate: Johannes Fr\u00e4ulin neues Mitglied der Gesch\u00e4ftsleitung\",\"datePublished\":\"2017-05-02T13:41:20+00:00\",\"mainEntityOfPage\":{\"@id\":\"https:\\\/\\\/www.immobilienbusiness.ch\\\/de\\\/unternehmen\\\/2017-05-02\\\/hb-real-estate-johannes-fraeulin-neues-mitglied-der-geschaeftsleitung\\\/\"},\"wordCount\":164,\"commentCount\":0,\"publisher\":{\"@id\":\"https:\\\/\\\/www.immobilienbusiness.ch\\\/#organization\"},\"image\":{\"@id\":\"https:\\\/\\\/www.immobilienbusiness.ch\\\/de\\\/unternehmen\\\/2017-05-02\\\/hb-real-estate-johannes-fraeulin-neues-mitglied-der-geschaeftsleitung\\\/#primaryimage\"},\"thumbnailUrl\":\"https:\\\/\\\/www.immobilienbusiness.ch\\\/wp-content\\\/uploads\\\/2017\\\/05\\\/IB-News-03052017_Johannes-Fraeulin_HB-Real-Estate.jpg\",\"keywords\":[\"Personalia\",\"Unternehmen\"],\"articleSection\":[\"UNTERNEHMEN\"],\"inLanguage\":\"en-US\"},{\"@type\":\"WebPage\",\"@id\":\"https:\\\/\\\/www.immobilienbusiness.ch\\\/de\\\/unternehmen\\\/2017-05-02\\\/hb-real-estate-johannes-fraeulin-neues-mitglied-der-geschaeftsleitung\\\/\",\"url\":\"https:\\\/\\\/www.immobilienbusiness.ch\\\/de\\\/unternehmen\\\/2017-05-02\\\/hb-real-estate-johannes-fraeulin-neues-mitglied-der-geschaeftsleitung\\\/\",\"name\":\"H&B Real Estate: Johannes Fr\u00e4ulin neues Mitglied der Gesch\u00e4ftsleitung - IMMOBILIEN Business\",\"isPartOf\":{\"@id\":\"https:\\\/\\\/www.immobilienbusiness.ch\\\/#website\"},\"primaryImageOfPage\":{\"@id\":\"https:\\\/\\\/www.immobilienbusiness.ch\\\/de\\\/unternehmen\\\/2017-05-02\\\/hb-real-estate-johannes-fraeulin-neues-mitglied-der-geschaeftsleitung\\\/#primaryimage\"},\"image\":{\"@id\":\"https:\\\/\\\/www.immobilienbusiness.ch\\\/de\\\/unternehmen\\\/2017-05-02\\\/hb-real-estate-johannes-fraeulin-neues-mitglied-der-geschaeftsleitung\\\/#primaryimage\"},\"thumbnailUrl\":\"https:\\\/\\\/www.immobilienbusiness.ch\\\/wp-content\\\/uploads\\\/2017\\\/05\\\/IB-News-03052017_Johannes-Fraeulin_HB-Real-Estate.jpg\",\"datePublished\":\"2017-05-02T13:41:20+00:00\",\"description\":\"Per\u00a0April ist Johannes Fr\u00e4ulin zum\u00a0Mitglied der Gesch\u00e4ftsleitung der H&B Real Estate und Leiter des Bereichs kommerzielle Vermietung berufen worden.\",\"breadcrumb\":{\"@id\":\"https:\\\/\\\/www.immobilienbusiness.ch\\\/de\\\/unternehmen\\\/2017-05-02\\\/hb-real-estate-johannes-fraeulin-neues-mitglied-der-geschaeftsleitung\\\/#breadcrumb\"},\"inLanguage\":\"en-US\",\"potentialAction\":[{\"@type\":\"ReadAction\",\"target\":[\"https:\\\/\\\/www.immobilienbusiness.ch\\\/de\\\/unternehmen\\\/2017-05-02\\\/hb-real-estate-johannes-fraeulin-neues-mitglied-der-geschaeftsleitung\\\/\"]}]},{\"@type\":\"ImageObject\",\"inLanguage\":\"en-US\",\"@id\":\"https:\\\/\\\/www.immobilienbusiness.ch\\\/de\\\/unternehmen\\\/2017-05-02\\\/hb-real-estate-johannes-fraeulin-neues-mitglied-der-geschaeftsleitung\\\/#primaryimage\",\"url\":\"https:\\\/\\\/www.immobilienbusiness.ch\\\/wp-content\\\/uploads\\\/2017\\\/05\\\/IB-News-03052017_Johannes-Fraeulin_HB-Real-Estate.jpg\",\"contentUrl\":\"https:\\\/\\\/www.immobilienbusiness.ch\\\/wp-content\\\/uploads\\\/2017\\\/05\\\/IB-News-03052017_Johannes-Fraeulin_HB-Real-Estate.jpg\",\"width\":2151,\"height\":1433,\"caption\":\"Johannes Fr\u00e4ulin ist neues Mitglied der H&B-Gesch\u00e4ftsleitung (Foto: H&B Real Estate)\"},{\"@type\":\"BreadcrumbList\",\"@id\":\"https:\\\/\\\/www.immobilienbusiness.ch\\\/de\\\/unternehmen\\\/2017-05-02\\\/hb-real-estate-johannes-fraeulin-neues-mitglied-der-geschaeftsleitung\\\/#breadcrumb\",\"itemListElement\":[{\"@type\":\"ListItem\",\"position\":1,\"name\":\"Home\",\"item\":\"https:\\\/\\\/www.immobilienbusiness.ch\\\/\"},{\"@type\":\"ListItem\",\"position\":2,\"name\":\"H&#038;B Real Estate: Johannes Fr\u00e4ulin neues Mitglied der Gesch\u00e4ftsleitung\"}]},{\"@type\":\"WebSite\",\"@id\":\"https:\\\/\\\/www.immobilienbusiness.ch\\\/#website\",\"url\":\"https:\\\/\\\/www.immobilienbusiness.ch\\\/\",\"name\":\"IMMOBILIEN Business\",\"description\":\"Unabh\u00e4ngiges Schweizer Wirtschaftsmagazin mit Fokus auf Immobilien, Architektur- und Bau sowie Investment- und Finanzierung.\",\"publisher\":{\"@id\":\"https:\\\/\\\/www.immobilienbusiness.ch\\\/#organization\"},\"potentialAction\":[{\"@type\":\"SearchAction\",\"target\":{\"@type\":\"EntryPoint\",\"urlTemplate\":\"https:\\\/\\\/www.immobilienbusiness.ch\\\/?s={search_term_string}\"},\"query-input\":{\"@type\":\"PropertyValueSpecification\",\"valueRequired\":true,\"valueName\":\"search_term_string\"}}],\"inLanguage\":\"en-US\"},{\"@type\":\"Organization\",\"@id\":\"https:\\\/\\\/www.immobilienbusiness.ch\\\/#organization\",\"name\":\"IMMOBILIEN Business\",\"url\":\"https:\\\/\\\/www.immobilienbusiness.ch\\\/\",\"logo\":{\"@type\":\"ImageObject\",\"inLanguage\":\"en-US\",\"@id\":\"https:\\\/\\\/www.immobilienbusiness.ch\\\/#\\\/schema\\\/logo\\\/image\\\/\",\"url\":\"https:\\\/\\\/www.immobilienbusiness.ch\\\/wp-content\\\/uploads\\\/2021\\\/07\\\/logo_ib.png\",\"contentUrl\":\"https:\\\/\\\/www.immobilienbusiness.ch\\\/wp-content\\\/uploads\\\/2021\\\/07\\\/logo_ib.png\",\"width\":800,\"height\":181,\"caption\":\"IMMOBILIEN Business\"},\"image\":{\"@id\":\"https:\\\/\\\/www.immobilienbusiness.ch\\\/#\\\/schema\\\/logo\\\/image\\\/\"},\"sameAs\":[\"https:\\\/\\\/www.facebook.com\\\/immobilienbusiness\\\/\"]},{\"@type\":\"Person\",\"@id\":\"https:\\\/\\\/www.immobilienbusiness.ch\\\/#\\\/schema\\\/person\\\/3fc036297b10b9f42d6db5ee932af8c8\",\"name\":\"anja.hall\",\"image\":{\"@type\":\"ImageObject\",\"inLanguage\":\"en-US\",\"@id\":\"https:\\\/\\\/secure.gravatar.com\\\/avatar\\\/066b5a0d447013502c71a5782f4f3469f03cfe595cc2329fb94652fe47511bfb?s=96&d=mm&r=g\",\"url\":\"https:\\\/\\\/secure.gravatar.com\\\/avatar\\\/066b5a0d447013502c71a5782f4f3469f03cfe595cc2329fb94652fe47511bfb?s=96&d=mm&r=g\",\"contentUrl\":\"https:\\\/\\\/secure.gravatar.com\\\/avatar\\\/066b5a0d447013502c71a5782f4f3469f03cfe595cc2329fb94652fe47511bfb?s=96&d=mm&r=g\",\"caption\":\"anja.hall\"},\"url\":\"https:\\\/\\\/www.immobilienbusiness.ch\\\/en\\\/author\\\/anja-hall\\\/\"}]}<\/script>\n<!-- \/ Yoast SEO plugin. -->","yoast_head_json":{"title":"H&B Real Estate: Johannes Fr\u00e4ulin neues Mitglied der Gesch\u00e4ftsleitung - IMMOBILIEN Business","description":"As of April, Johannes Fr\u00e4ulin has been appointed to the Executive Board of H&amp;B Real Estate and Head of Commercial Leasing.","robots":{"index":"index","follow":"follow","max-snippet":"max-snippet:-1","max-image-preview":"max-image-preview:large","max-video-preview":"max-video-preview:-1"},"canonical":"https:\/\/www.immobilienbusiness.ch\/en\/unternehmen\/2017-05-02\/hb-real-estate-johannes-fraeulin-neues-mitglied-der-geschaeftsleitung\/","og_locale":"en_US","og_type":"article","og_title":"H&B Real Estate: Johannes Fr\u00e4ulin neues Mitglied der Gesch\u00e4ftsleitung","og_description":"Per\u00a0April ist Johannes Fr\u00e4ulin zum\u00a0Mitglied der Gesch\u00e4ftsleitung der H&B Real Estate und Leiter des Bereichs kommerzielle Vermietung berufen worden.","og_url":"https:\/\/www.immobilienbusiness.ch\/en\/unternehmen\/2017-05-02\/hb-real-estate-johannes-fraeulin-neues-mitglied-der-geschaeftsleitung\/","og_site_name":"IMMOBILIEN Business","article_publisher":"https:\/\/www.facebook.com\/immobilienbusiness\/","article_published_time":"2017-05-02T13:41:20+00:00","og_image":[{"width":1024,"height":682,"url":"https:\/\/www.immobilienbusiness.ch\/wp-content\/uploads\/2016\/12\/Depositphotos_11631521_l-2015-1024x682.jpg","type":"image\/jpeg"}],"author":"anja.hall","twitter_card":"summary_large_image","twitter_title":"H&B Real Estate: Johannes Fr\u00e4ulin neues Mitglied der Gesch\u00e4ftsleitung","twitter_description":"Per\u00a0April ist Johannes Fr\u00e4ulin zum\u00a0Mitglied der Gesch\u00e4ftsleitung der H&B Real Estate und Leiter des Bereichs kommerzielle Vermietung berufen worden.","twitter_image":"https:\/\/www.immobilienbusiness.ch\/wp-content\/uploads\/2016\/12\/Depositphotos_11631521_l-2015.jpg","schema":{"@context":"https:\/\/schema.org","@graph":[{"@type":"Article","@id":"https:\/\/www.immobilienbusiness.ch\/de\/unternehmen\/2017-05-02\/hb-real-estate-johannes-fraeulin-neues-mitglied-der-geschaeftsleitung\/#article","isPartOf":{"@id":"https:\/\/www.immobilienbusiness.ch\/de\/unternehmen\/2017-05-02\/hb-real-estate-johannes-fraeulin-neues-mitglied-der-geschaeftsleitung\/"},"author":{"name":"anja.hall","@id":"https:\/\/www.immobilienbusiness.ch\/#\/schema\/person\/3fc036297b10b9f42d6db5ee932af8c8"},"headline":"H&#038;B Real Estate: Johannes Fr\u00e4ulin neues Mitglied der Gesch\u00e4ftsleitung","datePublished":"2017-05-02T13:41:20+00:00","mainEntityOfPage":{"@id":"https:\/\/www.immobilienbusiness.ch\/de\/unternehmen\/2017-05-02\/hb-real-estate-johannes-fraeulin-neues-mitglied-der-geschaeftsleitung\/"},"wordCount":164,"commentCount":0,"publisher":{"@id":"https:\/\/www.immobilienbusiness.ch\/#organization"},"image":{"@id":"https:\/\/www.immobilienbusiness.ch\/de\/unternehmen\/2017-05-02\/hb-real-estate-johannes-fraeulin-neues-mitglied-der-geschaeftsleitung\/#primaryimage"},"thumbnailUrl":"https:\/\/www.immobilienbusiness.ch\/wp-content\/uploads\/2017\/05\/IB-News-03052017_Johannes-Fraeulin_HB-Real-Estate.jpg","keywords":["Personalia","Unternehmen"],"articleSection":["UNTERNEHMEN"],"inLanguage":"en-US"},{"@type":"WebPage","@id":"https:\/\/www.immobilienbusiness.ch\/de\/unternehmen\/2017-05-02\/hb-real-estate-johannes-fraeulin-neues-mitglied-der-geschaeftsleitung\/","url":"https:\/\/www.immobilienbusiness.ch\/de\/unternehmen\/2017-05-02\/hb-real-estate-johannes-fraeulin-neues-mitglied-der-geschaeftsleitung\/","name":"H&B Real Estate: Johannes Fr\u00e4ulin neues Mitglied der Gesch\u00e4ftsleitung - IMMOBILIEN Business","isPartOf":{"@id":"https:\/\/www.immobilienbusiness.ch\/#website"},"primaryImageOfPage":{"@id":"https:\/\/www.immobilienbusiness.ch\/de\/unternehmen\/2017-05-02\/hb-real-estate-johannes-fraeulin-neues-mitglied-der-geschaeftsleitung\/#primaryimage"},"image":{"@id":"https:\/\/www.immobilienbusiness.ch\/de\/unternehmen\/2017-05-02\/hb-real-estate-johannes-fraeulin-neues-mitglied-der-geschaeftsleitung\/#primaryimage"},"thumbnailUrl":"https:\/\/www.immobilienbusiness.ch\/wp-content\/uploads\/2017\/05\/IB-News-03052017_Johannes-Fraeulin_HB-Real-Estate.jpg","datePublished":"2017-05-02T13:41:20+00:00","description":"As of April, Johannes Fr\u00e4ulin has been appointed to the Executive Board of H&amp;B Real Estate and Head of Commercial Leasing.","breadcrumb":{"@id":"https:\/\/www.immobilienbusiness.ch\/de\/unternehmen\/2017-05-02\/hb-real-estate-johannes-fraeulin-neues-mitglied-der-geschaeftsleitung\/#breadcrumb"},"inLanguage":"en-US","potentialAction":[{"@type":"ReadAction","target":["https:\/\/www.immobilienbusiness.ch\/de\/unternehmen\/2017-05-02\/hb-real-estate-johannes-fraeulin-neues-mitglied-der-geschaeftsleitung\/"]}]},{"@type":"ImageObject","inLanguage":"en-US","@id":"https:\/\/www.immobilienbusiness.ch\/de\/unternehmen\/2017-05-02\/hb-real-estate-johannes-fraeulin-neues-mitglied-der-geschaeftsleitung\/#primaryimage","url":"https:\/\/www.immobilienbusiness.ch\/wp-content\/uploads\/2017\/05\/IB-News-03052017_Johannes-Fraeulin_HB-Real-Estate.jpg","contentUrl":"https:\/\/www.immobilienbusiness.ch\/wp-content\/uploads\/2017\/05\/IB-News-03052017_Johannes-Fraeulin_HB-Real-Estate.jpg","width":2151,"height":1433,"caption":"Johannes Fr\u00e4ulin ist neues Mitglied der H&B-Gesch\u00e4ftsleitung (Foto: H&B Real Estate)"},{"@type":"BreadcrumbList","@id":"https:\/\/www.immobilienbusiness.ch\/de\/unternehmen\/2017-05-02\/hb-real-estate-johannes-fraeulin-neues-mitglied-der-geschaeftsleitung\/#breadcrumb","itemListElement":[{"@type":"ListItem","position":1,"name":"Home","item":"https:\/\/www.immobilienbusiness.ch\/"},{"@type":"ListItem","position":2,"name":"H&#038;B Real Estate: Johannes Fr\u00e4ulin neues Mitglied der Gesch\u00e4ftsleitung"}]},{"@type":"WebSite","@id":"https:\/\/www.immobilienbusiness.ch\/#website","url":"https:\/\/www.immobilienbusiness.ch\/","name":"REAL ESTATE Business","description":"Independent Swiss business magazine focusing on real estate, architecture and construction as well as investment and financing.","publisher":{"@id":"https:\/\/www.immobilienbusiness.ch\/#organization"},"potentialAction":[{"@type":"SearchAction","target":{"@type":"EntryPoint","urlTemplate":"https:\/\/www.immobilienbusiness.ch\/?s={search_term_string}"},"query-input":{"@type":"PropertyValueSpecification","valueRequired":true,"valueName":"search_term_string"}}],"inLanguage":"en-US"},{"@type":"Organization","@id":"https:\/\/www.immobilienbusiness.ch\/#organization","name":"REAL ESTATE Business","url":"https:\/\/www.immobilienbusiness.ch\/","logo":{"@type":"ImageObject","inLanguage":"en-US","@id":"https:\/\/www.immobilienbusiness.ch\/#\/schema\/logo\/image\/","url":"https:\/\/www.immobilienbusiness.ch\/wp-content\/uploads\/2021\/07\/logo_ib.png","contentUrl":"https:\/\/www.immobilienbusiness.ch\/wp-content\/uploads\/2021\/07\/logo_ib.png","width":800,"height":181,"caption":"IMMOBILIEN Business"},"image":{"@id":"https:\/\/www.immobilienbusiness.ch\/#\/schema\/logo\/image\/"},"sameAs":["https:\/\/www.facebook.com\/immobilienbusiness\/"]},{"@type":"Person","@id":"https:\/\/www.immobilienbusiness.ch\/#\/schema\/person\/3fc036297b10b9f42d6db5ee932af8c8","name":"anja.hall","image":{"@type":"ImageObject","inLanguage":"en-US","@id":"https:\/\/secure.gravatar.com\/avatar\/066b5a0d447013502c71a5782f4f3469f03cfe595cc2329fb94652fe47511bfb?s=96&d=mm&r=g","url":"https:\/\/secure.gravatar.com\/avatar\/066b5a0d447013502c71a5782f4f3469f03cfe595cc2329fb94652fe47511bfb?s=96&d=mm&r=g","contentUrl":"https:\/\/secure.gravatar.com\/avatar\/066b5a0d447013502c71a5782f4f3469f03cfe595cc2329fb94652fe47511bfb?s=96&d=mm&r=g","caption":"anja.hall"},"url":"https:\/\/www.immobilienbusiness.ch\/en\/author\/anja-hall\/"}]}},"_links":{"self":[{"href":"https:\/\/www.immobilienbusiness.ch\/en\/wp-json\/wp\/v2\/posts\/7363","targetHints":{"allow":["GET"]}}],"collection":[{"href":"https:\/\/www.immobilienbusiness.ch\/en\/wp-json\/wp\/v2\/posts"}],"about":[{"href":"https:\/\/www.immobilienbusiness.ch\/en\/wp-json\/wp\/v2\/types\/post"}],"author":[{"embeddable":true,"href":"https:\/\/www.immobilienbusiness.ch\/en\/wp-json\/wp\/v2\/users\/3"}],"replies":[{"embeddable":true,"href":"https:\/\/www.immobilienbusiness.ch\/en\/wp-json\/wp\/v2\/comments?post=7363"}],"version-history":[{"count":0,"href":"https:\/\/www.immobilienbusiness.ch\/en\/wp-json\/wp\/v2\/posts\/7363\/revisions"}],"wp:featuredmedia":[{"embeddable":true,"href":"https:\/\/www.immobilienbusiness.ch\/en\/wp-json\/wp\/v2\/media\/7443"}],"wp:attachment":[{"href":"https:\/\/www.immobilienbusiness.ch\/en\/wp-json\/wp\/v2\/media?parent=7363"}],"wp:term":[{"taxonomy":"category","embeddable":true,"href":"https:\/\/www.immobilienbusiness.ch\/en\/wp-json\/wp\/v2\/categories?post=7363"},{"taxonomy":"post_tag","embeddable":true,"href":"https:\/\/www.immobilienbusiness.ch\/en\/wp-json\/wp\/v2\/tags?post=7363"}],"curies":[{"name":"wp","href":"https:\/\/api.w.org\/{rel}","templated":true}]}}