{"id":68338,"date":"2026-04-29T08:39:14","date_gmt":"2026-04-29T06:39:14","guid":{"rendered":"https:\/\/www.immobilienbusiness.ch\/?p=68338"},"modified":"2026-04-29T08:39:14","modified_gmt":"2026-04-29T06:39:14","slug":"luzern-neue-plaene-fuer-hermitage-areal","status":"publish","type":"post","link":"https:\/\/www.immobilienbusiness.ch\/en\/regionen\/2026-04-29\/luzern-neue-plaene-fuer-hermitage-areal\/","title":{"rendered":"Lucerne: New plans for the Hermitage site"},"content":{"rendered":"<figure id=\"attachment_68339\" aria-describedby=\"caption-attachment-68339\" style=\"width: 768px\" class=\"wp-caption alignnone\"><a href=\"https:\/\/www.immobilienbusiness.ch\/wp-content\/uploads\/2026\/04\/Hermitage-scaled.png\"><img loading=\"lazy\" decoding=\"async\" class=\"size-large wp-image-68339\" src=\"https:\/\/www.immobilienbusiness.ch\/wp-content\/uploads\/2026\/04\/Hermitage-1024x608.png\" alt=\"\" width=\"768\" height=\"456\" srcset=\"https:\/\/www.immobilienbusiness.ch\/wp-content\/uploads\/2026\/04\/Hermitage-1024x608.png 1024w, https:\/\/www.immobilienbusiness.ch\/wp-content\/uploads\/2026\/04\/Hermitage-300x178.png 300w, https:\/\/www.immobilienbusiness.ch\/wp-content\/uploads\/2026\/04\/Hermitage-768x456.png 768w, https:\/\/www.immobilienbusiness.ch\/wp-content\/uploads\/2026\/04\/Hermitage-18x12.png 18w, https:\/\/www.immobilienbusiness.ch\/wp-content\/uploads\/2026\/04\/Hermitage-375x222.png 375w, https:\/\/www.immobilienbusiness.ch\/wp-content\/uploads\/2026\/04\/Hermitage-590x350.png 590w, https:\/\/www.immobilienbusiness.ch\/wp-content\/uploads\/2026\/04\/Hermitage-1000x593.png 1000w, https:\/\/www.immobilienbusiness.ch\/wp-content\/uploads\/2026\/04\/Hermitage-scaled.png 1200w\" sizes=\"auto, (max-width: 768px) 100vw, 768px\" \/><\/a><figcaption id=\"caption-attachment-68339\" class=\"wp-caption-text\">There is a new design plan for the \u00abNew Hermitage\u00bb project (visualization: Hermitage Lake Lucerne AG)<\/figcaption><\/figure>\n<p>Hermitage Lake Lucerne AG has publicly presented a revised design plan for its almost 20,000 square meter site at Seeburgstrasse 72 in Lucerne. According to plans by Herzog &amp; de Meuron, the hotel on the site directly on Lake Lucerne is to be expanded from its current 90 rooms to around 100 and apartments are to be built for the first time. A total of around 36 units are planned.<\/p>\n<p>Residential use is spread over two areas: Around two thirds of the site is located in the tourism zone and, in addition to the hotel business, allows for limited residential use with around twelve apartments. The remaining third - the current Bellevue on the opposite side of the road - is located in the residential zone and is to be developed with around 24 apartments. By broadening the use, the owners want to reduce their dependence on tourism and broaden the economic base of the business, which has been family-owned for over 70 years.<\/p>\n<h3>Six volumes instead of two<\/h3>\n<p>The current design plan is a fundamentally revised version of the project, which was first published in 2022. Following objections, including from the Lake Lucerne Landscape Conservation Association, and in consultation with the Federal Commission for the Protection of Nature and Cultural Heritage, the originally planned two large structures were converted into six significantly smaller volumes. The buildings are divided into three groups, embedded in a coherent park landscape. Some of the new buildings are designed as a small-scale ensemble based on a farmhouse in central Switzerland. The existing hotel buildings - all between 35 and 70 years old - will be extended and renovated, and a new central entrance will strengthen the address. Parking spaces will be relocated to underground parking garages in order to increase the proportion of greenery, while the historic baths will remain open to the public.<\/p>\n<h3>Realization at the beginning of the next decade at the earliest<\/h3>\n<p>Following the current objection period, the client is expecting an adjustment phase lasting several years and a design plan approval within the next three years or so. Implementation will take place in stages, starting with the new Bellevue building, as this building requires the most renovation and will not interfere with ongoing hotel operations. According to the client, the first stages of implementation are expected at the beginning of the next decade at the earliest; further stages will depend on economic developments and the need for renovation.<br \/>\nThe press release from Hermitage Lake Lucerne AG does not mention a specific investment sum. \u00abBlick\u00bb and \u00abBilanz\u00bb put the total costs at over CHF 100 million, citing the ownership. Patrick D\u00f6\u00f6s from the owner family is quoted in the press release as saying that the hotel must \u00abremain economically viable and be able to secure its long-term future on its own\u00bb.<\/p>\n<p>The client is Hermitage Lake Lucerne AG (formerly Hotel Hermitage Luzern AG); B\u00fcro Vogt is responsible for the landscape architecture.<\/p>","protected":false},"excerpt":{"rendered":"<p>Herzog &amp; de Meuron are planning 100 hotel rooms, 36 apartments and a park on Lake Lucerne. Realization at the beginning of next decade at the earliest.<\/p>","protected":false},"author":102,"featured_media":68339,"comment_status":"closed","ping_status":"closed","sticky":false,"template":"","format":"standard","meta":{"_acf_changed":false,"_yoast_wpseo_focuskw":"","_yoast_wpseo_title":"","_yoast_wpseo_metadesc":"Herzog & de Meuron planen am Vierwaldst\u00e4ttersee 100 Hotelzimmer, 36 Wohnungen und einen Park. Realisierung fr\u00fchestens Anfang n\u00e4chsten Jahrzehnts.","_yoast_wpseo_linkdex":0,"pgc_sgb_lightbox_settings":"","footnotes":""},"categories":[985],"tags":[],"class_list":["post-68338","post","type-post","status-publish","format-standard","has-post-thumbnail","hentry","category-regionen"],"acf":[],"yoast_head":"<!-- This site is optimized with the Yoast SEO plugin v27.5 - https:\/\/yoast.com\/product\/yoast-seo-wordpress\/ -->\n<title>Luzern: Neue Pl\u00e4ne f\u00fcr Hermitage-Areal - IMMOBILIEN Business<\/title>\n<meta name=\"description\" content=\"Herzog &amp; de Meuron planen am Vierwaldst\u00e4ttersee 100 Hotelzimmer, 36 Wohnungen und einen Park. Realisierung fr\u00fchestens Anfang n\u00e4chsten Jahrzehnts.\" \/>\n<meta name=\"robots\" content=\"index, follow, max-snippet:-1, max-image-preview:large, max-video-preview:-1\" \/>\n<link rel=\"canonical\" href=\"https:\/\/www.immobilienbusiness.ch\/en\/regionen\/2026-04-29\/luzern-neue-plaene-fuer-hermitage-areal\/\" \/>\n<meta property=\"og:locale\" content=\"en_US\" \/>\n<meta property=\"og:type\" content=\"article\" \/>\n<meta property=\"og:title\" content=\"Luzern: Neue Pl\u00e4ne f\u00fcr Hermitage-Areal - IMMOBILIEN Business\" \/>\n<meta property=\"og:description\" content=\"Herzog &amp; de Meuron planen am Vierwaldst\u00e4ttersee 100 Hotelzimmer, 36 Wohnungen und einen Park. Realisierung fr\u00fchestens Anfang n\u00e4chsten Jahrzehnts.\" \/>\n<meta property=\"og:url\" content=\"https:\/\/www.immobilienbusiness.ch\/en\/regionen\/2026-04-29\/luzern-neue-plaene-fuer-hermitage-areal\/\" \/>\n<meta property=\"og:site_name\" content=\"IMMOBILIEN Business\" \/>\n<meta property=\"article:publisher\" content=\"https:\/\/www.facebook.com\/immobilienbusiness\/\" \/>\n<meta property=\"article:published_time\" content=\"2026-04-29T06:39:14+00:00\" \/>\n<meta property=\"og:image\" content=\"https:\/\/www.immobilienbusiness.ch\/wp-content\/uploads\/2026\/04\/Hermitage-scaled.png\" \/>\n\t<meta property=\"og:image:width\" content=\"1200\" \/>\n\t<meta property=\"og:image:height\" content=\"712\" \/>\n\t<meta property=\"og:image:type\" content=\"image\/png\" \/>\n<meta name=\"author\" content=\"Alexander Wachter\" \/>\n<meta name=\"twitter:card\" content=\"summary_large_image\" \/>\n<script type=\"application\/ld+json\" class=\"yoast-schema-graph\">{\"@context\":\"https:\\\/\\\/schema.org\",\"@graph\":[{\"@type\":\"Article\",\"@id\":\"https:\\\/\\\/www.immobilienbusiness.ch\\\/regionen\\\/2026-04-29\\\/luzern-neue-plaene-fuer-hermitage-areal\\\/#article\",\"isPartOf\":{\"@id\":\"https:\\\/\\\/www.immobilienbusiness.ch\\\/regionen\\\/2026-04-29\\\/luzern-neue-plaene-fuer-hermitage-areal\\\/\"},\"author\":{\"name\":\"Alexander Wachter\",\"@id\":\"https:\\\/\\\/www.immobilienbusiness.ch\\\/#\\\/schema\\\/person\\\/aba8bea2db926aa0c24c08c43fe1fcd5\"},\"headline\":\"Luzern: Neue Pl\u00e4ne f\u00fcr Hermitage-Areal\",\"datePublished\":\"2026-04-29T06:39:14+00:00\",\"mainEntityOfPage\":{\"@id\":\"https:\\\/\\\/www.immobilienbusiness.ch\\\/regionen\\\/2026-04-29\\\/luzern-neue-plaene-fuer-hermitage-areal\\\/\"},\"wordCount\":465,\"publisher\":{\"@id\":\"https:\\\/\\\/www.immobilienbusiness.ch\\\/#organization\"},\"image\":{\"@id\":\"https:\\\/\\\/www.immobilienbusiness.ch\\\/regionen\\\/2026-04-29\\\/luzern-neue-plaene-fuer-hermitage-areal\\\/#primaryimage\"},\"thumbnailUrl\":\"https:\\\/\\\/www.immobilienbusiness.ch\\\/wp-content\\\/uploads\\\/2026\\\/04\\\/Hermitage-scaled.png\",\"articleSection\":[\"REGIONEN\"],\"inLanguage\":\"en-US\"},{\"@type\":\"WebPage\",\"@id\":\"https:\\\/\\\/www.immobilienbusiness.ch\\\/regionen\\\/2026-04-29\\\/luzern-neue-plaene-fuer-hermitage-areal\\\/\",\"url\":\"https:\\\/\\\/www.immobilienbusiness.ch\\\/regionen\\\/2026-04-29\\\/luzern-neue-plaene-fuer-hermitage-areal\\\/\",\"name\":\"Luzern: Neue Pl\u00e4ne f\u00fcr Hermitage-Areal - IMMOBILIEN Business\",\"isPartOf\":{\"@id\":\"https:\\\/\\\/www.immobilienbusiness.ch\\\/#website\"},\"primaryImageOfPage\":{\"@id\":\"https:\\\/\\\/www.immobilienbusiness.ch\\\/regionen\\\/2026-04-29\\\/luzern-neue-plaene-fuer-hermitage-areal\\\/#primaryimage\"},\"image\":{\"@id\":\"https:\\\/\\\/www.immobilienbusiness.ch\\\/regionen\\\/2026-04-29\\\/luzern-neue-plaene-fuer-hermitage-areal\\\/#primaryimage\"},\"thumbnailUrl\":\"https:\\\/\\\/www.immobilienbusiness.ch\\\/wp-content\\\/uploads\\\/2026\\\/04\\\/Hermitage-scaled.png\",\"datePublished\":\"2026-04-29T06:39:14+00:00\",\"description\":\"Herzog & de Meuron planen am Vierwaldst\u00e4ttersee 100 Hotelzimmer, 36 Wohnungen und einen Park. Realisierung fr\u00fchestens Anfang n\u00e4chsten Jahrzehnts.\",\"breadcrumb\":{\"@id\":\"https:\\\/\\\/www.immobilienbusiness.ch\\\/regionen\\\/2026-04-29\\\/luzern-neue-plaene-fuer-hermitage-areal\\\/#breadcrumb\"},\"inLanguage\":\"en-US\",\"potentialAction\":[{\"@type\":\"ReadAction\",\"target\":[\"https:\\\/\\\/www.immobilienbusiness.ch\\\/regionen\\\/2026-04-29\\\/luzern-neue-plaene-fuer-hermitage-areal\\\/\"]}]},{\"@type\":\"ImageObject\",\"inLanguage\":\"en-US\",\"@id\":\"https:\\\/\\\/www.immobilienbusiness.ch\\\/regionen\\\/2026-04-29\\\/luzern-neue-plaene-fuer-hermitage-areal\\\/#primaryimage\",\"url\":\"https:\\\/\\\/www.immobilienbusiness.ch\\\/wp-content\\\/uploads\\\/2026\\\/04\\\/Hermitage-scaled.png\",\"contentUrl\":\"https:\\\/\\\/www.immobilienbusiness.ch\\\/wp-content\\\/uploads\\\/2026\\\/04\\\/Hermitage-scaled.png\",\"width\":1200,\"height\":712,\"caption\":\"Es liegt ein neuer Gestaltungsplan f\u00fcr das Projekt \u00abNew Hermitage\u00bb vor (Visualisierung: Hermitage Lake Lucerne AG)\"},{\"@type\":\"BreadcrumbList\",\"@id\":\"https:\\\/\\\/www.immobilienbusiness.ch\\\/regionen\\\/2026-04-29\\\/luzern-neue-plaene-fuer-hermitage-areal\\\/#breadcrumb\",\"itemListElement\":[{\"@type\":\"ListItem\",\"position\":1,\"name\":\"Home\",\"item\":\"https:\\\/\\\/www.immobilienbusiness.ch\\\/\"},{\"@type\":\"ListItem\",\"position\":2,\"name\":\"Luzern: Neue Pl\u00e4ne f\u00fcr Hermitage-Areal\"}]},{\"@type\":\"WebSite\",\"@id\":\"https:\\\/\\\/www.immobilienbusiness.ch\\\/#website\",\"url\":\"https:\\\/\\\/www.immobilienbusiness.ch\\\/\",\"name\":\"IMMOBILIEN Business\",\"description\":\"Unabh\u00e4ngiges Schweizer Wirtschaftsmagazin mit Fokus auf Immobilien, Architektur- und Bau sowie Investment- und Finanzierung.\",\"publisher\":{\"@id\":\"https:\\\/\\\/www.immobilienbusiness.ch\\\/#organization\"},\"potentialAction\":[{\"@type\":\"SearchAction\",\"target\":{\"@type\":\"EntryPoint\",\"urlTemplate\":\"https:\\\/\\\/www.immobilienbusiness.ch\\\/?s={search_term_string}\"},\"query-input\":{\"@type\":\"PropertyValueSpecification\",\"valueRequired\":true,\"valueName\":\"search_term_string\"}}],\"inLanguage\":\"en-US\"},{\"@type\":\"Organization\",\"@id\":\"https:\\\/\\\/www.immobilienbusiness.ch\\\/#organization\",\"name\":\"IMMOBILIEN Business\",\"url\":\"https:\\\/\\\/www.immobilienbusiness.ch\\\/\",\"logo\":{\"@type\":\"ImageObject\",\"inLanguage\":\"en-US\",\"@id\":\"https:\\\/\\\/www.immobilienbusiness.ch\\\/#\\\/schema\\\/logo\\\/image\\\/\",\"url\":\"https:\\\/\\\/www.immobilienbusiness.ch\\\/wp-content\\\/uploads\\\/2021\\\/07\\\/logo_ib.png\",\"contentUrl\":\"https:\\\/\\\/www.immobilienbusiness.ch\\\/wp-content\\\/uploads\\\/2021\\\/07\\\/logo_ib.png\",\"width\":800,\"height\":181,\"caption\":\"IMMOBILIEN Business\"},\"image\":{\"@id\":\"https:\\\/\\\/www.immobilienbusiness.ch\\\/#\\\/schema\\\/logo\\\/image\\\/\"},\"sameAs\":[\"https:\\\/\\\/www.facebook.com\\\/immobilienbusiness\\\/\"]},{\"@type\":\"Person\",\"@id\":\"https:\\\/\\\/www.immobilienbusiness.ch\\\/#\\\/schema\\\/person\\\/aba8bea2db926aa0c24c08c43fe1fcd5\",\"name\":\"Alexander Wachter\",\"image\":{\"@type\":\"ImageObject\",\"inLanguage\":\"en-US\",\"@id\":\"https:\\\/\\\/secure.gravatar.com\\\/avatar\\\/1a09e471f5389b0e0a6416eac287e0927c7c97a7b77f9e787eba3af7aee281dd?s=96&d=mm&r=g\",\"url\":\"https:\\\/\\\/secure.gravatar.com\\\/avatar\\\/1a09e471f5389b0e0a6416eac287e0927c7c97a7b77f9e787eba3af7aee281dd?s=96&d=mm&r=g\",\"contentUrl\":\"https:\\\/\\\/secure.gravatar.com\\\/avatar\\\/1a09e471f5389b0e0a6416eac287e0927c7c97a7b77f9e787eba3af7aee281dd?s=96&d=mm&r=g\",\"caption\":\"Alexander Wachter\"},\"url\":\"https:\\\/\\\/www.immobilienbusiness.ch\\\/en\\\/author\\\/alexander-wachter\\\/\"}]}<\/script>\n<!-- \/ Yoast SEO plugin. -->","yoast_head_json":{"title":"Luzern: Neue Pl\u00e4ne f\u00fcr Hermitage-Areal - IMMOBILIEN Business","description":"Herzog & de Meuron planen am Vierwaldst\u00e4ttersee 100 Hotelzimmer, 36 Wohnungen und einen Park. Realisierung fr\u00fchestens Anfang n\u00e4chsten Jahrzehnts.","robots":{"index":"index","follow":"follow","max-snippet":"max-snippet:-1","max-image-preview":"max-image-preview:large","max-video-preview":"max-video-preview:-1"},"canonical":"https:\/\/www.immobilienbusiness.ch\/en\/regionen\/2026-04-29\/luzern-neue-plaene-fuer-hermitage-areal\/","og_locale":"en_US","og_type":"article","og_title":"Luzern: Neue Pl\u00e4ne f\u00fcr Hermitage-Areal - IMMOBILIEN Business","og_description":"Herzog & de Meuron planen am Vierwaldst\u00e4ttersee 100 Hotelzimmer, 36 Wohnungen und einen Park. Realisierung fr\u00fchestens Anfang n\u00e4chsten Jahrzehnts.","og_url":"https:\/\/www.immobilienbusiness.ch\/en\/regionen\/2026-04-29\/luzern-neue-plaene-fuer-hermitage-areal\/","og_site_name":"IMMOBILIEN Business","article_publisher":"https:\/\/www.facebook.com\/immobilienbusiness\/","article_published_time":"2026-04-29T06:39:14+00:00","og_image":[{"width":1200,"height":712,"url":"https:\/\/www.immobilienbusiness.ch\/wp-content\/uploads\/2026\/04\/Hermitage-scaled.png","type":"image\/png"}],"author":"Alexander Wachter","twitter_card":"summary_large_image","schema":{"@context":"https:\/\/schema.org","@graph":[{"@type":"Article","@id":"https:\/\/www.immobilienbusiness.ch\/regionen\/2026-04-29\/luzern-neue-plaene-fuer-hermitage-areal\/#article","isPartOf":{"@id":"https:\/\/www.immobilienbusiness.ch\/regionen\/2026-04-29\/luzern-neue-plaene-fuer-hermitage-areal\/"},"author":{"name":"Alexander Wachter","@id":"https:\/\/www.immobilienbusiness.ch\/#\/schema\/person\/aba8bea2db926aa0c24c08c43fe1fcd5"},"headline":"Luzern: Neue Pl\u00e4ne f\u00fcr Hermitage-Areal","datePublished":"2026-04-29T06:39:14+00:00","mainEntityOfPage":{"@id":"https:\/\/www.immobilienbusiness.ch\/regionen\/2026-04-29\/luzern-neue-plaene-fuer-hermitage-areal\/"},"wordCount":465,"publisher":{"@id":"https:\/\/www.immobilienbusiness.ch\/#organization"},"image":{"@id":"https:\/\/www.immobilienbusiness.ch\/regionen\/2026-04-29\/luzern-neue-plaene-fuer-hermitage-areal\/#primaryimage"},"thumbnailUrl":"https:\/\/www.immobilienbusiness.ch\/wp-content\/uploads\/2026\/04\/Hermitage-scaled.png","articleSection":["REGIONEN"],"inLanguage":"en-US"},{"@type":"WebPage","@id":"https:\/\/www.immobilienbusiness.ch\/regionen\/2026-04-29\/luzern-neue-plaene-fuer-hermitage-areal\/","url":"https:\/\/www.immobilienbusiness.ch\/regionen\/2026-04-29\/luzern-neue-plaene-fuer-hermitage-areal\/","name":"Luzern: Neue Pl\u00e4ne f\u00fcr Hermitage-Areal - IMMOBILIEN Business","isPartOf":{"@id":"https:\/\/www.immobilienbusiness.ch\/#website"},"primaryImageOfPage":{"@id":"https:\/\/www.immobilienbusiness.ch\/regionen\/2026-04-29\/luzern-neue-plaene-fuer-hermitage-areal\/#primaryimage"},"image":{"@id":"https:\/\/www.immobilienbusiness.ch\/regionen\/2026-04-29\/luzern-neue-plaene-fuer-hermitage-areal\/#primaryimage"},"thumbnailUrl":"https:\/\/www.immobilienbusiness.ch\/wp-content\/uploads\/2026\/04\/Hermitage-scaled.png","datePublished":"2026-04-29T06:39:14+00:00","description":"Herzog & de Meuron planen am Vierwaldst\u00e4ttersee 100 Hotelzimmer, 36 Wohnungen und einen Park. Realisierung fr\u00fchestens Anfang n\u00e4chsten Jahrzehnts.","breadcrumb":{"@id":"https:\/\/www.immobilienbusiness.ch\/regionen\/2026-04-29\/luzern-neue-plaene-fuer-hermitage-areal\/#breadcrumb"},"inLanguage":"en-US","potentialAction":[{"@type":"ReadAction","target":["https:\/\/www.immobilienbusiness.ch\/regionen\/2026-04-29\/luzern-neue-plaene-fuer-hermitage-areal\/"]}]},{"@type":"ImageObject","inLanguage":"en-US","@id":"https:\/\/www.immobilienbusiness.ch\/regionen\/2026-04-29\/luzern-neue-plaene-fuer-hermitage-areal\/#primaryimage","url":"https:\/\/www.immobilienbusiness.ch\/wp-content\/uploads\/2026\/04\/Hermitage-scaled.png","contentUrl":"https:\/\/www.immobilienbusiness.ch\/wp-content\/uploads\/2026\/04\/Hermitage-scaled.png","width":1200,"height":712,"caption":"Es liegt ein neuer Gestaltungsplan f\u00fcr das Projekt \u00abNew Hermitage\u00bb vor (Visualisierung: Hermitage Lake Lucerne AG)"},{"@type":"BreadcrumbList","@id":"https:\/\/www.immobilienbusiness.ch\/regionen\/2026-04-29\/luzern-neue-plaene-fuer-hermitage-areal\/#breadcrumb","itemListElement":[{"@type":"ListItem","position":1,"name":"Home","item":"https:\/\/www.immobilienbusiness.ch\/"},{"@type":"ListItem","position":2,"name":"Luzern: Neue Pl\u00e4ne f\u00fcr Hermitage-Areal"}]},{"@type":"WebSite","@id":"https:\/\/www.immobilienbusiness.ch\/#website","url":"https:\/\/www.immobilienbusiness.ch\/","name":"REAL ESTATE Business","description":"Independent Swiss business magazine focusing on real estate, architecture and construction as well as investment and financing.","publisher":{"@id":"https:\/\/www.immobilienbusiness.ch\/#organization"},"potentialAction":[{"@type":"SearchAction","target":{"@type":"EntryPoint","urlTemplate":"https:\/\/www.immobilienbusiness.ch\/?s={search_term_string}"},"query-input":{"@type":"PropertyValueSpecification","valueRequired":true,"valueName":"search_term_string"}}],"inLanguage":"en-US"},{"@type":"Organization","@id":"https:\/\/www.immobilienbusiness.ch\/#organization","name":"REAL ESTATE Business","url":"https:\/\/www.immobilienbusiness.ch\/","logo":{"@type":"ImageObject","inLanguage":"en-US","@id":"https:\/\/www.immobilienbusiness.ch\/#\/schema\/logo\/image\/","url":"https:\/\/www.immobilienbusiness.ch\/wp-content\/uploads\/2021\/07\/logo_ib.png","contentUrl":"https:\/\/www.immobilienbusiness.ch\/wp-content\/uploads\/2021\/07\/logo_ib.png","width":800,"height":181,"caption":"IMMOBILIEN Business"},"image":{"@id":"https:\/\/www.immobilienbusiness.ch\/#\/schema\/logo\/image\/"},"sameAs":["https:\/\/www.facebook.com\/immobilienbusiness\/"]},{"@type":"Person","@id":"https:\/\/www.immobilienbusiness.ch\/#\/schema\/person\/aba8bea2db926aa0c24c08c43fe1fcd5","name":"Alexander Wachter","image":{"@type":"ImageObject","inLanguage":"en-US","@id":"https:\/\/secure.gravatar.com\/avatar\/1a09e471f5389b0e0a6416eac287e0927c7c97a7b77f9e787eba3af7aee281dd?s=96&d=mm&r=g","url":"https:\/\/secure.gravatar.com\/avatar\/1a09e471f5389b0e0a6416eac287e0927c7c97a7b77f9e787eba3af7aee281dd?s=96&d=mm&r=g","contentUrl":"https:\/\/secure.gravatar.com\/avatar\/1a09e471f5389b0e0a6416eac287e0927c7c97a7b77f9e787eba3af7aee281dd?s=96&d=mm&r=g","caption":"Alexander Wachter"},"url":"https:\/\/www.immobilienbusiness.ch\/en\/author\/alexander-wachter\/"}]}},"_links":{"self":[{"href":"https:\/\/www.immobilienbusiness.ch\/en\/wp-json\/wp\/v2\/posts\/68338","targetHints":{"allow":["GET"]}}],"collection":[{"href":"https:\/\/www.immobilienbusiness.ch\/en\/wp-json\/wp\/v2\/posts"}],"about":[{"href":"https:\/\/www.immobilienbusiness.ch\/en\/wp-json\/wp\/v2\/types\/post"}],"author":[{"embeddable":true,"href":"https:\/\/www.immobilienbusiness.ch\/en\/wp-json\/wp\/v2\/users\/102"}],"replies":[{"embeddable":true,"href":"https:\/\/www.immobilienbusiness.ch\/en\/wp-json\/wp\/v2\/comments?post=68338"}],"version-history":[{"count":1,"href":"https:\/\/www.immobilienbusiness.ch\/en\/wp-json\/wp\/v2\/posts\/68338\/revisions"}],"predecessor-version":[{"id":68340,"href":"https:\/\/www.immobilienbusiness.ch\/en\/wp-json\/wp\/v2\/posts\/68338\/revisions\/68340"}],"wp:featuredmedia":[{"embeddable":true,"href":"https:\/\/www.immobilienbusiness.ch\/en\/wp-json\/wp\/v2\/media\/68339"}],"wp:attachment":[{"href":"https:\/\/www.immobilienbusiness.ch\/en\/wp-json\/wp\/v2\/media?parent=68338"}],"wp:term":[{"taxonomy":"category","embeddable":true,"href":"https:\/\/www.immobilienbusiness.ch\/en\/wp-json\/wp\/v2\/categories?post=68338"},{"taxonomy":"post_tag","embeddable":true,"href":"https:\/\/www.immobilienbusiness.ch\/en\/wp-json\/wp\/v2\/tags?post=68338"}],"curies":[{"name":"wp","href":"https:\/\/api.w.org\/{rel}","templated":true}]}}