{"id":68318,"date":"2026-04-29T05:40:24","date_gmt":"2026-04-29T03:40:24","guid":{"rendered":"https:\/\/www.immobilienbusiness.ch\/?p=68318"},"modified":"2026-04-29T09:03:46","modified_gmt":"2026-04-29T07:03:46","slug":"good-buildings-fonds-kuendigt-kapitalerhoehung-an","status":"publish","type":"post","link":"https:\/\/www.immobilienbusiness.ch\/en\/unternehmen\/2026-04-29\/good-buildings-fonds-kuendigt-kapitalerhoehung-an\/","title":{"rendered":"Good Buildings: Fund announces issue"},"content":{"rendered":"<figure id=\"attachment_3637\" aria-describedby=\"caption-attachment-3637\" style=\"width: 768px\" class=\"wp-caption alignnone\"><a href=\"https:\/\/www.immobilienbusiness.ch\/wp-content\/uploads\/2016\/12\/Good-Buildings-SREF-mit-135-Prozent-Performance-immobilien-business.jpg\"><img loading=\"lazy\" decoding=\"async\" class=\"size-large wp-image-3637\" src=\"https:\/\/www.immobilienbusiness.ch\/wp-content\/uploads\/2016\/12\/Good-Buildings-SREF-mit-135-Prozent-Performance-immobilien-business-1024x759.jpg\" alt=\"\" width=\"768\" height=\"569\" srcset=\"https:\/\/www.immobilienbusiness.ch\/wp-content\/uploads\/2016\/12\/Good-Buildings-SREF-mit-135-Prozent-Performance-immobilien-business-1024x759.jpg 1024w, https:\/\/www.immobilienbusiness.ch\/wp-content\/uploads\/2016\/12\/Good-Buildings-SREF-mit-135-Prozent-Performance-immobilien-business-300x222.jpg 300w, https:\/\/www.immobilienbusiness.ch\/wp-content\/uploads\/2016\/12\/Good-Buildings-SREF-mit-135-Prozent-Performance-immobilien-business-768x569.jpg 768w, https:\/\/www.immobilienbusiness.ch\/wp-content\/uploads\/2016\/12\/Good-Buildings-SREF-mit-135-Prozent-Performance-immobilien-business-16x12.jpg 16w, https:\/\/www.immobilienbusiness.ch\/wp-content\/uploads\/2016\/12\/Good-Buildings-SREF-mit-135-Prozent-Performance-immobilien-business-236x175.jpg 236w, https:\/\/www.immobilienbusiness.ch\/wp-content\/uploads\/2016\/12\/Good-Buildings-SREF-mit-135-Prozent-Performance-immobilien-business-472x350.jpg 472w, https:\/\/www.immobilienbusiness.ch\/wp-content\/uploads\/2016\/12\/Good-Buildings-SREF-mit-135-Prozent-Performance-immobilien-business-1079x800.jpg 1079w, https:\/\/www.immobilienbusiness.ch\/wp-content\/uploads\/2016\/12\/Good-Buildings-SREF-mit-135-Prozent-Performance-immobilien-business-920x682.jpg 920w, https:\/\/www.immobilienbusiness.ch\/wp-content\/uploads\/2016\/12\/Good-Buildings-SREF-mit-135-Prozent-Performance-immobilien-business.jpg 1280w\" sizes=\"auto, (max-width: 768px) 100vw, 768px\" \/><\/a><figcaption id=\"caption-attachment-3637\" class=\"wp-caption-text\">The Good Buildings SREF is looking for fresh capital (Photo: Pixabay)<\/figcaption><\/figure>\n<p>The Good Buildings Swiss Real Estate Fund plans to issue a maximum of 300,000 new units at CHF 126.00 each, which corresponds to a maximum issue volume of CHF 37.8 million. The subscription period runs from May 7 to 20, 2026; nine existing units entitle the holder to subscribe for one new unit. The issue will be carried out on a \u00abbest effort\u00bb basis as a public subscription offer; the actual number of shares issued will only be determined after the end of the subscription period. The proceeds will be used to repay debt and to finance two new construction projects.<\/p>","protected":false},"excerpt":{"rendered":"<p>The next issue of the fund is due to take place in May and will raise funds for the financing of two new construction projects.<\/p>","protected":false},"author":102,"featured_media":3637,"comment_status":"closed","ping_status":"closed","sticky":false,"template":"","format":"standard","meta":{"_acf_changed":false,"_yoast_wpseo_focuskw":"Good Buildings","_yoast_wpseo_title":"","_yoast_wpseo_metadesc":"Die n\u00e4chste Kapitalerh\u00f6hung des Fonds soll im Mai \u00fcber die B\u00fchne gehen und Mittel f\u00fcr die Finanzierung von zwei Neubauprojekten erl\u00f6sen.","_yoast_wpseo_linkdex":61,"pgc_sgb_lightbox_settings":"","footnotes":""},"categories":[988],"tags":[3770,1344,1412],"class_list":["post-68318","post","type-post","status-publish","format-standard","has-post-thumbnail","hentry","category-unternehmen","tag-good-buildings","tag-immobilienfonds","tag-kapitalerhoehung"],"acf":[],"yoast_head":"<!-- This site is optimized with the Yoast SEO plugin v27.5 - https:\/\/yoast.com\/product\/yoast-seo-wordpress\/ -->\n<title>Good Buildings: Fonds k\u00fcndigt Emission an - IMMOBILIEN Business<\/title>\n<meta name=\"description\" content=\"Die n\u00e4chste Kapitalerh\u00f6hung des Fonds soll im Mai \u00fcber die B\u00fchne gehen und Mittel f\u00fcr die Finanzierung von zwei Neubauprojekten erl\u00f6sen.\" \/>\n<meta name=\"robots\" content=\"index, follow, max-snippet:-1, max-image-preview:large, max-video-preview:-1\" \/>\n<link rel=\"canonical\" href=\"https:\/\/www.immobilienbusiness.ch\/en\/unternehmen\/2026-04-29\/good-buildings-fonds-kuendigt-kapitalerhoehung-an\/\" \/>\n<meta property=\"og:locale\" content=\"en_US\" \/>\n<meta property=\"og:type\" content=\"article\" \/>\n<meta property=\"og:title\" content=\"Good Buildings: Fonds k\u00fcndigt Emission an - IMMOBILIEN Business\" \/>\n<meta property=\"og:description\" content=\"Die n\u00e4chste Kapitalerh\u00f6hung des Fonds soll im Mai \u00fcber die B\u00fchne gehen und Mittel f\u00fcr die Finanzierung von zwei Neubauprojekten erl\u00f6sen.\" \/>\n<meta property=\"og:url\" content=\"https:\/\/www.immobilienbusiness.ch\/en\/unternehmen\/2026-04-29\/good-buildings-fonds-kuendigt-kapitalerhoehung-an\/\" \/>\n<meta property=\"og:site_name\" content=\"IMMOBILIEN Business\" \/>\n<meta property=\"article:publisher\" content=\"https:\/\/www.facebook.com\/immobilienbusiness\/\" \/>\n<meta property=\"article:published_time\" content=\"2026-04-29T03:40:24+00:00\" \/>\n<meta property=\"article:modified_time\" content=\"2026-04-29T07:03:46+00:00\" \/>\n<meta property=\"og:image\" content=\"https:\/\/www.immobilienbusiness.ch\/wp-content\/uploads\/2016\/12\/Good-Buildings-SREF-mit-135-Prozent-Performance-immobilien-business.jpg\" \/>\n\t<meta property=\"og:image:width\" content=\"1280\" \/>\n\t<meta property=\"og:image:height\" content=\"949\" \/>\n\t<meta property=\"og:image:type\" content=\"image\/jpeg\" \/>\n<meta name=\"author\" content=\"Alexander Wachter\" \/>\n<meta name=\"twitter:card\" content=\"summary_large_image\" \/>\n<script type=\"application\/ld+json\" class=\"yoast-schema-graph\">{\"@context\":\"https:\\\/\\\/schema.org\",\"@graph\":[{\"@type\":\"Article\",\"@id\":\"https:\\\/\\\/www.immobilienbusiness.ch\\\/unternehmen\\\/2026-04-29\\\/good-buildings-fonds-kuendigt-kapitalerhoehung-an\\\/#article\",\"isPartOf\":{\"@id\":\"https:\\\/\\\/www.immobilienbusiness.ch\\\/unternehmen\\\/2026-04-29\\\/good-buildings-fonds-kuendigt-kapitalerhoehung-an\\\/\"},\"author\":{\"name\":\"Alexander Wachter\",\"@id\":\"https:\\\/\\\/www.immobilienbusiness.ch\\\/#\\\/schema\\\/person\\\/aba8bea2db926aa0c24c08c43fe1fcd5\"},\"headline\":\"Good Buildings: Fonds k\u00fcndigt Emission an\",\"datePublished\":\"2026-04-29T03:40:24+00:00\",\"dateModified\":\"2026-04-29T07:03:46+00:00\",\"mainEntityOfPage\":{\"@id\":\"https:\\\/\\\/www.immobilienbusiness.ch\\\/unternehmen\\\/2026-04-29\\\/good-buildings-fonds-kuendigt-kapitalerhoehung-an\\\/\"},\"wordCount\":105,\"publisher\":{\"@id\":\"https:\\\/\\\/www.immobilienbusiness.ch\\\/#organization\"},\"image\":{\"@id\":\"https:\\\/\\\/www.immobilienbusiness.ch\\\/unternehmen\\\/2026-04-29\\\/good-buildings-fonds-kuendigt-kapitalerhoehung-an\\\/#primaryimage\"},\"thumbnailUrl\":\"https:\\\/\\\/www.immobilienbusiness.ch\\\/wp-content\\\/uploads\\\/2016\\\/12\\\/Good-Buildings-SREF-mit-135-Prozent-Performance-immobilien-business.jpg\",\"keywords\":[\"Good Buildings\",\"Immobilienfonds\",\"Kapitalerh\u00f6hung\"],\"articleSection\":[\"UNTERNEHMEN\"],\"inLanguage\":\"en-US\"},{\"@type\":\"WebPage\",\"@id\":\"https:\\\/\\\/www.immobilienbusiness.ch\\\/unternehmen\\\/2026-04-29\\\/good-buildings-fonds-kuendigt-kapitalerhoehung-an\\\/\",\"url\":\"https:\\\/\\\/www.immobilienbusiness.ch\\\/unternehmen\\\/2026-04-29\\\/good-buildings-fonds-kuendigt-kapitalerhoehung-an\\\/\",\"name\":\"Good Buildings: Fonds k\u00fcndigt Emission an - IMMOBILIEN Business\",\"isPartOf\":{\"@id\":\"https:\\\/\\\/www.immobilienbusiness.ch\\\/#website\"},\"primaryImageOfPage\":{\"@id\":\"https:\\\/\\\/www.immobilienbusiness.ch\\\/unternehmen\\\/2026-04-29\\\/good-buildings-fonds-kuendigt-kapitalerhoehung-an\\\/#primaryimage\"},\"image\":{\"@id\":\"https:\\\/\\\/www.immobilienbusiness.ch\\\/unternehmen\\\/2026-04-29\\\/good-buildings-fonds-kuendigt-kapitalerhoehung-an\\\/#primaryimage\"},\"thumbnailUrl\":\"https:\\\/\\\/www.immobilienbusiness.ch\\\/wp-content\\\/uploads\\\/2016\\\/12\\\/Good-Buildings-SREF-mit-135-Prozent-Performance-immobilien-business.jpg\",\"datePublished\":\"2026-04-29T03:40:24+00:00\",\"dateModified\":\"2026-04-29T07:03:46+00:00\",\"description\":\"Die n\u00e4chste Kapitalerh\u00f6hung des Fonds soll im Mai \u00fcber die B\u00fchne gehen und Mittel f\u00fcr die Finanzierung von zwei Neubauprojekten erl\u00f6sen.\",\"breadcrumb\":{\"@id\":\"https:\\\/\\\/www.immobilienbusiness.ch\\\/unternehmen\\\/2026-04-29\\\/good-buildings-fonds-kuendigt-kapitalerhoehung-an\\\/#breadcrumb\"},\"inLanguage\":\"en-US\",\"potentialAction\":[{\"@type\":\"ReadAction\",\"target\":[\"https:\\\/\\\/www.immobilienbusiness.ch\\\/unternehmen\\\/2026-04-29\\\/good-buildings-fonds-kuendigt-kapitalerhoehung-an\\\/\"]}]},{\"@type\":\"ImageObject\",\"inLanguage\":\"en-US\",\"@id\":\"https:\\\/\\\/www.immobilienbusiness.ch\\\/unternehmen\\\/2026-04-29\\\/good-buildings-fonds-kuendigt-kapitalerhoehung-an\\\/#primaryimage\",\"url\":\"https:\\\/\\\/www.immobilienbusiness.ch\\\/wp-content\\\/uploads\\\/2016\\\/12\\\/Good-Buildings-SREF-mit-135-Prozent-Performance-immobilien-business.jpg\",\"contentUrl\":\"https:\\\/\\\/www.immobilienbusiness.ch\\\/wp-content\\\/uploads\\\/2016\\\/12\\\/Good-Buildings-SREF-mit-135-Prozent-Performance-immobilien-business.jpg\",\"width\":1280,\"height\":949,\"caption\":\"Der Good Buildings SREF sucht frisches Kapital (Foto: Pixabay)\"},{\"@type\":\"BreadcrumbList\",\"@id\":\"https:\\\/\\\/www.immobilienbusiness.ch\\\/unternehmen\\\/2026-04-29\\\/good-buildings-fonds-kuendigt-kapitalerhoehung-an\\\/#breadcrumb\",\"itemListElement\":[{\"@type\":\"ListItem\",\"position\":1,\"name\":\"Home\",\"item\":\"https:\\\/\\\/www.immobilienbusiness.ch\\\/\"},{\"@type\":\"ListItem\",\"position\":2,\"name\":\"Good Buildings: Fonds k\u00fcndigt Emission an\"}]},{\"@type\":\"WebSite\",\"@id\":\"https:\\\/\\\/www.immobilienbusiness.ch\\\/#website\",\"url\":\"https:\\\/\\\/www.immobilienbusiness.ch\\\/\",\"name\":\"IMMOBILIEN Business\",\"description\":\"Unabh\u00e4ngiges Schweizer Wirtschaftsmagazin mit Fokus auf Immobilien, Architektur- und Bau sowie Investment- und Finanzierung.\",\"publisher\":{\"@id\":\"https:\\\/\\\/www.immobilienbusiness.ch\\\/#organization\"},\"potentialAction\":[{\"@type\":\"SearchAction\",\"target\":{\"@type\":\"EntryPoint\",\"urlTemplate\":\"https:\\\/\\\/www.immobilienbusiness.ch\\\/?s={search_term_string}\"},\"query-input\":{\"@type\":\"PropertyValueSpecification\",\"valueRequired\":true,\"valueName\":\"search_term_string\"}}],\"inLanguage\":\"en-US\"},{\"@type\":\"Organization\",\"@id\":\"https:\\\/\\\/www.immobilienbusiness.ch\\\/#organization\",\"name\":\"IMMOBILIEN Business\",\"url\":\"https:\\\/\\\/www.immobilienbusiness.ch\\\/\",\"logo\":{\"@type\":\"ImageObject\",\"inLanguage\":\"en-US\",\"@id\":\"https:\\\/\\\/www.immobilienbusiness.ch\\\/#\\\/schema\\\/logo\\\/image\\\/\",\"url\":\"https:\\\/\\\/www.immobilienbusiness.ch\\\/wp-content\\\/uploads\\\/2021\\\/07\\\/logo_ib.png\",\"contentUrl\":\"https:\\\/\\\/www.immobilienbusiness.ch\\\/wp-content\\\/uploads\\\/2021\\\/07\\\/logo_ib.png\",\"width\":800,\"height\":181,\"caption\":\"IMMOBILIEN Business\"},\"image\":{\"@id\":\"https:\\\/\\\/www.immobilienbusiness.ch\\\/#\\\/schema\\\/logo\\\/image\\\/\"},\"sameAs\":[\"https:\\\/\\\/www.facebook.com\\\/immobilienbusiness\\\/\"]},{\"@type\":\"Person\",\"@id\":\"https:\\\/\\\/www.immobilienbusiness.ch\\\/#\\\/schema\\\/person\\\/aba8bea2db926aa0c24c08c43fe1fcd5\",\"name\":\"Alexander Wachter\",\"image\":{\"@type\":\"ImageObject\",\"inLanguage\":\"en-US\",\"@id\":\"https:\\\/\\\/secure.gravatar.com\\\/avatar\\\/1a09e471f5389b0e0a6416eac287e0927c7c97a7b77f9e787eba3af7aee281dd?s=96&d=mm&r=g\",\"url\":\"https:\\\/\\\/secure.gravatar.com\\\/avatar\\\/1a09e471f5389b0e0a6416eac287e0927c7c97a7b77f9e787eba3af7aee281dd?s=96&d=mm&r=g\",\"contentUrl\":\"https:\\\/\\\/secure.gravatar.com\\\/avatar\\\/1a09e471f5389b0e0a6416eac287e0927c7c97a7b77f9e787eba3af7aee281dd?s=96&d=mm&r=g\",\"caption\":\"Alexander Wachter\"},\"url\":\"https:\\\/\\\/www.immobilienbusiness.ch\\\/en\\\/author\\\/alexander-wachter\\\/\"}]}<\/script>\n<!-- \/ Yoast SEO plugin. -->","yoast_head_json":{"title":"Good Buildings: Fonds k\u00fcndigt Emission an - IMMOBILIEN Business","description":"Die n\u00e4chste Kapitalerh\u00f6hung des Fonds soll im Mai \u00fcber die B\u00fchne gehen und Mittel f\u00fcr die Finanzierung von zwei Neubauprojekten erl\u00f6sen.","robots":{"index":"index","follow":"follow","max-snippet":"max-snippet:-1","max-image-preview":"max-image-preview:large","max-video-preview":"max-video-preview:-1"},"canonical":"https:\/\/www.immobilienbusiness.ch\/en\/unternehmen\/2026-04-29\/good-buildings-fonds-kuendigt-kapitalerhoehung-an\/","og_locale":"en_US","og_type":"article","og_title":"Good Buildings: Fonds k\u00fcndigt Emission an - IMMOBILIEN Business","og_description":"Die n\u00e4chste Kapitalerh\u00f6hung des Fonds soll im Mai \u00fcber die B\u00fchne gehen und Mittel f\u00fcr die Finanzierung von zwei Neubauprojekten erl\u00f6sen.","og_url":"https:\/\/www.immobilienbusiness.ch\/en\/unternehmen\/2026-04-29\/good-buildings-fonds-kuendigt-kapitalerhoehung-an\/","og_site_name":"IMMOBILIEN Business","article_publisher":"https:\/\/www.facebook.com\/immobilienbusiness\/","article_published_time":"2026-04-29T03:40:24+00:00","article_modified_time":"2026-04-29T07:03:46+00:00","og_image":[{"width":1280,"height":949,"url":"https:\/\/www.immobilienbusiness.ch\/wp-content\/uploads\/2016\/12\/Good-Buildings-SREF-mit-135-Prozent-Performance-immobilien-business.jpg","type":"image\/jpeg"}],"author":"Alexander Wachter","twitter_card":"summary_large_image","schema":{"@context":"https:\/\/schema.org","@graph":[{"@type":"Article","@id":"https:\/\/www.immobilienbusiness.ch\/unternehmen\/2026-04-29\/good-buildings-fonds-kuendigt-kapitalerhoehung-an\/#article","isPartOf":{"@id":"https:\/\/www.immobilienbusiness.ch\/unternehmen\/2026-04-29\/good-buildings-fonds-kuendigt-kapitalerhoehung-an\/"},"author":{"name":"Alexander Wachter","@id":"https:\/\/www.immobilienbusiness.ch\/#\/schema\/person\/aba8bea2db926aa0c24c08c43fe1fcd5"},"headline":"Good Buildings: Fonds k\u00fcndigt Emission an","datePublished":"2026-04-29T03:40:24+00:00","dateModified":"2026-04-29T07:03:46+00:00","mainEntityOfPage":{"@id":"https:\/\/www.immobilienbusiness.ch\/unternehmen\/2026-04-29\/good-buildings-fonds-kuendigt-kapitalerhoehung-an\/"},"wordCount":105,"publisher":{"@id":"https:\/\/www.immobilienbusiness.ch\/#organization"},"image":{"@id":"https:\/\/www.immobilienbusiness.ch\/unternehmen\/2026-04-29\/good-buildings-fonds-kuendigt-kapitalerhoehung-an\/#primaryimage"},"thumbnailUrl":"https:\/\/www.immobilienbusiness.ch\/wp-content\/uploads\/2016\/12\/Good-Buildings-SREF-mit-135-Prozent-Performance-immobilien-business.jpg","keywords":["Good Buildings","Immobilienfonds","Kapitalerh\u00f6hung"],"articleSection":["UNTERNEHMEN"],"inLanguage":"en-US"},{"@type":"WebPage","@id":"https:\/\/www.immobilienbusiness.ch\/unternehmen\/2026-04-29\/good-buildings-fonds-kuendigt-kapitalerhoehung-an\/","url":"https:\/\/www.immobilienbusiness.ch\/unternehmen\/2026-04-29\/good-buildings-fonds-kuendigt-kapitalerhoehung-an\/","name":"Good Buildings: Fonds k\u00fcndigt Emission an - IMMOBILIEN Business","isPartOf":{"@id":"https:\/\/www.immobilienbusiness.ch\/#website"},"primaryImageOfPage":{"@id":"https:\/\/www.immobilienbusiness.ch\/unternehmen\/2026-04-29\/good-buildings-fonds-kuendigt-kapitalerhoehung-an\/#primaryimage"},"image":{"@id":"https:\/\/www.immobilienbusiness.ch\/unternehmen\/2026-04-29\/good-buildings-fonds-kuendigt-kapitalerhoehung-an\/#primaryimage"},"thumbnailUrl":"https:\/\/www.immobilienbusiness.ch\/wp-content\/uploads\/2016\/12\/Good-Buildings-SREF-mit-135-Prozent-Performance-immobilien-business.jpg","datePublished":"2026-04-29T03:40:24+00:00","dateModified":"2026-04-29T07:03:46+00:00","description":"Die n\u00e4chste Kapitalerh\u00f6hung des Fonds soll im Mai \u00fcber die B\u00fchne gehen und Mittel f\u00fcr die Finanzierung von zwei Neubauprojekten erl\u00f6sen.","breadcrumb":{"@id":"https:\/\/www.immobilienbusiness.ch\/unternehmen\/2026-04-29\/good-buildings-fonds-kuendigt-kapitalerhoehung-an\/#breadcrumb"},"inLanguage":"en-US","potentialAction":[{"@type":"ReadAction","target":["https:\/\/www.immobilienbusiness.ch\/unternehmen\/2026-04-29\/good-buildings-fonds-kuendigt-kapitalerhoehung-an\/"]}]},{"@type":"ImageObject","inLanguage":"en-US","@id":"https:\/\/www.immobilienbusiness.ch\/unternehmen\/2026-04-29\/good-buildings-fonds-kuendigt-kapitalerhoehung-an\/#primaryimage","url":"https:\/\/www.immobilienbusiness.ch\/wp-content\/uploads\/2016\/12\/Good-Buildings-SREF-mit-135-Prozent-Performance-immobilien-business.jpg","contentUrl":"https:\/\/www.immobilienbusiness.ch\/wp-content\/uploads\/2016\/12\/Good-Buildings-SREF-mit-135-Prozent-Performance-immobilien-business.jpg","width":1280,"height":949,"caption":"Der Good Buildings SREF sucht frisches Kapital (Foto: Pixabay)"},{"@type":"BreadcrumbList","@id":"https:\/\/www.immobilienbusiness.ch\/unternehmen\/2026-04-29\/good-buildings-fonds-kuendigt-kapitalerhoehung-an\/#breadcrumb","itemListElement":[{"@type":"ListItem","position":1,"name":"Home","item":"https:\/\/www.immobilienbusiness.ch\/"},{"@type":"ListItem","position":2,"name":"Good Buildings: Fonds k\u00fcndigt Emission an"}]},{"@type":"WebSite","@id":"https:\/\/www.immobilienbusiness.ch\/#website","url":"https:\/\/www.immobilienbusiness.ch\/","name":"REAL ESTATE Business","description":"Independent Swiss business magazine focusing on real estate, architecture and construction as well as investment and financing.","publisher":{"@id":"https:\/\/www.immobilienbusiness.ch\/#organization"},"potentialAction":[{"@type":"SearchAction","target":{"@type":"EntryPoint","urlTemplate":"https:\/\/www.immobilienbusiness.ch\/?s={search_term_string}"},"query-input":{"@type":"PropertyValueSpecification","valueRequired":true,"valueName":"search_term_string"}}],"inLanguage":"en-US"},{"@type":"Organization","@id":"https:\/\/www.immobilienbusiness.ch\/#organization","name":"REAL ESTATE Business","url":"https:\/\/www.immobilienbusiness.ch\/","logo":{"@type":"ImageObject","inLanguage":"en-US","@id":"https:\/\/www.immobilienbusiness.ch\/#\/schema\/logo\/image\/","url":"https:\/\/www.immobilienbusiness.ch\/wp-content\/uploads\/2021\/07\/logo_ib.png","contentUrl":"https:\/\/www.immobilienbusiness.ch\/wp-content\/uploads\/2021\/07\/logo_ib.png","width":800,"height":181,"caption":"IMMOBILIEN Business"},"image":{"@id":"https:\/\/www.immobilienbusiness.ch\/#\/schema\/logo\/image\/"},"sameAs":["https:\/\/www.facebook.com\/immobilienbusiness\/"]},{"@type":"Person","@id":"https:\/\/www.immobilienbusiness.ch\/#\/schema\/person\/aba8bea2db926aa0c24c08c43fe1fcd5","name":"Alexander Wachter","image":{"@type":"ImageObject","inLanguage":"en-US","@id":"https:\/\/secure.gravatar.com\/avatar\/1a09e471f5389b0e0a6416eac287e0927c7c97a7b77f9e787eba3af7aee281dd?s=96&d=mm&r=g","url":"https:\/\/secure.gravatar.com\/avatar\/1a09e471f5389b0e0a6416eac287e0927c7c97a7b77f9e787eba3af7aee281dd?s=96&d=mm&r=g","contentUrl":"https:\/\/secure.gravatar.com\/avatar\/1a09e471f5389b0e0a6416eac287e0927c7c97a7b77f9e787eba3af7aee281dd?s=96&d=mm&r=g","caption":"Alexander Wachter"},"url":"https:\/\/www.immobilienbusiness.ch\/en\/author\/alexander-wachter\/"}]}},"_links":{"self":[{"href":"https:\/\/www.immobilienbusiness.ch\/en\/wp-json\/wp\/v2\/posts\/68318","targetHints":{"allow":["GET"]}}],"collection":[{"href":"https:\/\/www.immobilienbusiness.ch\/en\/wp-json\/wp\/v2\/posts"}],"about":[{"href":"https:\/\/www.immobilienbusiness.ch\/en\/wp-json\/wp\/v2\/types\/post"}],"author":[{"embeddable":true,"href":"https:\/\/www.immobilienbusiness.ch\/en\/wp-json\/wp\/v2\/users\/102"}],"replies":[{"embeddable":true,"href":"https:\/\/www.immobilienbusiness.ch\/en\/wp-json\/wp\/v2\/comments?post=68318"}],"version-history":[{"count":3,"href":"https:\/\/www.immobilienbusiness.ch\/en\/wp-json\/wp\/v2\/posts\/68318\/revisions"}],"predecessor-version":[{"id":68342,"href":"https:\/\/www.immobilienbusiness.ch\/en\/wp-json\/wp\/v2\/posts\/68318\/revisions\/68342"}],"wp:featuredmedia":[{"embeddable":true,"href":"https:\/\/www.immobilienbusiness.ch\/en\/wp-json\/wp\/v2\/media\/3637"}],"wp:attachment":[{"href":"https:\/\/www.immobilienbusiness.ch\/en\/wp-json\/wp\/v2\/media?parent=68318"}],"wp:term":[{"taxonomy":"category","embeddable":true,"href":"https:\/\/www.immobilienbusiness.ch\/en\/wp-json\/wp\/v2\/categories?post=68318"},{"taxonomy":"post_tag","embeddable":true,"href":"https:\/\/www.immobilienbusiness.ch\/en\/wp-json\/wp\/v2\/tags?post=68318"}],"curies":[{"name":"wp","href":"https:\/\/api.w.org\/{rel}","templated":true}]}}