{"id":68189,"date":"2026-04-20T07:01:07","date_gmt":"2026-04-20T05:01:07","guid":{"rendered":"https:\/\/www.immobilienbusiness.ch\/?p=68189"},"modified":"2026-04-23T10:23:02","modified_gmt":"2026-04-23T08:23:02","slug":"zuerich-globusprovisorium-soll-oeffentlicher-ort-werden","status":"publish","type":"post","link":"https:\/\/www.immobilienbusiness.ch\/en\/regionen\/2026-04-20\/zuerich-globusprovisorium-soll-oeffentlicher-ort-werden\/","title":{"rendered":"Zurich: Globusprovisorium to become a public space"},"content":{"rendered":"<figure id=\"attachment_68192\" aria-describedby=\"caption-attachment-68192\" style=\"width: 859px\" class=\"wp-caption alignnone\"><a href=\"https:\/\/www.immobilienbusiness.ch\/wp-content\/uploads\/2026\/04\/Papierwerd-2-Visualiisierung-zVg.png\"><img loading=\"lazy\" decoding=\"async\" class=\"size-full wp-image-68192\" src=\"https:\/\/www.immobilienbusiness.ch\/wp-content\/uploads\/2026\/04\/Papierwerd-2-Visualiisierung-zVg.png\" alt=\"\" width=\"859\" height=\"463\" srcset=\"https:\/\/www.immobilienbusiness.ch\/wp-content\/uploads\/2026\/04\/Papierwerd-2-Visualiisierung-zVg.png 859w, https:\/\/www.immobilienbusiness.ch\/wp-content\/uploads\/2026\/04\/Papierwerd-2-Visualiisierung-zVg-300x162.png 300w, https:\/\/www.immobilienbusiness.ch\/wp-content\/uploads\/2026\/04\/Papierwerd-2-Visualiisierung-zVg-768x414.png 768w, https:\/\/www.immobilienbusiness.ch\/wp-content\/uploads\/2026\/04\/Papierwerd-2-Visualiisierung-zVg-18x10.png 18w, https:\/\/www.immobilienbusiness.ch\/wp-content\/uploads\/2026\/04\/Papierwerd-2-Visualiisierung-zVg-375x202.png 375w, https:\/\/www.immobilienbusiness.ch\/wp-content\/uploads\/2026\/04\/Papierwerd-2-Visualiisierung-zVg-649x350.png 649w\" sizes=\"auto, (max-width: 859px) 100vw, 859px\" \/><\/a><figcaption id=\"caption-attachment-68192\" class=\"wp-caption-text\">A highlight of the project is the roof terrace, which is open to the public. (Illustration: zVg)<\/figcaption><\/figure>\n<p>The Globus Provisorium on Zurich's station bridge between the main railway station and Central was built in 1961 as a temporary location for the Globus department store - originally for eight years. The building on the Papierwerd site is now classified as historically valuable - and according to the city, the renewal of the water rights concession is linked to it providing public uses with added value for the population in the future.<\/p>\n<h3>Sales areas are being rewritten<\/h3>\n<p>The supporting structure, fa\u00e7ade, insulation and building services need to be renewed. Fire protection and earthquake safety measures are also required. As part of the modernization, the building is now to be repurposed as a public building. The retail space is to move to the basement, freeing up the first floor. The current user, Coop, will remain in the building until construction begins; the retail space will then be put out to public tender. The city wants to create publicly accessible areas on the ground and upper floors for \u00aburban culture, education, events, temporary formats and gastronomy\u00bb. In addition, the realization of a bicycle station will be examined in further planning. The specific uses are still open; they are now being developed and will then be put out to public tender. The municipal offices in the building will move to other locations. A publicly accessible terrace will be created on the roof, accessible from the outside. \u00abIn future, the building will be closely linked to the new open space on the M\u00fchlesteg and the Limmat - a central element of the overall strategy.\u00bb<\/p>\n<h3>Completion in the middle of the next decade<\/h3>\n<p>The City Council is requesting a project planning credit of CHF 7.21 million from the municipal council for the project competition, the construction project with cost estimate, the building permit procedure and the preparations for execution. The competition results are expected to be available in summer 2028. Completion will take place in 2035 at the earliest.<\/p>","protected":false},"excerpt":{"rendered":"<p>The retail space currently used by Coop in the building between the main station and Central is to be moved to the basement and re-tendered, while the municipal offices are to be relocated.<\/p>","protected":false},"author":102,"featured_media":68192,"comment_status":"closed","ping_status":"closed","sticky":false,"template":"","format":"standard","meta":{"_acf_changed":false,"_yoast_wpseo_focuskw":"Z\u00fcrich","_yoast_wpseo_title":"","_yoast_wpseo_metadesc":"Die derzeit von Coop genutzte Verkaufsfl\u00e4che des Geb\u00e4udes zwischen Hauptbahnhof und Central soll ins Untergeschoss wandern und neu ausgeschrieben werden, die st\u00e4dtischen B\u00fcros ziehen um.","_yoast_wpseo_linkdex":65,"pgc_sgb_lightbox_settings":"","footnotes":""},"categories":[985],"tags":[2081,1426,2320,1600,1643,1888],"class_list":["post-68189","post","type-post","status-publish","format-standard","has-post-thumbnail","hentry","category-regionen","tag-bueros","tag-kultur","tag-oeffentliche-hand","tag-projekt-in-planung","tag-retail","tag-zuerich"],"acf":[],"yoast_head":"<!-- This site is optimized with the Yoast SEO plugin v27.5 - https:\/\/yoast.com\/product\/yoast-seo-wordpress\/ -->\n<title>Z\u00fcrich: Globusprovisorium soll \u00f6ffentlicher Ort werden - IMMOBILIEN Business<\/title>\n<meta name=\"description\" content=\"Die derzeit von Coop genutzte Verkaufsfl\u00e4che des Geb\u00e4udes zwischen Hauptbahnhof und Central soll ins Untergeschoss wandern und neu ausgeschrieben werden, die st\u00e4dtischen B\u00fcros ziehen um.\" \/>\n<meta name=\"robots\" content=\"index, follow, max-snippet:-1, max-image-preview:large, max-video-preview:-1\" \/>\n<link rel=\"canonical\" href=\"https:\/\/www.immobilienbusiness.ch\/en\/regionen\/2026-04-20\/zuerich-globusprovisorium-soll-oeffentlicher-ort-werden\/\" \/>\n<meta property=\"og:locale\" content=\"en_US\" \/>\n<meta property=\"og:type\" content=\"article\" \/>\n<meta property=\"og:title\" content=\"Z\u00fcrich: Globusprovisorium soll \u00f6ffentlicher Ort werden - IMMOBILIEN Business\" \/>\n<meta property=\"og:description\" content=\"Die derzeit von Coop genutzte Verkaufsfl\u00e4che des Geb\u00e4udes zwischen Hauptbahnhof und Central soll ins Untergeschoss wandern und neu ausgeschrieben werden, die st\u00e4dtischen B\u00fcros ziehen um.\" \/>\n<meta property=\"og:url\" content=\"https:\/\/www.immobilienbusiness.ch\/en\/regionen\/2026-04-20\/zuerich-globusprovisorium-soll-oeffentlicher-ort-werden\/\" \/>\n<meta property=\"og:site_name\" content=\"IMMOBILIEN Business\" \/>\n<meta property=\"article:publisher\" content=\"https:\/\/www.facebook.com\/immobilienbusiness\/\" \/>\n<meta property=\"article:published_time\" content=\"2026-04-20T05:01:07+00:00\" \/>\n<meta property=\"article:modified_time\" content=\"2026-04-23T08:23:02+00:00\" \/>\n<meta property=\"og:image\" content=\"https:\/\/www.immobilienbusiness.ch\/wp-content\/uploads\/2026\/04\/Papierwerd-2-Visualiisierung-zVg.png\" \/>\n\t<meta property=\"og:image:width\" content=\"859\" \/>\n\t<meta property=\"og:image:height\" content=\"463\" \/>\n\t<meta property=\"og:image:type\" content=\"image\/png\" \/>\n<meta name=\"author\" content=\"Alexander Wachter\" \/>\n<meta name=\"twitter:card\" content=\"summary_large_image\" \/>\n<script type=\"application\/ld+json\" class=\"yoast-schema-graph\">{\"@context\":\"https:\\\/\\\/schema.org\",\"@graph\":[{\"@type\":\"Article\",\"@id\":\"https:\\\/\\\/www.immobilienbusiness.ch\\\/regionen\\\/2026-04-20\\\/zuerich-globusprovisorium-soll-oeffentlicher-ort-werden\\\/#article\",\"isPartOf\":{\"@id\":\"https:\\\/\\\/www.immobilienbusiness.ch\\\/regionen\\\/2026-04-20\\\/zuerich-globusprovisorium-soll-oeffentlicher-ort-werden\\\/\"},\"author\":{\"name\":\"Alexander Wachter\",\"@id\":\"https:\\\/\\\/www.immobilienbusiness.ch\\\/#\\\/schema\\\/person\\\/aba8bea2db926aa0c24c08c43fe1fcd5\"},\"headline\":\"Z\u00fcrich: Globusprovisorium soll \u00f6ffentlicher Ort werden\",\"datePublished\":\"2026-04-20T05:01:07+00:00\",\"dateModified\":\"2026-04-23T08:23:02+00:00\",\"mainEntityOfPage\":{\"@id\":\"https:\\\/\\\/www.immobilienbusiness.ch\\\/regionen\\\/2026-04-20\\\/zuerich-globusprovisorium-soll-oeffentlicher-ort-werden\\\/\"},\"wordCount\":310,\"publisher\":{\"@id\":\"https:\\\/\\\/www.immobilienbusiness.ch\\\/#organization\"},\"image\":{\"@id\":\"https:\\\/\\\/www.immobilienbusiness.ch\\\/regionen\\\/2026-04-20\\\/zuerich-globusprovisorium-soll-oeffentlicher-ort-werden\\\/#primaryimage\"},\"thumbnailUrl\":\"https:\\\/\\\/www.immobilienbusiness.ch\\\/wp-content\\\/uploads\\\/2026\\\/04\\\/Papierwerd-2-Visualiisierung-zVg.png\",\"keywords\":[\"B\u00fcros\",\"Kultur\",\"\u00d6ffentliche Hand\",\"Projekt in Planung\",\"Retail\",\"Z\u00fcrich\"],\"articleSection\":[\"REGIONEN\"],\"inLanguage\":\"en-US\"},{\"@type\":\"WebPage\",\"@id\":\"https:\\\/\\\/www.immobilienbusiness.ch\\\/regionen\\\/2026-04-20\\\/zuerich-globusprovisorium-soll-oeffentlicher-ort-werden\\\/\",\"url\":\"https:\\\/\\\/www.immobilienbusiness.ch\\\/regionen\\\/2026-04-20\\\/zuerich-globusprovisorium-soll-oeffentlicher-ort-werden\\\/\",\"name\":\"Z\u00fcrich: Globusprovisorium soll \u00f6ffentlicher Ort werden - IMMOBILIEN Business\",\"isPartOf\":{\"@id\":\"https:\\\/\\\/www.immobilienbusiness.ch\\\/#website\"},\"primaryImageOfPage\":{\"@id\":\"https:\\\/\\\/www.immobilienbusiness.ch\\\/regionen\\\/2026-04-20\\\/zuerich-globusprovisorium-soll-oeffentlicher-ort-werden\\\/#primaryimage\"},\"image\":{\"@id\":\"https:\\\/\\\/www.immobilienbusiness.ch\\\/regionen\\\/2026-04-20\\\/zuerich-globusprovisorium-soll-oeffentlicher-ort-werden\\\/#primaryimage\"},\"thumbnailUrl\":\"https:\\\/\\\/www.immobilienbusiness.ch\\\/wp-content\\\/uploads\\\/2026\\\/04\\\/Papierwerd-2-Visualiisierung-zVg.png\",\"datePublished\":\"2026-04-20T05:01:07+00:00\",\"dateModified\":\"2026-04-23T08:23:02+00:00\",\"description\":\"Die derzeit von Coop genutzte Verkaufsfl\u00e4che des Geb\u00e4udes zwischen Hauptbahnhof und Central soll ins Untergeschoss wandern und neu ausgeschrieben werden, die st\u00e4dtischen B\u00fcros ziehen um.\",\"breadcrumb\":{\"@id\":\"https:\\\/\\\/www.immobilienbusiness.ch\\\/regionen\\\/2026-04-20\\\/zuerich-globusprovisorium-soll-oeffentlicher-ort-werden\\\/#breadcrumb\"},\"inLanguage\":\"en-US\",\"potentialAction\":[{\"@type\":\"ReadAction\",\"target\":[\"https:\\\/\\\/www.immobilienbusiness.ch\\\/regionen\\\/2026-04-20\\\/zuerich-globusprovisorium-soll-oeffentlicher-ort-werden\\\/\"]}]},{\"@type\":\"ImageObject\",\"inLanguage\":\"en-US\",\"@id\":\"https:\\\/\\\/www.immobilienbusiness.ch\\\/regionen\\\/2026-04-20\\\/zuerich-globusprovisorium-soll-oeffentlicher-ort-werden\\\/#primaryimage\",\"url\":\"https:\\\/\\\/www.immobilienbusiness.ch\\\/wp-content\\\/uploads\\\/2026\\\/04\\\/Papierwerd-2-Visualiisierung-zVg.png\",\"contentUrl\":\"https:\\\/\\\/www.immobilienbusiness.ch\\\/wp-content\\\/uploads\\\/2026\\\/04\\\/Papierwerd-2-Visualiisierung-zVg.png\",\"width\":859,\"height\":463,\"caption\":\"Ein Hightlight des Projekts ist die \u00f6ffentliche zug\u00e4ngliche Dachterrasse. (Illustration: zVg)\"},{\"@type\":\"BreadcrumbList\",\"@id\":\"https:\\\/\\\/www.immobilienbusiness.ch\\\/regionen\\\/2026-04-20\\\/zuerich-globusprovisorium-soll-oeffentlicher-ort-werden\\\/#breadcrumb\",\"itemListElement\":[{\"@type\":\"ListItem\",\"position\":1,\"name\":\"Home\",\"item\":\"https:\\\/\\\/www.immobilienbusiness.ch\\\/\"},{\"@type\":\"ListItem\",\"position\":2,\"name\":\"Z\u00fcrich: Globusprovisorium soll \u00f6ffentlicher Ort werden\"}]},{\"@type\":\"WebSite\",\"@id\":\"https:\\\/\\\/www.immobilienbusiness.ch\\\/#website\",\"url\":\"https:\\\/\\\/www.immobilienbusiness.ch\\\/\",\"name\":\"IMMOBILIEN Business\",\"description\":\"Unabh\u00e4ngiges Schweizer Wirtschaftsmagazin mit Fokus auf Immobilien, Architektur- und Bau sowie Investment- und Finanzierung.\",\"publisher\":{\"@id\":\"https:\\\/\\\/www.immobilienbusiness.ch\\\/#organization\"},\"potentialAction\":[{\"@type\":\"SearchAction\",\"target\":{\"@type\":\"EntryPoint\",\"urlTemplate\":\"https:\\\/\\\/www.immobilienbusiness.ch\\\/?s={search_term_string}\"},\"query-input\":{\"@type\":\"PropertyValueSpecification\",\"valueRequired\":true,\"valueName\":\"search_term_string\"}}],\"inLanguage\":\"en-US\"},{\"@type\":\"Organization\",\"@id\":\"https:\\\/\\\/www.immobilienbusiness.ch\\\/#organization\",\"name\":\"IMMOBILIEN Business\",\"url\":\"https:\\\/\\\/www.immobilienbusiness.ch\\\/\",\"logo\":{\"@type\":\"ImageObject\",\"inLanguage\":\"en-US\",\"@id\":\"https:\\\/\\\/www.immobilienbusiness.ch\\\/#\\\/schema\\\/logo\\\/image\\\/\",\"url\":\"https:\\\/\\\/www.immobilienbusiness.ch\\\/wp-content\\\/uploads\\\/2021\\\/07\\\/logo_ib.png\",\"contentUrl\":\"https:\\\/\\\/www.immobilienbusiness.ch\\\/wp-content\\\/uploads\\\/2021\\\/07\\\/logo_ib.png\",\"width\":800,\"height\":181,\"caption\":\"IMMOBILIEN Business\"},\"image\":{\"@id\":\"https:\\\/\\\/www.immobilienbusiness.ch\\\/#\\\/schema\\\/logo\\\/image\\\/\"},\"sameAs\":[\"https:\\\/\\\/www.facebook.com\\\/immobilienbusiness\\\/\"]},{\"@type\":\"Person\",\"@id\":\"https:\\\/\\\/www.immobilienbusiness.ch\\\/#\\\/schema\\\/person\\\/aba8bea2db926aa0c24c08c43fe1fcd5\",\"name\":\"Alexander Wachter\",\"image\":{\"@type\":\"ImageObject\",\"inLanguage\":\"en-US\",\"@id\":\"https:\\\/\\\/secure.gravatar.com\\\/avatar\\\/1a09e471f5389b0e0a6416eac287e0927c7c97a7b77f9e787eba3af7aee281dd?s=96&d=mm&r=g\",\"url\":\"https:\\\/\\\/secure.gravatar.com\\\/avatar\\\/1a09e471f5389b0e0a6416eac287e0927c7c97a7b77f9e787eba3af7aee281dd?s=96&d=mm&r=g\",\"contentUrl\":\"https:\\\/\\\/secure.gravatar.com\\\/avatar\\\/1a09e471f5389b0e0a6416eac287e0927c7c97a7b77f9e787eba3af7aee281dd?s=96&d=mm&r=g\",\"caption\":\"Alexander Wachter\"},\"url\":\"https:\\\/\\\/www.immobilienbusiness.ch\\\/en\\\/author\\\/alexander-wachter\\\/\"}]}<\/script>\n<!-- \/ Yoast SEO plugin. -->","yoast_head_json":{"title":"Zurich: Globusprovisorium to become a public space - IMMOBILIEN Business","description":"The retail space currently used by Coop in the building between the main station and Central is to be moved to the basement and re-tendered, while the municipal offices are to be relocated.","robots":{"index":"index","follow":"follow","max-snippet":"max-snippet:-1","max-image-preview":"max-image-preview:large","max-video-preview":"max-video-preview:-1"},"canonical":"https:\/\/www.immobilienbusiness.ch\/en\/regionen\/2026-04-20\/zuerich-globusprovisorium-soll-oeffentlicher-ort-werden\/","og_locale":"en_US","og_type":"article","og_title":"Z\u00fcrich: Globusprovisorium soll \u00f6ffentlicher Ort werden - IMMOBILIEN Business","og_description":"Die derzeit von Coop genutzte Verkaufsfl\u00e4che des Geb\u00e4udes zwischen Hauptbahnhof und Central soll ins Untergeschoss wandern und neu ausgeschrieben werden, die st\u00e4dtischen B\u00fcros ziehen um.","og_url":"https:\/\/www.immobilienbusiness.ch\/en\/regionen\/2026-04-20\/zuerich-globusprovisorium-soll-oeffentlicher-ort-werden\/","og_site_name":"IMMOBILIEN Business","article_publisher":"https:\/\/www.facebook.com\/immobilienbusiness\/","article_published_time":"2026-04-20T05:01:07+00:00","article_modified_time":"2026-04-23T08:23:02+00:00","og_image":[{"width":859,"height":463,"url":"https:\/\/www.immobilienbusiness.ch\/wp-content\/uploads\/2026\/04\/Papierwerd-2-Visualiisierung-zVg.png","type":"image\/png"}],"author":"Alexander Wachter","twitter_card":"summary_large_image","schema":{"@context":"https:\/\/schema.org","@graph":[{"@type":"Article","@id":"https:\/\/www.immobilienbusiness.ch\/regionen\/2026-04-20\/zuerich-globusprovisorium-soll-oeffentlicher-ort-werden\/#article","isPartOf":{"@id":"https:\/\/www.immobilienbusiness.ch\/regionen\/2026-04-20\/zuerich-globusprovisorium-soll-oeffentlicher-ort-werden\/"},"author":{"name":"Alexander Wachter","@id":"https:\/\/www.immobilienbusiness.ch\/#\/schema\/person\/aba8bea2db926aa0c24c08c43fe1fcd5"},"headline":"Z\u00fcrich: Globusprovisorium soll \u00f6ffentlicher Ort werden","datePublished":"2026-04-20T05:01:07+00:00","dateModified":"2026-04-23T08:23:02+00:00","mainEntityOfPage":{"@id":"https:\/\/www.immobilienbusiness.ch\/regionen\/2026-04-20\/zuerich-globusprovisorium-soll-oeffentlicher-ort-werden\/"},"wordCount":310,"publisher":{"@id":"https:\/\/www.immobilienbusiness.ch\/#organization"},"image":{"@id":"https:\/\/www.immobilienbusiness.ch\/regionen\/2026-04-20\/zuerich-globusprovisorium-soll-oeffentlicher-ort-werden\/#primaryimage"},"thumbnailUrl":"https:\/\/www.immobilienbusiness.ch\/wp-content\/uploads\/2026\/04\/Papierwerd-2-Visualiisierung-zVg.png","keywords":["B\u00fcros","Kultur","\u00d6ffentliche Hand","Projekt in Planung","Retail","Z\u00fcrich"],"articleSection":["REGIONEN"],"inLanguage":"en-US"},{"@type":"WebPage","@id":"https:\/\/www.immobilienbusiness.ch\/regionen\/2026-04-20\/zuerich-globusprovisorium-soll-oeffentlicher-ort-werden\/","url":"https:\/\/www.immobilienbusiness.ch\/regionen\/2026-04-20\/zuerich-globusprovisorium-soll-oeffentlicher-ort-werden\/","name":"Zurich: Globusprovisorium to become a public space - IMMOBILIEN Business","isPartOf":{"@id":"https:\/\/www.immobilienbusiness.ch\/#website"},"primaryImageOfPage":{"@id":"https:\/\/www.immobilienbusiness.ch\/regionen\/2026-04-20\/zuerich-globusprovisorium-soll-oeffentlicher-ort-werden\/#primaryimage"},"image":{"@id":"https:\/\/www.immobilienbusiness.ch\/regionen\/2026-04-20\/zuerich-globusprovisorium-soll-oeffentlicher-ort-werden\/#primaryimage"},"thumbnailUrl":"https:\/\/www.immobilienbusiness.ch\/wp-content\/uploads\/2026\/04\/Papierwerd-2-Visualiisierung-zVg.png","datePublished":"2026-04-20T05:01:07+00:00","dateModified":"2026-04-23T08:23:02+00:00","description":"The retail space currently used by Coop in the building between the main station and Central is to be moved to the basement and re-tendered, while the municipal offices are to be relocated.","breadcrumb":{"@id":"https:\/\/www.immobilienbusiness.ch\/regionen\/2026-04-20\/zuerich-globusprovisorium-soll-oeffentlicher-ort-werden\/#breadcrumb"},"inLanguage":"en-US","potentialAction":[{"@type":"ReadAction","target":["https:\/\/www.immobilienbusiness.ch\/regionen\/2026-04-20\/zuerich-globusprovisorium-soll-oeffentlicher-ort-werden\/"]}]},{"@type":"ImageObject","inLanguage":"en-US","@id":"https:\/\/www.immobilienbusiness.ch\/regionen\/2026-04-20\/zuerich-globusprovisorium-soll-oeffentlicher-ort-werden\/#primaryimage","url":"https:\/\/www.immobilienbusiness.ch\/wp-content\/uploads\/2026\/04\/Papierwerd-2-Visualiisierung-zVg.png","contentUrl":"https:\/\/www.immobilienbusiness.ch\/wp-content\/uploads\/2026\/04\/Papierwerd-2-Visualiisierung-zVg.png","width":859,"height":463,"caption":"Ein Hightlight des Projekts ist die \u00f6ffentliche zug\u00e4ngliche Dachterrasse. (Illustration: zVg)"},{"@type":"BreadcrumbList","@id":"https:\/\/www.immobilienbusiness.ch\/regionen\/2026-04-20\/zuerich-globusprovisorium-soll-oeffentlicher-ort-werden\/#breadcrumb","itemListElement":[{"@type":"ListItem","position":1,"name":"Home","item":"https:\/\/www.immobilienbusiness.ch\/"},{"@type":"ListItem","position":2,"name":"Z\u00fcrich: Globusprovisorium soll \u00f6ffentlicher Ort werden"}]},{"@type":"WebSite","@id":"https:\/\/www.immobilienbusiness.ch\/#website","url":"https:\/\/www.immobilienbusiness.ch\/","name":"REAL ESTATE Business","description":"Independent Swiss business magazine focusing on real estate, architecture and construction as well as investment and financing.","publisher":{"@id":"https:\/\/www.immobilienbusiness.ch\/#organization"},"potentialAction":[{"@type":"SearchAction","target":{"@type":"EntryPoint","urlTemplate":"https:\/\/www.immobilienbusiness.ch\/?s={search_term_string}"},"query-input":{"@type":"PropertyValueSpecification","valueRequired":true,"valueName":"search_term_string"}}],"inLanguage":"en-US"},{"@type":"Organization","@id":"https:\/\/www.immobilienbusiness.ch\/#organization","name":"REAL ESTATE Business","url":"https:\/\/www.immobilienbusiness.ch\/","logo":{"@type":"ImageObject","inLanguage":"en-US","@id":"https:\/\/www.immobilienbusiness.ch\/#\/schema\/logo\/image\/","url":"https:\/\/www.immobilienbusiness.ch\/wp-content\/uploads\/2021\/07\/logo_ib.png","contentUrl":"https:\/\/www.immobilienbusiness.ch\/wp-content\/uploads\/2021\/07\/logo_ib.png","width":800,"height":181,"caption":"IMMOBILIEN Business"},"image":{"@id":"https:\/\/www.immobilienbusiness.ch\/#\/schema\/logo\/image\/"},"sameAs":["https:\/\/www.facebook.com\/immobilienbusiness\/"]},{"@type":"Person","@id":"https:\/\/www.immobilienbusiness.ch\/#\/schema\/person\/aba8bea2db926aa0c24c08c43fe1fcd5","name":"Alexander Wachter","image":{"@type":"ImageObject","inLanguage":"en-US","@id":"https:\/\/secure.gravatar.com\/avatar\/1a09e471f5389b0e0a6416eac287e0927c7c97a7b77f9e787eba3af7aee281dd?s=96&d=mm&r=g","url":"https:\/\/secure.gravatar.com\/avatar\/1a09e471f5389b0e0a6416eac287e0927c7c97a7b77f9e787eba3af7aee281dd?s=96&d=mm&r=g","contentUrl":"https:\/\/secure.gravatar.com\/avatar\/1a09e471f5389b0e0a6416eac287e0927c7c97a7b77f9e787eba3af7aee281dd?s=96&d=mm&r=g","caption":"Alexander Wachter"},"url":"https:\/\/www.immobilienbusiness.ch\/en\/author\/alexander-wachter\/"}]}},"_links":{"self":[{"href":"https:\/\/www.immobilienbusiness.ch\/en\/wp-json\/wp\/v2\/posts\/68189","targetHints":{"allow":["GET"]}}],"collection":[{"href":"https:\/\/www.immobilienbusiness.ch\/en\/wp-json\/wp\/v2\/posts"}],"about":[{"href":"https:\/\/www.immobilienbusiness.ch\/en\/wp-json\/wp\/v2\/types\/post"}],"author":[{"embeddable":true,"href":"https:\/\/www.immobilienbusiness.ch\/en\/wp-json\/wp\/v2\/users\/102"}],"replies":[{"embeddable":true,"href":"https:\/\/www.immobilienbusiness.ch\/en\/wp-json\/wp\/v2\/comments?post=68189"}],"version-history":[{"count":1,"href":"https:\/\/www.immobilienbusiness.ch\/en\/wp-json\/wp\/v2\/posts\/68189\/revisions"}],"predecessor-version":[{"id":68193,"href":"https:\/\/www.immobilienbusiness.ch\/en\/wp-json\/wp\/v2\/posts\/68189\/revisions\/68193"}],"wp:featuredmedia":[{"embeddable":true,"href":"https:\/\/www.immobilienbusiness.ch\/en\/wp-json\/wp\/v2\/media\/68192"}],"wp:attachment":[{"href":"https:\/\/www.immobilienbusiness.ch\/en\/wp-json\/wp\/v2\/media?parent=68189"}],"wp:term":[{"taxonomy":"category","embeddable":true,"href":"https:\/\/www.immobilienbusiness.ch\/en\/wp-json\/wp\/v2\/categories?post=68189"},{"taxonomy":"post_tag","embeddable":true,"href":"https:\/\/www.immobilienbusiness.ch\/en\/wp-json\/wp\/v2\/tags?post=68189"}],"curies":[{"name":"wp","href":"https:\/\/api.w.org\/{rel}","templated":true}]}}