{"id":65741,"date":"2025-10-10T08:37:59","date_gmt":"2025-10-10T06:37:59","guid":{"rendered":"https:\/\/www.immobilienbusiness.ch\/?p=65741"},"modified":"2025-10-16T10:47:25","modified_gmt":"2025-10-16T08:47:25","slug":"zuerich-aufrichte-fuer-das-gewerbehaus-mach","status":"publish","type":"post","link":"https:\/\/www.immobilienbusiness.ch\/en\/regionen\/2025-10-10\/zuerich-aufrichte-fuer-das-gewerbehaus-mach\/","title":{"rendered":"Zurich: Topping-out ceremony for the \"Mach\" commercial building"},"content":{"rendered":"<figure id=\"attachment_65742\" aria-describedby=\"caption-attachment-65742\" style=\"width: 768px\" class=\"wp-caption alignnone\"><a href=\"https:\/\/www.immobilienbusiness.ch\/wp-content\/uploads\/2025\/10\/SENN_Visualisierung-MACH-von-aussen_2403281-scaled.jpg\"><img loading=\"lazy\" decoding=\"async\" class=\"size-large wp-image-65742\" src=\"https:\/\/www.immobilienbusiness.ch\/wp-content\/uploads\/2025\/10\/SENN_Visualisierung-MACH-von-aussen_2403281-1024x639.jpg\" alt=\"\" width=\"768\" height=\"479\" srcset=\"https:\/\/www.immobilienbusiness.ch\/wp-content\/uploads\/2025\/10\/SENN_Visualisierung-MACH-von-aussen_2403281-1024x639.jpg 1024w, https:\/\/www.immobilienbusiness.ch\/wp-content\/uploads\/2025\/10\/SENN_Visualisierung-MACH-von-aussen_2403281-300x187.jpg 300w, https:\/\/www.immobilienbusiness.ch\/wp-content\/uploads\/2025\/10\/SENN_Visualisierung-MACH-von-aussen_2403281-768x480.jpg 768w, https:\/\/www.immobilienbusiness.ch\/wp-content\/uploads\/2025\/10\/SENN_Visualisierung-MACH-von-aussen_2403281-1536x959.jpg 1536w, https:\/\/www.immobilienbusiness.ch\/wp-content\/uploads\/2025\/10\/SENN_Visualisierung-MACH-von-aussen_2403281-18x12.jpg 18w, https:\/\/www.immobilienbusiness.ch\/wp-content\/uploads\/2025\/10\/SENN_Visualisierung-MACH-von-aussen_2403281-375x234.jpg 375w, https:\/\/www.immobilienbusiness.ch\/wp-content\/uploads\/2025\/10\/SENN_Visualisierung-MACH-von-aussen_2403281-561x350.jpg 561w, https:\/\/www.immobilienbusiness.ch\/wp-content\/uploads\/2025\/10\/SENN_Visualisierung-MACH-von-aussen_2403281-1000x624.jpg 1000w, https:\/\/www.immobilienbusiness.ch\/wp-content\/uploads\/2025\/10\/SENN_Visualisierung-MACH-von-aussen_2403281-scaled.jpg 1200w\" sizes=\"auto, (max-width: 768px) 100vw, 768px\" \/><\/a><figcaption id=\"caption-attachment-65742\" class=\"wp-caption-text\">The \"Mach\" project developed by Senn in Zurich-Altstetten (Visualization: zVg)<\/figcaption><\/figure>\n<p>The \"Mach\" commercial building in Zurich-Altstetten has been erected. According to developer Senn, 80% of the building in the new Koch quarter has already been let. Among others, the Walter Buchmann bakery will move in with its new production site and operate a caf\u00e9 on the first floor. According to the statement, it has signed a 30-year lease. The 15,000 square meter building for the manufacturing industry is due to open next year.<\/p>\n<p>The building's special features include extra-high rooms and high payloads. In addition to the aforementioned bakery, tenants include the powerbank rental company Chimpy, the Swiss Made software development company Ti&amp;M, Flash Kurier, the robotics engineering company Joylabdue, the fashion company Las Perlitas, Rubi Bahntechnik, the Yoga Medica Academy and the Plexiglas specialist Perplex. In addition, two recording studios will be located in the \"Mach\": 571 Recording Studios and TonVerein.<\/p>\n<p>Mach\" is being built on the border of the Albisrieden and Altstetten districts, right next to the city's Koch Park. ABZ, Kraftwerk 1, Gr\u00fcn Stadt Z\u00fcrich and Senn will create affordable housing, studios for creative work, workshops for manufacturing, stores for everyday needs, restaurants and cultural spaces here by 2026. <em>(aw)<\/em><\/p>","protected":false},"excerpt":{"rendered":"<p>The shell of the building at Koch-Park is complete and, according to Senn, all but one fifth of the 15,000 square meters of commercial space has been taken.<\/p>","protected":false},"author":102,"featured_media":65742,"comment_status":"closed","ping_status":"closed","sticky":false,"template":"","format":"standard","meta":{"_acf_changed":false,"_yoast_wpseo_focuskw":"Senn","_yoast_wpseo_title":"","_yoast_wpseo_metadesc":"Der Rohbau des Geb\u00e4udes am Koch-Park steht und die 15.000 qm Gewerbefl\u00e4che sind laut Senn bis auf ein F\u00fcnftel alle vergeben.","_yoast_wpseo_linkdex":68,"pgc_sgb_lightbox_settings":"","footnotes":""},"categories":[985],"tags":[1118,2132,1969,1599,1643,3602,1832,1888],"class_list":["post-65741","post","type-post","status-publish","format-standard","has-post-thumbnail","hentry","category-regionen","tag-buero","tag-gewerbe","tag-industrie","tag-projekt-in-bau","tag-retail","tag-senn-development","tag-vermietung","tag-zuerich"],"acf":[],"yoast_head":"<!-- This site is optimized with the Yoast SEO plugin v27.5 - https:\/\/yoast.com\/product\/yoast-seo-wordpress\/ -->\n<title>Z\u00fcrich: Aufrichte f\u00fcr das Gewerbehaus \u00abMach\u00bb - IMMOBILIEN Business<\/title>\n<meta name=\"description\" content=\"Der Rohbau des Geb\u00e4udes am Koch-Park steht und die 15.000 qm Gewerbefl\u00e4che sind laut Senn bis auf ein F\u00fcnftel alle vergeben.\" \/>\n<meta name=\"robots\" content=\"index, follow, max-snippet:-1, max-image-preview:large, max-video-preview:-1\" \/>\n<link rel=\"canonical\" href=\"https:\/\/www.immobilienbusiness.ch\/en\/regionen\/2025-10-10\/zuerich-aufrichte-fuer-das-gewerbehaus-mach\/\" \/>\n<meta property=\"og:locale\" content=\"en_US\" \/>\n<meta property=\"og:type\" content=\"article\" \/>\n<meta property=\"og:title\" content=\"Z\u00fcrich: Aufrichte f\u00fcr das Gewerbehaus \u00abMach\u00bb - IMMOBILIEN Business\" \/>\n<meta property=\"og:description\" content=\"Der Rohbau des Geb\u00e4udes am Koch-Park steht und die 15.000 qm Gewerbefl\u00e4che sind laut Senn bis auf ein F\u00fcnftel alle vergeben.\" \/>\n<meta property=\"og:url\" content=\"https:\/\/www.immobilienbusiness.ch\/en\/regionen\/2025-10-10\/zuerich-aufrichte-fuer-das-gewerbehaus-mach\/\" \/>\n<meta property=\"og:site_name\" content=\"IMMOBILIEN Business\" \/>\n<meta property=\"article:publisher\" content=\"https:\/\/www.facebook.com\/immobilienbusiness\/\" \/>\n<meta property=\"article:published_time\" content=\"2025-10-10T06:37:59+00:00\" \/>\n<meta property=\"article:modified_time\" content=\"2025-10-16T08:47:25+00:00\" \/>\n<meta property=\"og:image\" content=\"https:\/\/www.immobilienbusiness.ch\/wp-content\/uploads\/2025\/10\/SENN_Visualisierung-MACH-von-aussen_2403281-scaled.jpg\" \/>\n\t<meta property=\"og:image:width\" content=\"1200\" \/>\n\t<meta property=\"og:image:height\" content=\"749\" \/>\n\t<meta property=\"og:image:type\" content=\"image\/jpeg\" \/>\n<meta name=\"author\" content=\"Alexander Wachter\" \/>\n<meta name=\"twitter:card\" content=\"summary_large_image\" \/>\n<script type=\"application\/ld+json\" class=\"yoast-schema-graph\">{\"@context\":\"https:\\\/\\\/schema.org\",\"@graph\":[{\"@type\":\"Article\",\"@id\":\"https:\\\/\\\/www.immobilienbusiness.ch\\\/de\\\/regionen\\\/2025-10-10\\\/zuerich-aufrichte-fuer-das-gewerbehaus-mach\\\/#article\",\"isPartOf\":{\"@id\":\"https:\\\/\\\/www.immobilienbusiness.ch\\\/de\\\/regionen\\\/2025-10-10\\\/zuerich-aufrichte-fuer-das-gewerbehaus-mach\\\/\"},\"author\":{\"name\":\"Alexander Wachter\",\"@id\":\"https:\\\/\\\/www.immobilienbusiness.ch\\\/#\\\/schema\\\/person\\\/aba8bea2db926aa0c24c08c43fe1fcd5\"},\"headline\":\"Z\u00fcrich: Aufrichte f\u00fcr das Gewerbehaus \u00abMach\u00bb\",\"datePublished\":\"2025-10-10T06:37:59+00:00\",\"dateModified\":\"2025-10-16T08:47:25+00:00\",\"mainEntityOfPage\":{\"@id\":\"https:\\\/\\\/www.immobilienbusiness.ch\\\/de\\\/regionen\\\/2025-10-10\\\/zuerich-aufrichte-fuer-das-gewerbehaus-mach\\\/\"},\"wordCount\":211,\"publisher\":{\"@id\":\"https:\\\/\\\/www.immobilienbusiness.ch\\\/#organization\"},\"image\":{\"@id\":\"https:\\\/\\\/www.immobilienbusiness.ch\\\/de\\\/regionen\\\/2025-10-10\\\/zuerich-aufrichte-fuer-das-gewerbehaus-mach\\\/#primaryimage\"},\"thumbnailUrl\":\"https:\\\/\\\/www.immobilienbusiness.ch\\\/wp-content\\\/uploads\\\/2025\\\/10\\\/SENN_Visualisierung-MACH-von-aussen_2403281-scaled.jpg\",\"keywords\":[\"B\u00fcro\",\"Gewerbe\",\"Industrie\",\"Projekt in Bau\",\"Retail\",\"Senn Development\",\"Vermietung\",\"Z\u00fcrich\"],\"articleSection\":[\"REGIONEN\"],\"inLanguage\":\"en-US\"},{\"@type\":\"WebPage\",\"@id\":\"https:\\\/\\\/www.immobilienbusiness.ch\\\/de\\\/regionen\\\/2025-10-10\\\/zuerich-aufrichte-fuer-das-gewerbehaus-mach\\\/\",\"url\":\"https:\\\/\\\/www.immobilienbusiness.ch\\\/de\\\/regionen\\\/2025-10-10\\\/zuerich-aufrichte-fuer-das-gewerbehaus-mach\\\/\",\"name\":\"Z\u00fcrich: Aufrichte f\u00fcr das Gewerbehaus \u00abMach\u00bb - IMMOBILIEN Business\",\"isPartOf\":{\"@id\":\"https:\\\/\\\/www.immobilienbusiness.ch\\\/#website\"},\"primaryImageOfPage\":{\"@id\":\"https:\\\/\\\/www.immobilienbusiness.ch\\\/de\\\/regionen\\\/2025-10-10\\\/zuerich-aufrichte-fuer-das-gewerbehaus-mach\\\/#primaryimage\"},\"image\":{\"@id\":\"https:\\\/\\\/www.immobilienbusiness.ch\\\/de\\\/regionen\\\/2025-10-10\\\/zuerich-aufrichte-fuer-das-gewerbehaus-mach\\\/#primaryimage\"},\"thumbnailUrl\":\"https:\\\/\\\/www.immobilienbusiness.ch\\\/wp-content\\\/uploads\\\/2025\\\/10\\\/SENN_Visualisierung-MACH-von-aussen_2403281-scaled.jpg\",\"datePublished\":\"2025-10-10T06:37:59+00:00\",\"dateModified\":\"2025-10-16T08:47:25+00:00\",\"description\":\"Der Rohbau des Geb\u00e4udes am Koch-Park steht und die 15.000 qm Gewerbefl\u00e4che sind laut Senn bis auf ein F\u00fcnftel alle vergeben.\",\"breadcrumb\":{\"@id\":\"https:\\\/\\\/www.immobilienbusiness.ch\\\/de\\\/regionen\\\/2025-10-10\\\/zuerich-aufrichte-fuer-das-gewerbehaus-mach\\\/#breadcrumb\"},\"inLanguage\":\"en-US\",\"potentialAction\":[{\"@type\":\"ReadAction\",\"target\":[\"https:\\\/\\\/www.immobilienbusiness.ch\\\/de\\\/regionen\\\/2025-10-10\\\/zuerich-aufrichte-fuer-das-gewerbehaus-mach\\\/\"]}]},{\"@type\":\"ImageObject\",\"inLanguage\":\"en-US\",\"@id\":\"https:\\\/\\\/www.immobilienbusiness.ch\\\/de\\\/regionen\\\/2025-10-10\\\/zuerich-aufrichte-fuer-das-gewerbehaus-mach\\\/#primaryimage\",\"url\":\"https:\\\/\\\/www.immobilienbusiness.ch\\\/wp-content\\\/uploads\\\/2025\\\/10\\\/SENN_Visualisierung-MACH-von-aussen_2403281-scaled.jpg\",\"contentUrl\":\"https:\\\/\\\/www.immobilienbusiness.ch\\\/wp-content\\\/uploads\\\/2025\\\/10\\\/SENN_Visualisierung-MACH-von-aussen_2403281-scaled.jpg\",\"width\":1200,\"height\":749,\"caption\":\"Das von Senn entwickelte Projekt \u00abMach\u00bb in Z\u00fcrich-Altstetten (Visualisierung: zVg)\"},{\"@type\":\"BreadcrumbList\",\"@id\":\"https:\\\/\\\/www.immobilienbusiness.ch\\\/de\\\/regionen\\\/2025-10-10\\\/zuerich-aufrichte-fuer-das-gewerbehaus-mach\\\/#breadcrumb\",\"itemListElement\":[{\"@type\":\"ListItem\",\"position\":1,\"name\":\"Home\",\"item\":\"https:\\\/\\\/www.immobilienbusiness.ch\\\/\"},{\"@type\":\"ListItem\",\"position\":2,\"name\":\"Z\u00fcrich: Aufrichte f\u00fcr das Gewerbehaus \u00abMach\u00bb\"}]},{\"@type\":\"WebSite\",\"@id\":\"https:\\\/\\\/www.immobilienbusiness.ch\\\/#website\",\"url\":\"https:\\\/\\\/www.immobilienbusiness.ch\\\/\",\"name\":\"IMMOBILIEN Business\",\"description\":\"Unabh\u00e4ngiges Schweizer Wirtschaftsmagazin mit Fokus auf Immobilien, Architektur- und Bau sowie Investment- und Finanzierung.\",\"publisher\":{\"@id\":\"https:\\\/\\\/www.immobilienbusiness.ch\\\/#organization\"},\"potentialAction\":[{\"@type\":\"SearchAction\",\"target\":{\"@type\":\"EntryPoint\",\"urlTemplate\":\"https:\\\/\\\/www.immobilienbusiness.ch\\\/?s={search_term_string}\"},\"query-input\":{\"@type\":\"PropertyValueSpecification\",\"valueRequired\":true,\"valueName\":\"search_term_string\"}}],\"inLanguage\":\"en-US\"},{\"@type\":\"Organization\",\"@id\":\"https:\\\/\\\/www.immobilienbusiness.ch\\\/#organization\",\"name\":\"IMMOBILIEN Business\",\"url\":\"https:\\\/\\\/www.immobilienbusiness.ch\\\/\",\"logo\":{\"@type\":\"ImageObject\",\"inLanguage\":\"en-US\",\"@id\":\"https:\\\/\\\/www.immobilienbusiness.ch\\\/#\\\/schema\\\/logo\\\/image\\\/\",\"url\":\"https:\\\/\\\/www.immobilienbusiness.ch\\\/wp-content\\\/uploads\\\/2021\\\/07\\\/logo_ib.png\",\"contentUrl\":\"https:\\\/\\\/www.immobilienbusiness.ch\\\/wp-content\\\/uploads\\\/2021\\\/07\\\/logo_ib.png\",\"width\":800,\"height\":181,\"caption\":\"IMMOBILIEN Business\"},\"image\":{\"@id\":\"https:\\\/\\\/www.immobilienbusiness.ch\\\/#\\\/schema\\\/logo\\\/image\\\/\"},\"sameAs\":[\"https:\\\/\\\/www.facebook.com\\\/immobilienbusiness\\\/\"]},{\"@type\":\"Person\",\"@id\":\"https:\\\/\\\/www.immobilienbusiness.ch\\\/#\\\/schema\\\/person\\\/aba8bea2db926aa0c24c08c43fe1fcd5\",\"name\":\"Alexander Wachter\",\"image\":{\"@type\":\"ImageObject\",\"inLanguage\":\"en-US\",\"@id\":\"https:\\\/\\\/secure.gravatar.com\\\/avatar\\\/1a09e471f5389b0e0a6416eac287e0927c7c97a7b77f9e787eba3af7aee281dd?s=96&d=mm&r=g\",\"url\":\"https:\\\/\\\/secure.gravatar.com\\\/avatar\\\/1a09e471f5389b0e0a6416eac287e0927c7c97a7b77f9e787eba3af7aee281dd?s=96&d=mm&r=g\",\"contentUrl\":\"https:\\\/\\\/secure.gravatar.com\\\/avatar\\\/1a09e471f5389b0e0a6416eac287e0927c7c97a7b77f9e787eba3af7aee281dd?s=96&d=mm&r=g\",\"caption\":\"Alexander Wachter\"},\"url\":\"https:\\\/\\\/www.immobilienbusiness.ch\\\/en\\\/author\\\/alexander-wachter\\\/\"}]}<\/script>\n<!-- \/ Yoast SEO plugin. -->","yoast_head_json":{"title":"Zurich: Topping-out ceremony for the \"Mach\" commercial building - IMMOBILIEN Business","description":"The shell of the building at Koch-Park is complete and, according to Senn, all but one fifth of the 15,000 square meters of commercial space has been taken.","robots":{"index":"index","follow":"follow","max-snippet":"max-snippet:-1","max-image-preview":"max-image-preview:large","max-video-preview":"max-video-preview:-1"},"canonical":"https:\/\/www.immobilienbusiness.ch\/en\/regionen\/2025-10-10\/zuerich-aufrichte-fuer-das-gewerbehaus-mach\/","og_locale":"en_US","og_type":"article","og_title":"Z\u00fcrich: Aufrichte f\u00fcr das Gewerbehaus \u00abMach\u00bb - IMMOBILIEN Business","og_description":"Der Rohbau des Geb\u00e4udes am Koch-Park steht und die 15.000 qm Gewerbefl\u00e4che sind laut Senn bis auf ein F\u00fcnftel alle vergeben.","og_url":"https:\/\/www.immobilienbusiness.ch\/en\/regionen\/2025-10-10\/zuerich-aufrichte-fuer-das-gewerbehaus-mach\/","og_site_name":"IMMOBILIEN Business","article_publisher":"https:\/\/www.facebook.com\/immobilienbusiness\/","article_published_time":"2025-10-10T06:37:59+00:00","article_modified_time":"2025-10-16T08:47:25+00:00","og_image":[{"width":1200,"height":749,"url":"https:\/\/www.immobilienbusiness.ch\/wp-content\/uploads\/2025\/10\/SENN_Visualisierung-MACH-von-aussen_2403281-scaled.jpg","type":"image\/jpeg"}],"author":"Alexander Wachter","twitter_card":"summary_large_image","schema":{"@context":"https:\/\/schema.org","@graph":[{"@type":"Article","@id":"https:\/\/www.immobilienbusiness.ch\/de\/regionen\/2025-10-10\/zuerich-aufrichte-fuer-das-gewerbehaus-mach\/#article","isPartOf":{"@id":"https:\/\/www.immobilienbusiness.ch\/de\/regionen\/2025-10-10\/zuerich-aufrichte-fuer-das-gewerbehaus-mach\/"},"author":{"name":"Alexander Wachter","@id":"https:\/\/www.immobilienbusiness.ch\/#\/schema\/person\/aba8bea2db926aa0c24c08c43fe1fcd5"},"headline":"Z\u00fcrich: Aufrichte f\u00fcr das Gewerbehaus \u00abMach\u00bb","datePublished":"2025-10-10T06:37:59+00:00","dateModified":"2025-10-16T08:47:25+00:00","mainEntityOfPage":{"@id":"https:\/\/www.immobilienbusiness.ch\/de\/regionen\/2025-10-10\/zuerich-aufrichte-fuer-das-gewerbehaus-mach\/"},"wordCount":211,"publisher":{"@id":"https:\/\/www.immobilienbusiness.ch\/#organization"},"image":{"@id":"https:\/\/www.immobilienbusiness.ch\/de\/regionen\/2025-10-10\/zuerich-aufrichte-fuer-das-gewerbehaus-mach\/#primaryimage"},"thumbnailUrl":"https:\/\/www.immobilienbusiness.ch\/wp-content\/uploads\/2025\/10\/SENN_Visualisierung-MACH-von-aussen_2403281-scaled.jpg","keywords":["B\u00fcro","Gewerbe","Industrie","Projekt in Bau","Retail","Senn Development","Vermietung","Z\u00fcrich"],"articleSection":["REGIONEN"],"inLanguage":"en-US"},{"@type":"WebPage","@id":"https:\/\/www.immobilienbusiness.ch\/de\/regionen\/2025-10-10\/zuerich-aufrichte-fuer-das-gewerbehaus-mach\/","url":"https:\/\/www.immobilienbusiness.ch\/de\/regionen\/2025-10-10\/zuerich-aufrichte-fuer-das-gewerbehaus-mach\/","name":"Zurich: Topping-out ceremony for the \"Mach\" commercial building - IMMOBILIEN Business","isPartOf":{"@id":"https:\/\/www.immobilienbusiness.ch\/#website"},"primaryImageOfPage":{"@id":"https:\/\/www.immobilienbusiness.ch\/de\/regionen\/2025-10-10\/zuerich-aufrichte-fuer-das-gewerbehaus-mach\/#primaryimage"},"image":{"@id":"https:\/\/www.immobilienbusiness.ch\/de\/regionen\/2025-10-10\/zuerich-aufrichte-fuer-das-gewerbehaus-mach\/#primaryimage"},"thumbnailUrl":"https:\/\/www.immobilienbusiness.ch\/wp-content\/uploads\/2025\/10\/SENN_Visualisierung-MACH-von-aussen_2403281-scaled.jpg","datePublished":"2025-10-10T06:37:59+00:00","dateModified":"2025-10-16T08:47:25+00:00","description":"The shell of the building at Koch-Park is complete and, according to Senn, all but one fifth of the 15,000 square meters of commercial space has been taken.","breadcrumb":{"@id":"https:\/\/www.immobilienbusiness.ch\/de\/regionen\/2025-10-10\/zuerich-aufrichte-fuer-das-gewerbehaus-mach\/#breadcrumb"},"inLanguage":"en-US","potentialAction":[{"@type":"ReadAction","target":["https:\/\/www.immobilienbusiness.ch\/de\/regionen\/2025-10-10\/zuerich-aufrichte-fuer-das-gewerbehaus-mach\/"]}]},{"@type":"ImageObject","inLanguage":"en-US","@id":"https:\/\/www.immobilienbusiness.ch\/de\/regionen\/2025-10-10\/zuerich-aufrichte-fuer-das-gewerbehaus-mach\/#primaryimage","url":"https:\/\/www.immobilienbusiness.ch\/wp-content\/uploads\/2025\/10\/SENN_Visualisierung-MACH-von-aussen_2403281-scaled.jpg","contentUrl":"https:\/\/www.immobilienbusiness.ch\/wp-content\/uploads\/2025\/10\/SENN_Visualisierung-MACH-von-aussen_2403281-scaled.jpg","width":1200,"height":749,"caption":"Das von Senn entwickelte Projekt \u00abMach\u00bb in Z\u00fcrich-Altstetten (Visualisierung: zVg)"},{"@type":"BreadcrumbList","@id":"https:\/\/www.immobilienbusiness.ch\/de\/regionen\/2025-10-10\/zuerich-aufrichte-fuer-das-gewerbehaus-mach\/#breadcrumb","itemListElement":[{"@type":"ListItem","position":1,"name":"Home","item":"https:\/\/www.immobilienbusiness.ch\/"},{"@type":"ListItem","position":2,"name":"Z\u00fcrich: Aufrichte f\u00fcr das Gewerbehaus \u00abMach\u00bb"}]},{"@type":"WebSite","@id":"https:\/\/www.immobilienbusiness.ch\/#website","url":"https:\/\/www.immobilienbusiness.ch\/","name":"REAL ESTATE Business","description":"Independent Swiss business magazine focusing on real estate, architecture and construction as well as investment and financing.","publisher":{"@id":"https:\/\/www.immobilienbusiness.ch\/#organization"},"potentialAction":[{"@type":"SearchAction","target":{"@type":"EntryPoint","urlTemplate":"https:\/\/www.immobilienbusiness.ch\/?s={search_term_string}"},"query-input":{"@type":"PropertyValueSpecification","valueRequired":true,"valueName":"search_term_string"}}],"inLanguage":"en-US"},{"@type":"Organization","@id":"https:\/\/www.immobilienbusiness.ch\/#organization","name":"REAL ESTATE Business","url":"https:\/\/www.immobilienbusiness.ch\/","logo":{"@type":"ImageObject","inLanguage":"en-US","@id":"https:\/\/www.immobilienbusiness.ch\/#\/schema\/logo\/image\/","url":"https:\/\/www.immobilienbusiness.ch\/wp-content\/uploads\/2021\/07\/logo_ib.png","contentUrl":"https:\/\/www.immobilienbusiness.ch\/wp-content\/uploads\/2021\/07\/logo_ib.png","width":800,"height":181,"caption":"IMMOBILIEN Business"},"image":{"@id":"https:\/\/www.immobilienbusiness.ch\/#\/schema\/logo\/image\/"},"sameAs":["https:\/\/www.facebook.com\/immobilienbusiness\/"]},{"@type":"Person","@id":"https:\/\/www.immobilienbusiness.ch\/#\/schema\/person\/aba8bea2db926aa0c24c08c43fe1fcd5","name":"Alexander Wachter","image":{"@type":"ImageObject","inLanguage":"en-US","@id":"https:\/\/secure.gravatar.com\/avatar\/1a09e471f5389b0e0a6416eac287e0927c7c97a7b77f9e787eba3af7aee281dd?s=96&d=mm&r=g","url":"https:\/\/secure.gravatar.com\/avatar\/1a09e471f5389b0e0a6416eac287e0927c7c97a7b77f9e787eba3af7aee281dd?s=96&d=mm&r=g","contentUrl":"https:\/\/secure.gravatar.com\/avatar\/1a09e471f5389b0e0a6416eac287e0927c7c97a7b77f9e787eba3af7aee281dd?s=96&d=mm&r=g","caption":"Alexander Wachter"},"url":"https:\/\/www.immobilienbusiness.ch\/en\/author\/alexander-wachter\/"}]}},"_links":{"self":[{"href":"https:\/\/www.immobilienbusiness.ch\/en\/wp-json\/wp\/v2\/posts\/65741","targetHints":{"allow":["GET"]}}],"collection":[{"href":"https:\/\/www.immobilienbusiness.ch\/en\/wp-json\/wp\/v2\/posts"}],"about":[{"href":"https:\/\/www.immobilienbusiness.ch\/en\/wp-json\/wp\/v2\/types\/post"}],"author":[{"embeddable":true,"href":"https:\/\/www.immobilienbusiness.ch\/en\/wp-json\/wp\/v2\/users\/102"}],"replies":[{"embeddable":true,"href":"https:\/\/www.immobilienbusiness.ch\/en\/wp-json\/wp\/v2\/comments?post=65741"}],"version-history":[{"count":3,"href":"https:\/\/www.immobilienbusiness.ch\/en\/wp-json\/wp\/v2\/posts\/65741\/revisions"}],"predecessor-version":[{"id":65802,"href":"https:\/\/www.immobilienbusiness.ch\/en\/wp-json\/wp\/v2\/posts\/65741\/revisions\/65802"}],"wp:featuredmedia":[{"embeddable":true,"href":"https:\/\/www.immobilienbusiness.ch\/en\/wp-json\/wp\/v2\/media\/65742"}],"wp:attachment":[{"href":"https:\/\/www.immobilienbusiness.ch\/en\/wp-json\/wp\/v2\/media?parent=65741"}],"wp:term":[{"taxonomy":"category","embeddable":true,"href":"https:\/\/www.immobilienbusiness.ch\/en\/wp-json\/wp\/v2\/categories?post=65741"},{"taxonomy":"post_tag","embeddable":true,"href":"https:\/\/www.immobilienbusiness.ch\/en\/wp-json\/wp\/v2\/tags?post=65741"}],"curies":[{"name":"wp","href":"https:\/\/api.w.org\/{rel}","templated":true}]}}