{"id":6561,"date":"2017-03-06T08:29:55","date_gmt":"2017-03-06T07:29:55","guid":{"rendered":"https:\/\/www.immobilienbusiness.ch\/?p=6561"},"modified":"2017-03-06T08:29:55","modified_gmt":"2017-03-06T07:29:55","slug":"bilfinger-hochbau-ist-jetzt-teil-der-implenia-gruppe","status":"publish","type":"post","link":"https:\/\/www.immobilienbusiness.ch\/en\/unternehmen\/2017-03-06\/bilfinger-hochbau-ist-jetzt-teil-der-implenia-gruppe\/","title":{"rendered":"Bilfinger Hochbau is now part of Implenia"},"content":{"rendered":"<figure id=\"attachment_6428\" aria-describedby=\"caption-attachment-6428\" style=\"width: 680px\" class=\"wp-caption alignnone\"><img loading=\"lazy\" decoding=\"async\" class=\"size-medium wp-image-6428\" src=\"https:\/\/www.immobilienbusiness.ch\/wp-content\/uploads\/2017\/02\/swissmill-kran_1.jpg\" alt=\"\" width=\"680\" height=\"383\" srcset=\"https:\/\/www.immobilienbusiness.ch\/wp-content\/uploads\/2017\/02\/swissmill-kran_1.jpg 2560w, https:\/\/www.immobilienbusiness.ch\/wp-content\/uploads\/2017\/02\/swissmill-kran_1-300x169.jpg 300w, https:\/\/www.immobilienbusiness.ch\/wp-content\/uploads\/2017\/02\/swissmill-kran_1-1024x576.jpg 1024w, https:\/\/www.immobilienbusiness.ch\/wp-content\/uploads\/2017\/02\/swissmill-kran_1-768x432.jpg 768w, https:\/\/www.immobilienbusiness.ch\/wp-content\/uploads\/2017\/02\/swissmill-kran_1-1536x864.jpg 1536w, https:\/\/www.immobilienbusiness.ch\/wp-content\/uploads\/2017\/02\/swissmill-kran_1-2048x1152.jpg 2048w, https:\/\/www.immobilienbusiness.ch\/wp-content\/uploads\/2017\/02\/swissmill-kran_1-16x9.jpg 16w, https:\/\/www.immobilienbusiness.ch\/wp-content\/uploads\/2017\/02\/swissmill-kran_1-311x175.jpg 311w, https:\/\/www.immobilienbusiness.ch\/wp-content\/uploads\/2017\/02\/swissmill-kran_1-622x350.jpg 622w, https:\/\/www.immobilienbusiness.ch\/wp-content\/uploads\/2017\/02\/swissmill-kran_1-1422x800.jpg 1422w, https:\/\/www.immobilienbusiness.ch\/wp-content\/uploads\/2017\/02\/swissmill-kran_1-920x518.jpg 920w, https:\/\/www.immobilienbusiness.ch\/wp-content\/uploads\/2017\/02\/swissmill-kran_1-1400x788.jpg 1400w\" sizes=\"auto, (max-width: 680px) 100vw, 680px\" \/><figcaption id=\"caption-attachment-6428\" class=\"wp-caption-text\">Bilfinger Hochbau is part of Implenia (Photo: Implenia)<\/figcaption><\/figure>\n<p>The<a href=\"https:\/\/www.immobilienbusiness.ch\/en\/implenia-uebernimmt-bilfinger-hochbau\/\"> Acquisition announced at the end of December 2016 <\/a>of the German company Bilfinger Hochbau has now been approved by all relevant competition authorities, Implenia announces. The transaction has thus been closed and the German company will become part of the construction group. Bilfinger Hochbau achieved a production output of around 450 million euros in 2016 and employs around 1,000 people.<\/p>\n<p>According to Implenia, a multidisciplinary team is now working in the ongoing integration process to quickly integrate the new units into existing processes and structures. With the acquisition, Implenia is taking a further step towards the Group's targeted internationalization and achieving \"critical size\" in Germany, Europe's largest construction market, the company adds.<\/p>","protected":false},"excerpt":{"rendered":"<p>The closing has taken place: The activities of Bilfinger Hochbau became part of the Implenia Group with effect from March 3, 2017.<\/p>","protected":false},"author":3,"featured_media":6428,"comment_status":"open","ping_status":"open","sticky":false,"template":"","format":"standard","meta":{"_acf_changed":false,"_yoast_wpseo_focuskw":"Bilfinger Hochbau","_yoast_wpseo_title":"","_yoast_wpseo_metadesc":"Das Closing ist erfolgt: Die Aktivit\u00e4ten der Bilfinger Hochbau sind mit Wirkung zum 3. M\u00e4rz Teil der Implenia-Gruppe geworden.","_yoast_wpseo_linkdex":49,"pgc_sgb_lightbox_settings":"","footnotes":""},"categories":[988],"tags":[1359,1807],"class_list":["post-6561","post","type-post","status-publish","format-standard","has-post-thumbnail","hentry","category-unternehmen","tag-implenia","tag-unternehmen"],"acf":[],"yoast_head":"<!-- This site is optimized with the Yoast SEO plugin v27.4 - https:\/\/yoast.com\/product\/yoast-seo-wordpress\/ -->\n<title>Bilfinger Hochbau ist jetzt Teil von Implenia - IMMOBILIEN Business<\/title>\n<meta name=\"description\" content=\"Das Closing ist erfolgt: Die Aktivit\u00e4ten der Bilfinger Hochbau sind mit Wirkung zum 3. M\u00e4rz Teil der Implenia-Gruppe geworden.\" \/>\n<meta name=\"robots\" content=\"index, follow, max-snippet:-1, max-image-preview:large, max-video-preview:-1\" \/>\n<link rel=\"canonical\" href=\"https:\/\/www.immobilienbusiness.ch\/en\/unternehmen\/2017-03-06\/bilfinger-hochbau-ist-jetzt-teil-der-implenia-gruppe\/\" \/>\n<meta property=\"og:locale\" content=\"en_US\" \/>\n<meta property=\"og:type\" content=\"article\" \/>\n<meta property=\"og:title\" content=\"Bilfinger Hochbau ist jetzt Teil von Implenia\" \/>\n<meta property=\"og:description\" content=\"Das Closing ist erfolgt: Die Aktivit\u00e4ten der Bilfinger Hochbau sind mit Wirkung zum 3. M\u00e4rz Teil der Implenia-Gruppe geworden.\" \/>\n<meta property=\"og:url\" content=\"https:\/\/www.immobilienbusiness.ch\/en\/unternehmen\/2017-03-06\/bilfinger-hochbau-ist-jetzt-teil-der-implenia-gruppe\/\" \/>\n<meta property=\"og:site_name\" content=\"IMMOBILIEN Business\" \/>\n<meta property=\"article:publisher\" content=\"https:\/\/www.facebook.com\/immobilienbusiness\/\" \/>\n<meta property=\"article:published_time\" content=\"2017-03-06T07:29:55+00:00\" \/>\n<meta property=\"og:image\" content=\"https:\/\/www.immobilienbusiness.ch\/wp-content\/uploads\/2017\/02\/swissmill-kran_1-1024x576.jpg\" \/>\n\t<meta property=\"og:image:width\" content=\"1024\" \/>\n\t<meta property=\"og:image:height\" content=\"576\" \/>\n\t<meta property=\"og:image:type\" content=\"image\/jpeg\" \/>\n<meta name=\"author\" content=\"anja.hall\" \/>\n<meta name=\"twitter:card\" content=\"summary_large_image\" \/>\n<meta name=\"twitter:title\" content=\"Das Closing ist erfolgt: Die Aktivit\u00e4ten der Bilfinger Hochbau sind mit Wirkung zum 3. M\u00e4rz Teil der Implenia-Gruppe geworden.\" \/>\n<meta name=\"twitter:description\" content=\"Das Closing ist erfolgt: Die Aktivit\u00e4ten der Bilfinger Hochbau sind mit Wirkung zum 3. M\u00e4rz Teil der Implenia-Gruppe geworden.\" \/>\n<meta name=\"twitter:image\" content=\"https:\/\/www.immobilienbusiness.ch\/wp-content\/uploads\/2017\/02\/swissmill-kran_1.jpg\" \/>\n<script type=\"application\/ld+json\" class=\"yoast-schema-graph\">{\"@context\":\"https:\\\/\\\/schema.org\",\"@graph\":[{\"@type\":\"Article\",\"@id\":\"https:\\\/\\\/www.immobilienbusiness.ch\\\/unternehmen\\\/2017-03-06\\\/bilfinger-hochbau-ist-jetzt-teil-der-implenia-gruppe\\\/#article\",\"isPartOf\":{\"@id\":\"https:\\\/\\\/www.immobilienbusiness.ch\\\/unternehmen\\\/2017-03-06\\\/bilfinger-hochbau-ist-jetzt-teil-der-implenia-gruppe\\\/\"},\"author\":{\"name\":\"anja.hall\",\"@id\":\"https:\\\/\\\/www.immobilienbusiness.ch\\\/#\\\/schema\\\/person\\\/3fc036297b10b9f42d6db5ee932af8c8\"},\"headline\":\"Bilfinger Hochbau ist jetzt Teil von Implenia\",\"datePublished\":\"2017-03-06T07:29:55+00:00\",\"mainEntityOfPage\":{\"@id\":\"https:\\\/\\\/www.immobilienbusiness.ch\\\/unternehmen\\\/2017-03-06\\\/bilfinger-hochbau-ist-jetzt-teil-der-implenia-gruppe\\\/\"},\"wordCount\":130,\"commentCount\":0,\"publisher\":{\"@id\":\"https:\\\/\\\/www.immobilienbusiness.ch\\\/#organization\"},\"image\":{\"@id\":\"https:\\\/\\\/www.immobilienbusiness.ch\\\/unternehmen\\\/2017-03-06\\\/bilfinger-hochbau-ist-jetzt-teil-der-implenia-gruppe\\\/#primaryimage\"},\"thumbnailUrl\":\"https:\\\/\\\/www.immobilienbusiness.ch\\\/wp-content\\\/uploads\\\/2017\\\/02\\\/swissmill-kran_1.jpg\",\"keywords\":[\"Implenia\",\"Unternehmen\"],\"articleSection\":[\"UNTERNEHMEN\"],\"inLanguage\":\"en-US\"},{\"@type\":\"WebPage\",\"@id\":\"https:\\\/\\\/www.immobilienbusiness.ch\\\/unternehmen\\\/2017-03-06\\\/bilfinger-hochbau-ist-jetzt-teil-der-implenia-gruppe\\\/\",\"url\":\"https:\\\/\\\/www.immobilienbusiness.ch\\\/unternehmen\\\/2017-03-06\\\/bilfinger-hochbau-ist-jetzt-teil-der-implenia-gruppe\\\/\",\"name\":\"Bilfinger Hochbau ist jetzt Teil von Implenia - IMMOBILIEN Business\",\"isPartOf\":{\"@id\":\"https:\\\/\\\/www.immobilienbusiness.ch\\\/#website\"},\"primaryImageOfPage\":{\"@id\":\"https:\\\/\\\/www.immobilienbusiness.ch\\\/unternehmen\\\/2017-03-06\\\/bilfinger-hochbau-ist-jetzt-teil-der-implenia-gruppe\\\/#primaryimage\"},\"image\":{\"@id\":\"https:\\\/\\\/www.immobilienbusiness.ch\\\/unternehmen\\\/2017-03-06\\\/bilfinger-hochbau-ist-jetzt-teil-der-implenia-gruppe\\\/#primaryimage\"},\"thumbnailUrl\":\"https:\\\/\\\/www.immobilienbusiness.ch\\\/wp-content\\\/uploads\\\/2017\\\/02\\\/swissmill-kran_1.jpg\",\"datePublished\":\"2017-03-06T07:29:55+00:00\",\"description\":\"Das Closing ist erfolgt: Die Aktivit\u00e4ten der Bilfinger Hochbau sind mit Wirkung zum 3. M\u00e4rz Teil der Implenia-Gruppe geworden.\",\"breadcrumb\":{\"@id\":\"https:\\\/\\\/www.immobilienbusiness.ch\\\/unternehmen\\\/2017-03-06\\\/bilfinger-hochbau-ist-jetzt-teil-der-implenia-gruppe\\\/#breadcrumb\"},\"inLanguage\":\"en-US\",\"potentialAction\":[{\"@type\":\"ReadAction\",\"target\":[\"https:\\\/\\\/www.immobilienbusiness.ch\\\/unternehmen\\\/2017-03-06\\\/bilfinger-hochbau-ist-jetzt-teil-der-implenia-gruppe\\\/\"]}]},{\"@type\":\"ImageObject\",\"inLanguage\":\"en-US\",\"@id\":\"https:\\\/\\\/www.immobilienbusiness.ch\\\/unternehmen\\\/2017-03-06\\\/bilfinger-hochbau-ist-jetzt-teil-der-implenia-gruppe\\\/#primaryimage\",\"url\":\"https:\\\/\\\/www.immobilienbusiness.ch\\\/wp-content\\\/uploads\\\/2017\\\/02\\\/swissmill-kran_1.jpg\",\"contentUrl\":\"https:\\\/\\\/www.immobilienbusiness.ch\\\/wp-content\\\/uploads\\\/2017\\\/02\\\/swissmill-kran_1.jpg\",\"width\":2560,\"height\":1440,\"caption\":\"Der gr\u00f6sste Schweizer Baukonzern sieht sich f\u00fcr das Jahr 2023 auf Kurs (Bild: Depositphotos) (Foto: Implenia)\"},{\"@type\":\"BreadcrumbList\",\"@id\":\"https:\\\/\\\/www.immobilienbusiness.ch\\\/unternehmen\\\/2017-03-06\\\/bilfinger-hochbau-ist-jetzt-teil-der-implenia-gruppe\\\/#breadcrumb\",\"itemListElement\":[{\"@type\":\"ListItem\",\"position\":1,\"name\":\"Home\",\"item\":\"https:\\\/\\\/www.immobilienbusiness.ch\\\/\"},{\"@type\":\"ListItem\",\"position\":2,\"name\":\"Bilfinger Hochbau ist jetzt Teil von Implenia\"}]},{\"@type\":\"WebSite\",\"@id\":\"https:\\\/\\\/www.immobilienbusiness.ch\\\/#website\",\"url\":\"https:\\\/\\\/www.immobilienbusiness.ch\\\/\",\"name\":\"IMMOBILIEN Business\",\"description\":\"Unabh\u00e4ngiges Schweizer Wirtschaftsmagazin mit Fokus auf Immobilien, Architektur- und Bau sowie Investment- und Finanzierung.\",\"publisher\":{\"@id\":\"https:\\\/\\\/www.immobilienbusiness.ch\\\/#organization\"},\"potentialAction\":[{\"@type\":\"SearchAction\",\"target\":{\"@type\":\"EntryPoint\",\"urlTemplate\":\"https:\\\/\\\/www.immobilienbusiness.ch\\\/?s={search_term_string}\"},\"query-input\":{\"@type\":\"PropertyValueSpecification\",\"valueRequired\":true,\"valueName\":\"search_term_string\"}}],\"inLanguage\":\"en-US\"},{\"@type\":\"Organization\",\"@id\":\"https:\\\/\\\/www.immobilienbusiness.ch\\\/#organization\",\"name\":\"IMMOBILIEN Business\",\"url\":\"https:\\\/\\\/www.immobilienbusiness.ch\\\/\",\"logo\":{\"@type\":\"ImageObject\",\"inLanguage\":\"en-US\",\"@id\":\"https:\\\/\\\/www.immobilienbusiness.ch\\\/#\\\/schema\\\/logo\\\/image\\\/\",\"url\":\"https:\\\/\\\/www.immobilienbusiness.ch\\\/wp-content\\\/uploads\\\/2021\\\/07\\\/logo_ib.png\",\"contentUrl\":\"https:\\\/\\\/www.immobilienbusiness.ch\\\/wp-content\\\/uploads\\\/2021\\\/07\\\/logo_ib.png\",\"width\":800,\"height\":181,\"caption\":\"IMMOBILIEN Business\"},\"image\":{\"@id\":\"https:\\\/\\\/www.immobilienbusiness.ch\\\/#\\\/schema\\\/logo\\\/image\\\/\"},\"sameAs\":[\"https:\\\/\\\/www.facebook.com\\\/immobilienbusiness\\\/\"]},{\"@type\":\"Person\",\"@id\":\"https:\\\/\\\/www.immobilienbusiness.ch\\\/#\\\/schema\\\/person\\\/3fc036297b10b9f42d6db5ee932af8c8\",\"name\":\"anja.hall\",\"image\":{\"@type\":\"ImageObject\",\"inLanguage\":\"en-US\",\"@id\":\"https:\\\/\\\/secure.gravatar.com\\\/avatar\\\/066b5a0d447013502c71a5782f4f3469f03cfe595cc2329fb94652fe47511bfb?s=96&d=mm&r=g\",\"url\":\"https:\\\/\\\/secure.gravatar.com\\\/avatar\\\/066b5a0d447013502c71a5782f4f3469f03cfe595cc2329fb94652fe47511bfb?s=96&d=mm&r=g\",\"contentUrl\":\"https:\\\/\\\/secure.gravatar.com\\\/avatar\\\/066b5a0d447013502c71a5782f4f3469f03cfe595cc2329fb94652fe47511bfb?s=96&d=mm&r=g\",\"caption\":\"anja.hall\"},\"url\":\"https:\\\/\\\/www.immobilienbusiness.ch\\\/en\\\/author\\\/anja-hall\\\/\"}]}<\/script>\n<!-- \/ Yoast SEO plugin. -->","yoast_head_json":{"title":"Bilfinger Hochbau ist jetzt Teil von Implenia - IMMOBILIEN Business","description":"Das Closing ist erfolgt: Die Aktivit\u00e4ten der Bilfinger Hochbau sind mit Wirkung zum 3. M\u00e4rz Teil der Implenia-Gruppe geworden.","robots":{"index":"index","follow":"follow","max-snippet":"max-snippet:-1","max-image-preview":"max-image-preview:large","max-video-preview":"max-video-preview:-1"},"canonical":"https:\/\/www.immobilienbusiness.ch\/en\/unternehmen\/2017-03-06\/bilfinger-hochbau-ist-jetzt-teil-der-implenia-gruppe\/","og_locale":"en_US","og_type":"article","og_title":"Bilfinger Hochbau ist jetzt Teil von Implenia","og_description":"Das Closing ist erfolgt: Die Aktivit\u00e4ten der Bilfinger Hochbau sind mit Wirkung zum 3. M\u00e4rz Teil der Implenia-Gruppe geworden.","og_url":"https:\/\/www.immobilienbusiness.ch\/en\/unternehmen\/2017-03-06\/bilfinger-hochbau-ist-jetzt-teil-der-implenia-gruppe\/","og_site_name":"IMMOBILIEN Business","article_publisher":"https:\/\/www.facebook.com\/immobilienbusiness\/","article_published_time":"2017-03-06T07:29:55+00:00","og_image":[{"width":1024,"height":576,"url":"https:\/\/www.immobilienbusiness.ch\/wp-content\/uploads\/2017\/02\/swissmill-kran_1-1024x576.jpg","type":"image\/jpeg"}],"author":"anja.hall","twitter_card":"summary_large_image","twitter_title":"Das Closing ist erfolgt: Die Aktivit\u00e4ten der Bilfinger Hochbau sind mit Wirkung zum 3. M\u00e4rz Teil der Implenia-Gruppe geworden.","twitter_description":"Das Closing ist erfolgt: Die Aktivit\u00e4ten der Bilfinger Hochbau sind mit Wirkung zum 3. M\u00e4rz Teil der Implenia-Gruppe geworden.","twitter_image":"https:\/\/www.immobilienbusiness.ch\/wp-content\/uploads\/2017\/02\/swissmill-kran_1.jpg","schema":{"@context":"https:\/\/schema.org","@graph":[{"@type":"Article","@id":"https:\/\/www.immobilienbusiness.ch\/unternehmen\/2017-03-06\/bilfinger-hochbau-ist-jetzt-teil-der-implenia-gruppe\/#article","isPartOf":{"@id":"https:\/\/www.immobilienbusiness.ch\/unternehmen\/2017-03-06\/bilfinger-hochbau-ist-jetzt-teil-der-implenia-gruppe\/"},"author":{"name":"anja.hall","@id":"https:\/\/www.immobilienbusiness.ch\/#\/schema\/person\/3fc036297b10b9f42d6db5ee932af8c8"},"headline":"Bilfinger Hochbau ist jetzt Teil von Implenia","datePublished":"2017-03-06T07:29:55+00:00","mainEntityOfPage":{"@id":"https:\/\/www.immobilienbusiness.ch\/unternehmen\/2017-03-06\/bilfinger-hochbau-ist-jetzt-teil-der-implenia-gruppe\/"},"wordCount":130,"commentCount":0,"publisher":{"@id":"https:\/\/www.immobilienbusiness.ch\/#organization"},"image":{"@id":"https:\/\/www.immobilienbusiness.ch\/unternehmen\/2017-03-06\/bilfinger-hochbau-ist-jetzt-teil-der-implenia-gruppe\/#primaryimage"},"thumbnailUrl":"https:\/\/www.immobilienbusiness.ch\/wp-content\/uploads\/2017\/02\/swissmill-kran_1.jpg","keywords":["Implenia","Unternehmen"],"articleSection":["UNTERNEHMEN"],"inLanguage":"en-US"},{"@type":"WebPage","@id":"https:\/\/www.immobilienbusiness.ch\/unternehmen\/2017-03-06\/bilfinger-hochbau-ist-jetzt-teil-der-implenia-gruppe\/","url":"https:\/\/www.immobilienbusiness.ch\/unternehmen\/2017-03-06\/bilfinger-hochbau-ist-jetzt-teil-der-implenia-gruppe\/","name":"Bilfinger Hochbau ist jetzt Teil von Implenia - IMMOBILIEN Business","isPartOf":{"@id":"https:\/\/www.immobilienbusiness.ch\/#website"},"primaryImageOfPage":{"@id":"https:\/\/www.immobilienbusiness.ch\/unternehmen\/2017-03-06\/bilfinger-hochbau-ist-jetzt-teil-der-implenia-gruppe\/#primaryimage"},"image":{"@id":"https:\/\/www.immobilienbusiness.ch\/unternehmen\/2017-03-06\/bilfinger-hochbau-ist-jetzt-teil-der-implenia-gruppe\/#primaryimage"},"thumbnailUrl":"https:\/\/www.immobilienbusiness.ch\/wp-content\/uploads\/2017\/02\/swissmill-kran_1.jpg","datePublished":"2017-03-06T07:29:55+00:00","description":"Das Closing ist erfolgt: Die Aktivit\u00e4ten der Bilfinger Hochbau sind mit Wirkung zum 3. M\u00e4rz Teil der Implenia-Gruppe geworden.","breadcrumb":{"@id":"https:\/\/www.immobilienbusiness.ch\/unternehmen\/2017-03-06\/bilfinger-hochbau-ist-jetzt-teil-der-implenia-gruppe\/#breadcrumb"},"inLanguage":"en-US","potentialAction":[{"@type":"ReadAction","target":["https:\/\/www.immobilienbusiness.ch\/unternehmen\/2017-03-06\/bilfinger-hochbau-ist-jetzt-teil-der-implenia-gruppe\/"]}]},{"@type":"ImageObject","inLanguage":"en-US","@id":"https:\/\/www.immobilienbusiness.ch\/unternehmen\/2017-03-06\/bilfinger-hochbau-ist-jetzt-teil-der-implenia-gruppe\/#primaryimage","url":"https:\/\/www.immobilienbusiness.ch\/wp-content\/uploads\/2017\/02\/swissmill-kran_1.jpg","contentUrl":"https:\/\/www.immobilienbusiness.ch\/wp-content\/uploads\/2017\/02\/swissmill-kran_1.jpg","width":2560,"height":1440,"caption":"Der gr\u00f6sste Schweizer Baukonzern sieht sich f\u00fcr das Jahr 2023 auf Kurs (Bild: Depositphotos) (Foto: Implenia)"},{"@type":"BreadcrumbList","@id":"https:\/\/www.immobilienbusiness.ch\/unternehmen\/2017-03-06\/bilfinger-hochbau-ist-jetzt-teil-der-implenia-gruppe\/#breadcrumb","itemListElement":[{"@type":"ListItem","position":1,"name":"Home","item":"https:\/\/www.immobilienbusiness.ch\/"},{"@type":"ListItem","position":2,"name":"Bilfinger Hochbau ist jetzt Teil von Implenia"}]},{"@type":"WebSite","@id":"https:\/\/www.immobilienbusiness.ch\/#website","url":"https:\/\/www.immobilienbusiness.ch\/","name":"REAL ESTATE Business","description":"Independent Swiss business magazine focusing on real estate, architecture and construction as well as investment and financing.","publisher":{"@id":"https:\/\/www.immobilienbusiness.ch\/#organization"},"potentialAction":[{"@type":"SearchAction","target":{"@type":"EntryPoint","urlTemplate":"https:\/\/www.immobilienbusiness.ch\/?s={search_term_string}"},"query-input":{"@type":"PropertyValueSpecification","valueRequired":true,"valueName":"search_term_string"}}],"inLanguage":"en-US"},{"@type":"Organization","@id":"https:\/\/www.immobilienbusiness.ch\/#organization","name":"REAL ESTATE Business","url":"https:\/\/www.immobilienbusiness.ch\/","logo":{"@type":"ImageObject","inLanguage":"en-US","@id":"https:\/\/www.immobilienbusiness.ch\/#\/schema\/logo\/image\/","url":"https:\/\/www.immobilienbusiness.ch\/wp-content\/uploads\/2021\/07\/logo_ib.png","contentUrl":"https:\/\/www.immobilienbusiness.ch\/wp-content\/uploads\/2021\/07\/logo_ib.png","width":800,"height":181,"caption":"IMMOBILIEN Business"},"image":{"@id":"https:\/\/www.immobilienbusiness.ch\/#\/schema\/logo\/image\/"},"sameAs":["https:\/\/www.facebook.com\/immobilienbusiness\/"]},{"@type":"Person","@id":"https:\/\/www.immobilienbusiness.ch\/#\/schema\/person\/3fc036297b10b9f42d6db5ee932af8c8","name":"anja.hall","image":{"@type":"ImageObject","inLanguage":"en-US","@id":"https:\/\/secure.gravatar.com\/avatar\/066b5a0d447013502c71a5782f4f3469f03cfe595cc2329fb94652fe47511bfb?s=96&d=mm&r=g","url":"https:\/\/secure.gravatar.com\/avatar\/066b5a0d447013502c71a5782f4f3469f03cfe595cc2329fb94652fe47511bfb?s=96&d=mm&r=g","contentUrl":"https:\/\/secure.gravatar.com\/avatar\/066b5a0d447013502c71a5782f4f3469f03cfe595cc2329fb94652fe47511bfb?s=96&d=mm&r=g","caption":"anja.hall"},"url":"https:\/\/www.immobilienbusiness.ch\/en\/author\/anja-hall\/"}]}},"_links":{"self":[{"href":"https:\/\/www.immobilienbusiness.ch\/en\/wp-json\/wp\/v2\/posts\/6561","targetHints":{"allow":["GET"]}}],"collection":[{"href":"https:\/\/www.immobilienbusiness.ch\/en\/wp-json\/wp\/v2\/posts"}],"about":[{"href":"https:\/\/www.immobilienbusiness.ch\/en\/wp-json\/wp\/v2\/types\/post"}],"author":[{"embeddable":true,"href":"https:\/\/www.immobilienbusiness.ch\/en\/wp-json\/wp\/v2\/users\/3"}],"replies":[{"embeddable":true,"href":"https:\/\/www.immobilienbusiness.ch\/en\/wp-json\/wp\/v2\/comments?post=6561"}],"version-history":[{"count":0,"href":"https:\/\/www.immobilienbusiness.ch\/en\/wp-json\/wp\/v2\/posts\/6561\/revisions"}],"wp:featuredmedia":[{"embeddable":true,"href":"https:\/\/www.immobilienbusiness.ch\/en\/wp-json\/wp\/v2\/media\/6428"}],"wp:attachment":[{"href":"https:\/\/www.immobilienbusiness.ch\/en\/wp-json\/wp\/v2\/media?parent=6561"}],"wp:term":[{"taxonomy":"category","embeddable":true,"href":"https:\/\/www.immobilienbusiness.ch\/en\/wp-json\/wp\/v2\/categories?post=6561"},{"taxonomy":"post_tag","embeddable":true,"href":"https:\/\/www.immobilienbusiness.ch\/en\/wp-json\/wp\/v2\/tags?post=6561"}],"curies":[{"name":"wp","href":"https:\/\/api.w.org\/{rel}","templated":true}]}}