{"id":655,"date":"2015-09-02T08:56:17","date_gmt":"2015-09-02T06:56:17","guid":{"rendered":"http:\/\/dev.immobilienbusiness.ch\/?p=655"},"modified":"2015-09-02T08:56:17","modified_gmt":"2015-09-02T06:56:17","slug":"riccardo-boscardin-wird-privera-vr","status":"publish","type":"post","link":"https:\/\/www.immobilienbusiness.ch\/en\/unternehmen\/2015-09-02\/riccardo-boscardin-wird-privera-vr\/","title":{"rendered":"Riccardo Boscardin becomes Privera-VR"},"content":{"rendered":"<figure id=\"attachment_4733\" aria-describedby=\"caption-attachment-4733\" style=\"width: 664px\" class=\"wp-caption alignnone\"><img loading=\"lazy\" decoding=\"async\" class=\"wp-image-4733 size-medium\" src=\"https:\/\/immobilienbusiness.ch\/wp-content\/uploads\/2015\/09\/Riccardo-Boscardin-wird-Privera-VR-immobilien-business.jpg\" width=\"664\" height=\"1000\" srcset=\"https:\/\/www.immobilienbusiness.ch\/wp-content\/uploads\/2015\/09\/Riccardo-Boscardin-wird-Privera-VR-immobilien-business.jpg 709w, https:\/\/www.immobilienbusiness.ch\/wp-content\/uploads\/2015\/09\/Riccardo-Boscardin-wird-Privera-VR-immobilien-business-199x300.jpg 199w, https:\/\/www.immobilienbusiness.ch\/wp-content\/uploads\/2015\/09\/Riccardo-Boscardin-wird-Privera-VR-immobilien-business-680x1024.jpg 680w, https:\/\/www.immobilienbusiness.ch\/wp-content\/uploads\/2015\/09\/Riccardo-Boscardin-wird-Privera-VR-immobilien-business-8x12.jpg 8w, https:\/\/www.immobilienbusiness.ch\/wp-content\/uploads\/2015\/09\/Riccardo-Boscardin-wird-Privera-VR-immobilien-business-116x175.jpg 116w, https:\/\/www.immobilienbusiness.ch\/wp-content\/uploads\/2015\/09\/Riccardo-Boscardin-wird-Privera-VR-immobilien-business-233x350.jpg 233w, https:\/\/www.immobilienbusiness.ch\/wp-content\/uploads\/2015\/09\/Riccardo-Boscardin-wird-Privera-VR-immobilien-business-532x800.jpg 532w, https:\/\/www.immobilienbusiness.ch\/wp-content\/uploads\/2015\/09\/Riccardo-Boscardin-wird-Privera-VR-immobilien-business-300x451.jpg 300w\" sizes=\"auto, (max-width: 664px) 100vw, 664px\" \/><figcaption id=\"caption-attachment-4733\" class=\"wp-caption-text\">Riccardo Boscadin (Photo: Privera AG)<\/figcaption><\/figure>\n<p>After more than 30 years with the UBS Group, Dr Riccardo Boscardin (born 1952) set up his own company, Boscardin Real Estate, at the beginning of 2015. At the former Swiss Bank Corporation, he managed the real estate funds and the Swiss-wide Serimo Immobiliendienste AG. Subsequently, as Head Global Real Estate Switzerland and Head Global Customized Client Mandates at UBS, he had overall responsibility for UBS's real estate funds and investment foundations, among other things.<\/p>\n<p>In addition to Boscardin, the current members of Privera's Board of Directors are Catherine Dubey, Chairman of the Board, and Urs Lerch, former CEO of Privera. (ah)<\/p>","protected":false},"excerpt":{"rendered":"<p>Dr Riccardo Boscardin has been elected to the board of directors of real estate services provider Privera AG. The Basel native has an excellent network in the real estate industry and will actively support Privera in its further entrepreneurial development, the company writes in a statement.<\/p>","protected":false},"author":1,"featured_media":4733,"comment_status":"open","ping_status":"open","sticky":false,"template":"","format":"standard","meta":{"_acf_changed":false,"_yoast_wpseo_focuskw":"Riccardo Boscardin Privera","_yoast_wpseo_title":"Riccardo Boscardin: Privera VR Mitgliedschaft","_yoast_wpseo_metadesc":"Angesichts seiner langj\u00e4hrigen Erfahrung \u00fcbernimmt Riccardo Boscardin bei Privera eine f\u00fchrende Rolle im Verwaltungsrat.","_yoast_wpseo_linkdex":44,"pgc_sgb_lightbox_settings":"","footnotes":""},"categories":[988],"tags":[1564,1807],"class_list":["post-655","post","type-post","status-publish","format-standard","has-post-thumbnail","hentry","category-unternehmen","tag-personalien","tag-unternehmen"],"acf":[],"yoast_head":"<!-- This site is optimized with the Yoast SEO plugin v27.4 - https:\/\/yoast.com\/product\/yoast-seo-wordpress\/ -->\n<title>Riccardo Boscardin: Privera VR Mitgliedschaft<\/title>\n<meta name=\"description\" content=\"Angesichts seiner langj\u00e4hrigen Erfahrung \u00fcbernimmt Riccardo Boscardin bei Privera eine f\u00fchrende Rolle im Verwaltungsrat.\" \/>\n<meta name=\"robots\" content=\"index, follow, max-snippet:-1, max-image-preview:large, max-video-preview:-1\" \/>\n<link rel=\"canonical\" href=\"https:\/\/www.immobilienbusiness.ch\/en\/unternehmen\/2015-09-02\/riccardo-boscardin-wird-privera-vr\/\" \/>\n<meta property=\"og:locale\" content=\"en_US\" \/>\n<meta property=\"og:type\" content=\"article\" \/>\n<meta property=\"og:title\" content=\"Riccardo Boscardin wird Privera-VR\" \/>\n<meta property=\"og:description\" content=\"Dr. Riccardo Boscardin ist in den Verwaltungsrat der Immobiliendienstleisterin Privera AG gew\u00e4hlt worden. Der Basler verf\u00fcge \u00fcber ein hervorragendes Netzwerk in der Immobilienbranche und werde Privera tatkr\u00e4ftig in der unternehmerischen Weiterentwicklung unterst\u00fctzen, schreibt das Unternehmen in einer Mitteilung.\" \/>\n<meta property=\"og:url\" content=\"https:\/\/www.immobilienbusiness.ch\/en\/unternehmen\/2015-09-02\/riccardo-boscardin-wird-privera-vr\/\" \/>\n<meta property=\"og:site_name\" content=\"IMMOBILIEN Business\" \/>\n<meta property=\"article:publisher\" content=\"https:\/\/www.facebook.com\/immobilienbusiness\/\" \/>\n<meta property=\"article:published_time\" content=\"2015-09-02T06:56:17+00:00\" \/>\n<meta name=\"author\" content=\"Redaktion\" \/>\n<meta name=\"twitter:card\" content=\"summary_large_image\" \/>\n<meta name=\"twitter:image\" content=\"https:\/\/www.immobilienbusiness.ch\/wp-content\/uploads\/2015\/09\/Riccardo-Boscardin-wird-Privera-VR-immobilien-business.jpg\" \/>\n<script type=\"application\/ld+json\" class=\"yoast-schema-graph\">{\"@context\":\"https:\\\/\\\/schema.org\",\"@graph\":[{\"@type\":\"Article\",\"@id\":\"https:\\\/\\\/www.immobilienbusiness.ch\\\/unternehmen\\\/2015-09-02\\\/riccardo-boscardin-wird-privera-vr\\\/#article\",\"isPartOf\":{\"@id\":\"https:\\\/\\\/www.immobilienbusiness.ch\\\/unternehmen\\\/2015-09-02\\\/riccardo-boscardin-wird-privera-vr\\\/\"},\"author\":{\"name\":\"Redaktion\",\"@id\":\"https:\\\/\\\/www.immobilienbusiness.ch\\\/#\\\/schema\\\/person\\\/aa2bace6c5c5aad60102004a50c4eb1c\"},\"headline\":\"Riccardo Boscardin wird Privera-VR\",\"datePublished\":\"2015-09-02T06:56:17+00:00\",\"mainEntityOfPage\":{\"@id\":\"https:\\\/\\\/www.immobilienbusiness.ch\\\/unternehmen\\\/2015-09-02\\\/riccardo-boscardin-wird-privera-vr\\\/\"},\"wordCount\":108,\"commentCount\":0,\"publisher\":{\"@id\":\"https:\\\/\\\/www.immobilienbusiness.ch\\\/#organization\"},\"image\":{\"@id\":\"https:\\\/\\\/www.immobilienbusiness.ch\\\/unternehmen\\\/2015-09-02\\\/riccardo-boscardin-wird-privera-vr\\\/#primaryimage\"},\"thumbnailUrl\":\"https:\\\/\\\/www.immobilienbusiness.ch\\\/wp-content\\\/uploads\\\/2015\\\/09\\\/Riccardo-Boscardin-wird-Privera-VR-immobilien-business.jpg\",\"keywords\":[\"Personalien\",\"Unternehmen\"],\"articleSection\":[\"UNTERNEHMEN\"],\"inLanguage\":\"en-US\"},{\"@type\":\"WebPage\",\"@id\":\"https:\\\/\\\/www.immobilienbusiness.ch\\\/unternehmen\\\/2015-09-02\\\/riccardo-boscardin-wird-privera-vr\\\/\",\"url\":\"https:\\\/\\\/www.immobilienbusiness.ch\\\/unternehmen\\\/2015-09-02\\\/riccardo-boscardin-wird-privera-vr\\\/\",\"name\":\"Riccardo Boscardin: Privera VR Mitgliedschaft\",\"isPartOf\":{\"@id\":\"https:\\\/\\\/www.immobilienbusiness.ch\\\/#website\"},\"primaryImageOfPage\":{\"@id\":\"https:\\\/\\\/www.immobilienbusiness.ch\\\/unternehmen\\\/2015-09-02\\\/riccardo-boscardin-wird-privera-vr\\\/#primaryimage\"},\"image\":{\"@id\":\"https:\\\/\\\/www.immobilienbusiness.ch\\\/unternehmen\\\/2015-09-02\\\/riccardo-boscardin-wird-privera-vr\\\/#primaryimage\"},\"thumbnailUrl\":\"https:\\\/\\\/www.immobilienbusiness.ch\\\/wp-content\\\/uploads\\\/2015\\\/09\\\/Riccardo-Boscardin-wird-Privera-VR-immobilien-business.jpg\",\"datePublished\":\"2015-09-02T06:56:17+00:00\",\"description\":\"Angesichts seiner langj\u00e4hrigen Erfahrung \u00fcbernimmt Riccardo Boscardin bei Privera eine f\u00fchrende Rolle im Verwaltungsrat.\",\"breadcrumb\":{\"@id\":\"https:\\\/\\\/www.immobilienbusiness.ch\\\/unternehmen\\\/2015-09-02\\\/riccardo-boscardin-wird-privera-vr\\\/#breadcrumb\"},\"inLanguage\":\"en-US\",\"potentialAction\":[{\"@type\":\"ReadAction\",\"target\":[\"https:\\\/\\\/www.immobilienbusiness.ch\\\/unternehmen\\\/2015-09-02\\\/riccardo-boscardin-wird-privera-vr\\\/\"]}]},{\"@type\":\"ImageObject\",\"inLanguage\":\"en-US\",\"@id\":\"https:\\\/\\\/www.immobilienbusiness.ch\\\/unternehmen\\\/2015-09-02\\\/riccardo-boscardin-wird-privera-vr\\\/#primaryimage\",\"url\":\"https:\\\/\\\/www.immobilienbusiness.ch\\\/wp-content\\\/uploads\\\/2015\\\/09\\\/Riccardo-Boscardin-wird-Privera-VR-immobilien-business.jpg\",\"contentUrl\":\"https:\\\/\\\/www.immobilienbusiness.ch\\\/wp-content\\\/uploads\\\/2015\\\/09\\\/Riccardo-Boscardin-wird-Privera-VR-immobilien-business.jpg\",\"width\":709,\"height\":1067,\"caption\":\"Riccardo Boscadin (Foto: Privera AG)\"},{\"@type\":\"BreadcrumbList\",\"@id\":\"https:\\\/\\\/www.immobilienbusiness.ch\\\/unternehmen\\\/2015-09-02\\\/riccardo-boscardin-wird-privera-vr\\\/#breadcrumb\",\"itemListElement\":[{\"@type\":\"ListItem\",\"position\":1,\"name\":\"Home\",\"item\":\"https:\\\/\\\/www.immobilienbusiness.ch\\\/\"},{\"@type\":\"ListItem\",\"position\":2,\"name\":\"Riccardo Boscardin wird Privera-VR\"}]},{\"@type\":\"WebSite\",\"@id\":\"https:\\\/\\\/www.immobilienbusiness.ch\\\/#website\",\"url\":\"https:\\\/\\\/www.immobilienbusiness.ch\\\/\",\"name\":\"IMMOBILIEN Business\",\"description\":\"Unabh\u00e4ngiges Schweizer Wirtschaftsmagazin mit Fokus auf Immobilien, Architektur- und Bau sowie Investment- und Finanzierung.\",\"publisher\":{\"@id\":\"https:\\\/\\\/www.immobilienbusiness.ch\\\/#organization\"},\"potentialAction\":[{\"@type\":\"SearchAction\",\"target\":{\"@type\":\"EntryPoint\",\"urlTemplate\":\"https:\\\/\\\/www.immobilienbusiness.ch\\\/?s={search_term_string}\"},\"query-input\":{\"@type\":\"PropertyValueSpecification\",\"valueRequired\":true,\"valueName\":\"search_term_string\"}}],\"inLanguage\":\"en-US\"},{\"@type\":\"Organization\",\"@id\":\"https:\\\/\\\/www.immobilienbusiness.ch\\\/#organization\",\"name\":\"IMMOBILIEN Business\",\"url\":\"https:\\\/\\\/www.immobilienbusiness.ch\\\/\",\"logo\":{\"@type\":\"ImageObject\",\"inLanguage\":\"en-US\",\"@id\":\"https:\\\/\\\/www.immobilienbusiness.ch\\\/#\\\/schema\\\/logo\\\/image\\\/\",\"url\":\"https:\\\/\\\/www.immobilienbusiness.ch\\\/wp-content\\\/uploads\\\/2021\\\/07\\\/logo_ib.png\",\"contentUrl\":\"https:\\\/\\\/www.immobilienbusiness.ch\\\/wp-content\\\/uploads\\\/2021\\\/07\\\/logo_ib.png\",\"width\":800,\"height\":181,\"caption\":\"IMMOBILIEN Business\"},\"image\":{\"@id\":\"https:\\\/\\\/www.immobilienbusiness.ch\\\/#\\\/schema\\\/logo\\\/image\\\/\"},\"sameAs\":[\"https:\\\/\\\/www.facebook.com\\\/immobilienbusiness\\\/\"]},{\"@type\":\"Person\",\"@id\":\"https:\\\/\\\/www.immobilienbusiness.ch\\\/#\\\/schema\\\/person\\\/aa2bace6c5c5aad60102004a50c4eb1c\",\"name\":\"Redaktion\",\"image\":{\"@type\":\"ImageObject\",\"inLanguage\":\"en-US\",\"@id\":\"https:\\\/\\\/secure.gravatar.com\\\/avatar\\\/ae2f4d718e6c49043e314ce431e7e645d646302a24a5ef5a8bc8e3f5a032e319?s=96&d=mm&r=g\",\"url\":\"https:\\\/\\\/secure.gravatar.com\\\/avatar\\\/ae2f4d718e6c49043e314ce431e7e645d646302a24a5ef5a8bc8e3f5a032e319?s=96&d=mm&r=g\",\"contentUrl\":\"https:\\\/\\\/secure.gravatar.com\\\/avatar\\\/ae2f4d718e6c49043e314ce431e7e645d646302a24a5ef5a8bc8e3f5a032e319?s=96&d=mm&r=g\",\"caption\":\"Redaktion\"},\"sameAs\":[\"http:\\\/\\\/develop.organisator.galledia.ch\"],\"url\":\"https:\\\/\\\/www.immobilienbusiness.ch\\\/en\\\/author\\\/admin\\\/\"}]}<\/script>\n<!-- \/ Yoast SEO plugin. -->","yoast_head_json":{"title":"Riccardo Boscardin: Privera VR Mitgliedschaft","description":"Angesichts seiner langj\u00e4hrigen Erfahrung \u00fcbernimmt Riccardo Boscardin bei Privera eine f\u00fchrende Rolle im Verwaltungsrat.","robots":{"index":"index","follow":"follow","max-snippet":"max-snippet:-1","max-image-preview":"max-image-preview:large","max-video-preview":"max-video-preview:-1"},"canonical":"https:\/\/www.immobilienbusiness.ch\/en\/unternehmen\/2015-09-02\/riccardo-boscardin-wird-privera-vr\/","og_locale":"en_US","og_type":"article","og_title":"Riccardo Boscardin wird Privera-VR","og_description":"Dr. Riccardo Boscardin ist in den Verwaltungsrat der Immobiliendienstleisterin Privera AG gew\u00e4hlt worden. Der Basler verf\u00fcge \u00fcber ein hervorragendes Netzwerk in der Immobilienbranche und werde Privera tatkr\u00e4ftig in der unternehmerischen Weiterentwicklung unterst\u00fctzen, schreibt das Unternehmen in einer Mitteilung.","og_url":"https:\/\/www.immobilienbusiness.ch\/en\/unternehmen\/2015-09-02\/riccardo-boscardin-wird-privera-vr\/","og_site_name":"IMMOBILIEN Business","article_publisher":"https:\/\/www.facebook.com\/immobilienbusiness\/","article_published_time":"2015-09-02T06:56:17+00:00","author":"Redaktion","twitter_card":"summary_large_image","twitter_image":"https:\/\/www.immobilienbusiness.ch\/wp-content\/uploads\/2015\/09\/Riccardo-Boscardin-wird-Privera-VR-immobilien-business.jpg","schema":{"@context":"https:\/\/schema.org","@graph":[{"@type":"Article","@id":"https:\/\/www.immobilienbusiness.ch\/unternehmen\/2015-09-02\/riccardo-boscardin-wird-privera-vr\/#article","isPartOf":{"@id":"https:\/\/www.immobilienbusiness.ch\/unternehmen\/2015-09-02\/riccardo-boscardin-wird-privera-vr\/"},"author":{"name":"Redaktion","@id":"https:\/\/www.immobilienbusiness.ch\/#\/schema\/person\/aa2bace6c5c5aad60102004a50c4eb1c"},"headline":"Riccardo Boscardin wird Privera-VR","datePublished":"2015-09-02T06:56:17+00:00","mainEntityOfPage":{"@id":"https:\/\/www.immobilienbusiness.ch\/unternehmen\/2015-09-02\/riccardo-boscardin-wird-privera-vr\/"},"wordCount":108,"commentCount":0,"publisher":{"@id":"https:\/\/www.immobilienbusiness.ch\/#organization"},"image":{"@id":"https:\/\/www.immobilienbusiness.ch\/unternehmen\/2015-09-02\/riccardo-boscardin-wird-privera-vr\/#primaryimage"},"thumbnailUrl":"https:\/\/www.immobilienbusiness.ch\/wp-content\/uploads\/2015\/09\/Riccardo-Boscardin-wird-Privera-VR-immobilien-business.jpg","keywords":["Personalien","Unternehmen"],"articleSection":["UNTERNEHMEN"],"inLanguage":"en-US"},{"@type":"WebPage","@id":"https:\/\/www.immobilienbusiness.ch\/unternehmen\/2015-09-02\/riccardo-boscardin-wird-privera-vr\/","url":"https:\/\/www.immobilienbusiness.ch\/unternehmen\/2015-09-02\/riccardo-boscardin-wird-privera-vr\/","name":"Riccardo Boscardin: Privera VR Mitgliedschaft","isPartOf":{"@id":"https:\/\/www.immobilienbusiness.ch\/#website"},"primaryImageOfPage":{"@id":"https:\/\/www.immobilienbusiness.ch\/unternehmen\/2015-09-02\/riccardo-boscardin-wird-privera-vr\/#primaryimage"},"image":{"@id":"https:\/\/www.immobilienbusiness.ch\/unternehmen\/2015-09-02\/riccardo-boscardin-wird-privera-vr\/#primaryimage"},"thumbnailUrl":"https:\/\/www.immobilienbusiness.ch\/wp-content\/uploads\/2015\/09\/Riccardo-Boscardin-wird-Privera-VR-immobilien-business.jpg","datePublished":"2015-09-02T06:56:17+00:00","description":"Angesichts seiner langj\u00e4hrigen Erfahrung \u00fcbernimmt Riccardo Boscardin bei Privera eine f\u00fchrende Rolle im Verwaltungsrat.","breadcrumb":{"@id":"https:\/\/www.immobilienbusiness.ch\/unternehmen\/2015-09-02\/riccardo-boscardin-wird-privera-vr\/#breadcrumb"},"inLanguage":"en-US","potentialAction":[{"@type":"ReadAction","target":["https:\/\/www.immobilienbusiness.ch\/unternehmen\/2015-09-02\/riccardo-boscardin-wird-privera-vr\/"]}]},{"@type":"ImageObject","inLanguage":"en-US","@id":"https:\/\/www.immobilienbusiness.ch\/unternehmen\/2015-09-02\/riccardo-boscardin-wird-privera-vr\/#primaryimage","url":"https:\/\/www.immobilienbusiness.ch\/wp-content\/uploads\/2015\/09\/Riccardo-Boscardin-wird-Privera-VR-immobilien-business.jpg","contentUrl":"https:\/\/www.immobilienbusiness.ch\/wp-content\/uploads\/2015\/09\/Riccardo-Boscardin-wird-Privera-VR-immobilien-business.jpg","width":709,"height":1067,"caption":"Riccardo Boscadin (Foto: Privera AG)"},{"@type":"BreadcrumbList","@id":"https:\/\/www.immobilienbusiness.ch\/unternehmen\/2015-09-02\/riccardo-boscardin-wird-privera-vr\/#breadcrumb","itemListElement":[{"@type":"ListItem","position":1,"name":"Home","item":"https:\/\/www.immobilienbusiness.ch\/"},{"@type":"ListItem","position":2,"name":"Riccardo Boscardin wird Privera-VR"}]},{"@type":"WebSite","@id":"https:\/\/www.immobilienbusiness.ch\/#website","url":"https:\/\/www.immobilienbusiness.ch\/","name":"REAL ESTATE Business","description":"Independent Swiss business magazine focusing on real estate, architecture and construction as well as investment and financing.","publisher":{"@id":"https:\/\/www.immobilienbusiness.ch\/#organization"},"potentialAction":[{"@type":"SearchAction","target":{"@type":"EntryPoint","urlTemplate":"https:\/\/www.immobilienbusiness.ch\/?s={search_term_string}"},"query-input":{"@type":"PropertyValueSpecification","valueRequired":true,"valueName":"search_term_string"}}],"inLanguage":"en-US"},{"@type":"Organization","@id":"https:\/\/www.immobilienbusiness.ch\/#organization","name":"REAL ESTATE Business","url":"https:\/\/www.immobilienbusiness.ch\/","logo":{"@type":"ImageObject","inLanguage":"en-US","@id":"https:\/\/www.immobilienbusiness.ch\/#\/schema\/logo\/image\/","url":"https:\/\/www.immobilienbusiness.ch\/wp-content\/uploads\/2021\/07\/logo_ib.png","contentUrl":"https:\/\/www.immobilienbusiness.ch\/wp-content\/uploads\/2021\/07\/logo_ib.png","width":800,"height":181,"caption":"IMMOBILIEN Business"},"image":{"@id":"https:\/\/www.immobilienbusiness.ch\/#\/schema\/logo\/image\/"},"sameAs":["https:\/\/www.facebook.com\/immobilienbusiness\/"]},{"@type":"Person","@id":"https:\/\/www.immobilienbusiness.ch\/#\/schema\/person\/aa2bace6c5c5aad60102004a50c4eb1c","name":"Editorial","image":{"@type":"ImageObject","inLanguage":"en-US","@id":"https:\/\/secure.gravatar.com\/avatar\/ae2f4d718e6c49043e314ce431e7e645d646302a24a5ef5a8bc8e3f5a032e319?s=96&d=mm&r=g","url":"https:\/\/secure.gravatar.com\/avatar\/ae2f4d718e6c49043e314ce431e7e645d646302a24a5ef5a8bc8e3f5a032e319?s=96&d=mm&r=g","contentUrl":"https:\/\/secure.gravatar.com\/avatar\/ae2f4d718e6c49043e314ce431e7e645d646302a24a5ef5a8bc8e3f5a032e319?s=96&d=mm&r=g","caption":"Redaktion"},"sameAs":["http:\/\/develop.organisator.galledia.ch"],"url":"https:\/\/www.immobilienbusiness.ch\/en\/author\/admin\/"}]}},"_links":{"self":[{"href":"https:\/\/www.immobilienbusiness.ch\/en\/wp-json\/wp\/v2\/posts\/655","targetHints":{"allow":["GET"]}}],"collection":[{"href":"https:\/\/www.immobilienbusiness.ch\/en\/wp-json\/wp\/v2\/posts"}],"about":[{"href":"https:\/\/www.immobilienbusiness.ch\/en\/wp-json\/wp\/v2\/types\/post"}],"author":[{"embeddable":true,"href":"https:\/\/www.immobilienbusiness.ch\/en\/wp-json\/wp\/v2\/users\/1"}],"replies":[{"embeddable":true,"href":"https:\/\/www.immobilienbusiness.ch\/en\/wp-json\/wp\/v2\/comments?post=655"}],"version-history":[{"count":0,"href":"https:\/\/www.immobilienbusiness.ch\/en\/wp-json\/wp\/v2\/posts\/655\/revisions"}],"wp:featuredmedia":[{"embeddable":true,"href":"https:\/\/www.immobilienbusiness.ch\/en\/wp-json\/wp\/v2\/media\/4733"}],"wp:attachment":[{"href":"https:\/\/www.immobilienbusiness.ch\/en\/wp-json\/wp\/v2\/media?parent=655"}],"wp:term":[{"taxonomy":"category","embeddable":true,"href":"https:\/\/www.immobilienbusiness.ch\/en\/wp-json\/wp\/v2\/categories?post=655"},{"taxonomy":"post_tag","embeddable":true,"href":"https:\/\/www.immobilienbusiness.ch\/en\/wp-json\/wp\/v2\/tags?post=655"}],"curies":[{"name":"wp","href":"https:\/\/api.w.org\/{rel}","templated":true}]}}