{"id":65486,"date":"2025-09-24T07:00:40","date_gmt":"2025-09-24T05:00:40","guid":{"rendered":"https:\/\/www.immobilienbusiness.ch\/?p=65486"},"modified":"2025-09-25T13:26:47","modified_gmt":"2025-09-25T11:26:47","slug":"kriens-trevita-living-eroeffnet","status":"publish","type":"post","link":"https:\/\/www.immobilienbusiness.ch\/en\/regionen\/2025-09-24\/kriens-trevita-living-eroeffnet\/","title":{"rendered":"Kriens: \"Trevita Living\" opens"},"content":{"rendered":"<figure id=\"attachment_65487\" aria-describedby=\"caption-attachment-65487\" style=\"width: 768px\" class=\"wp-caption alignnone\"><a href=\"https:\/\/www.immobilienbusiness.ch\/wp-content\/uploads\/2025\/09\/Visualisierung_1_Nidfeld-scaled.jpeg\"><img loading=\"lazy\" decoding=\"async\" class=\"size-large wp-image-65487\" src=\"https:\/\/www.immobilienbusiness.ch\/wp-content\/uploads\/2025\/09\/Visualisierung_1_Nidfeld-1024x717.jpeg\" alt=\"\" width=\"768\" height=\"538\" srcset=\"https:\/\/www.immobilienbusiness.ch\/wp-content\/uploads\/2025\/09\/Visualisierung_1_Nidfeld-1024x717.jpeg 1024w, https:\/\/www.immobilienbusiness.ch\/wp-content\/uploads\/2025\/09\/Visualisierung_1_Nidfeld-300x210.jpeg 300w, https:\/\/www.immobilienbusiness.ch\/wp-content\/uploads\/2025\/09\/Visualisierung_1_Nidfeld-768x538.jpeg 768w, https:\/\/www.immobilienbusiness.ch\/wp-content\/uploads\/2025\/09\/Visualisierung_1_Nidfeld-1536x1075.jpeg 1536w, https:\/\/www.immobilienbusiness.ch\/wp-content\/uploads\/2025\/09\/Visualisierung_1_Nidfeld-2048x1434.jpeg 2048w, https:\/\/www.immobilienbusiness.ch\/wp-content\/uploads\/2025\/09\/Visualisierung_1_Nidfeld-18x12.jpeg 18w, https:\/\/www.immobilienbusiness.ch\/wp-content\/uploads\/2025\/09\/Visualisierung_1_Nidfeld-375x263.jpeg 375w, https:\/\/www.immobilienbusiness.ch\/wp-content\/uploads\/2025\/09\/Visualisierung_1_Nidfeld-500x350.jpeg 500w, https:\/\/www.immobilienbusiness.ch\/wp-content\/uploads\/2025\/09\/Visualisierung_1_Nidfeld-1000x700.jpeg 1000w, https:\/\/www.immobilienbusiness.ch\/wp-content\/uploads\/2025\/09\/Visualisierung_1_Nidfeld-scaled.jpeg 1200w\" sizes=\"auto, (max-width: 768px) 100vw, 768px\" \/><\/a><figcaption id=\"caption-attachment-65487\" class=\"wp-caption-text\">The new development on Nidfeldstrasse is part of the Nidfeld district in Kriens (Image: zVg)<\/figcaption><\/figure>\n<p>The Trevita Living development in the Nidfeld quarter at Nidfeldstrasse 2 in Kriens has been completed. According to Trevita AG from Horgen, a total of 65 senior apartments have been let. The property has a reception, cafeteria, fitness area and studios as well as 1,100 square meters of office and commercial space, which are available in the shell of the building.<\/p>\n<p>Trevita Living and the B4 building complex are part of the new Nidfeld quarter in Kriens, Lucerne South. The apartments are offered together with services that are particularly tailored to senior citizens.<\/p>\n<p>The investor in the property is Patrimonium Asset Management AG. Belano Betriebs AG, a subsidiary of Trevita, will operate the property.<\/p>","protected":false},"excerpt":{"rendered":"<p>The development in the Nidfeld district comprises managed senior apartments and is owned by Patrimonium Asset Management.<\/p>","protected":false},"author":102,"featured_media":65487,"comment_status":"closed","ping_status":"closed","sticky":false,"template":"","format":"standard","meta":{"_acf_changed":false,"_yoast_wpseo_focuskw":"Kriens","_yoast_wpseo_title":"","_yoast_wpseo_metadesc":"Die \u00dcberbauung im Quartier Nidfeld umfasst bewirtschaftete Seniorenwohnungen und geh\u00f6rt der Patrimonium Asset Management.","_yoast_wpseo_linkdex":65,"pgc_sgb_lightbox_settings":"","footnotes":""},"categories":[985],"tags":[2049,1219,1425,1958,1556,2204,1690,4325,1830],"class_list":["post-65486","post","type-post","status-publish","format-standard","has-post-thumbnail","hentry","category-regionen","tag-belano","tag-fertigstellung","tag-kriens","tag-lu","tag-patrimonium","tag-seniorenwohnungen","tag-serviced-apartments","tag-trevita","tag-verkauf"],"acf":[],"yoast_head":"<!-- This site is optimized with the Yoast SEO plugin v27.5 - https:\/\/yoast.com\/product\/yoast-seo-wordpress\/ -->\n<title>Kriens: \u00abTrevita Living\u00bb er\u00f6ffnet - IMMOBILIEN Business<\/title>\n<meta name=\"description\" content=\"Die \u00dcberbauung im Quartier Nidfeld umfasst bewirtschaftete Seniorenwohnungen und geh\u00f6rt der Patrimonium Asset Management.\" \/>\n<meta name=\"robots\" content=\"index, follow, max-snippet:-1, max-image-preview:large, max-video-preview:-1\" \/>\n<link rel=\"canonical\" href=\"https:\/\/www.immobilienbusiness.ch\/en\/regionen\/2025-09-24\/kriens-trevita-living-eroeffnet\/\" \/>\n<meta property=\"og:locale\" content=\"en_US\" \/>\n<meta property=\"og:type\" content=\"article\" \/>\n<meta property=\"og:title\" content=\"Kriens: \u00abTrevita Living\u00bb er\u00f6ffnet - IMMOBILIEN Business\" \/>\n<meta property=\"og:description\" content=\"Die \u00dcberbauung im Quartier Nidfeld umfasst bewirtschaftete Seniorenwohnungen und geh\u00f6rt der Patrimonium Asset Management.\" \/>\n<meta property=\"og:url\" content=\"https:\/\/www.immobilienbusiness.ch\/en\/regionen\/2025-09-24\/kriens-trevita-living-eroeffnet\/\" \/>\n<meta property=\"og:site_name\" content=\"IMMOBILIEN Business\" \/>\n<meta property=\"article:publisher\" content=\"https:\/\/www.facebook.com\/immobilienbusiness\/\" \/>\n<meta property=\"article:published_time\" content=\"2025-09-24T05:00:40+00:00\" \/>\n<meta property=\"article:modified_time\" content=\"2025-09-25T11:26:47+00:00\" \/>\n<meta property=\"og:image\" content=\"https:\/\/www.immobilienbusiness.ch\/wp-content\/uploads\/2025\/09\/Visualisierung_1_Nidfeld-scaled.jpeg\" \/>\n\t<meta property=\"og:image:width\" content=\"1200\" \/>\n\t<meta property=\"og:image:height\" content=\"840\" \/>\n\t<meta property=\"og:image:type\" content=\"image\/jpeg\" \/>\n<meta name=\"author\" content=\"Alexander Wachter\" \/>\n<meta name=\"twitter:card\" content=\"summary_large_image\" \/>\n<script type=\"application\/ld+json\" class=\"yoast-schema-graph\">{\"@context\":\"https:\\\/\\\/schema.org\",\"@graph\":[{\"@type\":\"Article\",\"@id\":\"https:\\\/\\\/www.immobilienbusiness.ch\\\/regionen\\\/2025-09-24\\\/kriens-trevita-living-eroeffnet\\\/#article\",\"isPartOf\":{\"@id\":\"https:\\\/\\\/www.immobilienbusiness.ch\\\/regionen\\\/2025-09-24\\\/kriens-trevita-living-eroeffnet\\\/\"},\"author\":{\"name\":\"Alexander Wachter\",\"@id\":\"https:\\\/\\\/www.immobilienbusiness.ch\\\/#\\\/schema\\\/person\\\/aba8bea2db926aa0c24c08c43fe1fcd5\"},\"headline\":\"Kriens: \u00abTrevita Living\u00bb er\u00f6ffnet\",\"datePublished\":\"2025-09-24T05:00:40+00:00\",\"dateModified\":\"2025-09-25T11:26:47+00:00\",\"mainEntityOfPage\":{\"@id\":\"https:\\\/\\\/www.immobilienbusiness.ch\\\/regionen\\\/2025-09-24\\\/kriens-trevita-living-eroeffnet\\\/\"},\"wordCount\":131,\"publisher\":{\"@id\":\"https:\\\/\\\/www.immobilienbusiness.ch\\\/#organization\"},\"image\":{\"@id\":\"https:\\\/\\\/www.immobilienbusiness.ch\\\/regionen\\\/2025-09-24\\\/kriens-trevita-living-eroeffnet\\\/#primaryimage\"},\"thumbnailUrl\":\"https:\\\/\\\/www.immobilienbusiness.ch\\\/wp-content\\\/uploads\\\/2025\\\/09\\\/Visualisierung_1_Nidfeld-scaled.jpeg\",\"keywords\":[\"Belano\",\"Fertigstellung\",\"Kriens\",\"LU\",\"Patrimonium\",\"Seniorenwohnungen\",\"Serviced Apartments\",\"Trevita\",\"Verkauf\"],\"articleSection\":[\"REGIONEN\"],\"inLanguage\":\"en-US\"},{\"@type\":\"WebPage\",\"@id\":\"https:\\\/\\\/www.immobilienbusiness.ch\\\/regionen\\\/2025-09-24\\\/kriens-trevita-living-eroeffnet\\\/\",\"url\":\"https:\\\/\\\/www.immobilienbusiness.ch\\\/regionen\\\/2025-09-24\\\/kriens-trevita-living-eroeffnet\\\/\",\"name\":\"Kriens: \u00abTrevita Living\u00bb er\u00f6ffnet - IMMOBILIEN Business\",\"isPartOf\":{\"@id\":\"https:\\\/\\\/www.immobilienbusiness.ch\\\/#website\"},\"primaryImageOfPage\":{\"@id\":\"https:\\\/\\\/www.immobilienbusiness.ch\\\/regionen\\\/2025-09-24\\\/kriens-trevita-living-eroeffnet\\\/#primaryimage\"},\"image\":{\"@id\":\"https:\\\/\\\/www.immobilienbusiness.ch\\\/regionen\\\/2025-09-24\\\/kriens-trevita-living-eroeffnet\\\/#primaryimage\"},\"thumbnailUrl\":\"https:\\\/\\\/www.immobilienbusiness.ch\\\/wp-content\\\/uploads\\\/2025\\\/09\\\/Visualisierung_1_Nidfeld-scaled.jpeg\",\"datePublished\":\"2025-09-24T05:00:40+00:00\",\"dateModified\":\"2025-09-25T11:26:47+00:00\",\"description\":\"Die \u00dcberbauung im Quartier Nidfeld umfasst bewirtschaftete Seniorenwohnungen und geh\u00f6rt der Patrimonium Asset Management.\",\"breadcrumb\":{\"@id\":\"https:\\\/\\\/www.immobilienbusiness.ch\\\/regionen\\\/2025-09-24\\\/kriens-trevita-living-eroeffnet\\\/#breadcrumb\"},\"inLanguage\":\"en-US\",\"potentialAction\":[{\"@type\":\"ReadAction\",\"target\":[\"https:\\\/\\\/www.immobilienbusiness.ch\\\/regionen\\\/2025-09-24\\\/kriens-trevita-living-eroeffnet\\\/\"]}]},{\"@type\":\"ImageObject\",\"inLanguage\":\"en-US\",\"@id\":\"https:\\\/\\\/www.immobilienbusiness.ch\\\/regionen\\\/2025-09-24\\\/kriens-trevita-living-eroeffnet\\\/#primaryimage\",\"url\":\"https:\\\/\\\/www.immobilienbusiness.ch\\\/wp-content\\\/uploads\\\/2025\\\/09\\\/Visualisierung_1_Nidfeld-scaled.jpeg\",\"contentUrl\":\"https:\\\/\\\/www.immobilienbusiness.ch\\\/wp-content\\\/uploads\\\/2025\\\/09\\\/Visualisierung_1_Nidfeld-scaled.jpeg\",\"width\":1200,\"height\":840,\"caption\":\"DIe neue \u00dcberbauung an der Nidfeldstrasse ist Teil des Quartier Nidfeld in Kriens (Bild: zVg)\"},{\"@type\":\"BreadcrumbList\",\"@id\":\"https:\\\/\\\/www.immobilienbusiness.ch\\\/regionen\\\/2025-09-24\\\/kriens-trevita-living-eroeffnet\\\/#breadcrumb\",\"itemListElement\":[{\"@type\":\"ListItem\",\"position\":1,\"name\":\"Home\",\"item\":\"https:\\\/\\\/www.immobilienbusiness.ch\\\/\"},{\"@type\":\"ListItem\",\"position\":2,\"name\":\"Kriens: \u00abTrevita Living\u00bb er\u00f6ffnet\"}]},{\"@type\":\"WebSite\",\"@id\":\"https:\\\/\\\/www.immobilienbusiness.ch\\\/#website\",\"url\":\"https:\\\/\\\/www.immobilienbusiness.ch\\\/\",\"name\":\"IMMOBILIEN Business\",\"description\":\"Unabh\u00e4ngiges Schweizer Wirtschaftsmagazin mit Fokus auf Immobilien, Architektur- und Bau sowie Investment- und Finanzierung.\",\"publisher\":{\"@id\":\"https:\\\/\\\/www.immobilienbusiness.ch\\\/#organization\"},\"potentialAction\":[{\"@type\":\"SearchAction\",\"target\":{\"@type\":\"EntryPoint\",\"urlTemplate\":\"https:\\\/\\\/www.immobilienbusiness.ch\\\/?s={search_term_string}\"},\"query-input\":{\"@type\":\"PropertyValueSpecification\",\"valueRequired\":true,\"valueName\":\"search_term_string\"}}],\"inLanguage\":\"en-US\"},{\"@type\":\"Organization\",\"@id\":\"https:\\\/\\\/www.immobilienbusiness.ch\\\/#organization\",\"name\":\"IMMOBILIEN Business\",\"url\":\"https:\\\/\\\/www.immobilienbusiness.ch\\\/\",\"logo\":{\"@type\":\"ImageObject\",\"inLanguage\":\"en-US\",\"@id\":\"https:\\\/\\\/www.immobilienbusiness.ch\\\/#\\\/schema\\\/logo\\\/image\\\/\",\"url\":\"https:\\\/\\\/www.immobilienbusiness.ch\\\/wp-content\\\/uploads\\\/2021\\\/07\\\/logo_ib.png\",\"contentUrl\":\"https:\\\/\\\/www.immobilienbusiness.ch\\\/wp-content\\\/uploads\\\/2021\\\/07\\\/logo_ib.png\",\"width\":800,\"height\":181,\"caption\":\"IMMOBILIEN Business\"},\"image\":{\"@id\":\"https:\\\/\\\/www.immobilienbusiness.ch\\\/#\\\/schema\\\/logo\\\/image\\\/\"},\"sameAs\":[\"https:\\\/\\\/www.facebook.com\\\/immobilienbusiness\\\/\"]},{\"@type\":\"Person\",\"@id\":\"https:\\\/\\\/www.immobilienbusiness.ch\\\/#\\\/schema\\\/person\\\/aba8bea2db926aa0c24c08c43fe1fcd5\",\"name\":\"Alexander Wachter\",\"image\":{\"@type\":\"ImageObject\",\"inLanguage\":\"en-US\",\"@id\":\"https:\\\/\\\/secure.gravatar.com\\\/avatar\\\/1a09e471f5389b0e0a6416eac287e0927c7c97a7b77f9e787eba3af7aee281dd?s=96&d=mm&r=g\",\"url\":\"https:\\\/\\\/secure.gravatar.com\\\/avatar\\\/1a09e471f5389b0e0a6416eac287e0927c7c97a7b77f9e787eba3af7aee281dd?s=96&d=mm&r=g\",\"contentUrl\":\"https:\\\/\\\/secure.gravatar.com\\\/avatar\\\/1a09e471f5389b0e0a6416eac287e0927c7c97a7b77f9e787eba3af7aee281dd?s=96&d=mm&r=g\",\"caption\":\"Alexander Wachter\"},\"url\":\"https:\\\/\\\/www.immobilienbusiness.ch\\\/en\\\/author\\\/alexander-wachter\\\/\"}]}<\/script>\n<!-- \/ Yoast SEO plugin. -->","yoast_head_json":{"title":"Kriens: \u00abTrevita Living\u00bb er\u00f6ffnet - IMMOBILIEN Business","description":"The development in the Nidfeld district comprises managed senior apartments and is owned by Patrimonium Asset Management.","robots":{"index":"index","follow":"follow","max-snippet":"max-snippet:-1","max-image-preview":"max-image-preview:large","max-video-preview":"max-video-preview:-1"},"canonical":"https:\/\/www.immobilienbusiness.ch\/en\/regionen\/2025-09-24\/kriens-trevita-living-eroeffnet\/","og_locale":"en_US","og_type":"article","og_title":"Kriens: \u00abTrevita Living\u00bb er\u00f6ffnet - IMMOBILIEN Business","og_description":"Die \u00dcberbauung im Quartier Nidfeld umfasst bewirtschaftete Seniorenwohnungen und geh\u00f6rt der Patrimonium Asset Management.","og_url":"https:\/\/www.immobilienbusiness.ch\/en\/regionen\/2025-09-24\/kriens-trevita-living-eroeffnet\/","og_site_name":"IMMOBILIEN Business","article_publisher":"https:\/\/www.facebook.com\/immobilienbusiness\/","article_published_time":"2025-09-24T05:00:40+00:00","article_modified_time":"2025-09-25T11:26:47+00:00","og_image":[{"width":1200,"height":840,"url":"https:\/\/www.immobilienbusiness.ch\/wp-content\/uploads\/2025\/09\/Visualisierung_1_Nidfeld-scaled.jpeg","type":"image\/jpeg"}],"author":"Alexander Wachter","twitter_card":"summary_large_image","schema":{"@context":"https:\/\/schema.org","@graph":[{"@type":"Article","@id":"https:\/\/www.immobilienbusiness.ch\/regionen\/2025-09-24\/kriens-trevita-living-eroeffnet\/#article","isPartOf":{"@id":"https:\/\/www.immobilienbusiness.ch\/regionen\/2025-09-24\/kriens-trevita-living-eroeffnet\/"},"author":{"name":"Alexander Wachter","@id":"https:\/\/www.immobilienbusiness.ch\/#\/schema\/person\/aba8bea2db926aa0c24c08c43fe1fcd5"},"headline":"Kriens: \u00abTrevita Living\u00bb er\u00f6ffnet","datePublished":"2025-09-24T05:00:40+00:00","dateModified":"2025-09-25T11:26:47+00:00","mainEntityOfPage":{"@id":"https:\/\/www.immobilienbusiness.ch\/regionen\/2025-09-24\/kriens-trevita-living-eroeffnet\/"},"wordCount":131,"publisher":{"@id":"https:\/\/www.immobilienbusiness.ch\/#organization"},"image":{"@id":"https:\/\/www.immobilienbusiness.ch\/regionen\/2025-09-24\/kriens-trevita-living-eroeffnet\/#primaryimage"},"thumbnailUrl":"https:\/\/www.immobilienbusiness.ch\/wp-content\/uploads\/2025\/09\/Visualisierung_1_Nidfeld-scaled.jpeg","keywords":["Belano","Fertigstellung","Kriens","LU","Patrimonium","Seniorenwohnungen","Serviced Apartments","Trevita","Verkauf"],"articleSection":["REGIONEN"],"inLanguage":"en-US"},{"@type":"WebPage","@id":"https:\/\/www.immobilienbusiness.ch\/regionen\/2025-09-24\/kriens-trevita-living-eroeffnet\/","url":"https:\/\/www.immobilienbusiness.ch\/regionen\/2025-09-24\/kriens-trevita-living-eroeffnet\/","name":"Kriens: \u00abTrevita Living\u00bb er\u00f6ffnet - IMMOBILIEN Business","isPartOf":{"@id":"https:\/\/www.immobilienbusiness.ch\/#website"},"primaryImageOfPage":{"@id":"https:\/\/www.immobilienbusiness.ch\/regionen\/2025-09-24\/kriens-trevita-living-eroeffnet\/#primaryimage"},"image":{"@id":"https:\/\/www.immobilienbusiness.ch\/regionen\/2025-09-24\/kriens-trevita-living-eroeffnet\/#primaryimage"},"thumbnailUrl":"https:\/\/www.immobilienbusiness.ch\/wp-content\/uploads\/2025\/09\/Visualisierung_1_Nidfeld-scaled.jpeg","datePublished":"2025-09-24T05:00:40+00:00","dateModified":"2025-09-25T11:26:47+00:00","description":"The development in the Nidfeld district comprises managed senior apartments and is owned by Patrimonium Asset Management.","breadcrumb":{"@id":"https:\/\/www.immobilienbusiness.ch\/regionen\/2025-09-24\/kriens-trevita-living-eroeffnet\/#breadcrumb"},"inLanguage":"en-US","potentialAction":[{"@type":"ReadAction","target":["https:\/\/www.immobilienbusiness.ch\/regionen\/2025-09-24\/kriens-trevita-living-eroeffnet\/"]}]},{"@type":"ImageObject","inLanguage":"en-US","@id":"https:\/\/www.immobilienbusiness.ch\/regionen\/2025-09-24\/kriens-trevita-living-eroeffnet\/#primaryimage","url":"https:\/\/www.immobilienbusiness.ch\/wp-content\/uploads\/2025\/09\/Visualisierung_1_Nidfeld-scaled.jpeg","contentUrl":"https:\/\/www.immobilienbusiness.ch\/wp-content\/uploads\/2025\/09\/Visualisierung_1_Nidfeld-scaled.jpeg","width":1200,"height":840,"caption":"DIe neue \u00dcberbauung an der Nidfeldstrasse ist Teil des Quartier Nidfeld in Kriens (Bild: zVg)"},{"@type":"BreadcrumbList","@id":"https:\/\/www.immobilienbusiness.ch\/regionen\/2025-09-24\/kriens-trevita-living-eroeffnet\/#breadcrumb","itemListElement":[{"@type":"ListItem","position":1,"name":"Home","item":"https:\/\/www.immobilienbusiness.ch\/"},{"@type":"ListItem","position":2,"name":"Kriens: \u00abTrevita Living\u00bb er\u00f6ffnet"}]},{"@type":"WebSite","@id":"https:\/\/www.immobilienbusiness.ch\/#website","url":"https:\/\/www.immobilienbusiness.ch\/","name":"REAL ESTATE Business","description":"Independent Swiss business magazine focusing on real estate, architecture and construction as well as investment and financing.","publisher":{"@id":"https:\/\/www.immobilienbusiness.ch\/#organization"},"potentialAction":[{"@type":"SearchAction","target":{"@type":"EntryPoint","urlTemplate":"https:\/\/www.immobilienbusiness.ch\/?s={search_term_string}"},"query-input":{"@type":"PropertyValueSpecification","valueRequired":true,"valueName":"search_term_string"}}],"inLanguage":"en-US"},{"@type":"Organization","@id":"https:\/\/www.immobilienbusiness.ch\/#organization","name":"REAL ESTATE Business","url":"https:\/\/www.immobilienbusiness.ch\/","logo":{"@type":"ImageObject","inLanguage":"en-US","@id":"https:\/\/www.immobilienbusiness.ch\/#\/schema\/logo\/image\/","url":"https:\/\/www.immobilienbusiness.ch\/wp-content\/uploads\/2021\/07\/logo_ib.png","contentUrl":"https:\/\/www.immobilienbusiness.ch\/wp-content\/uploads\/2021\/07\/logo_ib.png","width":800,"height":181,"caption":"IMMOBILIEN Business"},"image":{"@id":"https:\/\/www.immobilienbusiness.ch\/#\/schema\/logo\/image\/"},"sameAs":["https:\/\/www.facebook.com\/immobilienbusiness\/"]},{"@type":"Person","@id":"https:\/\/www.immobilienbusiness.ch\/#\/schema\/person\/aba8bea2db926aa0c24c08c43fe1fcd5","name":"Alexander Wachter","image":{"@type":"ImageObject","inLanguage":"en-US","@id":"https:\/\/secure.gravatar.com\/avatar\/1a09e471f5389b0e0a6416eac287e0927c7c97a7b77f9e787eba3af7aee281dd?s=96&d=mm&r=g","url":"https:\/\/secure.gravatar.com\/avatar\/1a09e471f5389b0e0a6416eac287e0927c7c97a7b77f9e787eba3af7aee281dd?s=96&d=mm&r=g","contentUrl":"https:\/\/secure.gravatar.com\/avatar\/1a09e471f5389b0e0a6416eac287e0927c7c97a7b77f9e787eba3af7aee281dd?s=96&d=mm&r=g","caption":"Alexander Wachter"},"url":"https:\/\/www.immobilienbusiness.ch\/en\/author\/alexander-wachter\/"}]}},"_links":{"self":[{"href":"https:\/\/www.immobilienbusiness.ch\/en\/wp-json\/wp\/v2\/posts\/65486","targetHints":{"allow":["GET"]}}],"collection":[{"href":"https:\/\/www.immobilienbusiness.ch\/en\/wp-json\/wp\/v2\/posts"}],"about":[{"href":"https:\/\/www.immobilienbusiness.ch\/en\/wp-json\/wp\/v2\/types\/post"}],"author":[{"embeddable":true,"href":"https:\/\/www.immobilienbusiness.ch\/en\/wp-json\/wp\/v2\/users\/102"}],"replies":[{"embeddable":true,"href":"https:\/\/www.immobilienbusiness.ch\/en\/wp-json\/wp\/v2\/comments?post=65486"}],"version-history":[{"count":1,"href":"https:\/\/www.immobilienbusiness.ch\/en\/wp-json\/wp\/v2\/posts\/65486\/revisions"}],"predecessor-version":[{"id":65488,"href":"https:\/\/www.immobilienbusiness.ch\/en\/wp-json\/wp\/v2\/posts\/65486\/revisions\/65488"}],"wp:featuredmedia":[{"embeddable":true,"href":"https:\/\/www.immobilienbusiness.ch\/en\/wp-json\/wp\/v2\/media\/65487"}],"wp:attachment":[{"href":"https:\/\/www.immobilienbusiness.ch\/en\/wp-json\/wp\/v2\/media?parent=65486"}],"wp:term":[{"taxonomy":"category","embeddable":true,"href":"https:\/\/www.immobilienbusiness.ch\/en\/wp-json\/wp\/v2\/categories?post=65486"},{"taxonomy":"post_tag","embeddable":true,"href":"https:\/\/www.immobilienbusiness.ch\/en\/wp-json\/wp\/v2\/tags?post=65486"}],"curies":[{"name":"wp","href":"https:\/\/api.w.org\/{rel}","templated":true}]}}