{"id":6539,"date":"2017-03-03T08:32:46","date_gmt":"2017-03-03T07:32:46","guid":{"rendered":"https:\/\/www.immobilienbusiness.ch\/?p=6539"},"modified":"2017-03-03T08:32:46","modified_gmt":"2017-03-03T07:32:46","slug":"wincasa-neuordnung-geschaeftsleitung","status":"publish","type":"post","link":"https:\/\/www.immobilienbusiness.ch\/en\/unternehmen\/2017-03-03\/wincasa-neuordnung-geschaeftsleitung\/","title":{"rendered":"Wincasa: Changes in the management team"},"content":{"rendered":"<figure id=\"attachment_6540\" aria-describedby=\"caption-attachment-6540\" style=\"width: 680px\" class=\"wp-caption alignnone\"><img loading=\"lazy\" decoding=\"async\" class=\"wp-image-6540 size-medium\" src=\"https:\/\/www.immobilienbusiness.ch\/wp-content\/uploads\/2017\/03\/Sch\u00e4rer_T\u00f6ngi_Voigt_WincasaWeb.png\" width=\"680\" height=\"341\" \/><figcaption id=\"caption-attachment-6540\" class=\"wp-caption-text\">Walter Sch\u00e4rer, Andr\u00e9 T\u00f6ngi, Karin Voigt (Pictures: Clara Tuma - Wincasa)<\/figcaption><\/figure>\n<p>According to Wincasa, Walter Sch\u00e4rer will hand over the management of the property management division to Andr\u00e9 T\u00f6ngi, the current head of the Construction &amp; Facility Management division. Sch\u00e4rer, who has been divisional head of property management since 2010, will take on an advisory role in the area of new customer business. He is stepping down from the management team.<\/p>\n<p>Scherer's successor, T\u00f6ngi, has been active in the real estate industry for over 20 years and has worked for Wincasa since 2013. In 2014, he was appointed to the Executive Board as Head of Construction &amp; Facility Management.<\/p>\n<p>T\u00f6ngi's successor in her previous position will be Karin Voigt, who also joins the real estate service provider's management team. She has been with Wincasa since 2010 and has been regional head of builder's trust since 2014.<\/p>\n<p>The new appointments were made primarily with a focus on strengthening new customer business as well as improving the quality and further developing existing business areas and customer relationships, the company says. \"It is important that we find a good mix between consistency and the tried and tested as well as fresh wind and new ideas in the transformation in which the market and also Wincasa currently find themselves. This also applies to the management team,\" says Oliver Hofmann, CEO of the company, explaining the changes.<\/p>","protected":false},"excerpt":{"rendered":"<p>At the real estate service provider Wincasa there will be personnel changes in the management as of March 15.<\/p>","protected":false},"author":3,"featured_media":6540,"comment_status":"open","ping_status":"open","sticky":false,"template":"","format":"standard","meta":{"_acf_changed":false,"_yoast_wpseo_focuskw":"Wincasa","_yoast_wpseo_title":"","_yoast_wpseo_metadesc":"Bei dem Immobiliendienstleister Wincasa kommt es per 15. M\u00e4rz zu Ver\u00e4nderungen in der Gesch\u00e4ftsleitung. Walter Sch\u00e4rer scheidet aus dem Gremium aus.","_yoast_wpseo_linkdex":41,"pgc_sgb_lightbox_settings":"","footnotes":""},"categories":[988],"tags":[1563,1807],"class_list":["post-6539","post","type-post","status-publish","format-standard","has-post-thumbnail","hentry","category-unternehmen","tag-personalia","tag-unternehmen"],"acf":[],"yoast_head":"<!-- This site is optimized with the Yoast SEO plugin v27.5 - https:\/\/yoast.com\/product\/yoast-seo-wordpress\/ -->\n<title>Wincasa: St\u00fchler\u00fccken in der Gesch\u00e4ftsleitung - IMMOBILIEN Business<\/title>\n<meta name=\"description\" content=\"Bei dem Immobiliendienstleister Wincasa kommt es per 15. M\u00e4rz zu Ver\u00e4nderungen in der Gesch\u00e4ftsleitung. Walter Sch\u00e4rer scheidet aus dem Gremium aus.\" \/>\n<meta name=\"robots\" content=\"index, follow, max-snippet:-1, max-image-preview:large, max-video-preview:-1\" \/>\n<link rel=\"canonical\" href=\"https:\/\/www.immobilienbusiness.ch\/en\/unternehmen\/2017-03-03\/wincasa-neuordnung-geschaeftsleitung\/\" \/>\n<meta property=\"og:locale\" content=\"en_US\" \/>\n<meta property=\"og:type\" content=\"article\" \/>\n<meta property=\"og:title\" content=\"Wincasa: St\u00fchler\u00fccken in der Gesch\u00e4ftsleitung\" \/>\n<meta property=\"og:description\" content=\"Bei dem Immobiliendienstleister Wincasa kommt es per 15. M\u00e4rz zu Ver\u00e4nderungen in der Gesch\u00e4ftsleitung. Walter Sch\u00e4rer scheidet aus dem Gremium aus.\" \/>\n<meta property=\"og:url\" content=\"https:\/\/www.immobilienbusiness.ch\/en\/unternehmen\/2017-03-03\/wincasa-neuordnung-geschaeftsleitung\/\" \/>\n<meta property=\"og:site_name\" content=\"IMMOBILIEN Business\" \/>\n<meta property=\"article:publisher\" content=\"https:\/\/www.facebook.com\/immobilienbusiness\/\" \/>\n<meta property=\"article:published_time\" content=\"2017-03-03T07:32:46+00:00\" \/>\n<meta property=\"og:image\" content=\"https:\/\/www.immobilienbusiness.ch\/wp-content\/uploads\/2017\/03\/Schaerer_Toengi_Voigt_WincasaWeb.png\" \/>\n\t<meta property=\"og:image:width\" content=\"1188\" \/>\n\t<meta property=\"og:image:height\" content=\"595\" \/>\n\t<meta property=\"og:image:type\" content=\"image\/png\" \/>\n<meta name=\"author\" content=\"anja.hall\" \/>\n<meta name=\"twitter:card\" content=\"summary_large_image\" \/>\n<meta name=\"twitter:title\" content=\"Bei dem Immobiliendienstleister Wincasa kommt es per 15. M\u00e4rz zu Ver\u00e4nderungen in der Gesch\u00e4ftsleitung. Walter Sch\u00e4rer scheidet aus dem Gremium aus.\" \/>\n<meta name=\"twitter:description\" content=\"Bei dem Immobiliendienstleister Wincasa kommt es per 15. M\u00e4rz zu Ver\u00e4nderungen in der Gesch\u00e4ftsleitung. Walter Sch\u00e4rer scheidet aus dem Gremium aus.\" \/>\n<meta name=\"twitter:image\" content=\"https:\/\/www.immobilienbusiness.ch\/wp-content\/uploads\/2017\/03\/Sch\u00e4rer_T\u00f6ngi_Voigt_WincasaWeb.png\" \/>\n<script type=\"application\/ld+json\" class=\"yoast-schema-graph\">{\"@context\":\"https:\\\/\\\/schema.org\",\"@graph\":[{\"@type\":\"Article\",\"@id\":\"https:\\\/\\\/www.immobilienbusiness.ch\\\/de\\\/unternehmen\\\/2017-03-03\\\/wincasa-neuordnung-geschaeftsleitung\\\/#article\",\"isPartOf\":{\"@id\":\"https:\\\/\\\/www.immobilienbusiness.ch\\\/de\\\/unternehmen\\\/2017-03-03\\\/wincasa-neuordnung-geschaeftsleitung\\\/\"},\"author\":{\"name\":\"anja.hall\",\"@id\":\"https:\\\/\\\/www.immobilienbusiness.ch\\\/#\\\/schema\\\/person\\\/3fc036297b10b9f42d6db5ee932af8c8\"},\"headline\":\"Wincasa: St\u00fchler\u00fccken in der Gesch\u00e4ftsleitung\",\"datePublished\":\"2017-03-03T07:32:46+00:00\",\"mainEntityOfPage\":{\"@id\":\"https:\\\/\\\/www.immobilienbusiness.ch\\\/de\\\/unternehmen\\\/2017-03-03\\\/wincasa-neuordnung-geschaeftsleitung\\\/\"},\"wordCount\":218,\"commentCount\":0,\"publisher\":{\"@id\":\"https:\\\/\\\/www.immobilienbusiness.ch\\\/#organization\"},\"image\":{\"@id\":\"https:\\\/\\\/www.immobilienbusiness.ch\\\/de\\\/unternehmen\\\/2017-03-03\\\/wincasa-neuordnung-geschaeftsleitung\\\/#primaryimage\"},\"thumbnailUrl\":\"https:\\\/\\\/www.immobilienbusiness.ch\\\/wp-content\\\/uploads\\\/2017\\\/03\\\/Schaerer_Toengi_Voigt_WincasaWeb.png\",\"keywords\":[\"Personalia\",\"Unternehmen\"],\"articleSection\":[\"UNTERNEHMEN\"],\"inLanguage\":\"en-US\"},{\"@type\":\"WebPage\",\"@id\":\"https:\\\/\\\/www.immobilienbusiness.ch\\\/de\\\/unternehmen\\\/2017-03-03\\\/wincasa-neuordnung-geschaeftsleitung\\\/\",\"url\":\"https:\\\/\\\/www.immobilienbusiness.ch\\\/de\\\/unternehmen\\\/2017-03-03\\\/wincasa-neuordnung-geschaeftsleitung\\\/\",\"name\":\"Wincasa: St\u00fchler\u00fccken in der Gesch\u00e4ftsleitung - IMMOBILIEN Business\",\"isPartOf\":{\"@id\":\"https:\\\/\\\/www.immobilienbusiness.ch\\\/#website\"},\"primaryImageOfPage\":{\"@id\":\"https:\\\/\\\/www.immobilienbusiness.ch\\\/de\\\/unternehmen\\\/2017-03-03\\\/wincasa-neuordnung-geschaeftsleitung\\\/#primaryimage\"},\"image\":{\"@id\":\"https:\\\/\\\/www.immobilienbusiness.ch\\\/de\\\/unternehmen\\\/2017-03-03\\\/wincasa-neuordnung-geschaeftsleitung\\\/#primaryimage\"},\"thumbnailUrl\":\"https:\\\/\\\/www.immobilienbusiness.ch\\\/wp-content\\\/uploads\\\/2017\\\/03\\\/Schaerer_Toengi_Voigt_WincasaWeb.png\",\"datePublished\":\"2017-03-03T07:32:46+00:00\",\"description\":\"Bei dem Immobiliendienstleister Wincasa kommt es per 15. M\u00e4rz zu Ver\u00e4nderungen in der Gesch\u00e4ftsleitung. Walter Sch\u00e4rer scheidet aus dem Gremium aus.\",\"breadcrumb\":{\"@id\":\"https:\\\/\\\/www.immobilienbusiness.ch\\\/de\\\/unternehmen\\\/2017-03-03\\\/wincasa-neuordnung-geschaeftsleitung\\\/#breadcrumb\"},\"inLanguage\":\"en-US\",\"potentialAction\":[{\"@type\":\"ReadAction\",\"target\":[\"https:\\\/\\\/www.immobilienbusiness.ch\\\/de\\\/unternehmen\\\/2017-03-03\\\/wincasa-neuordnung-geschaeftsleitung\\\/\"]}]},{\"@type\":\"ImageObject\",\"inLanguage\":\"en-US\",\"@id\":\"https:\\\/\\\/www.immobilienbusiness.ch\\\/de\\\/unternehmen\\\/2017-03-03\\\/wincasa-neuordnung-geschaeftsleitung\\\/#primaryimage\",\"url\":\"https:\\\/\\\/www.immobilienbusiness.ch\\\/wp-content\\\/uploads\\\/2017\\\/03\\\/Schaerer_Toengi_Voigt_WincasaWeb.png\",\"contentUrl\":\"https:\\\/\\\/www.immobilienbusiness.ch\\\/wp-content\\\/uploads\\\/2017\\\/03\\\/Schaerer_Toengi_Voigt_WincasaWeb.png\",\"width\":1188,\"height\":595,\"caption\":\"Walter Sch\u00e4rer,\"},{\"@type\":\"BreadcrumbList\",\"@id\":\"https:\\\/\\\/www.immobilienbusiness.ch\\\/de\\\/unternehmen\\\/2017-03-03\\\/wincasa-neuordnung-geschaeftsleitung\\\/#breadcrumb\",\"itemListElement\":[{\"@type\":\"ListItem\",\"position\":1,\"name\":\"Home\",\"item\":\"https:\\\/\\\/www.immobilienbusiness.ch\\\/\"},{\"@type\":\"ListItem\",\"position\":2,\"name\":\"Wincasa: St\u00fchler\u00fccken in der Gesch\u00e4ftsleitung\"}]},{\"@type\":\"WebSite\",\"@id\":\"https:\\\/\\\/www.immobilienbusiness.ch\\\/#website\",\"url\":\"https:\\\/\\\/www.immobilienbusiness.ch\\\/\",\"name\":\"IMMOBILIEN Business\",\"description\":\"Unabh\u00e4ngiges Schweizer Wirtschaftsmagazin mit Fokus auf Immobilien, Architektur- und Bau sowie Investment- und Finanzierung.\",\"publisher\":{\"@id\":\"https:\\\/\\\/www.immobilienbusiness.ch\\\/#organization\"},\"potentialAction\":[{\"@type\":\"SearchAction\",\"target\":{\"@type\":\"EntryPoint\",\"urlTemplate\":\"https:\\\/\\\/www.immobilienbusiness.ch\\\/?s={search_term_string}\"},\"query-input\":{\"@type\":\"PropertyValueSpecification\",\"valueRequired\":true,\"valueName\":\"search_term_string\"}}],\"inLanguage\":\"en-US\"},{\"@type\":\"Organization\",\"@id\":\"https:\\\/\\\/www.immobilienbusiness.ch\\\/#organization\",\"name\":\"IMMOBILIEN Business\",\"url\":\"https:\\\/\\\/www.immobilienbusiness.ch\\\/\",\"logo\":{\"@type\":\"ImageObject\",\"inLanguage\":\"en-US\",\"@id\":\"https:\\\/\\\/www.immobilienbusiness.ch\\\/#\\\/schema\\\/logo\\\/image\\\/\",\"url\":\"https:\\\/\\\/www.immobilienbusiness.ch\\\/wp-content\\\/uploads\\\/2021\\\/07\\\/logo_ib.png\",\"contentUrl\":\"https:\\\/\\\/www.immobilienbusiness.ch\\\/wp-content\\\/uploads\\\/2021\\\/07\\\/logo_ib.png\",\"width\":800,\"height\":181,\"caption\":\"IMMOBILIEN Business\"},\"image\":{\"@id\":\"https:\\\/\\\/www.immobilienbusiness.ch\\\/#\\\/schema\\\/logo\\\/image\\\/\"},\"sameAs\":[\"https:\\\/\\\/www.facebook.com\\\/immobilienbusiness\\\/\"]},{\"@type\":\"Person\",\"@id\":\"https:\\\/\\\/www.immobilienbusiness.ch\\\/#\\\/schema\\\/person\\\/3fc036297b10b9f42d6db5ee932af8c8\",\"name\":\"anja.hall\",\"image\":{\"@type\":\"ImageObject\",\"inLanguage\":\"en-US\",\"@id\":\"https:\\\/\\\/secure.gravatar.com\\\/avatar\\\/066b5a0d447013502c71a5782f4f3469f03cfe595cc2329fb94652fe47511bfb?s=96&d=mm&r=g\",\"url\":\"https:\\\/\\\/secure.gravatar.com\\\/avatar\\\/066b5a0d447013502c71a5782f4f3469f03cfe595cc2329fb94652fe47511bfb?s=96&d=mm&r=g\",\"contentUrl\":\"https:\\\/\\\/secure.gravatar.com\\\/avatar\\\/066b5a0d447013502c71a5782f4f3469f03cfe595cc2329fb94652fe47511bfb?s=96&d=mm&r=g\",\"caption\":\"anja.hall\"},\"url\":\"https:\\\/\\\/www.immobilienbusiness.ch\\\/en\\\/author\\\/anja-hall\\\/\"}]}<\/script>\n<!-- \/ Yoast SEO plugin. -->","yoast_head_json":{"title":"Wincasa: St\u00fchler\u00fccken in der Gesch\u00e4ftsleitung - IMMOBILIEN Business","description":"Bei dem Immobiliendienstleister Wincasa kommt es per 15. M\u00e4rz zu Ver\u00e4nderungen in der Gesch\u00e4ftsleitung. Walter Sch\u00e4rer scheidet aus dem Gremium aus.","robots":{"index":"index","follow":"follow","max-snippet":"max-snippet:-1","max-image-preview":"max-image-preview:large","max-video-preview":"max-video-preview:-1"},"canonical":"https:\/\/www.immobilienbusiness.ch\/en\/unternehmen\/2017-03-03\/wincasa-neuordnung-geschaeftsleitung\/","og_locale":"en_US","og_type":"article","og_title":"Wincasa: St\u00fchler\u00fccken in der Gesch\u00e4ftsleitung","og_description":"Bei dem Immobiliendienstleister Wincasa kommt es per 15. M\u00e4rz zu Ver\u00e4nderungen in der Gesch\u00e4ftsleitung. Walter Sch\u00e4rer scheidet aus dem Gremium aus.","og_url":"https:\/\/www.immobilienbusiness.ch\/en\/unternehmen\/2017-03-03\/wincasa-neuordnung-geschaeftsleitung\/","og_site_name":"IMMOBILIEN Business","article_publisher":"https:\/\/www.facebook.com\/immobilienbusiness\/","article_published_time":"2017-03-03T07:32:46+00:00","og_image":[{"width":1188,"height":595,"url":"https:\/\/www.immobilienbusiness.ch\/wp-content\/uploads\/2017\/03\/Schaerer_Toengi_Voigt_WincasaWeb.png","type":"image\/png"}],"author":"anja.hall","twitter_card":"summary_large_image","twitter_title":"Bei dem Immobiliendienstleister Wincasa kommt es per 15. M\u00e4rz zu Ver\u00e4nderungen in der Gesch\u00e4ftsleitung. Walter Sch\u00e4rer scheidet aus dem Gremium aus.","twitter_description":"Bei dem Immobiliendienstleister Wincasa kommt es per 15. M\u00e4rz zu Ver\u00e4nderungen in der Gesch\u00e4ftsleitung. Walter Sch\u00e4rer scheidet aus dem Gremium aus.","twitter_image":"https:\/\/www.immobilienbusiness.ch\/wp-content\/uploads\/2017\/03\/Sch\u00e4rer_T\u00f6ngi_Voigt_WincasaWeb.png","schema":{"@context":"https:\/\/schema.org","@graph":[{"@type":"Article","@id":"https:\/\/www.immobilienbusiness.ch\/de\/unternehmen\/2017-03-03\/wincasa-neuordnung-geschaeftsleitung\/#article","isPartOf":{"@id":"https:\/\/www.immobilienbusiness.ch\/de\/unternehmen\/2017-03-03\/wincasa-neuordnung-geschaeftsleitung\/"},"author":{"name":"anja.hall","@id":"https:\/\/www.immobilienbusiness.ch\/#\/schema\/person\/3fc036297b10b9f42d6db5ee932af8c8"},"headline":"Wincasa: St\u00fchler\u00fccken in der Gesch\u00e4ftsleitung","datePublished":"2017-03-03T07:32:46+00:00","mainEntityOfPage":{"@id":"https:\/\/www.immobilienbusiness.ch\/de\/unternehmen\/2017-03-03\/wincasa-neuordnung-geschaeftsleitung\/"},"wordCount":218,"commentCount":0,"publisher":{"@id":"https:\/\/www.immobilienbusiness.ch\/#organization"},"image":{"@id":"https:\/\/www.immobilienbusiness.ch\/de\/unternehmen\/2017-03-03\/wincasa-neuordnung-geschaeftsleitung\/#primaryimage"},"thumbnailUrl":"https:\/\/www.immobilienbusiness.ch\/wp-content\/uploads\/2017\/03\/Schaerer_Toengi_Voigt_WincasaWeb.png","keywords":["Personalia","Unternehmen"],"articleSection":["UNTERNEHMEN"],"inLanguage":"en-US"},{"@type":"WebPage","@id":"https:\/\/www.immobilienbusiness.ch\/de\/unternehmen\/2017-03-03\/wincasa-neuordnung-geschaeftsleitung\/","url":"https:\/\/www.immobilienbusiness.ch\/de\/unternehmen\/2017-03-03\/wincasa-neuordnung-geschaeftsleitung\/","name":"Wincasa: St\u00fchler\u00fccken in der Gesch\u00e4ftsleitung - IMMOBILIEN Business","isPartOf":{"@id":"https:\/\/www.immobilienbusiness.ch\/#website"},"primaryImageOfPage":{"@id":"https:\/\/www.immobilienbusiness.ch\/de\/unternehmen\/2017-03-03\/wincasa-neuordnung-geschaeftsleitung\/#primaryimage"},"image":{"@id":"https:\/\/www.immobilienbusiness.ch\/de\/unternehmen\/2017-03-03\/wincasa-neuordnung-geschaeftsleitung\/#primaryimage"},"thumbnailUrl":"https:\/\/www.immobilienbusiness.ch\/wp-content\/uploads\/2017\/03\/Schaerer_Toengi_Voigt_WincasaWeb.png","datePublished":"2017-03-03T07:32:46+00:00","description":"Bei dem Immobiliendienstleister Wincasa kommt es per 15. M\u00e4rz zu Ver\u00e4nderungen in der Gesch\u00e4ftsleitung. Walter Sch\u00e4rer scheidet aus dem Gremium aus.","breadcrumb":{"@id":"https:\/\/www.immobilienbusiness.ch\/de\/unternehmen\/2017-03-03\/wincasa-neuordnung-geschaeftsleitung\/#breadcrumb"},"inLanguage":"en-US","potentialAction":[{"@type":"ReadAction","target":["https:\/\/www.immobilienbusiness.ch\/de\/unternehmen\/2017-03-03\/wincasa-neuordnung-geschaeftsleitung\/"]}]},{"@type":"ImageObject","inLanguage":"en-US","@id":"https:\/\/www.immobilienbusiness.ch\/de\/unternehmen\/2017-03-03\/wincasa-neuordnung-geschaeftsleitung\/#primaryimage","url":"https:\/\/www.immobilienbusiness.ch\/wp-content\/uploads\/2017\/03\/Schaerer_Toengi_Voigt_WincasaWeb.png","contentUrl":"https:\/\/www.immobilienbusiness.ch\/wp-content\/uploads\/2017\/03\/Schaerer_Toengi_Voigt_WincasaWeb.png","width":1188,"height":595,"caption":"Walter Sch\u00e4rer,"},{"@type":"BreadcrumbList","@id":"https:\/\/www.immobilienbusiness.ch\/de\/unternehmen\/2017-03-03\/wincasa-neuordnung-geschaeftsleitung\/#breadcrumb","itemListElement":[{"@type":"ListItem","position":1,"name":"Home","item":"https:\/\/www.immobilienbusiness.ch\/"},{"@type":"ListItem","position":2,"name":"Wincasa: St\u00fchler\u00fccken in der Gesch\u00e4ftsleitung"}]},{"@type":"WebSite","@id":"https:\/\/www.immobilienbusiness.ch\/#website","url":"https:\/\/www.immobilienbusiness.ch\/","name":"REAL ESTATE Business","description":"Independent Swiss business magazine focusing on real estate, architecture and construction as well as investment and financing.","publisher":{"@id":"https:\/\/www.immobilienbusiness.ch\/#organization"},"potentialAction":[{"@type":"SearchAction","target":{"@type":"EntryPoint","urlTemplate":"https:\/\/www.immobilienbusiness.ch\/?s={search_term_string}"},"query-input":{"@type":"PropertyValueSpecification","valueRequired":true,"valueName":"search_term_string"}}],"inLanguage":"en-US"},{"@type":"Organization","@id":"https:\/\/www.immobilienbusiness.ch\/#organization","name":"REAL ESTATE Business","url":"https:\/\/www.immobilienbusiness.ch\/","logo":{"@type":"ImageObject","inLanguage":"en-US","@id":"https:\/\/www.immobilienbusiness.ch\/#\/schema\/logo\/image\/","url":"https:\/\/www.immobilienbusiness.ch\/wp-content\/uploads\/2021\/07\/logo_ib.png","contentUrl":"https:\/\/www.immobilienbusiness.ch\/wp-content\/uploads\/2021\/07\/logo_ib.png","width":800,"height":181,"caption":"IMMOBILIEN Business"},"image":{"@id":"https:\/\/www.immobilienbusiness.ch\/#\/schema\/logo\/image\/"},"sameAs":["https:\/\/www.facebook.com\/immobilienbusiness\/"]},{"@type":"Person","@id":"https:\/\/www.immobilienbusiness.ch\/#\/schema\/person\/3fc036297b10b9f42d6db5ee932af8c8","name":"anja.hall","image":{"@type":"ImageObject","inLanguage":"en-US","@id":"https:\/\/secure.gravatar.com\/avatar\/066b5a0d447013502c71a5782f4f3469f03cfe595cc2329fb94652fe47511bfb?s=96&d=mm&r=g","url":"https:\/\/secure.gravatar.com\/avatar\/066b5a0d447013502c71a5782f4f3469f03cfe595cc2329fb94652fe47511bfb?s=96&d=mm&r=g","contentUrl":"https:\/\/secure.gravatar.com\/avatar\/066b5a0d447013502c71a5782f4f3469f03cfe595cc2329fb94652fe47511bfb?s=96&d=mm&r=g","caption":"anja.hall"},"url":"https:\/\/www.immobilienbusiness.ch\/en\/author\/anja-hall\/"}]}},"_links":{"self":[{"href":"https:\/\/www.immobilienbusiness.ch\/en\/wp-json\/wp\/v2\/posts\/6539","targetHints":{"allow":["GET"]}}],"collection":[{"href":"https:\/\/www.immobilienbusiness.ch\/en\/wp-json\/wp\/v2\/posts"}],"about":[{"href":"https:\/\/www.immobilienbusiness.ch\/en\/wp-json\/wp\/v2\/types\/post"}],"author":[{"embeddable":true,"href":"https:\/\/www.immobilienbusiness.ch\/en\/wp-json\/wp\/v2\/users\/3"}],"replies":[{"embeddable":true,"href":"https:\/\/www.immobilienbusiness.ch\/en\/wp-json\/wp\/v2\/comments?post=6539"}],"version-history":[{"count":0,"href":"https:\/\/www.immobilienbusiness.ch\/en\/wp-json\/wp\/v2\/posts\/6539\/revisions"}],"wp:featuredmedia":[{"embeddable":true,"href":"https:\/\/www.immobilienbusiness.ch\/en\/wp-json\/wp\/v2\/media\/6540"}],"wp:attachment":[{"href":"https:\/\/www.immobilienbusiness.ch\/en\/wp-json\/wp\/v2\/media?parent=6539"}],"wp:term":[{"taxonomy":"category","embeddable":true,"href":"https:\/\/www.immobilienbusiness.ch\/en\/wp-json\/wp\/v2\/categories?post=6539"},{"taxonomy":"post_tag","embeddable":true,"href":"https:\/\/www.immobilienbusiness.ch\/en\/wp-json\/wp\/v2\/tags?post=6539"}],"curies":[{"name":"wp","href":"https:\/\/api.w.org\/{rel}","templated":true}]}}