{"id":65337,"date":"2025-09-11T07:12:47","date_gmt":"2025-09-11T05:12:47","guid":{"rendered":"https:\/\/www.immobilienbusiness.ch\/?p=65337"},"modified":"2025-09-11T16:07:57","modified_gmt":"2025-09-11T14:07:57","slug":"cargo-sous-terrain-ehrgeiziges-logistikprojekt-vor-dem-aus","status":"publish","type":"post","link":"https:\/\/www.immobilienbusiness.ch\/en\/unternehmen\/2025-09-11\/cargo-sous-terrain-ehrgeiziges-logistikprojekt-vor-dem-aus\/","title":{"rendered":"Cargo sous terrain: Ambitious logistics project on the brink of collapse"},"content":{"rendered":"<figure id=\"attachment_20064\" aria-describedby=\"caption-attachment-20064\" style=\"width: 768px\" class=\"wp-caption alignnone\"><a href=\"https:\/\/www.immobilienbusiness.ch\/wp-content\/uploads\/2020\/01\/3D_Simulation_5_Gesamtsystem.jpg\"><img loading=\"lazy\" decoding=\"async\" class=\"size-large wp-image-20064\" src=\"https:\/\/www.immobilienbusiness.ch\/wp-content\/uploads\/2020\/01\/3D_Simulation_5_Gesamtsystem-1024x576.jpg\" alt=\"Cargo sous terrain Z\u00fcrich\" width=\"768\" height=\"432\" srcset=\"https:\/\/www.immobilienbusiness.ch\/wp-content\/uploads\/2020\/01\/3D_Simulation_5_Gesamtsystem-1024x576.jpg 1024w, https:\/\/www.immobilienbusiness.ch\/wp-content\/uploads\/2020\/01\/3D_Simulation_5_Gesamtsystem-300x169.jpg 300w, https:\/\/www.immobilienbusiness.ch\/wp-content\/uploads\/2020\/01\/3D_Simulation_5_Gesamtsystem-768x432.jpg 768w, https:\/\/www.immobilienbusiness.ch\/wp-content\/uploads\/2020\/01\/3D_Simulation_5_Gesamtsystem-1536x864.jpg 1536w, https:\/\/www.immobilienbusiness.ch\/wp-content\/uploads\/2020\/01\/3D_Simulation_5_Gesamtsystem-2048x1152.jpg 2048w, https:\/\/www.immobilienbusiness.ch\/wp-content\/uploads\/2020\/01\/3D_Simulation_5_Gesamtsystem-16x9.jpg 16w, https:\/\/www.immobilienbusiness.ch\/wp-content\/uploads\/2020\/01\/3D_Simulation_5_Gesamtsystem-311x175.jpg 311w, https:\/\/www.immobilienbusiness.ch\/wp-content\/uploads\/2020\/01\/3D_Simulation_5_Gesamtsystem-622x350.jpg 622w, https:\/\/www.immobilienbusiness.ch\/wp-content\/uploads\/2020\/01\/3D_Simulation_5_Gesamtsystem-1422x800.jpg 1422w, https:\/\/www.immobilienbusiness.ch\/wp-content\/uploads\/2020\/01\/3D_Simulation_5_Gesamtsystem-920x518.jpg 920w, https:\/\/www.immobilienbusiness.ch\/wp-content\/uploads\/2020\/01\/3D_Simulation_5_Gesamtsystem-1400x788.jpg 1400w\" sizes=\"auto, (max-width: 768px) 100vw, 768px\" \/><\/a><figcaption id=\"caption-attachment-20064\" class=\"wp-caption-text\">An innovative idea: freight transportation is moved underground (Image: Cargo sous terrain)<\/figcaption><\/figure>\n<p>Cargo sous Terrain, a logistics project focusing on underground freight transportation, is reducing its workforce. In a press release entitled \"Cargo sous terrain is positioning itself for the future\", the company announces an \"adjustment to the current framework conditions\". These include cost reductions and staff cuts. The feasibility of the innovative logistics concept is not the issue, writes CST: proof has been provided that the \"envisaged sustainable and environmentally friendly underground logistics system with fine distribution in the city is technologically and structurally feasible\". The company refers to the independent review of the project carried out in the spring of this year. However, the management and the Board of Directors recognized - also in the spring - \"that the current legal framework conditions do not reliably secure private financing for the construction phase of CST.\" Implementation would require close cooperation with the federal government, cantons and cities. \"As these conditions are currently lacking, implementation is not economically viable at the present time.\" CST will now focus on offering the knowledge it has acquired nationally and internationally for solutions \"that are in immediate demand\". According to Chairman of the Board of Directors Marco Rosso, there are not enough funds to pursue the large-scale solution for Swiss cities that has been pursued to date.<\/p>\n<p>Just under a year ago, CST announced the appointment of Christian Sp\u00e4th as its new CEO <a href=\"https:\/\/www.immobilienbusiness.ch\/en\/personalia\/2024-10-17\/cargo-sous-terrain-mit-neuem-ceo\/\" target=\"_blank\" rel=\"noopener\">(IB reported)<\/a>. However, the city of Zurich had previously spoken out against the creation of logistics hubs as part of the tunnel concept. The first underground transport tube was to be built between H\u00e4rkingen and Zurich. Test bores for this were carried out in 2023.<\/p>","protected":false},"excerpt":{"rendered":"<p>The company behind the project, which aimed to move freight transportation between the cities into underground tubes, is cutting jobs and complaining about a lack of political support.<\/p>","protected":false},"author":102,"featured_media":20064,"comment_status":"closed","ping_status":"closed","sticky":false,"template":"","format":"standard","meta":{"_acf_changed":false,"_yoast_wpseo_focuskw":"Cargo","_yoast_wpseo_title":"","_yoast_wpseo_metadesc":"Die Tr\u00e4gergesellschaft des Projekts, das den G\u00fctertransport zwischen den St\u00e4dten in unterirdische R\u00f6hren verlegen wollte, k\u00fcrzt Stellen und beklagt fehlenden politischen R\u00fcckhalt.","_yoast_wpseo_linkdex":74,"pgc_sgb_lightbox_settings":"","footnotes":""},"categories":[988],"tags":[],"class_list":["post-65337","post","type-post","status-publish","format-standard","has-post-thumbnail","hentry","category-unternehmen"],"acf":[],"yoast_head":"<!-- This site is optimized with the Yoast SEO plugin v27.5 - https:\/\/yoast.com\/product\/yoast-seo-wordpress\/ -->\n<title>Cargo sous terrain: Ehrgeiziges Logistikprojekt vor dem Aus - IMMOBILIEN Business<\/title>\n<meta name=\"description\" content=\"Die Tr\u00e4gergesellschaft des Projekts, das den G\u00fctertransport zwischen den St\u00e4dten in unterirdische R\u00f6hren verlegen wollte, k\u00fcrzt Stellen und beklagt fehlenden politischen R\u00fcckhalt.\" \/>\n<meta name=\"robots\" content=\"index, follow, max-snippet:-1, max-image-preview:large, max-video-preview:-1\" \/>\n<link rel=\"canonical\" href=\"https:\/\/www.immobilienbusiness.ch\/en\/unternehmen\/2025-09-11\/cargo-sous-terrain-ehrgeiziges-logistikprojekt-vor-dem-aus\/\" \/>\n<meta property=\"og:locale\" content=\"en_US\" \/>\n<meta property=\"og:type\" content=\"article\" \/>\n<meta property=\"og:title\" content=\"Cargo sous terrain: Ehrgeiziges Logistikprojekt vor dem Aus - IMMOBILIEN Business\" \/>\n<meta property=\"og:description\" content=\"Die Tr\u00e4gergesellschaft des Projekts, das den G\u00fctertransport zwischen den St\u00e4dten in unterirdische R\u00f6hren verlegen wollte, k\u00fcrzt Stellen und beklagt fehlenden politischen R\u00fcckhalt.\" \/>\n<meta property=\"og:url\" content=\"https:\/\/www.immobilienbusiness.ch\/en\/unternehmen\/2025-09-11\/cargo-sous-terrain-ehrgeiziges-logistikprojekt-vor-dem-aus\/\" \/>\n<meta property=\"og:site_name\" content=\"IMMOBILIEN Business\" \/>\n<meta property=\"article:publisher\" content=\"https:\/\/www.facebook.com\/immobilienbusiness\/\" \/>\n<meta property=\"article:published_time\" content=\"2025-09-11T05:12:47+00:00\" \/>\n<meta property=\"article:modified_time\" content=\"2025-09-11T14:07:57+00:00\" \/>\n<meta property=\"og:image\" content=\"https:\/\/www.immobilienbusiness.ch\/wp-content\/uploads\/2020\/01\/3D_Simulation_5_Gesamtsystem.jpg\" \/>\n\t<meta property=\"og:image:width\" content=\"2560\" \/>\n\t<meta property=\"og:image:height\" content=\"1440\" \/>\n\t<meta property=\"og:image:type\" content=\"image\/jpeg\" \/>\n<meta name=\"author\" content=\"Alexander Wachter\" \/>\n<meta name=\"twitter:card\" content=\"summary_large_image\" \/>\n<script type=\"application\/ld+json\" class=\"yoast-schema-graph\">{\"@context\":\"https:\\\/\\\/schema.org\",\"@graph\":[{\"@type\":\"Article\",\"@id\":\"https:\\\/\\\/www.immobilienbusiness.ch\\\/de\\\/unternehmen\\\/2025-09-11\\\/cargo-sous-terrain-ehrgeiziges-logistikprojekt-vor-dem-aus\\\/#article\",\"isPartOf\":{\"@id\":\"https:\\\/\\\/www.immobilienbusiness.ch\\\/de\\\/unternehmen\\\/2025-09-11\\\/cargo-sous-terrain-ehrgeiziges-logistikprojekt-vor-dem-aus\\\/\"},\"author\":{\"name\":\"Alexander Wachter\",\"@id\":\"https:\\\/\\\/www.immobilienbusiness.ch\\\/#\\\/schema\\\/person\\\/aba8bea2db926aa0c24c08c43fe1fcd5\"},\"headline\":\"Cargo sous terrain: Ehrgeiziges Logistikprojekt vor dem Aus\",\"datePublished\":\"2025-09-11T05:12:47+00:00\",\"dateModified\":\"2025-09-11T14:07:57+00:00\",\"mainEntityOfPage\":{\"@id\":\"https:\\\/\\\/www.immobilienbusiness.ch\\\/de\\\/unternehmen\\\/2025-09-11\\\/cargo-sous-terrain-ehrgeiziges-logistikprojekt-vor-dem-aus\\\/\"},\"wordCount\":288,\"publisher\":{\"@id\":\"https:\\\/\\\/www.immobilienbusiness.ch\\\/#organization\"},\"image\":{\"@id\":\"https:\\\/\\\/www.immobilienbusiness.ch\\\/de\\\/unternehmen\\\/2025-09-11\\\/cargo-sous-terrain-ehrgeiziges-logistikprojekt-vor-dem-aus\\\/#primaryimage\"},\"thumbnailUrl\":\"https:\\\/\\\/www.immobilienbusiness.ch\\\/wp-content\\\/uploads\\\/2020\\\/01\\\/3D_Simulation_5_Gesamtsystem.jpg\",\"articleSection\":[\"UNTERNEHMEN\"],\"inLanguage\":\"en-US\"},{\"@type\":\"WebPage\",\"@id\":\"https:\\\/\\\/www.immobilienbusiness.ch\\\/de\\\/unternehmen\\\/2025-09-11\\\/cargo-sous-terrain-ehrgeiziges-logistikprojekt-vor-dem-aus\\\/\",\"url\":\"https:\\\/\\\/www.immobilienbusiness.ch\\\/de\\\/unternehmen\\\/2025-09-11\\\/cargo-sous-terrain-ehrgeiziges-logistikprojekt-vor-dem-aus\\\/\",\"name\":\"Cargo sous terrain: Ehrgeiziges Logistikprojekt vor dem Aus - IMMOBILIEN Business\",\"isPartOf\":{\"@id\":\"https:\\\/\\\/www.immobilienbusiness.ch\\\/#website\"},\"primaryImageOfPage\":{\"@id\":\"https:\\\/\\\/www.immobilienbusiness.ch\\\/de\\\/unternehmen\\\/2025-09-11\\\/cargo-sous-terrain-ehrgeiziges-logistikprojekt-vor-dem-aus\\\/#primaryimage\"},\"image\":{\"@id\":\"https:\\\/\\\/www.immobilienbusiness.ch\\\/de\\\/unternehmen\\\/2025-09-11\\\/cargo-sous-terrain-ehrgeiziges-logistikprojekt-vor-dem-aus\\\/#primaryimage\"},\"thumbnailUrl\":\"https:\\\/\\\/www.immobilienbusiness.ch\\\/wp-content\\\/uploads\\\/2020\\\/01\\\/3D_Simulation_5_Gesamtsystem.jpg\",\"datePublished\":\"2025-09-11T05:12:47+00:00\",\"dateModified\":\"2025-09-11T14:07:57+00:00\",\"description\":\"Die Tr\u00e4gergesellschaft des Projekts, das den G\u00fctertransport zwischen den St\u00e4dten in unterirdische R\u00f6hren verlegen wollte, k\u00fcrzt Stellen und beklagt fehlenden politischen R\u00fcckhalt.\",\"breadcrumb\":{\"@id\":\"https:\\\/\\\/www.immobilienbusiness.ch\\\/de\\\/unternehmen\\\/2025-09-11\\\/cargo-sous-terrain-ehrgeiziges-logistikprojekt-vor-dem-aus\\\/#breadcrumb\"},\"inLanguage\":\"en-US\",\"potentialAction\":[{\"@type\":\"ReadAction\",\"target\":[\"https:\\\/\\\/www.immobilienbusiness.ch\\\/de\\\/unternehmen\\\/2025-09-11\\\/cargo-sous-terrain-ehrgeiziges-logistikprojekt-vor-dem-aus\\\/\"]}]},{\"@type\":\"ImageObject\",\"inLanguage\":\"en-US\",\"@id\":\"https:\\\/\\\/www.immobilienbusiness.ch\\\/de\\\/unternehmen\\\/2025-09-11\\\/cargo-sous-terrain-ehrgeiziges-logistikprojekt-vor-dem-aus\\\/#primaryimage\",\"url\":\"https:\\\/\\\/www.immobilienbusiness.ch\\\/wp-content\\\/uploads\\\/2020\\\/01\\\/3D_Simulation_5_Gesamtsystem.jpg\",\"contentUrl\":\"https:\\\/\\\/www.immobilienbusiness.ch\\\/wp-content\\\/uploads\\\/2020\\\/01\\\/3D_Simulation_5_Gesamtsystem.jpg\",\"width\":2560,\"height\":1440,\"caption\":\"Ein sch\u00f6ner Gedanke: Der G\u00fctertransport wird unter die Erde verlegt (Bild: Cargo sous terrain)\"},{\"@type\":\"BreadcrumbList\",\"@id\":\"https:\\\/\\\/www.immobilienbusiness.ch\\\/de\\\/unternehmen\\\/2025-09-11\\\/cargo-sous-terrain-ehrgeiziges-logistikprojekt-vor-dem-aus\\\/#breadcrumb\",\"itemListElement\":[{\"@type\":\"ListItem\",\"position\":1,\"name\":\"Home\",\"item\":\"https:\\\/\\\/www.immobilienbusiness.ch\\\/\"},{\"@type\":\"ListItem\",\"position\":2,\"name\":\"Cargo sous terrain: Ehrgeiziges Logistikprojekt vor dem Aus\"}]},{\"@type\":\"WebSite\",\"@id\":\"https:\\\/\\\/www.immobilienbusiness.ch\\\/#website\",\"url\":\"https:\\\/\\\/www.immobilienbusiness.ch\\\/\",\"name\":\"IMMOBILIEN Business\",\"description\":\"Unabh\u00e4ngiges Schweizer Wirtschaftsmagazin mit Fokus auf Immobilien, Architektur- und Bau sowie Investment- und Finanzierung.\",\"publisher\":{\"@id\":\"https:\\\/\\\/www.immobilienbusiness.ch\\\/#organization\"},\"potentialAction\":[{\"@type\":\"SearchAction\",\"target\":{\"@type\":\"EntryPoint\",\"urlTemplate\":\"https:\\\/\\\/www.immobilienbusiness.ch\\\/?s={search_term_string}\"},\"query-input\":{\"@type\":\"PropertyValueSpecification\",\"valueRequired\":true,\"valueName\":\"search_term_string\"}}],\"inLanguage\":\"en-US\"},{\"@type\":\"Organization\",\"@id\":\"https:\\\/\\\/www.immobilienbusiness.ch\\\/#organization\",\"name\":\"IMMOBILIEN Business\",\"url\":\"https:\\\/\\\/www.immobilienbusiness.ch\\\/\",\"logo\":{\"@type\":\"ImageObject\",\"inLanguage\":\"en-US\",\"@id\":\"https:\\\/\\\/www.immobilienbusiness.ch\\\/#\\\/schema\\\/logo\\\/image\\\/\",\"url\":\"https:\\\/\\\/www.immobilienbusiness.ch\\\/wp-content\\\/uploads\\\/2021\\\/07\\\/logo_ib.png\",\"contentUrl\":\"https:\\\/\\\/www.immobilienbusiness.ch\\\/wp-content\\\/uploads\\\/2021\\\/07\\\/logo_ib.png\",\"width\":800,\"height\":181,\"caption\":\"IMMOBILIEN Business\"},\"image\":{\"@id\":\"https:\\\/\\\/www.immobilienbusiness.ch\\\/#\\\/schema\\\/logo\\\/image\\\/\"},\"sameAs\":[\"https:\\\/\\\/www.facebook.com\\\/immobilienbusiness\\\/\"]},{\"@type\":\"Person\",\"@id\":\"https:\\\/\\\/www.immobilienbusiness.ch\\\/#\\\/schema\\\/person\\\/aba8bea2db926aa0c24c08c43fe1fcd5\",\"name\":\"Alexander Wachter\",\"image\":{\"@type\":\"ImageObject\",\"inLanguage\":\"en-US\",\"@id\":\"https:\\\/\\\/secure.gravatar.com\\\/avatar\\\/1a09e471f5389b0e0a6416eac287e0927c7c97a7b77f9e787eba3af7aee281dd?s=96&d=mm&r=g\",\"url\":\"https:\\\/\\\/secure.gravatar.com\\\/avatar\\\/1a09e471f5389b0e0a6416eac287e0927c7c97a7b77f9e787eba3af7aee281dd?s=96&d=mm&r=g\",\"contentUrl\":\"https:\\\/\\\/secure.gravatar.com\\\/avatar\\\/1a09e471f5389b0e0a6416eac287e0927c7c97a7b77f9e787eba3af7aee281dd?s=96&d=mm&r=g\",\"caption\":\"Alexander Wachter\"},\"url\":\"https:\\\/\\\/www.immobilienbusiness.ch\\\/en\\\/author\\\/alexander-wachter\\\/\"}]}<\/script>\n<!-- \/ Yoast SEO plugin. -->","yoast_head_json":{"title":"Cargo sous terrain: Ehrgeiziges Logistikprojekt vor dem Aus - IMMOBILIEN Business","description":"The company behind the project, which aimed to move freight transportation between the cities into underground tubes, is cutting jobs and complaining about a lack of political support.","robots":{"index":"index","follow":"follow","max-snippet":"max-snippet:-1","max-image-preview":"max-image-preview:large","max-video-preview":"max-video-preview:-1"},"canonical":"https:\/\/www.immobilienbusiness.ch\/en\/unternehmen\/2025-09-11\/cargo-sous-terrain-ehrgeiziges-logistikprojekt-vor-dem-aus\/","og_locale":"en_US","og_type":"article","og_title":"Cargo sous terrain: Ehrgeiziges Logistikprojekt vor dem Aus - IMMOBILIEN Business","og_description":"Die Tr\u00e4gergesellschaft des Projekts, das den G\u00fctertransport zwischen den St\u00e4dten in unterirdische R\u00f6hren verlegen wollte, k\u00fcrzt Stellen und beklagt fehlenden politischen R\u00fcckhalt.","og_url":"https:\/\/www.immobilienbusiness.ch\/en\/unternehmen\/2025-09-11\/cargo-sous-terrain-ehrgeiziges-logistikprojekt-vor-dem-aus\/","og_site_name":"IMMOBILIEN Business","article_publisher":"https:\/\/www.facebook.com\/immobilienbusiness\/","article_published_time":"2025-09-11T05:12:47+00:00","article_modified_time":"2025-09-11T14:07:57+00:00","og_image":[{"width":2560,"height":1440,"url":"https:\/\/www.immobilienbusiness.ch\/wp-content\/uploads\/2020\/01\/3D_Simulation_5_Gesamtsystem.jpg","type":"image\/jpeg"}],"author":"Alexander Wachter","twitter_card":"summary_large_image","schema":{"@context":"https:\/\/schema.org","@graph":[{"@type":"Article","@id":"https:\/\/www.immobilienbusiness.ch\/de\/unternehmen\/2025-09-11\/cargo-sous-terrain-ehrgeiziges-logistikprojekt-vor-dem-aus\/#article","isPartOf":{"@id":"https:\/\/www.immobilienbusiness.ch\/de\/unternehmen\/2025-09-11\/cargo-sous-terrain-ehrgeiziges-logistikprojekt-vor-dem-aus\/"},"author":{"name":"Alexander Wachter","@id":"https:\/\/www.immobilienbusiness.ch\/#\/schema\/person\/aba8bea2db926aa0c24c08c43fe1fcd5"},"headline":"Cargo sous terrain: Ehrgeiziges Logistikprojekt vor dem Aus","datePublished":"2025-09-11T05:12:47+00:00","dateModified":"2025-09-11T14:07:57+00:00","mainEntityOfPage":{"@id":"https:\/\/www.immobilienbusiness.ch\/de\/unternehmen\/2025-09-11\/cargo-sous-terrain-ehrgeiziges-logistikprojekt-vor-dem-aus\/"},"wordCount":288,"publisher":{"@id":"https:\/\/www.immobilienbusiness.ch\/#organization"},"image":{"@id":"https:\/\/www.immobilienbusiness.ch\/de\/unternehmen\/2025-09-11\/cargo-sous-terrain-ehrgeiziges-logistikprojekt-vor-dem-aus\/#primaryimage"},"thumbnailUrl":"https:\/\/www.immobilienbusiness.ch\/wp-content\/uploads\/2020\/01\/3D_Simulation_5_Gesamtsystem.jpg","articleSection":["UNTERNEHMEN"],"inLanguage":"en-US"},{"@type":"WebPage","@id":"https:\/\/www.immobilienbusiness.ch\/de\/unternehmen\/2025-09-11\/cargo-sous-terrain-ehrgeiziges-logistikprojekt-vor-dem-aus\/","url":"https:\/\/www.immobilienbusiness.ch\/de\/unternehmen\/2025-09-11\/cargo-sous-terrain-ehrgeiziges-logistikprojekt-vor-dem-aus\/","name":"Cargo sous terrain: Ehrgeiziges Logistikprojekt vor dem Aus - IMMOBILIEN Business","isPartOf":{"@id":"https:\/\/www.immobilienbusiness.ch\/#website"},"primaryImageOfPage":{"@id":"https:\/\/www.immobilienbusiness.ch\/de\/unternehmen\/2025-09-11\/cargo-sous-terrain-ehrgeiziges-logistikprojekt-vor-dem-aus\/#primaryimage"},"image":{"@id":"https:\/\/www.immobilienbusiness.ch\/de\/unternehmen\/2025-09-11\/cargo-sous-terrain-ehrgeiziges-logistikprojekt-vor-dem-aus\/#primaryimage"},"thumbnailUrl":"https:\/\/www.immobilienbusiness.ch\/wp-content\/uploads\/2020\/01\/3D_Simulation_5_Gesamtsystem.jpg","datePublished":"2025-09-11T05:12:47+00:00","dateModified":"2025-09-11T14:07:57+00:00","description":"The company behind the project, which aimed to move freight transportation between the cities into underground tubes, is cutting jobs and complaining about a lack of political support.","breadcrumb":{"@id":"https:\/\/www.immobilienbusiness.ch\/de\/unternehmen\/2025-09-11\/cargo-sous-terrain-ehrgeiziges-logistikprojekt-vor-dem-aus\/#breadcrumb"},"inLanguage":"en-US","potentialAction":[{"@type":"ReadAction","target":["https:\/\/www.immobilienbusiness.ch\/de\/unternehmen\/2025-09-11\/cargo-sous-terrain-ehrgeiziges-logistikprojekt-vor-dem-aus\/"]}]},{"@type":"ImageObject","inLanguage":"en-US","@id":"https:\/\/www.immobilienbusiness.ch\/de\/unternehmen\/2025-09-11\/cargo-sous-terrain-ehrgeiziges-logistikprojekt-vor-dem-aus\/#primaryimage","url":"https:\/\/www.immobilienbusiness.ch\/wp-content\/uploads\/2020\/01\/3D_Simulation_5_Gesamtsystem.jpg","contentUrl":"https:\/\/www.immobilienbusiness.ch\/wp-content\/uploads\/2020\/01\/3D_Simulation_5_Gesamtsystem.jpg","width":2560,"height":1440,"caption":"Ein sch\u00f6ner Gedanke: Der G\u00fctertransport wird unter die Erde verlegt (Bild: Cargo sous terrain)"},{"@type":"BreadcrumbList","@id":"https:\/\/www.immobilienbusiness.ch\/de\/unternehmen\/2025-09-11\/cargo-sous-terrain-ehrgeiziges-logistikprojekt-vor-dem-aus\/#breadcrumb","itemListElement":[{"@type":"ListItem","position":1,"name":"Home","item":"https:\/\/www.immobilienbusiness.ch\/"},{"@type":"ListItem","position":2,"name":"Cargo sous terrain: Ehrgeiziges Logistikprojekt vor dem Aus"}]},{"@type":"WebSite","@id":"https:\/\/www.immobilienbusiness.ch\/#website","url":"https:\/\/www.immobilienbusiness.ch\/","name":"REAL ESTATE Business","description":"Independent Swiss business magazine focusing on real estate, architecture and construction as well as investment and financing.","publisher":{"@id":"https:\/\/www.immobilienbusiness.ch\/#organization"},"potentialAction":[{"@type":"SearchAction","target":{"@type":"EntryPoint","urlTemplate":"https:\/\/www.immobilienbusiness.ch\/?s={search_term_string}"},"query-input":{"@type":"PropertyValueSpecification","valueRequired":true,"valueName":"search_term_string"}}],"inLanguage":"en-US"},{"@type":"Organization","@id":"https:\/\/www.immobilienbusiness.ch\/#organization","name":"REAL ESTATE Business","url":"https:\/\/www.immobilienbusiness.ch\/","logo":{"@type":"ImageObject","inLanguage":"en-US","@id":"https:\/\/www.immobilienbusiness.ch\/#\/schema\/logo\/image\/","url":"https:\/\/www.immobilienbusiness.ch\/wp-content\/uploads\/2021\/07\/logo_ib.png","contentUrl":"https:\/\/www.immobilienbusiness.ch\/wp-content\/uploads\/2021\/07\/logo_ib.png","width":800,"height":181,"caption":"IMMOBILIEN Business"},"image":{"@id":"https:\/\/www.immobilienbusiness.ch\/#\/schema\/logo\/image\/"},"sameAs":["https:\/\/www.facebook.com\/immobilienbusiness\/"]},{"@type":"Person","@id":"https:\/\/www.immobilienbusiness.ch\/#\/schema\/person\/aba8bea2db926aa0c24c08c43fe1fcd5","name":"Alexander Wachter","image":{"@type":"ImageObject","inLanguage":"en-US","@id":"https:\/\/secure.gravatar.com\/avatar\/1a09e471f5389b0e0a6416eac287e0927c7c97a7b77f9e787eba3af7aee281dd?s=96&d=mm&r=g","url":"https:\/\/secure.gravatar.com\/avatar\/1a09e471f5389b0e0a6416eac287e0927c7c97a7b77f9e787eba3af7aee281dd?s=96&d=mm&r=g","contentUrl":"https:\/\/secure.gravatar.com\/avatar\/1a09e471f5389b0e0a6416eac287e0927c7c97a7b77f9e787eba3af7aee281dd?s=96&d=mm&r=g","caption":"Alexander Wachter"},"url":"https:\/\/www.immobilienbusiness.ch\/en\/author\/alexander-wachter\/"}]}},"_links":{"self":[{"href":"https:\/\/www.immobilienbusiness.ch\/en\/wp-json\/wp\/v2\/posts\/65337","targetHints":{"allow":["GET"]}}],"collection":[{"href":"https:\/\/www.immobilienbusiness.ch\/en\/wp-json\/wp\/v2\/posts"}],"about":[{"href":"https:\/\/www.immobilienbusiness.ch\/en\/wp-json\/wp\/v2\/types\/post"}],"author":[{"embeddable":true,"href":"https:\/\/www.immobilienbusiness.ch\/en\/wp-json\/wp\/v2\/users\/102"}],"replies":[{"embeddable":true,"href":"https:\/\/www.immobilienbusiness.ch\/en\/wp-json\/wp\/v2\/comments?post=65337"}],"version-history":[{"count":5,"href":"https:\/\/www.immobilienbusiness.ch\/en\/wp-json\/wp\/v2\/posts\/65337\/revisions"}],"predecessor-version":[{"id":65373,"href":"https:\/\/www.immobilienbusiness.ch\/en\/wp-json\/wp\/v2\/posts\/65337\/revisions\/65373"}],"wp:featuredmedia":[{"embeddable":true,"href":"https:\/\/www.immobilienbusiness.ch\/en\/wp-json\/wp\/v2\/media\/20064"}],"wp:attachment":[{"href":"https:\/\/www.immobilienbusiness.ch\/en\/wp-json\/wp\/v2\/media?parent=65337"}],"wp:term":[{"taxonomy":"category","embeddable":true,"href":"https:\/\/www.immobilienbusiness.ch\/en\/wp-json\/wp\/v2\/categories?post=65337"},{"taxonomy":"post_tag","embeddable":true,"href":"https:\/\/www.immobilienbusiness.ch\/en\/wp-json\/wp\/v2\/tags?post=65337"}],"curies":[{"name":"wp","href":"https:\/\/api.w.org\/{rel}","templated":true}]}}