{"id":65072,"date":"2025-08-26T07:26:19","date_gmt":"2025-08-26T05:26:19","guid":{"rendered":"https:\/\/www.immobilienbusiness.ch\/?p=65072"},"modified":"2025-08-28T13:54:34","modified_gmt":"2025-08-28T11:54:34","slug":"baar-grundsteinlegung-fuer-buerohaus-aura","status":"publish","type":"post","link":"https:\/\/www.immobilienbusiness.ch\/en\/regionen\/2025-08-26\/baar-grundsteinlegung-fuer-buerohaus-aura\/","title":{"rendered":"Baar: Foundation stone laid for \"Aura\" office building"},"content":{"rendered":"<div>\n<figure id=\"attachment_65073\" aria-describedby=\"caption-attachment-65073\" style=\"width: 768px\" class=\"wp-caption alignnone\"><a href=\"https:\/\/www.immobilienbusiness.ch\/wp-content\/uploads\/2025\/08\/589_VA_AP_04_final1-scaled.jpg\"><img loading=\"lazy\" decoding=\"async\" class=\"size-large wp-image-65073\" src=\"https:\/\/www.immobilienbusiness.ch\/wp-content\/uploads\/2025\/08\/589_VA_AP_04_final1-1024x683.jpg\" alt=\"\" width=\"768\" height=\"512\" srcset=\"https:\/\/www.immobilienbusiness.ch\/wp-content\/uploads\/2025\/08\/589_VA_AP_04_final1-1024x683.jpg 1024w, https:\/\/www.immobilienbusiness.ch\/wp-content\/uploads\/2025\/08\/589_VA_AP_04_final1-300x200.jpg 300w, https:\/\/www.immobilienbusiness.ch\/wp-content\/uploads\/2025\/08\/589_VA_AP_04_final1-768x512.jpg 768w, https:\/\/www.immobilienbusiness.ch\/wp-content\/uploads\/2025\/08\/589_VA_AP_04_final1-1536x1024.jpg 1536w, https:\/\/www.immobilienbusiness.ch\/wp-content\/uploads\/2025\/08\/589_VA_AP_04_final1-2048x1365.jpg 2048w, https:\/\/www.immobilienbusiness.ch\/wp-content\/uploads\/2025\/08\/589_VA_AP_04_final1-18x12.jpg 18w, https:\/\/www.immobilienbusiness.ch\/wp-content\/uploads\/2025\/08\/589_VA_AP_04_final1-375x250.jpg 375w, https:\/\/www.immobilienbusiness.ch\/wp-content\/uploads\/2025\/08\/589_VA_AP_04_final1-525x350.jpg 525w, https:\/\/www.immobilienbusiness.ch\/wp-content\/uploads\/2025\/08\/589_VA_AP_04_final1-1000x667.jpg 1000w, https:\/\/www.immobilienbusiness.ch\/wp-content\/uploads\/2025\/08\/589_VA_AP_04_final1-scaled.jpg 1200w\" sizes=\"auto, (max-width: 768px) 100vw, 768px\" \/><\/a><figcaption id=\"caption-attachment-65073\" class=\"wp-caption-text\">The \"Aura\" new-build project in Baar can be seen on the right (visualization: zVg)<\/figcaption><\/figure>\n<p>The foundation stone has been laid for the \"Aura\" office project in the Unterfeld Nord development area in Baar (ZG). Stocker Real Estate AG, the client, expects the building to be completed and the rental space occupied in spring 2027. The family-owned company is developing the building together with Martin Lenz AG, which is responsible for the overall project management and realization, and Vonplon Architektur AG, which developed the architectural concept.<\/p>\n<\/div>\n<div>The building with a natural fa\u00e7ade comprises six floors above ground and offers flexibly expandable office space in the extended noble shell. According to the project website, 3,600 square meters of office and commercial space will be created. \"One highlight is the so-called cone system, which integrates all heating and cooling systems in parapet ducts,\" writes Stocker Real Estate in a press release. A large part of the ventilation system has also already been installed. \"This allows us to create generous clear room heights and significantly reduce ancillary and expansion costs for future tenants,\" says developer Martin Lenz. Visible installations or suspended ceilings for ventilation ducts would be largely superfluous thanks to the construction method. The energy supply is ensured by energy piles, a heat pump and a full-surface photovoltaic system on the roof. <em>(aw)<\/em><\/div>","protected":false},"excerpt":{"rendered":"<p>The project will create a total of 3,600 sqm of office and commercial space in the Unterfeld Nord area by spring 2027.<\/p>","protected":false},"author":102,"featured_media":65073,"comment_status":"closed","ping_status":"closed","sticky":false,"template":"","format":"standard","meta":{"_acf_changed":false,"_yoast_wpseo_focuskw":"Baar","_yoast_wpseo_title":"","_yoast_wpseo_metadesc":"Im Gebiet Unterfeld Nord entstehen durch das Projekt bis Fr\u00fchjahr 2027 insgesamt 3.600 qm B\u00fcro und Gewerbefl\u00e4chen.","_yoast_wpseo_linkdex":65,"pgc_sgb_lightbox_settings":"","footnotes":""},"categories":[985],"tags":[2273,1118,2132,4291,1599,4290,4292],"class_list":["post-65072","post","type-post","status-publish","format-standard","has-post-thumbnail","hentry","category-regionen","tag-baar","tag-buero","tag-gewerbe","tag-martin-lenz-ag","tag-projekt-in-bau","tag-stocker-real-estate-ag","tag-voplon-architektur"],"acf":[],"yoast_head":"<!-- This site is optimized with the Yoast SEO plugin v27.4 - https:\/\/yoast.com\/product\/yoast-seo-wordpress\/ -->\n<title>Baar: Grundsteinlegung f\u00fcr B\u00fcrohaus \u00abAura\u00bb - IMMOBILIEN Business<\/title>\n<meta name=\"description\" content=\"Im Gebiet Unterfeld Nord entstehen durch das Projekt bis Fr\u00fchjahr 2027 insgesamt 3.600 qm B\u00fcro und Gewerbefl\u00e4chen.\" \/>\n<meta name=\"robots\" content=\"index, follow, max-snippet:-1, max-image-preview:large, max-video-preview:-1\" \/>\n<link rel=\"canonical\" href=\"https:\/\/www.immobilienbusiness.ch\/en\/regionen\/2025-08-26\/baar-grundsteinlegung-fuer-buerohaus-aura\/\" \/>\n<meta property=\"og:locale\" content=\"en_US\" \/>\n<meta property=\"og:type\" content=\"article\" \/>\n<meta property=\"og:title\" content=\"Baar: Grundsteinlegung f\u00fcr B\u00fcrohaus \u00abAura\u00bb - IMMOBILIEN Business\" \/>\n<meta property=\"og:description\" content=\"Im Gebiet Unterfeld Nord entstehen durch das Projekt bis Fr\u00fchjahr 2027 insgesamt 3.600 qm B\u00fcro und Gewerbefl\u00e4chen.\" \/>\n<meta property=\"og:url\" content=\"https:\/\/www.immobilienbusiness.ch\/en\/regionen\/2025-08-26\/baar-grundsteinlegung-fuer-buerohaus-aura\/\" \/>\n<meta property=\"og:site_name\" content=\"IMMOBILIEN Business\" \/>\n<meta property=\"article:publisher\" content=\"https:\/\/www.facebook.com\/immobilienbusiness\/\" \/>\n<meta property=\"article:published_time\" content=\"2025-08-26T05:26:19+00:00\" \/>\n<meta property=\"article:modified_time\" content=\"2025-08-28T11:54:34+00:00\" \/>\n<meta property=\"og:image\" content=\"https:\/\/www.immobilienbusiness.ch\/wp-content\/uploads\/2025\/08\/589_VA_AP_04_final1-scaled.jpg\" \/>\n\t<meta property=\"og:image:width\" content=\"1200\" \/>\n\t<meta property=\"og:image:height\" content=\"800\" \/>\n\t<meta property=\"og:image:type\" content=\"image\/jpeg\" \/>\n<meta name=\"author\" content=\"Alexander Wachter\" \/>\n<meta name=\"twitter:card\" content=\"summary_large_image\" \/>\n<script type=\"application\/ld+json\" class=\"yoast-schema-graph\">{\"@context\":\"https:\\\/\\\/schema.org\",\"@graph\":[{\"@type\":\"Article\",\"@id\":\"https:\\\/\\\/www.immobilienbusiness.ch\\\/regionen\\\/2025-08-26\\\/baar-grundsteinlegung-fuer-buerohaus-aura\\\/#article\",\"isPartOf\":{\"@id\":\"https:\\\/\\\/www.immobilienbusiness.ch\\\/regionen\\\/2025-08-26\\\/baar-grundsteinlegung-fuer-buerohaus-aura\\\/\"},\"author\":{\"name\":\"Alexander Wachter\",\"@id\":\"https:\\\/\\\/www.immobilienbusiness.ch\\\/#\\\/schema\\\/person\\\/aba8bea2db926aa0c24c08c43fe1fcd5\"},\"headline\":\"Baar: Grundsteinlegung f\u00fcr B\u00fcrohaus \u00abAura\u00bb\",\"datePublished\":\"2025-08-26T05:26:19+00:00\",\"dateModified\":\"2025-08-28T11:54:34+00:00\",\"mainEntityOfPage\":{\"@id\":\"https:\\\/\\\/www.immobilienbusiness.ch\\\/regionen\\\/2025-08-26\\\/baar-grundsteinlegung-fuer-buerohaus-aura\\\/\"},\"wordCount\":222,\"publisher\":{\"@id\":\"https:\\\/\\\/www.immobilienbusiness.ch\\\/#organization\"},\"image\":{\"@id\":\"https:\\\/\\\/www.immobilienbusiness.ch\\\/regionen\\\/2025-08-26\\\/baar-grundsteinlegung-fuer-buerohaus-aura\\\/#primaryimage\"},\"thumbnailUrl\":\"https:\\\/\\\/www.immobilienbusiness.ch\\\/wp-content\\\/uploads\\\/2025\\\/08\\\/589_VA_AP_04_final1-scaled.jpg\",\"keywords\":[\"Baar\",\"B\u00fcro\",\"Gewerbe\",\"Martin Lenz AG\",\"Projekt in Bau\",\"Stocker Real Estate AG\",\"Voplon Architektur\"],\"articleSection\":[\"REGIONEN\"],\"inLanguage\":\"en-US\"},{\"@type\":\"WebPage\",\"@id\":\"https:\\\/\\\/www.immobilienbusiness.ch\\\/regionen\\\/2025-08-26\\\/baar-grundsteinlegung-fuer-buerohaus-aura\\\/\",\"url\":\"https:\\\/\\\/www.immobilienbusiness.ch\\\/regionen\\\/2025-08-26\\\/baar-grundsteinlegung-fuer-buerohaus-aura\\\/\",\"name\":\"Baar: Grundsteinlegung f\u00fcr B\u00fcrohaus \u00abAura\u00bb - IMMOBILIEN Business\",\"isPartOf\":{\"@id\":\"https:\\\/\\\/www.immobilienbusiness.ch\\\/#website\"},\"primaryImageOfPage\":{\"@id\":\"https:\\\/\\\/www.immobilienbusiness.ch\\\/regionen\\\/2025-08-26\\\/baar-grundsteinlegung-fuer-buerohaus-aura\\\/#primaryimage\"},\"image\":{\"@id\":\"https:\\\/\\\/www.immobilienbusiness.ch\\\/regionen\\\/2025-08-26\\\/baar-grundsteinlegung-fuer-buerohaus-aura\\\/#primaryimage\"},\"thumbnailUrl\":\"https:\\\/\\\/www.immobilienbusiness.ch\\\/wp-content\\\/uploads\\\/2025\\\/08\\\/589_VA_AP_04_final1-scaled.jpg\",\"datePublished\":\"2025-08-26T05:26:19+00:00\",\"dateModified\":\"2025-08-28T11:54:34+00:00\",\"description\":\"Im Gebiet Unterfeld Nord entstehen durch das Projekt bis Fr\u00fchjahr 2027 insgesamt 3.600 qm B\u00fcro und Gewerbefl\u00e4chen.\",\"breadcrumb\":{\"@id\":\"https:\\\/\\\/www.immobilienbusiness.ch\\\/regionen\\\/2025-08-26\\\/baar-grundsteinlegung-fuer-buerohaus-aura\\\/#breadcrumb\"},\"inLanguage\":\"en-US\",\"potentialAction\":[{\"@type\":\"ReadAction\",\"target\":[\"https:\\\/\\\/www.immobilienbusiness.ch\\\/regionen\\\/2025-08-26\\\/baar-grundsteinlegung-fuer-buerohaus-aura\\\/\"]}]},{\"@type\":\"ImageObject\",\"inLanguage\":\"en-US\",\"@id\":\"https:\\\/\\\/www.immobilienbusiness.ch\\\/regionen\\\/2025-08-26\\\/baar-grundsteinlegung-fuer-buerohaus-aura\\\/#primaryimage\",\"url\":\"https:\\\/\\\/www.immobilienbusiness.ch\\\/wp-content\\\/uploads\\\/2025\\\/08\\\/589_VA_AP_04_final1-scaled.jpg\",\"contentUrl\":\"https:\\\/\\\/www.immobilienbusiness.ch\\\/wp-content\\\/uploads\\\/2025\\\/08\\\/589_VA_AP_04_final1-scaled.jpg\",\"width\":1200,\"height\":800,\"caption\":\"Das Projekt \u00abAura\u00bb in Baar rechts im Bild (Visualisierung: zVg)\"},{\"@type\":\"BreadcrumbList\",\"@id\":\"https:\\\/\\\/www.immobilienbusiness.ch\\\/regionen\\\/2025-08-26\\\/baar-grundsteinlegung-fuer-buerohaus-aura\\\/#breadcrumb\",\"itemListElement\":[{\"@type\":\"ListItem\",\"position\":1,\"name\":\"Home\",\"item\":\"https:\\\/\\\/www.immobilienbusiness.ch\\\/\"},{\"@type\":\"ListItem\",\"position\":2,\"name\":\"Baar: Grundsteinlegung f\u00fcr B\u00fcrohaus \u00abAura\u00bb\"}]},{\"@type\":\"WebSite\",\"@id\":\"https:\\\/\\\/www.immobilienbusiness.ch\\\/#website\",\"url\":\"https:\\\/\\\/www.immobilienbusiness.ch\\\/\",\"name\":\"IMMOBILIEN Business\",\"description\":\"Unabh\u00e4ngiges Schweizer Wirtschaftsmagazin mit Fokus auf Immobilien, Architektur- und Bau sowie Investment- und Finanzierung.\",\"publisher\":{\"@id\":\"https:\\\/\\\/www.immobilienbusiness.ch\\\/#organization\"},\"potentialAction\":[{\"@type\":\"SearchAction\",\"target\":{\"@type\":\"EntryPoint\",\"urlTemplate\":\"https:\\\/\\\/www.immobilienbusiness.ch\\\/?s={search_term_string}\"},\"query-input\":{\"@type\":\"PropertyValueSpecification\",\"valueRequired\":true,\"valueName\":\"search_term_string\"}}],\"inLanguage\":\"en-US\"},{\"@type\":\"Organization\",\"@id\":\"https:\\\/\\\/www.immobilienbusiness.ch\\\/#organization\",\"name\":\"IMMOBILIEN Business\",\"url\":\"https:\\\/\\\/www.immobilienbusiness.ch\\\/\",\"logo\":{\"@type\":\"ImageObject\",\"inLanguage\":\"en-US\",\"@id\":\"https:\\\/\\\/www.immobilienbusiness.ch\\\/#\\\/schema\\\/logo\\\/image\\\/\",\"url\":\"https:\\\/\\\/www.immobilienbusiness.ch\\\/wp-content\\\/uploads\\\/2021\\\/07\\\/logo_ib.png\",\"contentUrl\":\"https:\\\/\\\/www.immobilienbusiness.ch\\\/wp-content\\\/uploads\\\/2021\\\/07\\\/logo_ib.png\",\"width\":800,\"height\":181,\"caption\":\"IMMOBILIEN Business\"},\"image\":{\"@id\":\"https:\\\/\\\/www.immobilienbusiness.ch\\\/#\\\/schema\\\/logo\\\/image\\\/\"},\"sameAs\":[\"https:\\\/\\\/www.facebook.com\\\/immobilienbusiness\\\/\"]},{\"@type\":\"Person\",\"@id\":\"https:\\\/\\\/www.immobilienbusiness.ch\\\/#\\\/schema\\\/person\\\/aba8bea2db926aa0c24c08c43fe1fcd5\",\"name\":\"Alexander Wachter\",\"image\":{\"@type\":\"ImageObject\",\"inLanguage\":\"en-US\",\"@id\":\"https:\\\/\\\/secure.gravatar.com\\\/avatar\\\/1a09e471f5389b0e0a6416eac287e0927c7c97a7b77f9e787eba3af7aee281dd?s=96&d=mm&r=g\",\"url\":\"https:\\\/\\\/secure.gravatar.com\\\/avatar\\\/1a09e471f5389b0e0a6416eac287e0927c7c97a7b77f9e787eba3af7aee281dd?s=96&d=mm&r=g\",\"contentUrl\":\"https:\\\/\\\/secure.gravatar.com\\\/avatar\\\/1a09e471f5389b0e0a6416eac287e0927c7c97a7b77f9e787eba3af7aee281dd?s=96&d=mm&r=g\",\"caption\":\"Alexander Wachter\"},\"url\":\"https:\\\/\\\/www.immobilienbusiness.ch\\\/en\\\/author\\\/alexander-wachter\\\/\"}]}<\/script>\n<!-- \/ Yoast SEO plugin. -->","yoast_head_json":{"title":"Baar: Foundation stone laid for \"Aura\" office building - IMMOBILIEN Business","description":"The project will create a total of 3,600 sqm of office and commercial space in the Unterfeld Nord area by spring 2027.","robots":{"index":"index","follow":"follow","max-snippet":"max-snippet:-1","max-image-preview":"max-image-preview:large","max-video-preview":"max-video-preview:-1"},"canonical":"https:\/\/www.immobilienbusiness.ch\/en\/regionen\/2025-08-26\/baar-grundsteinlegung-fuer-buerohaus-aura\/","og_locale":"en_US","og_type":"article","og_title":"Baar: Grundsteinlegung f\u00fcr B\u00fcrohaus \u00abAura\u00bb - IMMOBILIEN Business","og_description":"Im Gebiet Unterfeld Nord entstehen durch das Projekt bis Fr\u00fchjahr 2027 insgesamt 3.600 qm B\u00fcro und Gewerbefl\u00e4chen.","og_url":"https:\/\/www.immobilienbusiness.ch\/en\/regionen\/2025-08-26\/baar-grundsteinlegung-fuer-buerohaus-aura\/","og_site_name":"IMMOBILIEN Business","article_publisher":"https:\/\/www.facebook.com\/immobilienbusiness\/","article_published_time":"2025-08-26T05:26:19+00:00","article_modified_time":"2025-08-28T11:54:34+00:00","og_image":[{"width":1200,"height":800,"url":"https:\/\/www.immobilienbusiness.ch\/wp-content\/uploads\/2025\/08\/589_VA_AP_04_final1-scaled.jpg","type":"image\/jpeg"}],"author":"Alexander Wachter","twitter_card":"summary_large_image","schema":{"@context":"https:\/\/schema.org","@graph":[{"@type":"Article","@id":"https:\/\/www.immobilienbusiness.ch\/regionen\/2025-08-26\/baar-grundsteinlegung-fuer-buerohaus-aura\/#article","isPartOf":{"@id":"https:\/\/www.immobilienbusiness.ch\/regionen\/2025-08-26\/baar-grundsteinlegung-fuer-buerohaus-aura\/"},"author":{"name":"Alexander Wachter","@id":"https:\/\/www.immobilienbusiness.ch\/#\/schema\/person\/aba8bea2db926aa0c24c08c43fe1fcd5"},"headline":"Baar: Grundsteinlegung f\u00fcr B\u00fcrohaus \u00abAura\u00bb","datePublished":"2025-08-26T05:26:19+00:00","dateModified":"2025-08-28T11:54:34+00:00","mainEntityOfPage":{"@id":"https:\/\/www.immobilienbusiness.ch\/regionen\/2025-08-26\/baar-grundsteinlegung-fuer-buerohaus-aura\/"},"wordCount":222,"publisher":{"@id":"https:\/\/www.immobilienbusiness.ch\/#organization"},"image":{"@id":"https:\/\/www.immobilienbusiness.ch\/regionen\/2025-08-26\/baar-grundsteinlegung-fuer-buerohaus-aura\/#primaryimage"},"thumbnailUrl":"https:\/\/www.immobilienbusiness.ch\/wp-content\/uploads\/2025\/08\/589_VA_AP_04_final1-scaled.jpg","keywords":["Baar","B\u00fcro","Gewerbe","Martin Lenz AG","Projekt in Bau","Stocker Real Estate AG","Voplon Architektur"],"articleSection":["REGIONEN"],"inLanguage":"en-US"},{"@type":"WebPage","@id":"https:\/\/www.immobilienbusiness.ch\/regionen\/2025-08-26\/baar-grundsteinlegung-fuer-buerohaus-aura\/","url":"https:\/\/www.immobilienbusiness.ch\/regionen\/2025-08-26\/baar-grundsteinlegung-fuer-buerohaus-aura\/","name":"Baar: Foundation stone laid for \"Aura\" office building - IMMOBILIEN Business","isPartOf":{"@id":"https:\/\/www.immobilienbusiness.ch\/#website"},"primaryImageOfPage":{"@id":"https:\/\/www.immobilienbusiness.ch\/regionen\/2025-08-26\/baar-grundsteinlegung-fuer-buerohaus-aura\/#primaryimage"},"image":{"@id":"https:\/\/www.immobilienbusiness.ch\/regionen\/2025-08-26\/baar-grundsteinlegung-fuer-buerohaus-aura\/#primaryimage"},"thumbnailUrl":"https:\/\/www.immobilienbusiness.ch\/wp-content\/uploads\/2025\/08\/589_VA_AP_04_final1-scaled.jpg","datePublished":"2025-08-26T05:26:19+00:00","dateModified":"2025-08-28T11:54:34+00:00","description":"The project will create a total of 3,600 sqm of office and commercial space in the Unterfeld Nord area by spring 2027.","breadcrumb":{"@id":"https:\/\/www.immobilienbusiness.ch\/regionen\/2025-08-26\/baar-grundsteinlegung-fuer-buerohaus-aura\/#breadcrumb"},"inLanguage":"en-US","potentialAction":[{"@type":"ReadAction","target":["https:\/\/www.immobilienbusiness.ch\/regionen\/2025-08-26\/baar-grundsteinlegung-fuer-buerohaus-aura\/"]}]},{"@type":"ImageObject","inLanguage":"en-US","@id":"https:\/\/www.immobilienbusiness.ch\/regionen\/2025-08-26\/baar-grundsteinlegung-fuer-buerohaus-aura\/#primaryimage","url":"https:\/\/www.immobilienbusiness.ch\/wp-content\/uploads\/2025\/08\/589_VA_AP_04_final1-scaled.jpg","contentUrl":"https:\/\/www.immobilienbusiness.ch\/wp-content\/uploads\/2025\/08\/589_VA_AP_04_final1-scaled.jpg","width":1200,"height":800,"caption":"Das Projekt \u00abAura\u00bb in Baar rechts im Bild (Visualisierung: zVg)"},{"@type":"BreadcrumbList","@id":"https:\/\/www.immobilienbusiness.ch\/regionen\/2025-08-26\/baar-grundsteinlegung-fuer-buerohaus-aura\/#breadcrumb","itemListElement":[{"@type":"ListItem","position":1,"name":"Home","item":"https:\/\/www.immobilienbusiness.ch\/"},{"@type":"ListItem","position":2,"name":"Baar: Grundsteinlegung f\u00fcr B\u00fcrohaus \u00abAura\u00bb"}]},{"@type":"WebSite","@id":"https:\/\/www.immobilienbusiness.ch\/#website","url":"https:\/\/www.immobilienbusiness.ch\/","name":"REAL ESTATE Business","description":"Independent Swiss business magazine focusing on real estate, architecture and construction as well as investment and financing.","publisher":{"@id":"https:\/\/www.immobilienbusiness.ch\/#organization"},"potentialAction":[{"@type":"SearchAction","target":{"@type":"EntryPoint","urlTemplate":"https:\/\/www.immobilienbusiness.ch\/?s={search_term_string}"},"query-input":{"@type":"PropertyValueSpecification","valueRequired":true,"valueName":"search_term_string"}}],"inLanguage":"en-US"},{"@type":"Organization","@id":"https:\/\/www.immobilienbusiness.ch\/#organization","name":"REAL ESTATE Business","url":"https:\/\/www.immobilienbusiness.ch\/","logo":{"@type":"ImageObject","inLanguage":"en-US","@id":"https:\/\/www.immobilienbusiness.ch\/#\/schema\/logo\/image\/","url":"https:\/\/www.immobilienbusiness.ch\/wp-content\/uploads\/2021\/07\/logo_ib.png","contentUrl":"https:\/\/www.immobilienbusiness.ch\/wp-content\/uploads\/2021\/07\/logo_ib.png","width":800,"height":181,"caption":"IMMOBILIEN Business"},"image":{"@id":"https:\/\/www.immobilienbusiness.ch\/#\/schema\/logo\/image\/"},"sameAs":["https:\/\/www.facebook.com\/immobilienbusiness\/"]},{"@type":"Person","@id":"https:\/\/www.immobilienbusiness.ch\/#\/schema\/person\/aba8bea2db926aa0c24c08c43fe1fcd5","name":"Alexander Wachter","image":{"@type":"ImageObject","inLanguage":"en-US","@id":"https:\/\/secure.gravatar.com\/avatar\/1a09e471f5389b0e0a6416eac287e0927c7c97a7b77f9e787eba3af7aee281dd?s=96&d=mm&r=g","url":"https:\/\/secure.gravatar.com\/avatar\/1a09e471f5389b0e0a6416eac287e0927c7c97a7b77f9e787eba3af7aee281dd?s=96&d=mm&r=g","contentUrl":"https:\/\/secure.gravatar.com\/avatar\/1a09e471f5389b0e0a6416eac287e0927c7c97a7b77f9e787eba3af7aee281dd?s=96&d=mm&r=g","caption":"Alexander Wachter"},"url":"https:\/\/www.immobilienbusiness.ch\/en\/author\/alexander-wachter\/"}]}},"_links":{"self":[{"href":"https:\/\/www.immobilienbusiness.ch\/en\/wp-json\/wp\/v2\/posts\/65072","targetHints":{"allow":["GET"]}}],"collection":[{"href":"https:\/\/www.immobilienbusiness.ch\/en\/wp-json\/wp\/v2\/posts"}],"about":[{"href":"https:\/\/www.immobilienbusiness.ch\/en\/wp-json\/wp\/v2\/types\/post"}],"author":[{"embeddable":true,"href":"https:\/\/www.immobilienbusiness.ch\/en\/wp-json\/wp\/v2\/users\/102"}],"replies":[{"embeddable":true,"href":"https:\/\/www.immobilienbusiness.ch\/en\/wp-json\/wp\/v2\/comments?post=65072"}],"version-history":[{"count":4,"href":"https:\/\/www.immobilienbusiness.ch\/en\/wp-json\/wp\/v2\/posts\/65072\/revisions"}],"predecessor-version":[{"id":65146,"href":"https:\/\/www.immobilienbusiness.ch\/en\/wp-json\/wp\/v2\/posts\/65072\/revisions\/65146"}],"wp:featuredmedia":[{"embeddable":true,"href":"https:\/\/www.immobilienbusiness.ch\/en\/wp-json\/wp\/v2\/media\/65073"}],"wp:attachment":[{"href":"https:\/\/www.immobilienbusiness.ch\/en\/wp-json\/wp\/v2\/media?parent=65072"}],"wp:term":[{"taxonomy":"category","embeddable":true,"href":"https:\/\/www.immobilienbusiness.ch\/en\/wp-json\/wp\/v2\/categories?post=65072"},{"taxonomy":"post_tag","embeddable":true,"href":"https:\/\/www.immobilienbusiness.ch\/en\/wp-json\/wp\/v2\/tags?post=65072"}],"curies":[{"name":"wp","href":"https:\/\/api.w.org\/{rel}","templated":true}]}}