{"id":64583,"date":"2025-07-16T07:34:33","date_gmt":"2025-07-16T05:34:33","guid":{"rendered":"https:\/\/www.immobilienbusiness.ch\/?p=64583"},"modified":"2025-07-17T11:36:50","modified_gmt":"2025-07-17T09:36:50","slug":"zuerich-tellco-baut-wohnungen-und-gewerbeflaechen-im-industriequartier","status":"publish","type":"post","link":"https:\/\/www.immobilienbusiness.ch\/en\/regionen\/2025-07-16\/zuerich-tellco-baut-wohnungen-und-gewerbeflaechen-im-industriequartier\/","title":{"rendered":"Zurich: Tellco builds apartments and commercial space in the industrial quarter"},"content":{"rendered":"<figure id=\"attachment_64584\" aria-describedby=\"caption-attachment-64584\" style=\"width: 889px\" class=\"wp-caption alignnone\"><a href=\"https:\/\/www.immobilienbusiness.ch\/wp-content\/uploads\/2025\/07\/Tellco-Heinrichstrasse-zvg.png\"><img loading=\"lazy\" decoding=\"async\" class=\"size-full wp-image-64584\" src=\"https:\/\/www.immobilienbusiness.ch\/wp-content\/uploads\/2025\/07\/Tellco-Heinrichstrasse-zvg.png\" alt=\"\" width=\"889\" height=\"598\" srcset=\"https:\/\/www.immobilienbusiness.ch\/wp-content\/uploads\/2025\/07\/Tellco-Heinrichstrasse-zvg.png 889w, https:\/\/www.immobilienbusiness.ch\/wp-content\/uploads\/2025\/07\/Tellco-Heinrichstrasse-zvg-300x202.png 300w, https:\/\/www.immobilienbusiness.ch\/wp-content\/uploads\/2025\/07\/Tellco-Heinrichstrasse-zvg-768x517.png 768w, https:\/\/www.immobilienbusiness.ch\/wp-content\/uploads\/2025\/07\/Tellco-Heinrichstrasse-zvg-18x12.png 18w, https:\/\/www.immobilienbusiness.ch\/wp-content\/uploads\/2025\/07\/Tellco-Heinrichstrasse-zvg-375x252.png 375w, https:\/\/www.immobilienbusiness.ch\/wp-content\/uploads\/2025\/07\/Tellco-Heinrichstrasse-zvg-520x350.png 520w\" sizes=\"auto, (max-width: 889px) 100vw, 889px\" \/><\/a><figcaption id=\"caption-attachment-64584\" class=\"wp-caption-text\">This is what the designs by Jessen Vollenweider for the Tellco complex on Heinrichstrasse in Zurich look like (Visualization: zVg)<\/figcaption><\/figure>\n<p>Tellco Immobilien AG is developing a residential and commercial project with 103 apartments and around 2,500 square meters of commercial space in a central location in Zurich for the Tellco Investment Foundation. The company is aiming for SNBS Gold certification for the complex, which also includes social aspects in the assessment. The designs were created by the architectural firm Jessen Vollenweider from Basel. The planned property is located on Heinrichstrasse, close to the Zurich viaduct, with good public transport connections.<\/p>\n<p>IB+ had already reported on the project <a href=\"https:\/\/www.immobilienbusiness.ch\/en\/ib\/2025-01-29\/zuerich-anlagestiftung-plant-mehrfamilienhaeuser-im-kreis-5\/\" target=\"_blank\" rel=\"noopener\">here<\/a> reports. <em>(aw)<\/em><\/p>","protected":false},"excerpt":{"rendered":"<p>Over 100 apartments and 2,500 square meters of space for commercial use are being built on Heinrichstrasse according to plans by Jessen Vollenweider.<\/p>","protected":false},"author":102,"featured_media":64584,"comment_status":"closed","ping_status":"closed","sticky":false,"template":"","format":"standard","meta":{"_acf_changed":false,"_yoast_wpseo_focuskw":"Z\u00fcrich","_yoast_wpseo_title":"","_yoast_wpseo_metadesc":"An der Heinrichstrasse entstehen nach Pl\u00e4nen von Jessen Vollenweider \u00fcber 100 Wohnungen und 2.500 qm Fl\u00e4che f\u00fcr kommerzielle Nutzung.","_yoast_wpseo_linkdex":61,"pgc_sgb_lightbox_settings":"","footnotes":""},"categories":[985],"tags":[1118,2132,1492,1600,1643,2969,2967,1888],"class_list":["post-64583","post","type-post","status-publish","format-standard","has-post-thumbnail","hentry","category-regionen","tag-buero","tag-gewerbe","tag-mietwohnungen","tag-projekt-in-planung","tag-retail","tag-tellco-anlagestiftung","tag-tellco-immobilien-ag","tag-zuerich"],"acf":[],"yoast_head":"<!-- This site is optimized with the Yoast SEO plugin v27.4 - https:\/\/yoast.com\/product\/yoast-seo-wordpress\/ -->\n<title>Z\u00fcrich: Tellco baut Wohnungen und Gewerbefl\u00e4chen im Industriequartier - IMMOBILIEN Business<\/title>\n<meta name=\"description\" content=\"An der Heinrichstrasse entstehen nach Pl\u00e4nen von Jessen Vollenweider \u00fcber 100 Wohnungen und 2.500 qm Fl\u00e4che f\u00fcr kommerzielle Nutzung.\" \/>\n<meta name=\"robots\" content=\"index, follow, max-snippet:-1, max-image-preview:large, max-video-preview:-1\" \/>\n<link rel=\"canonical\" href=\"https:\/\/www.immobilienbusiness.ch\/en\/regionen\/2025-07-16\/zuerich-tellco-baut-wohnungen-und-gewerbeflaechen-im-industriequartier\/\" \/>\n<meta property=\"og:locale\" content=\"en_US\" \/>\n<meta property=\"og:type\" content=\"article\" \/>\n<meta property=\"og:title\" content=\"Z\u00fcrich: Tellco baut Wohnungen und Gewerbefl\u00e4chen im Industriequartier - IMMOBILIEN Business\" \/>\n<meta property=\"og:description\" content=\"An der Heinrichstrasse entstehen nach Pl\u00e4nen von Jessen Vollenweider \u00fcber 100 Wohnungen und 2.500 qm Fl\u00e4che f\u00fcr kommerzielle Nutzung.\" \/>\n<meta property=\"og:url\" content=\"https:\/\/www.immobilienbusiness.ch\/en\/regionen\/2025-07-16\/zuerich-tellco-baut-wohnungen-und-gewerbeflaechen-im-industriequartier\/\" \/>\n<meta property=\"og:site_name\" content=\"IMMOBILIEN Business\" \/>\n<meta property=\"article:publisher\" content=\"https:\/\/www.facebook.com\/immobilienbusiness\/\" \/>\n<meta property=\"article:published_time\" content=\"2025-07-16T05:34:33+00:00\" \/>\n<meta property=\"article:modified_time\" content=\"2025-07-17T09:36:50+00:00\" \/>\n<meta property=\"og:image\" content=\"https:\/\/www.immobilienbusiness.ch\/wp-content\/uploads\/2025\/07\/Tellco-Heinrichstrasse-zvg.png\" \/>\n\t<meta property=\"og:image:width\" content=\"889\" \/>\n\t<meta property=\"og:image:height\" content=\"598\" \/>\n\t<meta property=\"og:image:type\" content=\"image\/png\" \/>\n<meta name=\"author\" content=\"Alexander Wachter\" \/>\n<meta name=\"twitter:card\" content=\"summary_large_image\" \/>\n<script type=\"application\/ld+json\" class=\"yoast-schema-graph\">{\"@context\":\"https:\\\/\\\/schema.org\",\"@graph\":[{\"@type\":\"Article\",\"@id\":\"https:\\\/\\\/www.immobilienbusiness.ch\\\/de\\\/regionen\\\/2025-07-16\\\/zuerich-tellco-baut-wohnungen-und-gewerbeflaechen-im-industriequartier\\\/#article\",\"isPartOf\":{\"@id\":\"https:\\\/\\\/www.immobilienbusiness.ch\\\/de\\\/regionen\\\/2025-07-16\\\/zuerich-tellco-baut-wohnungen-und-gewerbeflaechen-im-industriequartier\\\/\"},\"author\":{\"name\":\"Alexander Wachter\",\"@id\":\"https:\\\/\\\/www.immobilienbusiness.ch\\\/#\\\/schema\\\/person\\\/aba8bea2db926aa0c24c08c43fe1fcd5\"},\"headline\":\"Z\u00fcrich: Tellco baut Wohnungen und Gewerbefl\u00e4chen im Industriequartier\",\"datePublished\":\"2025-07-16T05:34:33+00:00\",\"dateModified\":\"2025-07-17T09:36:50+00:00\",\"mainEntityOfPage\":{\"@id\":\"https:\\\/\\\/www.immobilienbusiness.ch\\\/de\\\/regionen\\\/2025-07-16\\\/zuerich-tellco-baut-wohnungen-und-gewerbeflaechen-im-industriequartier\\\/\"},\"wordCount\":132,\"publisher\":{\"@id\":\"https:\\\/\\\/www.immobilienbusiness.ch\\\/#organization\"},\"image\":{\"@id\":\"https:\\\/\\\/www.immobilienbusiness.ch\\\/de\\\/regionen\\\/2025-07-16\\\/zuerich-tellco-baut-wohnungen-und-gewerbeflaechen-im-industriequartier\\\/#primaryimage\"},\"thumbnailUrl\":\"https:\\\/\\\/www.immobilienbusiness.ch\\\/wp-content\\\/uploads\\\/2025\\\/07\\\/Tellco-Heinrichstrasse-zvg.png\",\"keywords\":[\"B\u00fcro\",\"Gewerbe\",\"Mietwohnungen\",\"Projekt in Planung\",\"Retail\",\"Tellco Anlagestiftung\",\"Tellco Immobilien AG\",\"Z\u00fcrich\"],\"articleSection\":[\"REGIONEN\"],\"inLanguage\":\"en-US\"},{\"@type\":\"WebPage\",\"@id\":\"https:\\\/\\\/www.immobilienbusiness.ch\\\/de\\\/regionen\\\/2025-07-16\\\/zuerich-tellco-baut-wohnungen-und-gewerbeflaechen-im-industriequartier\\\/\",\"url\":\"https:\\\/\\\/www.immobilienbusiness.ch\\\/de\\\/regionen\\\/2025-07-16\\\/zuerich-tellco-baut-wohnungen-und-gewerbeflaechen-im-industriequartier\\\/\",\"name\":\"Z\u00fcrich: Tellco baut Wohnungen und Gewerbefl\u00e4chen im Industriequartier - IMMOBILIEN Business\",\"isPartOf\":{\"@id\":\"https:\\\/\\\/www.immobilienbusiness.ch\\\/#website\"},\"primaryImageOfPage\":{\"@id\":\"https:\\\/\\\/www.immobilienbusiness.ch\\\/de\\\/regionen\\\/2025-07-16\\\/zuerich-tellco-baut-wohnungen-und-gewerbeflaechen-im-industriequartier\\\/#primaryimage\"},\"image\":{\"@id\":\"https:\\\/\\\/www.immobilienbusiness.ch\\\/de\\\/regionen\\\/2025-07-16\\\/zuerich-tellco-baut-wohnungen-und-gewerbeflaechen-im-industriequartier\\\/#primaryimage\"},\"thumbnailUrl\":\"https:\\\/\\\/www.immobilienbusiness.ch\\\/wp-content\\\/uploads\\\/2025\\\/07\\\/Tellco-Heinrichstrasse-zvg.png\",\"datePublished\":\"2025-07-16T05:34:33+00:00\",\"dateModified\":\"2025-07-17T09:36:50+00:00\",\"description\":\"An der Heinrichstrasse entstehen nach Pl\u00e4nen von Jessen Vollenweider \u00fcber 100 Wohnungen und 2.500 qm Fl\u00e4che f\u00fcr kommerzielle Nutzung.\",\"breadcrumb\":{\"@id\":\"https:\\\/\\\/www.immobilienbusiness.ch\\\/de\\\/regionen\\\/2025-07-16\\\/zuerich-tellco-baut-wohnungen-und-gewerbeflaechen-im-industriequartier\\\/#breadcrumb\"},\"inLanguage\":\"en-US\",\"potentialAction\":[{\"@type\":\"ReadAction\",\"target\":[\"https:\\\/\\\/www.immobilienbusiness.ch\\\/de\\\/regionen\\\/2025-07-16\\\/zuerich-tellco-baut-wohnungen-und-gewerbeflaechen-im-industriequartier\\\/\"]}]},{\"@type\":\"ImageObject\",\"inLanguage\":\"en-US\",\"@id\":\"https:\\\/\\\/www.immobilienbusiness.ch\\\/de\\\/regionen\\\/2025-07-16\\\/zuerich-tellco-baut-wohnungen-und-gewerbeflaechen-im-industriequartier\\\/#primaryimage\",\"url\":\"https:\\\/\\\/www.immobilienbusiness.ch\\\/wp-content\\\/uploads\\\/2025\\\/07\\\/Tellco-Heinrichstrasse-zvg.png\",\"contentUrl\":\"https:\\\/\\\/www.immobilienbusiness.ch\\\/wp-content\\\/uploads\\\/2025\\\/07\\\/Tellco-Heinrichstrasse-zvg.png\",\"width\":889,\"height\":598,\"caption\":\"Ein aktuelles Projekt der Tellco AST an der Heinrichstrasse in Z\u00fcrich (Visualisierung: zVg)\"},{\"@type\":\"BreadcrumbList\",\"@id\":\"https:\\\/\\\/www.immobilienbusiness.ch\\\/de\\\/regionen\\\/2025-07-16\\\/zuerich-tellco-baut-wohnungen-und-gewerbeflaechen-im-industriequartier\\\/#breadcrumb\",\"itemListElement\":[{\"@type\":\"ListItem\",\"position\":1,\"name\":\"Home\",\"item\":\"https:\\\/\\\/www.immobilienbusiness.ch\\\/\"},{\"@type\":\"ListItem\",\"position\":2,\"name\":\"Z\u00fcrich: Tellco baut Wohnungen und Gewerbefl\u00e4chen im Industriequartier\"}]},{\"@type\":\"WebSite\",\"@id\":\"https:\\\/\\\/www.immobilienbusiness.ch\\\/#website\",\"url\":\"https:\\\/\\\/www.immobilienbusiness.ch\\\/\",\"name\":\"IMMOBILIEN Business\",\"description\":\"Unabh\u00e4ngiges Schweizer Wirtschaftsmagazin mit Fokus auf Immobilien, Architektur- und Bau sowie Investment- und Finanzierung.\",\"publisher\":{\"@id\":\"https:\\\/\\\/www.immobilienbusiness.ch\\\/#organization\"},\"potentialAction\":[{\"@type\":\"SearchAction\",\"target\":{\"@type\":\"EntryPoint\",\"urlTemplate\":\"https:\\\/\\\/www.immobilienbusiness.ch\\\/?s={search_term_string}\"},\"query-input\":{\"@type\":\"PropertyValueSpecification\",\"valueRequired\":true,\"valueName\":\"search_term_string\"}}],\"inLanguage\":\"en-US\"},{\"@type\":\"Organization\",\"@id\":\"https:\\\/\\\/www.immobilienbusiness.ch\\\/#organization\",\"name\":\"IMMOBILIEN Business\",\"url\":\"https:\\\/\\\/www.immobilienbusiness.ch\\\/\",\"logo\":{\"@type\":\"ImageObject\",\"inLanguage\":\"en-US\",\"@id\":\"https:\\\/\\\/www.immobilienbusiness.ch\\\/#\\\/schema\\\/logo\\\/image\\\/\",\"url\":\"https:\\\/\\\/www.immobilienbusiness.ch\\\/wp-content\\\/uploads\\\/2021\\\/07\\\/logo_ib.png\",\"contentUrl\":\"https:\\\/\\\/www.immobilienbusiness.ch\\\/wp-content\\\/uploads\\\/2021\\\/07\\\/logo_ib.png\",\"width\":800,\"height\":181,\"caption\":\"IMMOBILIEN Business\"},\"image\":{\"@id\":\"https:\\\/\\\/www.immobilienbusiness.ch\\\/#\\\/schema\\\/logo\\\/image\\\/\"},\"sameAs\":[\"https:\\\/\\\/www.facebook.com\\\/immobilienbusiness\\\/\"]},{\"@type\":\"Person\",\"@id\":\"https:\\\/\\\/www.immobilienbusiness.ch\\\/#\\\/schema\\\/person\\\/aba8bea2db926aa0c24c08c43fe1fcd5\",\"name\":\"Alexander Wachter\",\"image\":{\"@type\":\"ImageObject\",\"inLanguage\":\"en-US\",\"@id\":\"https:\\\/\\\/secure.gravatar.com\\\/avatar\\\/1a09e471f5389b0e0a6416eac287e0927c7c97a7b77f9e787eba3af7aee281dd?s=96&d=mm&r=g\",\"url\":\"https:\\\/\\\/secure.gravatar.com\\\/avatar\\\/1a09e471f5389b0e0a6416eac287e0927c7c97a7b77f9e787eba3af7aee281dd?s=96&d=mm&r=g\",\"contentUrl\":\"https:\\\/\\\/secure.gravatar.com\\\/avatar\\\/1a09e471f5389b0e0a6416eac287e0927c7c97a7b77f9e787eba3af7aee281dd?s=96&d=mm&r=g\",\"caption\":\"Alexander Wachter\"},\"url\":\"https:\\\/\\\/www.immobilienbusiness.ch\\\/en\\\/author\\\/alexander-wachter\\\/\"}]}<\/script>\n<!-- \/ Yoast SEO plugin. -->","yoast_head_json":{"title":"Z\u00fcrich: Tellco baut Wohnungen und Gewerbefl\u00e4chen im Industriequartier - IMMOBILIEN Business","description":"Over 100 apartments and 2,500 square meters of space for commercial use are being built on Heinrichstrasse according to plans by Jessen Vollenweider.","robots":{"index":"index","follow":"follow","max-snippet":"max-snippet:-1","max-image-preview":"max-image-preview:large","max-video-preview":"max-video-preview:-1"},"canonical":"https:\/\/www.immobilienbusiness.ch\/en\/regionen\/2025-07-16\/zuerich-tellco-baut-wohnungen-und-gewerbeflaechen-im-industriequartier\/","og_locale":"en_US","og_type":"article","og_title":"Z\u00fcrich: Tellco baut Wohnungen und Gewerbefl\u00e4chen im Industriequartier - IMMOBILIEN Business","og_description":"An der Heinrichstrasse entstehen nach Pl\u00e4nen von Jessen Vollenweider \u00fcber 100 Wohnungen und 2.500 qm Fl\u00e4che f\u00fcr kommerzielle Nutzung.","og_url":"https:\/\/www.immobilienbusiness.ch\/en\/regionen\/2025-07-16\/zuerich-tellco-baut-wohnungen-und-gewerbeflaechen-im-industriequartier\/","og_site_name":"IMMOBILIEN Business","article_publisher":"https:\/\/www.facebook.com\/immobilienbusiness\/","article_published_time":"2025-07-16T05:34:33+00:00","article_modified_time":"2025-07-17T09:36:50+00:00","og_image":[{"width":889,"height":598,"url":"https:\/\/www.immobilienbusiness.ch\/wp-content\/uploads\/2025\/07\/Tellco-Heinrichstrasse-zvg.png","type":"image\/png"}],"author":"Alexander Wachter","twitter_card":"summary_large_image","schema":{"@context":"https:\/\/schema.org","@graph":[{"@type":"Article","@id":"https:\/\/www.immobilienbusiness.ch\/de\/regionen\/2025-07-16\/zuerich-tellco-baut-wohnungen-und-gewerbeflaechen-im-industriequartier\/#article","isPartOf":{"@id":"https:\/\/www.immobilienbusiness.ch\/de\/regionen\/2025-07-16\/zuerich-tellco-baut-wohnungen-und-gewerbeflaechen-im-industriequartier\/"},"author":{"name":"Alexander Wachter","@id":"https:\/\/www.immobilienbusiness.ch\/#\/schema\/person\/aba8bea2db926aa0c24c08c43fe1fcd5"},"headline":"Z\u00fcrich: Tellco baut Wohnungen und Gewerbefl\u00e4chen im Industriequartier","datePublished":"2025-07-16T05:34:33+00:00","dateModified":"2025-07-17T09:36:50+00:00","mainEntityOfPage":{"@id":"https:\/\/www.immobilienbusiness.ch\/de\/regionen\/2025-07-16\/zuerich-tellco-baut-wohnungen-und-gewerbeflaechen-im-industriequartier\/"},"wordCount":132,"publisher":{"@id":"https:\/\/www.immobilienbusiness.ch\/#organization"},"image":{"@id":"https:\/\/www.immobilienbusiness.ch\/de\/regionen\/2025-07-16\/zuerich-tellco-baut-wohnungen-und-gewerbeflaechen-im-industriequartier\/#primaryimage"},"thumbnailUrl":"https:\/\/www.immobilienbusiness.ch\/wp-content\/uploads\/2025\/07\/Tellco-Heinrichstrasse-zvg.png","keywords":["B\u00fcro","Gewerbe","Mietwohnungen","Projekt in Planung","Retail","Tellco Anlagestiftung","Tellco Immobilien AG","Z\u00fcrich"],"articleSection":["REGIONEN"],"inLanguage":"en-US"},{"@type":"WebPage","@id":"https:\/\/www.immobilienbusiness.ch\/de\/regionen\/2025-07-16\/zuerich-tellco-baut-wohnungen-und-gewerbeflaechen-im-industriequartier\/","url":"https:\/\/www.immobilienbusiness.ch\/de\/regionen\/2025-07-16\/zuerich-tellco-baut-wohnungen-und-gewerbeflaechen-im-industriequartier\/","name":"Z\u00fcrich: Tellco baut Wohnungen und Gewerbefl\u00e4chen im Industriequartier - IMMOBILIEN Business","isPartOf":{"@id":"https:\/\/www.immobilienbusiness.ch\/#website"},"primaryImageOfPage":{"@id":"https:\/\/www.immobilienbusiness.ch\/de\/regionen\/2025-07-16\/zuerich-tellco-baut-wohnungen-und-gewerbeflaechen-im-industriequartier\/#primaryimage"},"image":{"@id":"https:\/\/www.immobilienbusiness.ch\/de\/regionen\/2025-07-16\/zuerich-tellco-baut-wohnungen-und-gewerbeflaechen-im-industriequartier\/#primaryimage"},"thumbnailUrl":"https:\/\/www.immobilienbusiness.ch\/wp-content\/uploads\/2025\/07\/Tellco-Heinrichstrasse-zvg.png","datePublished":"2025-07-16T05:34:33+00:00","dateModified":"2025-07-17T09:36:50+00:00","description":"Over 100 apartments and 2,500 square meters of space for commercial use are being built on Heinrichstrasse according to plans by Jessen Vollenweider.","breadcrumb":{"@id":"https:\/\/www.immobilienbusiness.ch\/de\/regionen\/2025-07-16\/zuerich-tellco-baut-wohnungen-und-gewerbeflaechen-im-industriequartier\/#breadcrumb"},"inLanguage":"en-US","potentialAction":[{"@type":"ReadAction","target":["https:\/\/www.immobilienbusiness.ch\/de\/regionen\/2025-07-16\/zuerich-tellco-baut-wohnungen-und-gewerbeflaechen-im-industriequartier\/"]}]},{"@type":"ImageObject","inLanguage":"en-US","@id":"https:\/\/www.immobilienbusiness.ch\/de\/regionen\/2025-07-16\/zuerich-tellco-baut-wohnungen-und-gewerbeflaechen-im-industriequartier\/#primaryimage","url":"https:\/\/www.immobilienbusiness.ch\/wp-content\/uploads\/2025\/07\/Tellco-Heinrichstrasse-zvg.png","contentUrl":"https:\/\/www.immobilienbusiness.ch\/wp-content\/uploads\/2025\/07\/Tellco-Heinrichstrasse-zvg.png","width":889,"height":598,"caption":"Ein aktuelles Projekt der Tellco AST an der Heinrichstrasse in Z\u00fcrich (Visualisierung: zVg)"},{"@type":"BreadcrumbList","@id":"https:\/\/www.immobilienbusiness.ch\/de\/regionen\/2025-07-16\/zuerich-tellco-baut-wohnungen-und-gewerbeflaechen-im-industriequartier\/#breadcrumb","itemListElement":[{"@type":"ListItem","position":1,"name":"Home","item":"https:\/\/www.immobilienbusiness.ch\/"},{"@type":"ListItem","position":2,"name":"Z\u00fcrich: Tellco baut Wohnungen und Gewerbefl\u00e4chen im Industriequartier"}]},{"@type":"WebSite","@id":"https:\/\/www.immobilienbusiness.ch\/#website","url":"https:\/\/www.immobilienbusiness.ch\/","name":"REAL ESTATE Business","description":"Independent Swiss business magazine focusing on real estate, architecture and construction as well as investment and financing.","publisher":{"@id":"https:\/\/www.immobilienbusiness.ch\/#organization"},"potentialAction":[{"@type":"SearchAction","target":{"@type":"EntryPoint","urlTemplate":"https:\/\/www.immobilienbusiness.ch\/?s={search_term_string}"},"query-input":{"@type":"PropertyValueSpecification","valueRequired":true,"valueName":"search_term_string"}}],"inLanguage":"en-US"},{"@type":"Organization","@id":"https:\/\/www.immobilienbusiness.ch\/#organization","name":"REAL ESTATE Business","url":"https:\/\/www.immobilienbusiness.ch\/","logo":{"@type":"ImageObject","inLanguage":"en-US","@id":"https:\/\/www.immobilienbusiness.ch\/#\/schema\/logo\/image\/","url":"https:\/\/www.immobilienbusiness.ch\/wp-content\/uploads\/2021\/07\/logo_ib.png","contentUrl":"https:\/\/www.immobilienbusiness.ch\/wp-content\/uploads\/2021\/07\/logo_ib.png","width":800,"height":181,"caption":"IMMOBILIEN Business"},"image":{"@id":"https:\/\/www.immobilienbusiness.ch\/#\/schema\/logo\/image\/"},"sameAs":["https:\/\/www.facebook.com\/immobilienbusiness\/"]},{"@type":"Person","@id":"https:\/\/www.immobilienbusiness.ch\/#\/schema\/person\/aba8bea2db926aa0c24c08c43fe1fcd5","name":"Alexander Wachter","image":{"@type":"ImageObject","inLanguage":"en-US","@id":"https:\/\/secure.gravatar.com\/avatar\/1a09e471f5389b0e0a6416eac287e0927c7c97a7b77f9e787eba3af7aee281dd?s=96&d=mm&r=g","url":"https:\/\/secure.gravatar.com\/avatar\/1a09e471f5389b0e0a6416eac287e0927c7c97a7b77f9e787eba3af7aee281dd?s=96&d=mm&r=g","contentUrl":"https:\/\/secure.gravatar.com\/avatar\/1a09e471f5389b0e0a6416eac287e0927c7c97a7b77f9e787eba3af7aee281dd?s=96&d=mm&r=g","caption":"Alexander Wachter"},"url":"https:\/\/www.immobilienbusiness.ch\/en\/author\/alexander-wachter\/"}]}},"_links":{"self":[{"href":"https:\/\/www.immobilienbusiness.ch\/en\/wp-json\/wp\/v2\/posts\/64583","targetHints":{"allow":["GET"]}}],"collection":[{"href":"https:\/\/www.immobilienbusiness.ch\/en\/wp-json\/wp\/v2\/posts"}],"about":[{"href":"https:\/\/www.immobilienbusiness.ch\/en\/wp-json\/wp\/v2\/types\/post"}],"author":[{"embeddable":true,"href":"https:\/\/www.immobilienbusiness.ch\/en\/wp-json\/wp\/v2\/users\/102"}],"replies":[{"embeddable":true,"href":"https:\/\/www.immobilienbusiness.ch\/en\/wp-json\/wp\/v2\/comments?post=64583"}],"version-history":[{"count":1,"href":"https:\/\/www.immobilienbusiness.ch\/en\/wp-json\/wp\/v2\/posts\/64583\/revisions"}],"predecessor-version":[{"id":64585,"href":"https:\/\/www.immobilienbusiness.ch\/en\/wp-json\/wp\/v2\/posts\/64583\/revisions\/64585"}],"wp:featuredmedia":[{"embeddable":true,"href":"https:\/\/www.immobilienbusiness.ch\/en\/wp-json\/wp\/v2\/media\/64584"}],"wp:attachment":[{"href":"https:\/\/www.immobilienbusiness.ch\/en\/wp-json\/wp\/v2\/media?parent=64583"}],"wp:term":[{"taxonomy":"category","embeddable":true,"href":"https:\/\/www.immobilienbusiness.ch\/en\/wp-json\/wp\/v2\/categories?post=64583"},{"taxonomy":"post_tag","embeddable":true,"href":"https:\/\/www.immobilienbusiness.ch\/en\/wp-json\/wp\/v2\/tags?post=64583"}],"curies":[{"name":"wp","href":"https:\/\/api.w.org\/{rel}","templated":true}]}}