{"id":63563,"date":"2025-05-14T06:00:00","date_gmt":"2025-05-14T04:00:00","guid":{"rendered":"https:\/\/www.immobilienbusiness.ch\/?p=63563"},"modified":"2025-05-15T10:34:08","modified_gmt":"2025-05-15T08:34:08","slug":"landquart-fashion-outlet-center-waechst-um-5-000-qm","status":"publish","type":"post","link":"https:\/\/www.immobilienbusiness.ch\/en\/regionen\/2025-05-14\/landquart-fashion-outlet-center-waechst-um-5-000-qm\/","title":{"rendered":"Landquart: Fashion Outlet Center grows by 5,000 sqm"},"content":{"rendered":"<figure id=\"attachment_63565\" aria-describedby=\"caption-attachment-63565\" style=\"width: 768px\" class=\"wp-caption alignnone\"><a href=\"https:\/\/www.immobilienbusiness.ch\/wp-content\/uploads\/2025\/05\/220510_LandquartFashionOutletjpg-scaled.jpg\"><img loading=\"lazy\" decoding=\"async\" class=\"size-large wp-image-63565\" src=\"https:\/\/www.immobilienbusiness.ch\/wp-content\/uploads\/2025\/05\/220510_LandquartFashionOutletjpg-1024x572.jpg\" alt=\"\" width=\"768\" height=\"429\" srcset=\"https:\/\/www.immobilienbusiness.ch\/wp-content\/uploads\/2025\/05\/220510_LandquartFashionOutletjpg-1024x572.jpg 1024w, https:\/\/www.immobilienbusiness.ch\/wp-content\/uploads\/2025\/05\/220510_LandquartFashionOutletjpg-300x168.jpg 300w, https:\/\/www.immobilienbusiness.ch\/wp-content\/uploads\/2025\/05\/220510_LandquartFashionOutletjpg-768x429.jpg 768w, https:\/\/www.immobilienbusiness.ch\/wp-content\/uploads\/2025\/05\/220510_LandquartFashionOutletjpg-1536x858.jpg 1536w, https:\/\/www.immobilienbusiness.ch\/wp-content\/uploads\/2025\/05\/220510_LandquartFashionOutletjpg-2048x1144.jpg 2048w, https:\/\/www.immobilienbusiness.ch\/wp-content\/uploads\/2025\/05\/220510_LandquartFashionOutletjpg-18x10.jpg 18w, https:\/\/www.immobilienbusiness.ch\/wp-content\/uploads\/2025\/05\/220510_LandquartFashionOutletjpg-375x210.jpg 375w, https:\/\/www.immobilienbusiness.ch\/wp-content\/uploads\/2025\/05\/220510_LandquartFashionOutletjpg-626x350.jpg 626w, https:\/\/www.immobilienbusiness.ch\/wp-content\/uploads\/2025\/05\/220510_LandquartFashionOutletjpg-1000x559.jpg 1000w, https:\/\/www.immobilienbusiness.ch\/wp-content\/uploads\/2025\/05\/220510_LandquartFashionOutletjpg-scaled.jpg 1200w\" sizes=\"auto, (max-width: 768px) 100vw, 768px\" \/><\/a><figcaption id=\"caption-attachment-63565\" class=\"wp-caption-text\">The Landquart Fashion Outlet Center is being expanded (Visualization: zVg)<\/figcaption><\/figure>\n<p>The Landquart Fashion Outlet is being extended. The foundation stone for the extension was recently laid. According to the Dutch Via Outlets, the owner of the center, the gross rental area will increase by a quarter or almost 5,000 m\u00b2 to a total of almost 27,000 m\u00b2. The new building is due to open in the first quarter of 2026 and will include a total of 14 additional retail units as well as a new restaurant and a covered parking garage with 1,550 parking spaces.<\/p>\n<p>The new building is being realized by the Swiss company Zindel+Co AG, based in Maienfeld. The retail specialist Holder Mathias from London was commissioned as the architect. The development project is aiming for Breeam certification with the rating \"excellent\" after completion. Specific features include solar cells on the roof and a geothermal heating system.<\/p>\n<h3>\"Brand sales doubled since 2014\"<\/h3>\n<p>\"The expansion of the Landquart Fashion Outlet reflects our successful repositioning of the center over the last 10 years,\" says Johan Caspar Bergenthal, COO of Via Outlets. All available space in the center is currently let. Under Via's management since 2014, brand sales have more than doubled and occupancy has increased by 27%. Via puts the increase in visitor numbers at 76%. The center in Landquart is \"an important attraction for domestic and foreign tourists visiting the canton of Graub\u00fcnden\", it says.<\/p>\n<p>Via Outlets is wholly owned by the Dutch investor APG and operates 11 fashion outlets in the Czech Republic, Germany, the Netherlands, Norway, Portugal, Poland, Spain, Sweden and Switzerland. The gross lettable area totals 290,000 square meters. <em>(aw)<\/em><\/p>","protected":false},"excerpt":{"rendered":"<p>The extension is due to open in the first quarter of 2026. A new parking garage is also part of the complex, which was designed by a London office.<\/p>","protected":false},"author":102,"featured_media":63565,"comment_status":"closed","ping_status":"closed","sticky":false,"template":"","format":"standard","meta":{"_acf_changed":false,"_yoast_wpseo_focuskw":"Landquart","_yoast_wpseo_title":"","_yoast_wpseo_metadesc":"Im ersten Quartal 2026 soll der Erweiterungsbau er\u00f6ffnen. Auch ein neues Parkhaus ist Teil des Komplexes, der von einem Londoner B\u00fcro entworfen wurde.","_yoast_wpseo_linkdex":62,"pgc_sgb_lightbox_settings":"","footnotes":""},"categories":[985],"tags":[4196,1999,4199,2719,1599,1643,4197,4198],"class_list":["post-63563","post","type-post","status-publish","format-standard","has-post-thumbnail","hentry","category-regionen","tag-fashion-outlet-center","tag-gr","tag-holder-mathias-architects","tag-landquart","tag-projekt-in-bau","tag-retail","tag-via-outlets","tag-zindel-co-ag"],"acf":[],"yoast_head":"<!-- This site is optimized with the Yoast SEO plugin v27.4 - https:\/\/yoast.com\/product\/yoast-seo-wordpress\/ -->\n<title>Landquart: Fashion Outlet Center w\u00e4chst um 5.000 qm - IMMOBILIEN Business<\/title>\n<meta name=\"description\" content=\"Im ersten Quartal 2026 soll der Erweiterungsbau er\u00f6ffnen. Auch ein neues Parkhaus ist Teil des Komplexes, der von einem Londoner B\u00fcro entworfen wurde.\" \/>\n<meta name=\"robots\" content=\"index, follow, max-snippet:-1, max-image-preview:large, max-video-preview:-1\" \/>\n<link rel=\"canonical\" href=\"https:\/\/www.immobilienbusiness.ch\/en\/regionen\/2025-05-14\/landquart-fashion-outlet-center-waechst-um-5-000-qm\/\" \/>\n<meta property=\"og:locale\" content=\"en_US\" \/>\n<meta property=\"og:type\" content=\"article\" \/>\n<meta property=\"og:title\" content=\"Landquart: Fashion Outlet Center w\u00e4chst um 5.000 qm - IMMOBILIEN Business\" \/>\n<meta property=\"og:description\" content=\"Im ersten Quartal 2026 soll der Erweiterungsbau er\u00f6ffnen. Auch ein neues Parkhaus ist Teil des Komplexes, der von einem Londoner B\u00fcro entworfen wurde.\" \/>\n<meta property=\"og:url\" content=\"https:\/\/www.immobilienbusiness.ch\/en\/regionen\/2025-05-14\/landquart-fashion-outlet-center-waechst-um-5-000-qm\/\" \/>\n<meta property=\"og:site_name\" content=\"IMMOBILIEN Business\" \/>\n<meta property=\"article:publisher\" content=\"https:\/\/www.facebook.com\/immobilienbusiness\/\" \/>\n<meta property=\"article:published_time\" content=\"2025-05-14T04:00:00+00:00\" \/>\n<meta property=\"article:modified_time\" content=\"2025-05-15T08:34:08+00:00\" \/>\n<meta property=\"og:image\" content=\"https:\/\/www.immobilienbusiness.ch\/wp-content\/uploads\/2025\/05\/220510_LandquartFashionOutletjpg-scaled.jpg\" \/>\n\t<meta property=\"og:image:width\" content=\"1200\" \/>\n\t<meta property=\"og:image:height\" content=\"670\" \/>\n\t<meta property=\"og:image:type\" content=\"image\/jpeg\" \/>\n<meta name=\"author\" content=\"Alexander Wachter\" \/>\n<meta name=\"twitter:card\" content=\"summary_large_image\" \/>\n<script type=\"application\/ld+json\" class=\"yoast-schema-graph\">{\"@context\":\"https:\\\/\\\/schema.org\",\"@graph\":[{\"@type\":\"Article\",\"@id\":\"https:\\\/\\\/www.immobilienbusiness.ch\\\/de\\\/regionen\\\/2025-05-14\\\/landquart-fashion-outlet-center-waechst-um-5-000-qm\\\/#article\",\"isPartOf\":{\"@id\":\"https:\\\/\\\/www.immobilienbusiness.ch\\\/de\\\/regionen\\\/2025-05-14\\\/landquart-fashion-outlet-center-waechst-um-5-000-qm\\\/\"},\"author\":{\"name\":\"Alexander Wachter\",\"@id\":\"https:\\\/\\\/www.immobilienbusiness.ch\\\/#\\\/schema\\\/person\\\/aba8bea2db926aa0c24c08c43fe1fcd5\"},\"headline\":\"Landquart: Fashion Outlet Center w\u00e4chst um 5.000 qm\",\"datePublished\":\"2025-05-14T04:00:00+00:00\",\"dateModified\":\"2025-05-15T08:34:08+00:00\",\"mainEntityOfPage\":{\"@id\":\"https:\\\/\\\/www.immobilienbusiness.ch\\\/de\\\/regionen\\\/2025-05-14\\\/landquart-fashion-outlet-center-waechst-um-5-000-qm\\\/\"},\"wordCount\":276,\"publisher\":{\"@id\":\"https:\\\/\\\/www.immobilienbusiness.ch\\\/#organization\"},\"image\":{\"@id\":\"https:\\\/\\\/www.immobilienbusiness.ch\\\/de\\\/regionen\\\/2025-05-14\\\/landquart-fashion-outlet-center-waechst-um-5-000-qm\\\/#primaryimage\"},\"thumbnailUrl\":\"https:\\\/\\\/www.immobilienbusiness.ch\\\/wp-content\\\/uploads\\\/2025\\\/05\\\/220510_LandquartFashionOutletjpg-scaled.jpg\",\"keywords\":[\"Fashion Outlet Center\",\"GR\",\"Holder Mathias Architects\",\"Landquart\",\"Projekt in Bau\",\"Retail\",\"Via Outlets\",\"Zindel + Co AG\"],\"articleSection\":[\"REGIONEN\"],\"inLanguage\":\"en-US\"},{\"@type\":\"WebPage\",\"@id\":\"https:\\\/\\\/www.immobilienbusiness.ch\\\/de\\\/regionen\\\/2025-05-14\\\/landquart-fashion-outlet-center-waechst-um-5-000-qm\\\/\",\"url\":\"https:\\\/\\\/www.immobilienbusiness.ch\\\/de\\\/regionen\\\/2025-05-14\\\/landquart-fashion-outlet-center-waechst-um-5-000-qm\\\/\",\"name\":\"Landquart: Fashion Outlet Center w\u00e4chst um 5.000 qm - IMMOBILIEN Business\",\"isPartOf\":{\"@id\":\"https:\\\/\\\/www.immobilienbusiness.ch\\\/#website\"},\"primaryImageOfPage\":{\"@id\":\"https:\\\/\\\/www.immobilienbusiness.ch\\\/de\\\/regionen\\\/2025-05-14\\\/landquart-fashion-outlet-center-waechst-um-5-000-qm\\\/#primaryimage\"},\"image\":{\"@id\":\"https:\\\/\\\/www.immobilienbusiness.ch\\\/de\\\/regionen\\\/2025-05-14\\\/landquart-fashion-outlet-center-waechst-um-5-000-qm\\\/#primaryimage\"},\"thumbnailUrl\":\"https:\\\/\\\/www.immobilienbusiness.ch\\\/wp-content\\\/uploads\\\/2025\\\/05\\\/220510_LandquartFashionOutletjpg-scaled.jpg\",\"datePublished\":\"2025-05-14T04:00:00+00:00\",\"dateModified\":\"2025-05-15T08:34:08+00:00\",\"description\":\"Im ersten Quartal 2026 soll der Erweiterungsbau er\u00f6ffnen. Auch ein neues Parkhaus ist Teil des Komplexes, der von einem Londoner B\u00fcro entworfen wurde.\",\"breadcrumb\":{\"@id\":\"https:\\\/\\\/www.immobilienbusiness.ch\\\/de\\\/regionen\\\/2025-05-14\\\/landquart-fashion-outlet-center-waechst-um-5-000-qm\\\/#breadcrumb\"},\"inLanguage\":\"en-US\",\"potentialAction\":[{\"@type\":\"ReadAction\",\"target\":[\"https:\\\/\\\/www.immobilienbusiness.ch\\\/de\\\/regionen\\\/2025-05-14\\\/landquart-fashion-outlet-center-waechst-um-5-000-qm\\\/\"]}]},{\"@type\":\"ImageObject\",\"inLanguage\":\"en-US\",\"@id\":\"https:\\\/\\\/www.immobilienbusiness.ch\\\/de\\\/regionen\\\/2025-05-14\\\/landquart-fashion-outlet-center-waechst-um-5-000-qm\\\/#primaryimage\",\"url\":\"https:\\\/\\\/www.immobilienbusiness.ch\\\/wp-content\\\/uploads\\\/2025\\\/05\\\/220510_LandquartFashionOutletjpg-scaled.jpg\",\"contentUrl\":\"https:\\\/\\\/www.immobilienbusiness.ch\\\/wp-content\\\/uploads\\\/2025\\\/05\\\/220510_LandquartFashionOutletjpg-scaled.jpg\",\"width\":1200,\"height\":670,\"caption\":\"Das Landquart Fashion Outlet Center wird ausgebaut (Visualisierung: zVg)\"},{\"@type\":\"BreadcrumbList\",\"@id\":\"https:\\\/\\\/www.immobilienbusiness.ch\\\/de\\\/regionen\\\/2025-05-14\\\/landquart-fashion-outlet-center-waechst-um-5-000-qm\\\/#breadcrumb\",\"itemListElement\":[{\"@type\":\"ListItem\",\"position\":1,\"name\":\"Home\",\"item\":\"https:\\\/\\\/www.immobilienbusiness.ch\\\/\"},{\"@type\":\"ListItem\",\"position\":2,\"name\":\"Landquart: Fashion Outlet Center w\u00e4chst um 5.000 qm\"}]},{\"@type\":\"WebSite\",\"@id\":\"https:\\\/\\\/www.immobilienbusiness.ch\\\/#website\",\"url\":\"https:\\\/\\\/www.immobilienbusiness.ch\\\/\",\"name\":\"IMMOBILIEN Business\",\"description\":\"Unabh\u00e4ngiges Schweizer Wirtschaftsmagazin mit Fokus auf Immobilien, Architektur- und Bau sowie Investment- und Finanzierung.\",\"publisher\":{\"@id\":\"https:\\\/\\\/www.immobilienbusiness.ch\\\/#organization\"},\"potentialAction\":[{\"@type\":\"SearchAction\",\"target\":{\"@type\":\"EntryPoint\",\"urlTemplate\":\"https:\\\/\\\/www.immobilienbusiness.ch\\\/?s={search_term_string}\"},\"query-input\":{\"@type\":\"PropertyValueSpecification\",\"valueRequired\":true,\"valueName\":\"search_term_string\"}}],\"inLanguage\":\"en-US\"},{\"@type\":\"Organization\",\"@id\":\"https:\\\/\\\/www.immobilienbusiness.ch\\\/#organization\",\"name\":\"IMMOBILIEN Business\",\"url\":\"https:\\\/\\\/www.immobilienbusiness.ch\\\/\",\"logo\":{\"@type\":\"ImageObject\",\"inLanguage\":\"en-US\",\"@id\":\"https:\\\/\\\/www.immobilienbusiness.ch\\\/#\\\/schema\\\/logo\\\/image\\\/\",\"url\":\"https:\\\/\\\/www.immobilienbusiness.ch\\\/wp-content\\\/uploads\\\/2021\\\/07\\\/logo_ib.png\",\"contentUrl\":\"https:\\\/\\\/www.immobilienbusiness.ch\\\/wp-content\\\/uploads\\\/2021\\\/07\\\/logo_ib.png\",\"width\":800,\"height\":181,\"caption\":\"IMMOBILIEN Business\"},\"image\":{\"@id\":\"https:\\\/\\\/www.immobilienbusiness.ch\\\/#\\\/schema\\\/logo\\\/image\\\/\"},\"sameAs\":[\"https:\\\/\\\/www.facebook.com\\\/immobilienbusiness\\\/\"]},{\"@type\":\"Person\",\"@id\":\"https:\\\/\\\/www.immobilienbusiness.ch\\\/#\\\/schema\\\/person\\\/aba8bea2db926aa0c24c08c43fe1fcd5\",\"name\":\"Alexander Wachter\",\"image\":{\"@type\":\"ImageObject\",\"inLanguage\":\"en-US\",\"@id\":\"https:\\\/\\\/secure.gravatar.com\\\/avatar\\\/1a09e471f5389b0e0a6416eac287e0927c7c97a7b77f9e787eba3af7aee281dd?s=96&d=mm&r=g\",\"url\":\"https:\\\/\\\/secure.gravatar.com\\\/avatar\\\/1a09e471f5389b0e0a6416eac287e0927c7c97a7b77f9e787eba3af7aee281dd?s=96&d=mm&r=g\",\"contentUrl\":\"https:\\\/\\\/secure.gravatar.com\\\/avatar\\\/1a09e471f5389b0e0a6416eac287e0927c7c97a7b77f9e787eba3af7aee281dd?s=96&d=mm&r=g\",\"caption\":\"Alexander Wachter\"},\"url\":\"https:\\\/\\\/www.immobilienbusiness.ch\\\/en\\\/author\\\/alexander-wachter\\\/\"}]}<\/script>\n<!-- \/ Yoast SEO plugin. -->","yoast_head_json":{"title":"Landquart: Fashion Outlet Center grows by 5,000 sqm - IMMOBILIEN Business","description":"The extension is due to open in the first quarter of 2026. A new parking garage is also part of the complex, which was designed by a London office.","robots":{"index":"index","follow":"follow","max-snippet":"max-snippet:-1","max-image-preview":"max-image-preview:large","max-video-preview":"max-video-preview:-1"},"canonical":"https:\/\/www.immobilienbusiness.ch\/en\/regionen\/2025-05-14\/landquart-fashion-outlet-center-waechst-um-5-000-qm\/","og_locale":"en_US","og_type":"article","og_title":"Landquart: Fashion Outlet Center w\u00e4chst um 5.000 qm - IMMOBILIEN Business","og_description":"Im ersten Quartal 2026 soll der Erweiterungsbau er\u00f6ffnen. Auch ein neues Parkhaus ist Teil des Komplexes, der von einem Londoner B\u00fcro entworfen wurde.","og_url":"https:\/\/www.immobilienbusiness.ch\/en\/regionen\/2025-05-14\/landquart-fashion-outlet-center-waechst-um-5-000-qm\/","og_site_name":"IMMOBILIEN Business","article_publisher":"https:\/\/www.facebook.com\/immobilienbusiness\/","article_published_time":"2025-05-14T04:00:00+00:00","article_modified_time":"2025-05-15T08:34:08+00:00","og_image":[{"width":1200,"height":670,"url":"https:\/\/www.immobilienbusiness.ch\/wp-content\/uploads\/2025\/05\/220510_LandquartFashionOutletjpg-scaled.jpg","type":"image\/jpeg"}],"author":"Alexander Wachter","twitter_card":"summary_large_image","schema":{"@context":"https:\/\/schema.org","@graph":[{"@type":"Article","@id":"https:\/\/www.immobilienbusiness.ch\/de\/regionen\/2025-05-14\/landquart-fashion-outlet-center-waechst-um-5-000-qm\/#article","isPartOf":{"@id":"https:\/\/www.immobilienbusiness.ch\/de\/regionen\/2025-05-14\/landquart-fashion-outlet-center-waechst-um-5-000-qm\/"},"author":{"name":"Alexander Wachter","@id":"https:\/\/www.immobilienbusiness.ch\/#\/schema\/person\/aba8bea2db926aa0c24c08c43fe1fcd5"},"headline":"Landquart: Fashion Outlet Center w\u00e4chst um 5.000 qm","datePublished":"2025-05-14T04:00:00+00:00","dateModified":"2025-05-15T08:34:08+00:00","mainEntityOfPage":{"@id":"https:\/\/www.immobilienbusiness.ch\/de\/regionen\/2025-05-14\/landquart-fashion-outlet-center-waechst-um-5-000-qm\/"},"wordCount":276,"publisher":{"@id":"https:\/\/www.immobilienbusiness.ch\/#organization"},"image":{"@id":"https:\/\/www.immobilienbusiness.ch\/de\/regionen\/2025-05-14\/landquart-fashion-outlet-center-waechst-um-5-000-qm\/#primaryimage"},"thumbnailUrl":"https:\/\/www.immobilienbusiness.ch\/wp-content\/uploads\/2025\/05\/220510_LandquartFashionOutletjpg-scaled.jpg","keywords":["Fashion Outlet Center","GR","Holder Mathias Architects","Landquart","Projekt in Bau","Retail","Via Outlets","Zindel + Co AG"],"articleSection":["REGIONEN"],"inLanguage":"en-US"},{"@type":"WebPage","@id":"https:\/\/www.immobilienbusiness.ch\/de\/regionen\/2025-05-14\/landquart-fashion-outlet-center-waechst-um-5-000-qm\/","url":"https:\/\/www.immobilienbusiness.ch\/de\/regionen\/2025-05-14\/landquart-fashion-outlet-center-waechst-um-5-000-qm\/","name":"Landquart: Fashion Outlet Center grows by 5,000 sqm - IMMOBILIEN Business","isPartOf":{"@id":"https:\/\/www.immobilienbusiness.ch\/#website"},"primaryImageOfPage":{"@id":"https:\/\/www.immobilienbusiness.ch\/de\/regionen\/2025-05-14\/landquart-fashion-outlet-center-waechst-um-5-000-qm\/#primaryimage"},"image":{"@id":"https:\/\/www.immobilienbusiness.ch\/de\/regionen\/2025-05-14\/landquart-fashion-outlet-center-waechst-um-5-000-qm\/#primaryimage"},"thumbnailUrl":"https:\/\/www.immobilienbusiness.ch\/wp-content\/uploads\/2025\/05\/220510_LandquartFashionOutletjpg-scaled.jpg","datePublished":"2025-05-14T04:00:00+00:00","dateModified":"2025-05-15T08:34:08+00:00","description":"The extension is due to open in the first quarter of 2026. A new parking garage is also part of the complex, which was designed by a London office.","breadcrumb":{"@id":"https:\/\/www.immobilienbusiness.ch\/de\/regionen\/2025-05-14\/landquart-fashion-outlet-center-waechst-um-5-000-qm\/#breadcrumb"},"inLanguage":"en-US","potentialAction":[{"@type":"ReadAction","target":["https:\/\/www.immobilienbusiness.ch\/de\/regionen\/2025-05-14\/landquart-fashion-outlet-center-waechst-um-5-000-qm\/"]}]},{"@type":"ImageObject","inLanguage":"en-US","@id":"https:\/\/www.immobilienbusiness.ch\/de\/regionen\/2025-05-14\/landquart-fashion-outlet-center-waechst-um-5-000-qm\/#primaryimage","url":"https:\/\/www.immobilienbusiness.ch\/wp-content\/uploads\/2025\/05\/220510_LandquartFashionOutletjpg-scaled.jpg","contentUrl":"https:\/\/www.immobilienbusiness.ch\/wp-content\/uploads\/2025\/05\/220510_LandquartFashionOutletjpg-scaled.jpg","width":1200,"height":670,"caption":"Das Landquart Fashion Outlet Center wird ausgebaut (Visualisierung: zVg)"},{"@type":"BreadcrumbList","@id":"https:\/\/www.immobilienbusiness.ch\/de\/regionen\/2025-05-14\/landquart-fashion-outlet-center-waechst-um-5-000-qm\/#breadcrumb","itemListElement":[{"@type":"ListItem","position":1,"name":"Home","item":"https:\/\/www.immobilienbusiness.ch\/"},{"@type":"ListItem","position":2,"name":"Landquart: Fashion Outlet Center w\u00e4chst um 5.000 qm"}]},{"@type":"WebSite","@id":"https:\/\/www.immobilienbusiness.ch\/#website","url":"https:\/\/www.immobilienbusiness.ch\/","name":"REAL ESTATE Business","description":"Independent Swiss business magazine focusing on real estate, architecture and construction as well as investment and financing.","publisher":{"@id":"https:\/\/www.immobilienbusiness.ch\/#organization"},"potentialAction":[{"@type":"SearchAction","target":{"@type":"EntryPoint","urlTemplate":"https:\/\/www.immobilienbusiness.ch\/?s={search_term_string}"},"query-input":{"@type":"PropertyValueSpecification","valueRequired":true,"valueName":"search_term_string"}}],"inLanguage":"en-US"},{"@type":"Organization","@id":"https:\/\/www.immobilienbusiness.ch\/#organization","name":"REAL ESTATE Business","url":"https:\/\/www.immobilienbusiness.ch\/","logo":{"@type":"ImageObject","inLanguage":"en-US","@id":"https:\/\/www.immobilienbusiness.ch\/#\/schema\/logo\/image\/","url":"https:\/\/www.immobilienbusiness.ch\/wp-content\/uploads\/2021\/07\/logo_ib.png","contentUrl":"https:\/\/www.immobilienbusiness.ch\/wp-content\/uploads\/2021\/07\/logo_ib.png","width":800,"height":181,"caption":"IMMOBILIEN Business"},"image":{"@id":"https:\/\/www.immobilienbusiness.ch\/#\/schema\/logo\/image\/"},"sameAs":["https:\/\/www.facebook.com\/immobilienbusiness\/"]},{"@type":"Person","@id":"https:\/\/www.immobilienbusiness.ch\/#\/schema\/person\/aba8bea2db926aa0c24c08c43fe1fcd5","name":"Alexander Wachter","image":{"@type":"ImageObject","inLanguage":"en-US","@id":"https:\/\/secure.gravatar.com\/avatar\/1a09e471f5389b0e0a6416eac287e0927c7c97a7b77f9e787eba3af7aee281dd?s=96&d=mm&r=g","url":"https:\/\/secure.gravatar.com\/avatar\/1a09e471f5389b0e0a6416eac287e0927c7c97a7b77f9e787eba3af7aee281dd?s=96&d=mm&r=g","contentUrl":"https:\/\/secure.gravatar.com\/avatar\/1a09e471f5389b0e0a6416eac287e0927c7c97a7b77f9e787eba3af7aee281dd?s=96&d=mm&r=g","caption":"Alexander Wachter"},"url":"https:\/\/www.immobilienbusiness.ch\/en\/author\/alexander-wachter\/"}]}},"_links":{"self":[{"href":"https:\/\/www.immobilienbusiness.ch\/en\/wp-json\/wp\/v2\/posts\/63563","targetHints":{"allow":["GET"]}}],"collection":[{"href":"https:\/\/www.immobilienbusiness.ch\/en\/wp-json\/wp\/v2\/posts"}],"about":[{"href":"https:\/\/www.immobilienbusiness.ch\/en\/wp-json\/wp\/v2\/types\/post"}],"author":[{"embeddable":true,"href":"https:\/\/www.immobilienbusiness.ch\/en\/wp-json\/wp\/v2\/users\/102"}],"replies":[{"embeddable":true,"href":"https:\/\/www.immobilienbusiness.ch\/en\/wp-json\/wp\/v2\/comments?post=63563"}],"version-history":[{"count":4,"href":"https:\/\/www.immobilienbusiness.ch\/en\/wp-json\/wp\/v2\/posts\/63563\/revisions"}],"predecessor-version":[{"id":63650,"href":"https:\/\/www.immobilienbusiness.ch\/en\/wp-json\/wp\/v2\/posts\/63563\/revisions\/63650"}],"wp:featuredmedia":[{"embeddable":true,"href":"https:\/\/www.immobilienbusiness.ch\/en\/wp-json\/wp\/v2\/media\/63565"}],"wp:attachment":[{"href":"https:\/\/www.immobilienbusiness.ch\/en\/wp-json\/wp\/v2\/media?parent=63563"}],"wp:term":[{"taxonomy":"category","embeddable":true,"href":"https:\/\/www.immobilienbusiness.ch\/en\/wp-json\/wp\/v2\/categories?post=63563"},{"taxonomy":"post_tag","embeddable":true,"href":"https:\/\/www.immobilienbusiness.ch\/en\/wp-json\/wp\/v2\/tags?post=63563"}],"curies":[{"name":"wp","href":"https:\/\/api.w.org\/{rel}","templated":true}]}}