{"id":63398,"date":"2025-05-05T08:18:18","date_gmt":"2025-05-05T06:18:18","guid":{"rendered":"https:\/\/www.immobilienbusiness.ch\/?p=63398"},"modified":"2025-05-07T18:09:03","modified_gmt":"2025-05-07T16:09:03","slug":"graffenried-gr-schweiz-startet-kapitalerhoehung","status":"publish","type":"post","link":"https:\/\/www.immobilienbusiness.ch\/en\/unternehmen\/2025-05-05\/graffenried-gr-schweiz-startet-kapitalerhoehung\/","title":{"rendered":"Von Graffenried: GR Switzerland launches capital increase"},"content":{"rendered":"<figure id=\"attachment_63399\" aria-describedby=\"caption-attachment-63399\" style=\"width: 768px\" class=\"wp-caption alignnone\"><a href=\"https:\/\/www.immobilienbusiness.ch\/wp-content\/uploads\/2025\/05\/Depositphotos_339427562_L-scaled.jpg\"><img loading=\"lazy\" decoding=\"async\" class=\"size-large wp-image-63399\" src=\"https:\/\/www.immobilienbusiness.ch\/wp-content\/uploads\/2025\/05\/Depositphotos_339427562_L-1024x768.jpg\" alt=\"\" width=\"768\" height=\"576\" srcset=\"https:\/\/www.immobilienbusiness.ch\/wp-content\/uploads\/2025\/05\/Depositphotos_339427562_L-1024x768.jpg 1024w, https:\/\/www.immobilienbusiness.ch\/wp-content\/uploads\/2025\/05\/Depositphotos_339427562_L-300x225.jpg 300w, https:\/\/www.immobilienbusiness.ch\/wp-content\/uploads\/2025\/05\/Depositphotos_339427562_L-768x576.jpg 768w, https:\/\/www.immobilienbusiness.ch\/wp-content\/uploads\/2025\/05\/Depositphotos_339427562_L-1536x1152.jpg 1536w, https:\/\/www.immobilienbusiness.ch\/wp-content\/uploads\/2025\/05\/Depositphotos_339427562_L-16x12.jpg 16w, https:\/\/www.immobilienbusiness.ch\/wp-content\/uploads\/2025\/05\/Depositphotos_339427562_L-375x281.jpg 375w, https:\/\/www.immobilienbusiness.ch\/wp-content\/uploads\/2025\/05\/Depositphotos_339427562_L-467x350.jpg 467w, https:\/\/www.immobilienbusiness.ch\/wp-content\/uploads\/2025\/05\/Depositphotos_339427562_L-1000x750.jpg 1000w, https:\/\/www.immobilienbusiness.ch\/wp-content\/uploads\/2025\/05\/Depositphotos_339427562_L-scaled.jpg 1200w\" sizes=\"auto, (max-width: 768px) 100vw, 768px\" \/><\/a><figcaption id=\"caption-attachment-63399\" class=\"wp-caption-text\">Bankhaus Von Graffenried's GR Real Estate Switzerland fund has launched an issue (Image: \u00a9 Depositphotos)<\/figcaption><\/figure>\n<p>The GR Real Estate Switzerland real estate fund of the Von Graffenried bank in Berne is planning its fifth capital increase. The issue volume is expected to be between CHF 40 and 60 million, with the subscription period beginning on May 5 and running until the 23rd of the month. The fund management company has set June 3 as the payment date.<\/p>\n<p>The issue proceeds will be used to repay loans and acquire existing properties, according to a press release. Funds will also be invested in renovation and new construction projects.<\/p>\n<p>The fund focuses predominantly on residential use and has a regional focus on Espace Mittelland. The distribution yield is approx. 2.5 %. <em>(aw)<\/em><\/p>","protected":false},"excerpt":{"rendered":"<p>Up to CHF 60 million is to be raised for the real estate fund through the issue by May 23.<\/p>","protected":false},"author":102,"featured_media":63399,"comment_status":"closed","ping_status":"closed","sticky":false,"template":"","format":"standard","meta":{"_acf_changed":false,"_yoast_wpseo_focuskw":"GR Immobilien Graffenried","_yoast_wpseo_title":"","_yoast_wpseo_metadesc":"Bis 23. Mai sollen f\u00fcr den Immobilienfonds bis zu 60 Millionen Franken durch die Emission erl\u00f6st werden.","_yoast_wpseo_linkdex":54,"pgc_sgb_lightbox_settings":"","footnotes":""},"categories":[988],"tags":[1344,1412,1946],"class_list":["post-63398","post","type-post","status-publish","format-standard","has-post-thumbnail","hentry","category-unternehmen","tag-immobilienfonds","tag-kapitalerhoehung","tag-von-graffenried"],"acf":[],"yoast_head":"<!-- This site is optimized with the Yoast SEO plugin v27.5 - https:\/\/yoast.com\/product\/yoast-seo-wordpress\/ -->\n<title>Von Graffenried: GR Schweiz startet Kapitalerh\u00f6hung - IMMOBILIEN Business<\/title>\n<meta name=\"description\" content=\"Bis 23. Mai sollen f\u00fcr den Immobilienfonds bis zu 60 Millionen Franken durch die Emission erl\u00f6st werden.\" \/>\n<meta name=\"robots\" content=\"index, follow, max-snippet:-1, max-image-preview:large, max-video-preview:-1\" \/>\n<link rel=\"canonical\" href=\"https:\/\/www.immobilienbusiness.ch\/en\/unternehmen\/2025-05-05\/graffenried-gr-schweiz-startet-kapitalerhoehung\/\" \/>\n<meta property=\"og:locale\" content=\"en_US\" \/>\n<meta property=\"og:type\" content=\"article\" \/>\n<meta property=\"og:title\" content=\"Von Graffenried: GR Schweiz startet Kapitalerh\u00f6hung - IMMOBILIEN Business\" \/>\n<meta property=\"og:description\" content=\"Bis 23. Mai sollen f\u00fcr den Immobilienfonds bis zu 60 Millionen Franken durch die Emission erl\u00f6st werden.\" \/>\n<meta property=\"og:url\" content=\"https:\/\/www.immobilienbusiness.ch\/en\/unternehmen\/2025-05-05\/graffenried-gr-schweiz-startet-kapitalerhoehung\/\" \/>\n<meta property=\"og:site_name\" content=\"IMMOBILIEN Business\" \/>\n<meta property=\"article:publisher\" content=\"https:\/\/www.facebook.com\/immobilienbusiness\/\" \/>\n<meta property=\"article:published_time\" content=\"2025-05-05T06:18:18+00:00\" \/>\n<meta property=\"article:modified_time\" content=\"2025-05-07T16:09:03+00:00\" \/>\n<meta property=\"og:image\" content=\"https:\/\/www.immobilienbusiness.ch\/wp-content\/uploads\/2025\/05\/Depositphotos_339427562_L-scaled.jpg\" \/>\n\t<meta property=\"og:image:width\" content=\"1200\" \/>\n\t<meta property=\"og:image:height\" content=\"900\" \/>\n\t<meta property=\"og:image:type\" content=\"image\/jpeg\" \/>\n<meta name=\"author\" content=\"Alexander Wachter\" \/>\n<meta name=\"twitter:card\" content=\"summary_large_image\" \/>\n<script type=\"application\/ld+json\" class=\"yoast-schema-graph\">{\"@context\":\"https:\\\/\\\/schema.org\",\"@graph\":[{\"@type\":\"Article\",\"@id\":\"https:\\\/\\\/www.immobilienbusiness.ch\\\/de\\\/unternehmen\\\/2025-05-05\\\/graffenried-gr-schweiz-startet-kapitalerhoehung\\\/#article\",\"isPartOf\":{\"@id\":\"https:\\\/\\\/www.immobilienbusiness.ch\\\/de\\\/unternehmen\\\/2025-05-05\\\/graffenried-gr-schweiz-startet-kapitalerhoehung\\\/\"},\"author\":{\"name\":\"Alexander Wachter\",\"@id\":\"https:\\\/\\\/www.immobilienbusiness.ch\\\/#\\\/schema\\\/person\\\/aba8bea2db926aa0c24c08c43fe1fcd5\"},\"headline\":\"Von Graffenried: GR Schweiz startet Kapitalerh\u00f6hung\",\"datePublished\":\"2025-05-05T06:18:18+00:00\",\"dateModified\":\"2025-05-07T16:09:03+00:00\",\"mainEntityOfPage\":{\"@id\":\"https:\\\/\\\/www.immobilienbusiness.ch\\\/de\\\/unternehmen\\\/2025-05-05\\\/graffenried-gr-schweiz-startet-kapitalerhoehung\\\/\"},\"wordCount\":118,\"publisher\":{\"@id\":\"https:\\\/\\\/www.immobilienbusiness.ch\\\/#organization\"},\"image\":{\"@id\":\"https:\\\/\\\/www.immobilienbusiness.ch\\\/de\\\/unternehmen\\\/2025-05-05\\\/graffenried-gr-schweiz-startet-kapitalerhoehung\\\/#primaryimage\"},\"thumbnailUrl\":\"https:\\\/\\\/www.immobilienbusiness.ch\\\/wp-content\\\/uploads\\\/2025\\\/05\\\/Depositphotos_339427562_L-scaled.jpg\",\"keywords\":[\"Immobilienfonds\",\"Kapitalerh\u00f6hung\",\"Von Graffenried\"],\"articleSection\":[\"UNTERNEHMEN\"],\"inLanguage\":\"en-US\"},{\"@type\":\"WebPage\",\"@id\":\"https:\\\/\\\/www.immobilienbusiness.ch\\\/de\\\/unternehmen\\\/2025-05-05\\\/graffenried-gr-schweiz-startet-kapitalerhoehung\\\/\",\"url\":\"https:\\\/\\\/www.immobilienbusiness.ch\\\/de\\\/unternehmen\\\/2025-05-05\\\/graffenried-gr-schweiz-startet-kapitalerhoehung\\\/\",\"name\":\"Von Graffenried: GR Schweiz startet Kapitalerh\u00f6hung - IMMOBILIEN Business\",\"isPartOf\":{\"@id\":\"https:\\\/\\\/www.immobilienbusiness.ch\\\/#website\"},\"primaryImageOfPage\":{\"@id\":\"https:\\\/\\\/www.immobilienbusiness.ch\\\/de\\\/unternehmen\\\/2025-05-05\\\/graffenried-gr-schweiz-startet-kapitalerhoehung\\\/#primaryimage\"},\"image\":{\"@id\":\"https:\\\/\\\/www.immobilienbusiness.ch\\\/de\\\/unternehmen\\\/2025-05-05\\\/graffenried-gr-schweiz-startet-kapitalerhoehung\\\/#primaryimage\"},\"thumbnailUrl\":\"https:\\\/\\\/www.immobilienbusiness.ch\\\/wp-content\\\/uploads\\\/2025\\\/05\\\/Depositphotos_339427562_L-scaled.jpg\",\"datePublished\":\"2025-05-05T06:18:18+00:00\",\"dateModified\":\"2025-05-07T16:09:03+00:00\",\"description\":\"Bis 23. Mai sollen f\u00fcr den Immobilienfonds bis zu 60 Millionen Franken durch die Emission erl\u00f6st werden.\",\"breadcrumb\":{\"@id\":\"https:\\\/\\\/www.immobilienbusiness.ch\\\/de\\\/unternehmen\\\/2025-05-05\\\/graffenried-gr-schweiz-startet-kapitalerhoehung\\\/#breadcrumb\"},\"inLanguage\":\"en-US\",\"potentialAction\":[{\"@type\":\"ReadAction\",\"target\":[\"https:\\\/\\\/www.immobilienbusiness.ch\\\/de\\\/unternehmen\\\/2025-05-05\\\/graffenried-gr-schweiz-startet-kapitalerhoehung\\\/\"]}]},{\"@type\":\"ImageObject\",\"inLanguage\":\"en-US\",\"@id\":\"https:\\\/\\\/www.immobilienbusiness.ch\\\/de\\\/unternehmen\\\/2025-05-05\\\/graffenried-gr-schweiz-startet-kapitalerhoehung\\\/#primaryimage\",\"url\":\"https:\\\/\\\/www.immobilienbusiness.ch\\\/wp-content\\\/uploads\\\/2025\\\/05\\\/Depositphotos_339427562_L-scaled.jpg\",\"contentUrl\":\"https:\\\/\\\/www.immobilienbusiness.ch\\\/wp-content\\\/uploads\\\/2025\\\/05\\\/Depositphotos_339427562_L-scaled.jpg\",\"width\":1200,\"height\":900,\"caption\":\"Die Fundamenta Real Estate AG sucht frisches Kapital (Bild: \u00a9 Depositphotos)\"},{\"@type\":\"BreadcrumbList\",\"@id\":\"https:\\\/\\\/www.immobilienbusiness.ch\\\/de\\\/unternehmen\\\/2025-05-05\\\/graffenried-gr-schweiz-startet-kapitalerhoehung\\\/#breadcrumb\",\"itemListElement\":[{\"@type\":\"ListItem\",\"position\":1,\"name\":\"Home\",\"item\":\"https:\\\/\\\/www.immobilienbusiness.ch\\\/\"},{\"@type\":\"ListItem\",\"position\":2,\"name\":\"Von Graffenried: GR Schweiz startet Kapitalerh\u00f6hung\"}]},{\"@type\":\"WebSite\",\"@id\":\"https:\\\/\\\/www.immobilienbusiness.ch\\\/#website\",\"url\":\"https:\\\/\\\/www.immobilienbusiness.ch\\\/\",\"name\":\"IMMOBILIEN Business\",\"description\":\"Unabh\u00e4ngiges Schweizer Wirtschaftsmagazin mit Fokus auf Immobilien, Architektur- und Bau sowie Investment- und Finanzierung.\",\"publisher\":{\"@id\":\"https:\\\/\\\/www.immobilienbusiness.ch\\\/#organization\"},\"potentialAction\":[{\"@type\":\"SearchAction\",\"target\":{\"@type\":\"EntryPoint\",\"urlTemplate\":\"https:\\\/\\\/www.immobilienbusiness.ch\\\/?s={search_term_string}\"},\"query-input\":{\"@type\":\"PropertyValueSpecification\",\"valueRequired\":true,\"valueName\":\"search_term_string\"}}],\"inLanguage\":\"en-US\"},{\"@type\":\"Organization\",\"@id\":\"https:\\\/\\\/www.immobilienbusiness.ch\\\/#organization\",\"name\":\"IMMOBILIEN Business\",\"url\":\"https:\\\/\\\/www.immobilienbusiness.ch\\\/\",\"logo\":{\"@type\":\"ImageObject\",\"inLanguage\":\"en-US\",\"@id\":\"https:\\\/\\\/www.immobilienbusiness.ch\\\/#\\\/schema\\\/logo\\\/image\\\/\",\"url\":\"https:\\\/\\\/www.immobilienbusiness.ch\\\/wp-content\\\/uploads\\\/2021\\\/07\\\/logo_ib.png\",\"contentUrl\":\"https:\\\/\\\/www.immobilienbusiness.ch\\\/wp-content\\\/uploads\\\/2021\\\/07\\\/logo_ib.png\",\"width\":800,\"height\":181,\"caption\":\"IMMOBILIEN Business\"},\"image\":{\"@id\":\"https:\\\/\\\/www.immobilienbusiness.ch\\\/#\\\/schema\\\/logo\\\/image\\\/\"},\"sameAs\":[\"https:\\\/\\\/www.facebook.com\\\/immobilienbusiness\\\/\"]},{\"@type\":\"Person\",\"@id\":\"https:\\\/\\\/www.immobilienbusiness.ch\\\/#\\\/schema\\\/person\\\/aba8bea2db926aa0c24c08c43fe1fcd5\",\"name\":\"Alexander Wachter\",\"image\":{\"@type\":\"ImageObject\",\"inLanguage\":\"en-US\",\"@id\":\"https:\\\/\\\/secure.gravatar.com\\\/avatar\\\/1a09e471f5389b0e0a6416eac287e0927c7c97a7b77f9e787eba3af7aee281dd?s=96&d=mm&r=g\",\"url\":\"https:\\\/\\\/secure.gravatar.com\\\/avatar\\\/1a09e471f5389b0e0a6416eac287e0927c7c97a7b77f9e787eba3af7aee281dd?s=96&d=mm&r=g\",\"contentUrl\":\"https:\\\/\\\/secure.gravatar.com\\\/avatar\\\/1a09e471f5389b0e0a6416eac287e0927c7c97a7b77f9e787eba3af7aee281dd?s=96&d=mm&r=g\",\"caption\":\"Alexander Wachter\"},\"url\":\"https:\\\/\\\/www.immobilienbusiness.ch\\\/en\\\/author\\\/alexander-wachter\\\/\"}]}<\/script>\n<!-- \/ Yoast SEO plugin. -->","yoast_head_json":{"title":"Von Graffenried: GR Schweiz startet Kapitalerh\u00f6hung - IMMOBILIEN Business","description":"Up to CHF 60 million is to be raised for the real estate fund through the issue by May 23.","robots":{"index":"index","follow":"follow","max-snippet":"max-snippet:-1","max-image-preview":"max-image-preview:large","max-video-preview":"max-video-preview:-1"},"canonical":"https:\/\/www.immobilienbusiness.ch\/en\/unternehmen\/2025-05-05\/graffenried-gr-schweiz-startet-kapitalerhoehung\/","og_locale":"en_US","og_type":"article","og_title":"Von Graffenried: GR Schweiz startet Kapitalerh\u00f6hung - IMMOBILIEN Business","og_description":"Bis 23. Mai sollen f\u00fcr den Immobilienfonds bis zu 60 Millionen Franken durch die Emission erl\u00f6st werden.","og_url":"https:\/\/www.immobilienbusiness.ch\/en\/unternehmen\/2025-05-05\/graffenried-gr-schweiz-startet-kapitalerhoehung\/","og_site_name":"IMMOBILIEN Business","article_publisher":"https:\/\/www.facebook.com\/immobilienbusiness\/","article_published_time":"2025-05-05T06:18:18+00:00","article_modified_time":"2025-05-07T16:09:03+00:00","og_image":[{"width":1200,"height":900,"url":"https:\/\/www.immobilienbusiness.ch\/wp-content\/uploads\/2025\/05\/Depositphotos_339427562_L-scaled.jpg","type":"image\/jpeg"}],"author":"Alexander Wachter","twitter_card":"summary_large_image","schema":{"@context":"https:\/\/schema.org","@graph":[{"@type":"Article","@id":"https:\/\/www.immobilienbusiness.ch\/de\/unternehmen\/2025-05-05\/graffenried-gr-schweiz-startet-kapitalerhoehung\/#article","isPartOf":{"@id":"https:\/\/www.immobilienbusiness.ch\/de\/unternehmen\/2025-05-05\/graffenried-gr-schweiz-startet-kapitalerhoehung\/"},"author":{"name":"Alexander Wachter","@id":"https:\/\/www.immobilienbusiness.ch\/#\/schema\/person\/aba8bea2db926aa0c24c08c43fe1fcd5"},"headline":"Von Graffenried: GR Schweiz startet Kapitalerh\u00f6hung","datePublished":"2025-05-05T06:18:18+00:00","dateModified":"2025-05-07T16:09:03+00:00","mainEntityOfPage":{"@id":"https:\/\/www.immobilienbusiness.ch\/de\/unternehmen\/2025-05-05\/graffenried-gr-schweiz-startet-kapitalerhoehung\/"},"wordCount":118,"publisher":{"@id":"https:\/\/www.immobilienbusiness.ch\/#organization"},"image":{"@id":"https:\/\/www.immobilienbusiness.ch\/de\/unternehmen\/2025-05-05\/graffenried-gr-schweiz-startet-kapitalerhoehung\/#primaryimage"},"thumbnailUrl":"https:\/\/www.immobilienbusiness.ch\/wp-content\/uploads\/2025\/05\/Depositphotos_339427562_L-scaled.jpg","keywords":["Immobilienfonds","Kapitalerh\u00f6hung","Von Graffenried"],"articleSection":["UNTERNEHMEN"],"inLanguage":"en-US"},{"@type":"WebPage","@id":"https:\/\/www.immobilienbusiness.ch\/de\/unternehmen\/2025-05-05\/graffenried-gr-schweiz-startet-kapitalerhoehung\/","url":"https:\/\/www.immobilienbusiness.ch\/de\/unternehmen\/2025-05-05\/graffenried-gr-schweiz-startet-kapitalerhoehung\/","name":"Von Graffenried: GR Schweiz startet Kapitalerh\u00f6hung - IMMOBILIEN Business","isPartOf":{"@id":"https:\/\/www.immobilienbusiness.ch\/#website"},"primaryImageOfPage":{"@id":"https:\/\/www.immobilienbusiness.ch\/de\/unternehmen\/2025-05-05\/graffenried-gr-schweiz-startet-kapitalerhoehung\/#primaryimage"},"image":{"@id":"https:\/\/www.immobilienbusiness.ch\/de\/unternehmen\/2025-05-05\/graffenried-gr-schweiz-startet-kapitalerhoehung\/#primaryimage"},"thumbnailUrl":"https:\/\/www.immobilienbusiness.ch\/wp-content\/uploads\/2025\/05\/Depositphotos_339427562_L-scaled.jpg","datePublished":"2025-05-05T06:18:18+00:00","dateModified":"2025-05-07T16:09:03+00:00","description":"Up to CHF 60 million is to be raised for the real estate fund through the issue by May 23.","breadcrumb":{"@id":"https:\/\/www.immobilienbusiness.ch\/de\/unternehmen\/2025-05-05\/graffenried-gr-schweiz-startet-kapitalerhoehung\/#breadcrumb"},"inLanguage":"en-US","potentialAction":[{"@type":"ReadAction","target":["https:\/\/www.immobilienbusiness.ch\/de\/unternehmen\/2025-05-05\/graffenried-gr-schweiz-startet-kapitalerhoehung\/"]}]},{"@type":"ImageObject","inLanguage":"en-US","@id":"https:\/\/www.immobilienbusiness.ch\/de\/unternehmen\/2025-05-05\/graffenried-gr-schweiz-startet-kapitalerhoehung\/#primaryimage","url":"https:\/\/www.immobilienbusiness.ch\/wp-content\/uploads\/2025\/05\/Depositphotos_339427562_L-scaled.jpg","contentUrl":"https:\/\/www.immobilienbusiness.ch\/wp-content\/uploads\/2025\/05\/Depositphotos_339427562_L-scaled.jpg","width":1200,"height":900,"caption":"Die Fundamenta Real Estate AG sucht frisches Kapital (Bild: \u00a9 Depositphotos)"},{"@type":"BreadcrumbList","@id":"https:\/\/www.immobilienbusiness.ch\/de\/unternehmen\/2025-05-05\/graffenried-gr-schweiz-startet-kapitalerhoehung\/#breadcrumb","itemListElement":[{"@type":"ListItem","position":1,"name":"Home","item":"https:\/\/www.immobilienbusiness.ch\/"},{"@type":"ListItem","position":2,"name":"Von Graffenried: GR Schweiz startet Kapitalerh\u00f6hung"}]},{"@type":"WebSite","@id":"https:\/\/www.immobilienbusiness.ch\/#website","url":"https:\/\/www.immobilienbusiness.ch\/","name":"REAL ESTATE Business","description":"Independent Swiss business magazine focusing on real estate, architecture and construction as well as investment and financing.","publisher":{"@id":"https:\/\/www.immobilienbusiness.ch\/#organization"},"potentialAction":[{"@type":"SearchAction","target":{"@type":"EntryPoint","urlTemplate":"https:\/\/www.immobilienbusiness.ch\/?s={search_term_string}"},"query-input":{"@type":"PropertyValueSpecification","valueRequired":true,"valueName":"search_term_string"}}],"inLanguage":"en-US"},{"@type":"Organization","@id":"https:\/\/www.immobilienbusiness.ch\/#organization","name":"REAL ESTATE Business","url":"https:\/\/www.immobilienbusiness.ch\/","logo":{"@type":"ImageObject","inLanguage":"en-US","@id":"https:\/\/www.immobilienbusiness.ch\/#\/schema\/logo\/image\/","url":"https:\/\/www.immobilienbusiness.ch\/wp-content\/uploads\/2021\/07\/logo_ib.png","contentUrl":"https:\/\/www.immobilienbusiness.ch\/wp-content\/uploads\/2021\/07\/logo_ib.png","width":800,"height":181,"caption":"IMMOBILIEN Business"},"image":{"@id":"https:\/\/www.immobilienbusiness.ch\/#\/schema\/logo\/image\/"},"sameAs":["https:\/\/www.facebook.com\/immobilienbusiness\/"]},{"@type":"Person","@id":"https:\/\/www.immobilienbusiness.ch\/#\/schema\/person\/aba8bea2db926aa0c24c08c43fe1fcd5","name":"Alexander Wachter","image":{"@type":"ImageObject","inLanguage":"en-US","@id":"https:\/\/secure.gravatar.com\/avatar\/1a09e471f5389b0e0a6416eac287e0927c7c97a7b77f9e787eba3af7aee281dd?s=96&d=mm&r=g","url":"https:\/\/secure.gravatar.com\/avatar\/1a09e471f5389b0e0a6416eac287e0927c7c97a7b77f9e787eba3af7aee281dd?s=96&d=mm&r=g","contentUrl":"https:\/\/secure.gravatar.com\/avatar\/1a09e471f5389b0e0a6416eac287e0927c7c97a7b77f9e787eba3af7aee281dd?s=96&d=mm&r=g","caption":"Alexander Wachter"},"url":"https:\/\/www.immobilienbusiness.ch\/en\/author\/alexander-wachter\/"}]}},"_links":{"self":[{"href":"https:\/\/www.immobilienbusiness.ch\/en\/wp-json\/wp\/v2\/posts\/63398","targetHints":{"allow":["GET"]}}],"collection":[{"href":"https:\/\/www.immobilienbusiness.ch\/en\/wp-json\/wp\/v2\/posts"}],"about":[{"href":"https:\/\/www.immobilienbusiness.ch\/en\/wp-json\/wp\/v2\/types\/post"}],"author":[{"embeddable":true,"href":"https:\/\/www.immobilienbusiness.ch\/en\/wp-json\/wp\/v2\/users\/102"}],"replies":[{"embeddable":true,"href":"https:\/\/www.immobilienbusiness.ch\/en\/wp-json\/wp\/v2\/comments?post=63398"}],"version-history":[{"count":3,"href":"https:\/\/www.immobilienbusiness.ch\/en\/wp-json\/wp\/v2\/posts\/63398\/revisions"}],"predecessor-version":[{"id":63511,"href":"https:\/\/www.immobilienbusiness.ch\/en\/wp-json\/wp\/v2\/posts\/63398\/revisions\/63511"}],"wp:featuredmedia":[{"embeddable":true,"href":"https:\/\/www.immobilienbusiness.ch\/en\/wp-json\/wp\/v2\/media\/63399"}],"wp:attachment":[{"href":"https:\/\/www.immobilienbusiness.ch\/en\/wp-json\/wp\/v2\/media?parent=63398"}],"wp:term":[{"taxonomy":"category","embeddable":true,"href":"https:\/\/www.immobilienbusiness.ch\/en\/wp-json\/wp\/v2\/categories?post=63398"},{"taxonomy":"post_tag","embeddable":true,"href":"https:\/\/www.immobilienbusiness.ch\/en\/wp-json\/wp\/v2\/tags?post=63398"}],"curies":[{"name":"wp","href":"https:\/\/api.w.org\/{rel}","templated":true}]}}