{"id":63204,"date":"2025-04-17T09:10:54","date_gmt":"2025-04-17T07:10:54","guid":{"rendered":"https:\/\/www.immobilienbusiness.ch\/?p=63204"},"modified":"2025-04-17T09:17:43","modified_gmt":"2025-04-17T07:17:43","slug":"zuerich-seebahn-hoefe-einen-schritt-weiter","status":"publish","type":"post","link":"https:\/\/www.immobilienbusiness.ch\/en\/regionen\/2025-04-17\/zuerich-seebahn-hoefe-einen-schritt-weiter\/","title":{"rendered":"Zurich: Seebahn-H\u00f6fe one step further"},"content":{"rendered":"<figure id=\"attachment_63205\" aria-describedby=\"caption-attachment-63205\" style=\"width: 768px\" class=\"wp-caption alignnone\"><a href=\"https:\/\/www.immobilienbusiness.ch\/wp-content\/uploads\/2025\/04\/Nachricht_S_6_unten_seebahnstrasse-seebahnstr-scaled.jpg\"><img loading=\"lazy\" decoding=\"async\" class=\"size-large wp-image-63205\" src=\"https:\/\/www.immobilienbusiness.ch\/wp-content\/uploads\/2025\/04\/Nachricht_S_6_unten_seebahnstrasse-seebahnstr-1024x682.jpg\" alt=\"\" width=\"768\" height=\"512\" srcset=\"https:\/\/www.immobilienbusiness.ch\/wp-content\/uploads\/2025\/04\/Nachricht_S_6_unten_seebahnstrasse-seebahnstr-1024x682.jpg 1024w, https:\/\/www.immobilienbusiness.ch\/wp-content\/uploads\/2025\/04\/Nachricht_S_6_unten_seebahnstrasse-seebahnstr-300x200.jpg 300w, https:\/\/www.immobilienbusiness.ch\/wp-content\/uploads\/2025\/04\/Nachricht_S_6_unten_seebahnstrasse-seebahnstr-768x512.jpg 768w, https:\/\/www.immobilienbusiness.ch\/wp-content\/uploads\/2025\/04\/Nachricht_S_6_unten_seebahnstrasse-seebahnstr-1536x1024.jpg 1536w, https:\/\/www.immobilienbusiness.ch\/wp-content\/uploads\/2025\/04\/Nachricht_S_6_unten_seebahnstrasse-seebahnstr-18x12.jpg 18w, https:\/\/www.immobilienbusiness.ch\/wp-content\/uploads\/2025\/04\/Nachricht_S_6_unten_seebahnstrasse-seebahnstr-375x250.jpg 375w, https:\/\/www.immobilienbusiness.ch\/wp-content\/uploads\/2025\/04\/Nachricht_S_6_unten_seebahnstrasse-seebahnstr-525x350.jpg 525w, https:\/\/www.immobilienbusiness.ch\/wp-content\/uploads\/2025\/04\/Nachricht_S_6_unten_seebahnstrasse-seebahnstr-1000x666.jpg 1000w, https:\/\/www.immobilienbusiness.ch\/wp-content\/uploads\/2025\/04\/Nachricht_S_6_unten_seebahnstrasse-seebahnstr-scaled.jpg 1200w\" sizes=\"auto, (max-width: 768px) 100vw, 768px\" \/><\/a><figcaption id=\"caption-attachment-63205\" class=\"wp-caption-text\">The Seebahnh\u00f6fe project in Zurich (Image: zVg)<\/figcaption><\/figure>\n<p>The Zurich municipal council has approved the private design plan for Seebahn-H\u00f6fe by 100 votes in favor and 11 against. This represents an important political milestone. The two cooperatives ABZ and BEP can now move one step closer to creating new, affordable living space for around a thousand people, says ABZ President Nathanea Elte. The broad approval shows that parliament is aware of \"how urgently we need more affordable housing and what an important contribution the Seebahn-H\u00f6fe project is making to this\".<\/p>\n<p>The design plan safeguards the qualities of the two residential developments, which were developed in a long-term process with the City of Zurich. It began with eight guiding principles for neighbourhood development, adopted in 2008. With the design plan, the ABZ and BEP undertake to rent out their apartments at cost for 100 years, to provide 20 percent of the living space as subsidized housing and to reduce the rent for the municipal kindergarten.<\/p>\n<p>The long process leading up to the approval of the design plan was repeatedly delayed, which drove up the costs considerably. However, the cooperative members are still fully behind the project. The ABZ General Assembly clearly approved the supplementary credit 2024.<\/p>\n<p>The BEP is waiting with its supplementary loan until the building permit has been granted, but is confident that its members will also accept the loan. \"The project is contemporary and forward-looking,\" says BEP President Claudia Vontobel: \"We would like to thank the municipal council for the confidence it has shown in the cooperatives with its decision.\"<\/p>\n<p>The next step will be for the building cooperatives to submit planning applications, on the basis of which the city council will decide whether to approve the construction. But it will probably be a while before the excavators start work - partly because the Zurich Heritage Society is considering taking \"legal action\" against the project. According to Heimatschutz President Noth, an expert opinion from the EDK Federal Commission for the Preservation of Historical Monuments, which the Zurich City Council should have commissioned, is missing.<\/p>\n<p>Meanwhile, as reported by the Tages-Anzeiger newspaper, the \"Seebahnh\u00f6fe retten\" (\"Save the Seebahnh\u00f6fe\") association - opponents based in the district - are considering holding a referendum. The critics' main point of criticism is that the workers' housing estates from the 1930s are historically valuable and therefore worth preserving.\u00a0 <em>(bw)<\/em><\/p>","protected":false},"excerpt":{"rendered":"<p>The project, which is intended to create living space for 1,000 people, has the approval of the local council. Meanwhile, the Heritage Society is considering legal action.<\/p>","protected":false},"author":102,"featured_media":63205,"comment_status":"closed","ping_status":"closed","sticky":false,"template":"","format":"standard","meta":{"_acf_changed":false,"_yoast_wpseo_focuskw":"Z\u00fcrich","_yoast_wpseo_title":"","_yoast_wpseo_metadesc":"","_yoast_wpseo_linkdex":60,"pgc_sgb_lightbox_settings":"","footnotes":""},"categories":[985],"tags":[4166,4167,1492,2320,1600,1888],"class_list":["post-63204","post","type-post","status-publish","format-standard","has-post-thumbnail","hentry","category-regionen","tag-abz","tag-bep","tag-mietwohnungen","tag-oeffentliche-hand","tag-projekt-in-planung","tag-zuerich"],"acf":[],"yoast_head":"<!-- This site is optimized with the Yoast SEO plugin v27.5 - https:\/\/yoast.com\/product\/yoast-seo-wordpress\/ -->\n<title>Z\u00fcrich: Seebahn-H\u00f6fe einen Schritt weiter - IMMOBILIEN Business<\/title>\n<meta name=\"robots\" content=\"index, follow, max-snippet:-1, max-image-preview:large, max-video-preview:-1\" \/>\n<link rel=\"canonical\" href=\"https:\/\/www.immobilienbusiness.ch\/en\/regionen\/2025-04-17\/zuerich-seebahn-hoefe-einen-schritt-weiter\/\" \/>\n<meta property=\"og:locale\" content=\"en_US\" \/>\n<meta property=\"og:type\" content=\"article\" \/>\n<meta property=\"og:title\" content=\"Z\u00fcrich: Seebahn-H\u00f6fe einen Schritt weiter - IMMOBILIEN Business\" \/>\n<meta property=\"og:description\" content=\"Das Projekt, das Wohnraum f\u00fcr 1.000 Menschen schaffen soll, hat die Zustimmung des Gemeinderats. Unterdessen erw\u00e4gt der Heimatschutz rechtliche Schritte.\" \/>\n<meta property=\"og:url\" content=\"https:\/\/www.immobilienbusiness.ch\/en\/regionen\/2025-04-17\/zuerich-seebahn-hoefe-einen-schritt-weiter\/\" \/>\n<meta property=\"og:site_name\" content=\"IMMOBILIEN Business\" \/>\n<meta property=\"article:publisher\" content=\"https:\/\/www.facebook.com\/immobilienbusiness\/\" \/>\n<meta property=\"article:published_time\" content=\"2025-04-17T07:10:54+00:00\" \/>\n<meta property=\"article:modified_time\" content=\"2025-04-17T07:17:43+00:00\" \/>\n<meta property=\"og:image\" content=\"https:\/\/www.immobilienbusiness.ch\/wp-content\/uploads\/2025\/04\/Nachricht_S_6_unten_seebahnstrasse-seebahnstr-scaled.jpg\" \/>\n\t<meta property=\"og:image:width\" content=\"1200\" \/>\n\t<meta property=\"og:image:height\" content=\"800\" \/>\n\t<meta property=\"og:image:type\" content=\"image\/jpeg\" \/>\n<meta name=\"author\" content=\"Alexander Wachter\" \/>\n<meta name=\"twitter:card\" content=\"summary_large_image\" \/>\n<script type=\"application\/ld+json\" class=\"yoast-schema-graph\">{\"@context\":\"https:\\\/\\\/schema.org\",\"@graph\":[{\"@type\":\"Article\",\"@id\":\"https:\\\/\\\/www.immobilienbusiness.ch\\\/fr\\\/regionen\\\/2025-04-17\\\/zuerich-seebahn-hoefe-einen-schritt-weiter\\\/#article\",\"isPartOf\":{\"@id\":\"https:\\\/\\\/www.immobilienbusiness.ch\\\/fr\\\/regionen\\\/2025-04-17\\\/zuerich-seebahn-hoefe-einen-schritt-weiter\\\/\"},\"author\":{\"name\":\"Alexander Wachter\",\"@id\":\"https:\\\/\\\/www.immobilienbusiness.ch\\\/#\\\/schema\\\/person\\\/aba8bea2db926aa0c24c08c43fe1fcd5\"},\"headline\":\"Z\u00fcrich: Seebahn-H\u00f6fe einen Schritt weiter\",\"datePublished\":\"2025-04-17T07:10:54+00:00\",\"dateModified\":\"2025-04-17T07:17:43+00:00\",\"mainEntityOfPage\":{\"@id\":\"https:\\\/\\\/www.immobilienbusiness.ch\\\/fr\\\/regionen\\\/2025-04-17\\\/zuerich-seebahn-hoefe-einen-schritt-weiter\\\/\"},\"wordCount\":384,\"publisher\":{\"@id\":\"https:\\\/\\\/www.immobilienbusiness.ch\\\/#organization\"},\"image\":{\"@id\":\"https:\\\/\\\/www.immobilienbusiness.ch\\\/fr\\\/regionen\\\/2025-04-17\\\/zuerich-seebahn-hoefe-einen-schritt-weiter\\\/#primaryimage\"},\"thumbnailUrl\":\"https:\\\/\\\/www.immobilienbusiness.ch\\\/wp-content\\\/uploads\\\/2025\\\/04\\\/Nachricht_S_6_unten_seebahnstrasse-seebahnstr-scaled.jpg\",\"keywords\":[\"ABZ\",\"BEP\",\"Mietwohnungen\",\"\u00d6ffentliche Hand\",\"Projekt in Planung\",\"Z\u00fcrich\"],\"articleSection\":[\"REGIONEN\"],\"inLanguage\":\"en-US\"},{\"@type\":\"WebPage\",\"@id\":\"https:\\\/\\\/www.immobilienbusiness.ch\\\/fr\\\/regionen\\\/2025-04-17\\\/zuerich-seebahn-hoefe-einen-schritt-weiter\\\/\",\"url\":\"https:\\\/\\\/www.immobilienbusiness.ch\\\/fr\\\/regionen\\\/2025-04-17\\\/zuerich-seebahn-hoefe-einen-schritt-weiter\\\/\",\"name\":\"Z\u00fcrich: Seebahn-H\u00f6fe einen Schritt weiter - IMMOBILIEN Business\",\"isPartOf\":{\"@id\":\"https:\\\/\\\/www.immobilienbusiness.ch\\\/#website\"},\"primaryImageOfPage\":{\"@id\":\"https:\\\/\\\/www.immobilienbusiness.ch\\\/fr\\\/regionen\\\/2025-04-17\\\/zuerich-seebahn-hoefe-einen-schritt-weiter\\\/#primaryimage\"},\"image\":{\"@id\":\"https:\\\/\\\/www.immobilienbusiness.ch\\\/fr\\\/regionen\\\/2025-04-17\\\/zuerich-seebahn-hoefe-einen-schritt-weiter\\\/#primaryimage\"},\"thumbnailUrl\":\"https:\\\/\\\/www.immobilienbusiness.ch\\\/wp-content\\\/uploads\\\/2025\\\/04\\\/Nachricht_S_6_unten_seebahnstrasse-seebahnstr-scaled.jpg\",\"datePublished\":\"2025-04-17T07:10:54+00:00\",\"dateModified\":\"2025-04-17T07:17:43+00:00\",\"breadcrumb\":{\"@id\":\"https:\\\/\\\/www.immobilienbusiness.ch\\\/fr\\\/regionen\\\/2025-04-17\\\/zuerich-seebahn-hoefe-einen-schritt-weiter\\\/#breadcrumb\"},\"inLanguage\":\"en-US\",\"potentialAction\":[{\"@type\":\"ReadAction\",\"target\":[\"https:\\\/\\\/www.immobilienbusiness.ch\\\/fr\\\/regionen\\\/2025-04-17\\\/zuerich-seebahn-hoefe-einen-schritt-weiter\\\/\"]}]},{\"@type\":\"ImageObject\",\"inLanguage\":\"en-US\",\"@id\":\"https:\\\/\\\/www.immobilienbusiness.ch\\\/fr\\\/regionen\\\/2025-04-17\\\/zuerich-seebahn-hoefe-einen-schritt-weiter\\\/#primaryimage\",\"url\":\"https:\\\/\\\/www.immobilienbusiness.ch\\\/wp-content\\\/uploads\\\/2025\\\/04\\\/Nachricht_S_6_unten_seebahnstrasse-seebahnstr-scaled.jpg\",\"contentUrl\":\"https:\\\/\\\/www.immobilienbusiness.ch\\\/wp-content\\\/uploads\\\/2025\\\/04\\\/Nachricht_S_6_unten_seebahnstrasse-seebahnstr-scaled.jpg\",\"width\":1200,\"height\":800,\"caption\":\"Das Projekt Seebahnh\u00f6fe in Z\u00fcrich (Bild: zVg)\"},{\"@type\":\"BreadcrumbList\",\"@id\":\"https:\\\/\\\/www.immobilienbusiness.ch\\\/fr\\\/regionen\\\/2025-04-17\\\/zuerich-seebahn-hoefe-einen-schritt-weiter\\\/#breadcrumb\",\"itemListElement\":[{\"@type\":\"ListItem\",\"position\":1,\"name\":\"Home\",\"item\":\"https:\\\/\\\/www.immobilienbusiness.ch\\\/\"},{\"@type\":\"ListItem\",\"position\":2,\"name\":\"Z\u00fcrich: Seebahn-H\u00f6fe einen Schritt weiter\"}]},{\"@type\":\"WebSite\",\"@id\":\"https:\\\/\\\/www.immobilienbusiness.ch\\\/#website\",\"url\":\"https:\\\/\\\/www.immobilienbusiness.ch\\\/\",\"name\":\"IMMOBILIEN Business\",\"description\":\"Unabh\u00e4ngiges Schweizer Wirtschaftsmagazin mit Fokus auf Immobilien, Architektur- und Bau sowie Investment- und Finanzierung.\",\"publisher\":{\"@id\":\"https:\\\/\\\/www.immobilienbusiness.ch\\\/#organization\"},\"potentialAction\":[{\"@type\":\"SearchAction\",\"target\":{\"@type\":\"EntryPoint\",\"urlTemplate\":\"https:\\\/\\\/www.immobilienbusiness.ch\\\/?s={search_term_string}\"},\"query-input\":{\"@type\":\"PropertyValueSpecification\",\"valueRequired\":true,\"valueName\":\"search_term_string\"}}],\"inLanguage\":\"en-US\"},{\"@type\":\"Organization\",\"@id\":\"https:\\\/\\\/www.immobilienbusiness.ch\\\/#organization\",\"name\":\"IMMOBILIEN Business\",\"url\":\"https:\\\/\\\/www.immobilienbusiness.ch\\\/\",\"logo\":{\"@type\":\"ImageObject\",\"inLanguage\":\"en-US\",\"@id\":\"https:\\\/\\\/www.immobilienbusiness.ch\\\/#\\\/schema\\\/logo\\\/image\\\/\",\"url\":\"https:\\\/\\\/www.immobilienbusiness.ch\\\/wp-content\\\/uploads\\\/2021\\\/07\\\/logo_ib.png\",\"contentUrl\":\"https:\\\/\\\/www.immobilienbusiness.ch\\\/wp-content\\\/uploads\\\/2021\\\/07\\\/logo_ib.png\",\"width\":800,\"height\":181,\"caption\":\"IMMOBILIEN Business\"},\"image\":{\"@id\":\"https:\\\/\\\/www.immobilienbusiness.ch\\\/#\\\/schema\\\/logo\\\/image\\\/\"},\"sameAs\":[\"https:\\\/\\\/www.facebook.com\\\/immobilienbusiness\\\/\"]},{\"@type\":\"Person\",\"@id\":\"https:\\\/\\\/www.immobilienbusiness.ch\\\/#\\\/schema\\\/person\\\/aba8bea2db926aa0c24c08c43fe1fcd5\",\"name\":\"Alexander Wachter\",\"image\":{\"@type\":\"ImageObject\",\"inLanguage\":\"en-US\",\"@id\":\"https:\\\/\\\/secure.gravatar.com\\\/avatar\\\/1a09e471f5389b0e0a6416eac287e0927c7c97a7b77f9e787eba3af7aee281dd?s=96&d=mm&r=g\",\"url\":\"https:\\\/\\\/secure.gravatar.com\\\/avatar\\\/1a09e471f5389b0e0a6416eac287e0927c7c97a7b77f9e787eba3af7aee281dd?s=96&d=mm&r=g\",\"contentUrl\":\"https:\\\/\\\/secure.gravatar.com\\\/avatar\\\/1a09e471f5389b0e0a6416eac287e0927c7c97a7b77f9e787eba3af7aee281dd?s=96&d=mm&r=g\",\"caption\":\"Alexander Wachter\"},\"url\":\"https:\\\/\\\/www.immobilienbusiness.ch\\\/en\\\/author\\\/alexander-wachter\\\/\"}]}<\/script>\n<!-- \/ Yoast SEO plugin. -->","yoast_head_json":{"title":"Z\u00fcrich: Seebahn-H\u00f6fe einen Schritt weiter - IMMOBILIEN Business","robots":{"index":"index","follow":"follow","max-snippet":"max-snippet:-1","max-image-preview":"max-image-preview:large","max-video-preview":"max-video-preview:-1"},"canonical":"https:\/\/www.immobilienbusiness.ch\/en\/regionen\/2025-04-17\/zuerich-seebahn-hoefe-einen-schritt-weiter\/","og_locale":"en_US","og_type":"article","og_title":"Z\u00fcrich: Seebahn-H\u00f6fe einen Schritt weiter - IMMOBILIEN Business","og_description":"Das Projekt, das Wohnraum f\u00fcr 1.000 Menschen schaffen soll, hat die Zustimmung des Gemeinderats. Unterdessen erw\u00e4gt der Heimatschutz rechtliche Schritte.","og_url":"https:\/\/www.immobilienbusiness.ch\/en\/regionen\/2025-04-17\/zuerich-seebahn-hoefe-einen-schritt-weiter\/","og_site_name":"IMMOBILIEN Business","article_publisher":"https:\/\/www.facebook.com\/immobilienbusiness\/","article_published_time":"2025-04-17T07:10:54+00:00","article_modified_time":"2025-04-17T07:17:43+00:00","og_image":[{"width":1200,"height":800,"url":"https:\/\/www.immobilienbusiness.ch\/wp-content\/uploads\/2025\/04\/Nachricht_S_6_unten_seebahnstrasse-seebahnstr-scaled.jpg","type":"image\/jpeg"}],"author":"Alexander Wachter","twitter_card":"summary_large_image","schema":{"@context":"https:\/\/schema.org","@graph":[{"@type":"Article","@id":"https:\/\/www.immobilienbusiness.ch\/fr\/regionen\/2025-04-17\/zuerich-seebahn-hoefe-einen-schritt-weiter\/#article","isPartOf":{"@id":"https:\/\/www.immobilienbusiness.ch\/fr\/regionen\/2025-04-17\/zuerich-seebahn-hoefe-einen-schritt-weiter\/"},"author":{"name":"Alexander Wachter","@id":"https:\/\/www.immobilienbusiness.ch\/#\/schema\/person\/aba8bea2db926aa0c24c08c43fe1fcd5"},"headline":"Z\u00fcrich: Seebahn-H\u00f6fe einen Schritt weiter","datePublished":"2025-04-17T07:10:54+00:00","dateModified":"2025-04-17T07:17:43+00:00","mainEntityOfPage":{"@id":"https:\/\/www.immobilienbusiness.ch\/fr\/regionen\/2025-04-17\/zuerich-seebahn-hoefe-einen-schritt-weiter\/"},"wordCount":384,"publisher":{"@id":"https:\/\/www.immobilienbusiness.ch\/#organization"},"image":{"@id":"https:\/\/www.immobilienbusiness.ch\/fr\/regionen\/2025-04-17\/zuerich-seebahn-hoefe-einen-schritt-weiter\/#primaryimage"},"thumbnailUrl":"https:\/\/www.immobilienbusiness.ch\/wp-content\/uploads\/2025\/04\/Nachricht_S_6_unten_seebahnstrasse-seebahnstr-scaled.jpg","keywords":["ABZ","BEP","Mietwohnungen","\u00d6ffentliche Hand","Projekt in Planung","Z\u00fcrich"],"articleSection":["REGIONEN"],"inLanguage":"en-US"},{"@type":"WebPage","@id":"https:\/\/www.immobilienbusiness.ch\/fr\/regionen\/2025-04-17\/zuerich-seebahn-hoefe-einen-schritt-weiter\/","url":"https:\/\/www.immobilienbusiness.ch\/fr\/regionen\/2025-04-17\/zuerich-seebahn-hoefe-einen-schritt-weiter\/","name":"Z\u00fcrich: Seebahn-H\u00f6fe einen Schritt weiter - IMMOBILIEN Business","isPartOf":{"@id":"https:\/\/www.immobilienbusiness.ch\/#website"},"primaryImageOfPage":{"@id":"https:\/\/www.immobilienbusiness.ch\/fr\/regionen\/2025-04-17\/zuerich-seebahn-hoefe-einen-schritt-weiter\/#primaryimage"},"image":{"@id":"https:\/\/www.immobilienbusiness.ch\/fr\/regionen\/2025-04-17\/zuerich-seebahn-hoefe-einen-schritt-weiter\/#primaryimage"},"thumbnailUrl":"https:\/\/www.immobilienbusiness.ch\/wp-content\/uploads\/2025\/04\/Nachricht_S_6_unten_seebahnstrasse-seebahnstr-scaled.jpg","datePublished":"2025-04-17T07:10:54+00:00","dateModified":"2025-04-17T07:17:43+00:00","breadcrumb":{"@id":"https:\/\/www.immobilienbusiness.ch\/fr\/regionen\/2025-04-17\/zuerich-seebahn-hoefe-einen-schritt-weiter\/#breadcrumb"},"inLanguage":"en-US","potentialAction":[{"@type":"ReadAction","target":["https:\/\/www.immobilienbusiness.ch\/fr\/regionen\/2025-04-17\/zuerich-seebahn-hoefe-einen-schritt-weiter\/"]}]},{"@type":"ImageObject","inLanguage":"en-US","@id":"https:\/\/www.immobilienbusiness.ch\/fr\/regionen\/2025-04-17\/zuerich-seebahn-hoefe-einen-schritt-weiter\/#primaryimage","url":"https:\/\/www.immobilienbusiness.ch\/wp-content\/uploads\/2025\/04\/Nachricht_S_6_unten_seebahnstrasse-seebahnstr-scaled.jpg","contentUrl":"https:\/\/www.immobilienbusiness.ch\/wp-content\/uploads\/2025\/04\/Nachricht_S_6_unten_seebahnstrasse-seebahnstr-scaled.jpg","width":1200,"height":800,"caption":"Das Projekt Seebahnh\u00f6fe in Z\u00fcrich (Bild: zVg)"},{"@type":"BreadcrumbList","@id":"https:\/\/www.immobilienbusiness.ch\/fr\/regionen\/2025-04-17\/zuerich-seebahn-hoefe-einen-schritt-weiter\/#breadcrumb","itemListElement":[{"@type":"ListItem","position":1,"name":"Home","item":"https:\/\/www.immobilienbusiness.ch\/"},{"@type":"ListItem","position":2,"name":"Z\u00fcrich: Seebahn-H\u00f6fe einen Schritt weiter"}]},{"@type":"WebSite","@id":"https:\/\/www.immobilienbusiness.ch\/#website","url":"https:\/\/www.immobilienbusiness.ch\/","name":"REAL ESTATE Business","description":"Independent Swiss business magazine focusing on real estate, architecture and construction as well as investment and financing.","publisher":{"@id":"https:\/\/www.immobilienbusiness.ch\/#organization"},"potentialAction":[{"@type":"SearchAction","target":{"@type":"EntryPoint","urlTemplate":"https:\/\/www.immobilienbusiness.ch\/?s={search_term_string}"},"query-input":{"@type":"PropertyValueSpecification","valueRequired":true,"valueName":"search_term_string"}}],"inLanguage":"en-US"},{"@type":"Organization","@id":"https:\/\/www.immobilienbusiness.ch\/#organization","name":"REAL ESTATE Business","url":"https:\/\/www.immobilienbusiness.ch\/","logo":{"@type":"ImageObject","inLanguage":"en-US","@id":"https:\/\/www.immobilienbusiness.ch\/#\/schema\/logo\/image\/","url":"https:\/\/www.immobilienbusiness.ch\/wp-content\/uploads\/2021\/07\/logo_ib.png","contentUrl":"https:\/\/www.immobilienbusiness.ch\/wp-content\/uploads\/2021\/07\/logo_ib.png","width":800,"height":181,"caption":"IMMOBILIEN Business"},"image":{"@id":"https:\/\/www.immobilienbusiness.ch\/#\/schema\/logo\/image\/"},"sameAs":["https:\/\/www.facebook.com\/immobilienbusiness\/"]},{"@type":"Person","@id":"https:\/\/www.immobilienbusiness.ch\/#\/schema\/person\/aba8bea2db926aa0c24c08c43fe1fcd5","name":"Alexander Wachter","image":{"@type":"ImageObject","inLanguage":"en-US","@id":"https:\/\/secure.gravatar.com\/avatar\/1a09e471f5389b0e0a6416eac287e0927c7c97a7b77f9e787eba3af7aee281dd?s=96&d=mm&r=g","url":"https:\/\/secure.gravatar.com\/avatar\/1a09e471f5389b0e0a6416eac287e0927c7c97a7b77f9e787eba3af7aee281dd?s=96&d=mm&r=g","contentUrl":"https:\/\/secure.gravatar.com\/avatar\/1a09e471f5389b0e0a6416eac287e0927c7c97a7b77f9e787eba3af7aee281dd?s=96&d=mm&r=g","caption":"Alexander Wachter"},"url":"https:\/\/www.immobilienbusiness.ch\/en\/author\/alexander-wachter\/"}]}},"_links":{"self":[{"href":"https:\/\/www.immobilienbusiness.ch\/en\/wp-json\/wp\/v2\/posts\/63204","targetHints":{"allow":["GET"]}}],"collection":[{"href":"https:\/\/www.immobilienbusiness.ch\/en\/wp-json\/wp\/v2\/posts"}],"about":[{"href":"https:\/\/www.immobilienbusiness.ch\/en\/wp-json\/wp\/v2\/types\/post"}],"author":[{"embeddable":true,"href":"https:\/\/www.immobilienbusiness.ch\/en\/wp-json\/wp\/v2\/users\/102"}],"replies":[{"embeddable":true,"href":"https:\/\/www.immobilienbusiness.ch\/en\/wp-json\/wp\/v2\/comments?post=63204"}],"version-history":[{"count":1,"href":"https:\/\/www.immobilienbusiness.ch\/en\/wp-json\/wp\/v2\/posts\/63204\/revisions"}],"predecessor-version":[{"id":63206,"href":"https:\/\/www.immobilienbusiness.ch\/en\/wp-json\/wp\/v2\/posts\/63204\/revisions\/63206"}],"wp:featuredmedia":[{"embeddable":true,"href":"https:\/\/www.immobilienbusiness.ch\/en\/wp-json\/wp\/v2\/media\/63205"}],"wp:attachment":[{"href":"https:\/\/www.immobilienbusiness.ch\/en\/wp-json\/wp\/v2\/media?parent=63204"}],"wp:term":[{"taxonomy":"category","embeddable":true,"href":"https:\/\/www.immobilienbusiness.ch\/en\/wp-json\/wp\/v2\/categories?post=63204"},{"taxonomy":"post_tag","embeddable":true,"href":"https:\/\/www.immobilienbusiness.ch\/en\/wp-json\/wp\/v2\/tags?post=63204"}],"curies":[{"name":"wp","href":"https:\/\/api.w.org\/{rel}","templated":true}]}}