{"id":63010,"date":"2025-04-03T08:12:32","date_gmt":"2025-04-03T06:12:32","guid":{"rendered":"https:\/\/www.immobilienbusiness.ch\/?p=63010"},"modified":"2025-04-03T17:25:19","modified_gmt":"2025-04-03T15:25:19","slug":"seraina-investment-ernennt-ingo-bofinger-zum-geschaeftsfuehrer","status":"publish","type":"post","link":"https:\/\/www.immobilienbusiness.ch\/en\/personalia\/2025-04-03\/seraina-investment-ernennt-ingo-bofinger-zum-geschaeftsfuehrer\/","title":{"rendered":"Seraina Invest Foundation: Ingo Bofinger new Managing Director"},"content":{"rendered":"<p>&nbsp;<\/p>\n<figure id=\"attachment_63041\" aria-describedby=\"caption-attachment-63041\" style=\"width: 1004px\" class=\"wp-caption alignnone\"><a href=\"https:\/\/www.immobilienbusiness.ch\/wp-content\/uploads\/2025\/04\/Bofinger.png\"><img loading=\"lazy\" decoding=\"async\" class=\"size-full wp-image-63041\" src=\"https:\/\/www.immobilienbusiness.ch\/wp-content\/uploads\/2025\/04\/Bofinger.png\" alt=\"\" width=\"1004\" height=\"653\" srcset=\"https:\/\/www.immobilienbusiness.ch\/wp-content\/uploads\/2025\/04\/Bofinger.png 1004w, https:\/\/www.immobilienbusiness.ch\/wp-content\/uploads\/2025\/04\/Bofinger-300x195.png 300w, https:\/\/www.immobilienbusiness.ch\/wp-content\/uploads\/2025\/04\/Bofinger-768x500.png 768w, https:\/\/www.immobilienbusiness.ch\/wp-content\/uploads\/2025\/04\/Bofinger-18x12.png 18w, https:\/\/www.immobilienbusiness.ch\/wp-content\/uploads\/2025\/04\/Bofinger-375x244.png 375w, https:\/\/www.immobilienbusiness.ch\/wp-content\/uploads\/2025\/04\/Bofinger-538x350.png 538w, https:\/\/www.immobilienbusiness.ch\/wp-content\/uploads\/2025\/04\/Bofinger-1000x650.png 1000w\" sizes=\"auto, (max-width: 1004px) 100vw, 1004px\" \/><\/a><figcaption id=\"caption-attachment-63041\" class=\"wp-caption-text\">Ingo Bofinger (Image: \u00a9 Seraina Invest)<\/figcaption><\/figure>\n<p>The Seraina Investment Foundation is expanding its management team and has appointed Ingo Bofinger as its new Managing Director as of April 1. \"This is in line with the strong growth of the investment foundation and in order to achieve its ambitious goals\", Seraina writes in a press release. In future, the management team will consist of Reto Niedermann, Peter Hausberger, Tobias Meyer and Ingo Bofinger.<\/p>\n<p>As Managing Director, Bofinger will focus in particular on investor relations. He will also be a member of the Investment Committee of the Seraina Investment Foundation.<\/p>\n<p>Most recently, Bofinger was CEO of Afiaa Real Estate AG and Head of Real Estate at Avadis Vorsorge AG. He worked for Avadis for a total of eight years. Previous positions include the German insurer Gothaer and the Deutsche Bank subsidiary Rreef. <em>(aw)<\/em><\/p>","protected":false},"excerpt":{"rendered":"<p>The former CEO of the Afiaa investment foundation took up his new position on April 1 and will focus primarily on investor relations.<\/p>","protected":false},"author":102,"featured_media":63011,"comment_status":"closed","ping_status":"closed","sticky":false,"template":"","format":"standard","meta":{"_acf_changed":false,"_yoast_wpseo_focuskw":"Seraina","_yoast_wpseo_title":"","_yoast_wpseo_metadesc":"Der fr\u00fchere CEO der Anlagestiftung Afiaa hat seine neue Stelle per 1, April angetreten und soll sich vor allem auf das Thema Investor Relations konzentrieren.","_yoast_wpseo_linkdex":41,"pgc_sgb_lightbox_settings":"","footnotes":""},"categories":[1912],"tags":[1008,1055,1563,2191],"class_list":["post-63010","post","type-post","status-publish","format-standard","has-post-thumbnail","hentry","category-personalia","tag-afiaa","tag-avadis","tag-personalia","tag-seraina-invest"],"acf":[],"yoast_head":"<!-- This site is optimized with the Yoast SEO plugin v27.4 - https:\/\/yoast.com\/product\/yoast-seo-wordpress\/ -->\n<title>Seraina Invest Foundation: Ingo Bofinger neuer Gesch\u00e4ftsf\u00fchrer - IMMOBILIEN Business<\/title>\n<meta name=\"description\" content=\"Der fr\u00fchere CEO der Anlagestiftung Afiaa hat seine neue Stelle per 1, April angetreten und soll sich vor allem auf das Thema Investor Relations konzentrieren.\" \/>\n<meta name=\"robots\" content=\"index, follow, max-snippet:-1, max-image-preview:large, max-video-preview:-1\" \/>\n<link rel=\"canonical\" href=\"https:\/\/www.immobilienbusiness.ch\/en\/personalia\/2025-04-03\/seraina-investment-ernennt-ingo-bofinger-zum-geschaeftsfuehrer\/\" \/>\n<meta property=\"og:locale\" content=\"en_US\" \/>\n<meta property=\"og:type\" content=\"article\" \/>\n<meta property=\"og:title\" content=\"Seraina Invest Foundation: Ingo Bofinger neuer Gesch\u00e4ftsf\u00fchrer - IMMOBILIEN Business\" \/>\n<meta property=\"og:description\" content=\"Der fr\u00fchere CEO der Anlagestiftung Afiaa hat seine neue Stelle per 1, April angetreten und soll sich vor allem auf das Thema Investor Relations konzentrieren.\" \/>\n<meta property=\"og:url\" content=\"https:\/\/www.immobilienbusiness.ch\/en\/personalia\/2025-04-03\/seraina-investment-ernennt-ingo-bofinger-zum-geschaeftsfuehrer\/\" \/>\n<meta property=\"og:site_name\" content=\"IMMOBILIEN Business\" \/>\n<meta property=\"article:publisher\" content=\"https:\/\/www.facebook.com\/immobilienbusiness\/\" \/>\n<meta property=\"article:published_time\" content=\"2025-04-03T06:12:32+00:00\" \/>\n<meta property=\"article:modified_time\" content=\"2025-04-03T15:25:19+00:00\" \/>\n<meta property=\"og:image\" content=\"https:\/\/www.immobilienbusiness.ch\/wp-content\/uploads\/2025\/04\/INgo-Bofinger-Seraina.png\" \/>\n\t<meta property=\"og:image:width\" content=\"739\" \/>\n\t<meta property=\"og:image:height\" content=\"724\" \/>\n\t<meta property=\"og:image:type\" content=\"image\/png\" \/>\n<meta name=\"author\" content=\"Alexander Wachter\" \/>\n<meta name=\"twitter:card\" content=\"summary_large_image\" \/>\n<script type=\"application\/ld+json\" class=\"yoast-schema-graph\">{\"@context\":\"https:\\\/\\\/schema.org\",\"@graph\":[{\"@type\":\"Article\",\"@id\":\"https:\\\/\\\/www.immobilienbusiness.ch\\\/de\\\/personalia\\\/2025-04-03\\\/seraina-investment-ernennt-ingo-bofinger-zum-geschaeftsfuehrer\\\/#article\",\"isPartOf\":{\"@id\":\"https:\\\/\\\/www.immobilienbusiness.ch\\\/de\\\/personalia\\\/2025-04-03\\\/seraina-investment-ernennt-ingo-bofinger-zum-geschaeftsfuehrer\\\/\"},\"author\":{\"name\":\"Alexander Wachter\",\"@id\":\"https:\\\/\\\/www.immobilienbusiness.ch\\\/#\\\/schema\\\/person\\\/aba8bea2db926aa0c24c08c43fe1fcd5\"},\"headline\":\"Seraina Invest Foundation: Ingo Bofinger neuer Gesch\u00e4ftsf\u00fchrer\",\"datePublished\":\"2025-04-03T06:12:32+00:00\",\"dateModified\":\"2025-04-03T15:25:19+00:00\",\"mainEntityOfPage\":{\"@id\":\"https:\\\/\\\/www.immobilienbusiness.ch\\\/de\\\/personalia\\\/2025-04-03\\\/seraina-investment-ernennt-ingo-bofinger-zum-geschaeftsfuehrer\\\/\"},\"wordCount\":146,\"publisher\":{\"@id\":\"https:\\\/\\\/www.immobilienbusiness.ch\\\/#organization\"},\"image\":{\"@id\":\"https:\\\/\\\/www.immobilienbusiness.ch\\\/de\\\/personalia\\\/2025-04-03\\\/seraina-investment-ernennt-ingo-bofinger-zum-geschaeftsfuehrer\\\/#primaryimage\"},\"thumbnailUrl\":\"https:\\\/\\\/www.immobilienbusiness.ch\\\/wp-content\\\/uploads\\\/2025\\\/04\\\/INgo-Bofinger-Seraina.png\",\"keywords\":[\"AFIAA\",\"Avadis\",\"Personalia\",\"Seraina Invest\"],\"articleSection\":[\"PERSONALIA\"],\"inLanguage\":\"en-US\"},{\"@type\":\"WebPage\",\"@id\":\"https:\\\/\\\/www.immobilienbusiness.ch\\\/de\\\/personalia\\\/2025-04-03\\\/seraina-investment-ernennt-ingo-bofinger-zum-geschaeftsfuehrer\\\/\",\"url\":\"https:\\\/\\\/www.immobilienbusiness.ch\\\/de\\\/personalia\\\/2025-04-03\\\/seraina-investment-ernennt-ingo-bofinger-zum-geschaeftsfuehrer\\\/\",\"name\":\"Seraina Invest Foundation: Ingo Bofinger neuer Gesch\u00e4ftsf\u00fchrer - IMMOBILIEN Business\",\"isPartOf\":{\"@id\":\"https:\\\/\\\/www.immobilienbusiness.ch\\\/#website\"},\"primaryImageOfPage\":{\"@id\":\"https:\\\/\\\/www.immobilienbusiness.ch\\\/de\\\/personalia\\\/2025-04-03\\\/seraina-investment-ernennt-ingo-bofinger-zum-geschaeftsfuehrer\\\/#primaryimage\"},\"image\":{\"@id\":\"https:\\\/\\\/www.immobilienbusiness.ch\\\/de\\\/personalia\\\/2025-04-03\\\/seraina-investment-ernennt-ingo-bofinger-zum-geschaeftsfuehrer\\\/#primaryimage\"},\"thumbnailUrl\":\"https:\\\/\\\/www.immobilienbusiness.ch\\\/wp-content\\\/uploads\\\/2025\\\/04\\\/INgo-Bofinger-Seraina.png\",\"datePublished\":\"2025-04-03T06:12:32+00:00\",\"dateModified\":\"2025-04-03T15:25:19+00:00\",\"description\":\"Der fr\u00fchere CEO der Anlagestiftung Afiaa hat seine neue Stelle per 1, April angetreten und soll sich vor allem auf das Thema Investor Relations konzentrieren.\",\"breadcrumb\":{\"@id\":\"https:\\\/\\\/www.immobilienbusiness.ch\\\/de\\\/personalia\\\/2025-04-03\\\/seraina-investment-ernennt-ingo-bofinger-zum-geschaeftsfuehrer\\\/#breadcrumb\"},\"inLanguage\":\"en-US\",\"potentialAction\":[{\"@type\":\"ReadAction\",\"target\":[\"https:\\\/\\\/www.immobilienbusiness.ch\\\/de\\\/personalia\\\/2025-04-03\\\/seraina-investment-ernennt-ingo-bofinger-zum-geschaeftsfuehrer\\\/\"]}]},{\"@type\":\"ImageObject\",\"inLanguage\":\"en-US\",\"@id\":\"https:\\\/\\\/www.immobilienbusiness.ch\\\/de\\\/personalia\\\/2025-04-03\\\/seraina-investment-ernennt-ingo-bofinger-zum-geschaeftsfuehrer\\\/#primaryimage\",\"url\":\"https:\\\/\\\/www.immobilienbusiness.ch\\\/wp-content\\\/uploads\\\/2025\\\/04\\\/INgo-Bofinger-Seraina.png\",\"contentUrl\":\"https:\\\/\\\/www.immobilienbusiness.ch\\\/wp-content\\\/uploads\\\/2025\\\/04\\\/INgo-Bofinger-Seraina.png\",\"width\":739,\"height\":724,\"caption\":\"Ingo Bofinger (Bild: \u00a9 Seraina Invest)\"},{\"@type\":\"BreadcrumbList\",\"@id\":\"https:\\\/\\\/www.immobilienbusiness.ch\\\/de\\\/personalia\\\/2025-04-03\\\/seraina-investment-ernennt-ingo-bofinger-zum-geschaeftsfuehrer\\\/#breadcrumb\",\"itemListElement\":[{\"@type\":\"ListItem\",\"position\":1,\"name\":\"Home\",\"item\":\"https:\\\/\\\/www.immobilienbusiness.ch\\\/\"},{\"@type\":\"ListItem\",\"position\":2,\"name\":\"Seraina Invest Foundation: Ingo Bofinger neuer Gesch\u00e4ftsf\u00fchrer\"}]},{\"@type\":\"WebSite\",\"@id\":\"https:\\\/\\\/www.immobilienbusiness.ch\\\/#website\",\"url\":\"https:\\\/\\\/www.immobilienbusiness.ch\\\/\",\"name\":\"IMMOBILIEN Business\",\"description\":\"Unabh\u00e4ngiges Schweizer Wirtschaftsmagazin mit Fokus auf Immobilien, Architektur- und Bau sowie Investment- und Finanzierung.\",\"publisher\":{\"@id\":\"https:\\\/\\\/www.immobilienbusiness.ch\\\/#organization\"},\"potentialAction\":[{\"@type\":\"SearchAction\",\"target\":{\"@type\":\"EntryPoint\",\"urlTemplate\":\"https:\\\/\\\/www.immobilienbusiness.ch\\\/?s={search_term_string}\"},\"query-input\":{\"@type\":\"PropertyValueSpecification\",\"valueRequired\":true,\"valueName\":\"search_term_string\"}}],\"inLanguage\":\"en-US\"},{\"@type\":\"Organization\",\"@id\":\"https:\\\/\\\/www.immobilienbusiness.ch\\\/#organization\",\"name\":\"IMMOBILIEN Business\",\"url\":\"https:\\\/\\\/www.immobilienbusiness.ch\\\/\",\"logo\":{\"@type\":\"ImageObject\",\"inLanguage\":\"en-US\",\"@id\":\"https:\\\/\\\/www.immobilienbusiness.ch\\\/#\\\/schema\\\/logo\\\/image\\\/\",\"url\":\"https:\\\/\\\/www.immobilienbusiness.ch\\\/wp-content\\\/uploads\\\/2021\\\/07\\\/logo_ib.png\",\"contentUrl\":\"https:\\\/\\\/www.immobilienbusiness.ch\\\/wp-content\\\/uploads\\\/2021\\\/07\\\/logo_ib.png\",\"width\":800,\"height\":181,\"caption\":\"IMMOBILIEN Business\"},\"image\":{\"@id\":\"https:\\\/\\\/www.immobilienbusiness.ch\\\/#\\\/schema\\\/logo\\\/image\\\/\"},\"sameAs\":[\"https:\\\/\\\/www.facebook.com\\\/immobilienbusiness\\\/\"]},{\"@type\":\"Person\",\"@id\":\"https:\\\/\\\/www.immobilienbusiness.ch\\\/#\\\/schema\\\/person\\\/aba8bea2db926aa0c24c08c43fe1fcd5\",\"name\":\"Alexander Wachter\",\"image\":{\"@type\":\"ImageObject\",\"inLanguage\":\"en-US\",\"@id\":\"https:\\\/\\\/secure.gravatar.com\\\/avatar\\\/1a09e471f5389b0e0a6416eac287e0927c7c97a7b77f9e787eba3af7aee281dd?s=96&d=mm&r=g\",\"url\":\"https:\\\/\\\/secure.gravatar.com\\\/avatar\\\/1a09e471f5389b0e0a6416eac287e0927c7c97a7b77f9e787eba3af7aee281dd?s=96&d=mm&r=g\",\"contentUrl\":\"https:\\\/\\\/secure.gravatar.com\\\/avatar\\\/1a09e471f5389b0e0a6416eac287e0927c7c97a7b77f9e787eba3af7aee281dd?s=96&d=mm&r=g\",\"caption\":\"Alexander Wachter\"},\"url\":\"https:\\\/\\\/www.immobilienbusiness.ch\\\/en\\\/author\\\/alexander-wachter\\\/\"}]}<\/script>\n<!-- \/ Yoast SEO plugin. -->","yoast_head_json":{"title":"Seraina Invest Foundation: Ingo Bofinger new managing director - IMMOBILIEN Business","description":"The former CEO of the Afiaa investment foundation took up his new position on April 1 and will focus primarily on investor relations.","robots":{"index":"index","follow":"follow","max-snippet":"max-snippet:-1","max-image-preview":"max-image-preview:large","max-video-preview":"max-video-preview:-1"},"canonical":"https:\/\/www.immobilienbusiness.ch\/en\/personalia\/2025-04-03\/seraina-investment-ernennt-ingo-bofinger-zum-geschaeftsfuehrer\/","og_locale":"en_US","og_type":"article","og_title":"Seraina Invest Foundation: Ingo Bofinger neuer Gesch\u00e4ftsf\u00fchrer - IMMOBILIEN Business","og_description":"Der fr\u00fchere CEO der Anlagestiftung Afiaa hat seine neue Stelle per 1, April angetreten und soll sich vor allem auf das Thema Investor Relations konzentrieren.","og_url":"https:\/\/www.immobilienbusiness.ch\/en\/personalia\/2025-04-03\/seraina-investment-ernennt-ingo-bofinger-zum-geschaeftsfuehrer\/","og_site_name":"IMMOBILIEN Business","article_publisher":"https:\/\/www.facebook.com\/immobilienbusiness\/","article_published_time":"2025-04-03T06:12:32+00:00","article_modified_time":"2025-04-03T15:25:19+00:00","og_image":[{"width":739,"height":724,"url":"https:\/\/www.immobilienbusiness.ch\/wp-content\/uploads\/2025\/04\/INgo-Bofinger-Seraina.png","type":"image\/png"}],"author":"Alexander Wachter","twitter_card":"summary_large_image","schema":{"@context":"https:\/\/schema.org","@graph":[{"@type":"Article","@id":"https:\/\/www.immobilienbusiness.ch\/de\/personalia\/2025-04-03\/seraina-investment-ernennt-ingo-bofinger-zum-geschaeftsfuehrer\/#article","isPartOf":{"@id":"https:\/\/www.immobilienbusiness.ch\/de\/personalia\/2025-04-03\/seraina-investment-ernennt-ingo-bofinger-zum-geschaeftsfuehrer\/"},"author":{"name":"Alexander Wachter","@id":"https:\/\/www.immobilienbusiness.ch\/#\/schema\/person\/aba8bea2db926aa0c24c08c43fe1fcd5"},"headline":"Seraina Invest Foundation: Ingo Bofinger neuer Gesch\u00e4ftsf\u00fchrer","datePublished":"2025-04-03T06:12:32+00:00","dateModified":"2025-04-03T15:25:19+00:00","mainEntityOfPage":{"@id":"https:\/\/www.immobilienbusiness.ch\/de\/personalia\/2025-04-03\/seraina-investment-ernennt-ingo-bofinger-zum-geschaeftsfuehrer\/"},"wordCount":146,"publisher":{"@id":"https:\/\/www.immobilienbusiness.ch\/#organization"},"image":{"@id":"https:\/\/www.immobilienbusiness.ch\/de\/personalia\/2025-04-03\/seraina-investment-ernennt-ingo-bofinger-zum-geschaeftsfuehrer\/#primaryimage"},"thumbnailUrl":"https:\/\/www.immobilienbusiness.ch\/wp-content\/uploads\/2025\/04\/INgo-Bofinger-Seraina.png","keywords":["AFIAA","Avadis","Personalia","Seraina Invest"],"articleSection":["PERSONALIA"],"inLanguage":"en-US"},{"@type":"WebPage","@id":"https:\/\/www.immobilienbusiness.ch\/de\/personalia\/2025-04-03\/seraina-investment-ernennt-ingo-bofinger-zum-geschaeftsfuehrer\/","url":"https:\/\/www.immobilienbusiness.ch\/de\/personalia\/2025-04-03\/seraina-investment-ernennt-ingo-bofinger-zum-geschaeftsfuehrer\/","name":"Seraina Invest Foundation: Ingo Bofinger new managing director - IMMOBILIEN Business","isPartOf":{"@id":"https:\/\/www.immobilienbusiness.ch\/#website"},"primaryImageOfPage":{"@id":"https:\/\/www.immobilienbusiness.ch\/de\/personalia\/2025-04-03\/seraina-investment-ernennt-ingo-bofinger-zum-geschaeftsfuehrer\/#primaryimage"},"image":{"@id":"https:\/\/www.immobilienbusiness.ch\/de\/personalia\/2025-04-03\/seraina-investment-ernennt-ingo-bofinger-zum-geschaeftsfuehrer\/#primaryimage"},"thumbnailUrl":"https:\/\/www.immobilienbusiness.ch\/wp-content\/uploads\/2025\/04\/INgo-Bofinger-Seraina.png","datePublished":"2025-04-03T06:12:32+00:00","dateModified":"2025-04-03T15:25:19+00:00","description":"The former CEO of the Afiaa investment foundation took up his new position on April 1 and will focus primarily on investor relations.","breadcrumb":{"@id":"https:\/\/www.immobilienbusiness.ch\/de\/personalia\/2025-04-03\/seraina-investment-ernennt-ingo-bofinger-zum-geschaeftsfuehrer\/#breadcrumb"},"inLanguage":"en-US","potentialAction":[{"@type":"ReadAction","target":["https:\/\/www.immobilienbusiness.ch\/de\/personalia\/2025-04-03\/seraina-investment-ernennt-ingo-bofinger-zum-geschaeftsfuehrer\/"]}]},{"@type":"ImageObject","inLanguage":"en-US","@id":"https:\/\/www.immobilienbusiness.ch\/de\/personalia\/2025-04-03\/seraina-investment-ernennt-ingo-bofinger-zum-geschaeftsfuehrer\/#primaryimage","url":"https:\/\/www.immobilienbusiness.ch\/wp-content\/uploads\/2025\/04\/INgo-Bofinger-Seraina.png","contentUrl":"https:\/\/www.immobilienbusiness.ch\/wp-content\/uploads\/2025\/04\/INgo-Bofinger-Seraina.png","width":739,"height":724,"caption":"Ingo Bofinger (Bild: \u00a9 Seraina Invest)"},{"@type":"BreadcrumbList","@id":"https:\/\/www.immobilienbusiness.ch\/de\/personalia\/2025-04-03\/seraina-investment-ernennt-ingo-bofinger-zum-geschaeftsfuehrer\/#breadcrumb","itemListElement":[{"@type":"ListItem","position":1,"name":"Home","item":"https:\/\/www.immobilienbusiness.ch\/"},{"@type":"ListItem","position":2,"name":"Seraina Invest Foundation: Ingo Bofinger neuer Gesch\u00e4ftsf\u00fchrer"}]},{"@type":"WebSite","@id":"https:\/\/www.immobilienbusiness.ch\/#website","url":"https:\/\/www.immobilienbusiness.ch\/","name":"REAL ESTATE Business","description":"Independent Swiss business magazine focusing on real estate, architecture and construction as well as investment and financing.","publisher":{"@id":"https:\/\/www.immobilienbusiness.ch\/#organization"},"potentialAction":[{"@type":"SearchAction","target":{"@type":"EntryPoint","urlTemplate":"https:\/\/www.immobilienbusiness.ch\/?s={search_term_string}"},"query-input":{"@type":"PropertyValueSpecification","valueRequired":true,"valueName":"search_term_string"}}],"inLanguage":"en-US"},{"@type":"Organization","@id":"https:\/\/www.immobilienbusiness.ch\/#organization","name":"REAL ESTATE Business","url":"https:\/\/www.immobilienbusiness.ch\/","logo":{"@type":"ImageObject","inLanguage":"en-US","@id":"https:\/\/www.immobilienbusiness.ch\/#\/schema\/logo\/image\/","url":"https:\/\/www.immobilienbusiness.ch\/wp-content\/uploads\/2021\/07\/logo_ib.png","contentUrl":"https:\/\/www.immobilienbusiness.ch\/wp-content\/uploads\/2021\/07\/logo_ib.png","width":800,"height":181,"caption":"IMMOBILIEN Business"},"image":{"@id":"https:\/\/www.immobilienbusiness.ch\/#\/schema\/logo\/image\/"},"sameAs":["https:\/\/www.facebook.com\/immobilienbusiness\/"]},{"@type":"Person","@id":"https:\/\/www.immobilienbusiness.ch\/#\/schema\/person\/aba8bea2db926aa0c24c08c43fe1fcd5","name":"Alexander Wachter","image":{"@type":"ImageObject","inLanguage":"en-US","@id":"https:\/\/secure.gravatar.com\/avatar\/1a09e471f5389b0e0a6416eac287e0927c7c97a7b77f9e787eba3af7aee281dd?s=96&d=mm&r=g","url":"https:\/\/secure.gravatar.com\/avatar\/1a09e471f5389b0e0a6416eac287e0927c7c97a7b77f9e787eba3af7aee281dd?s=96&d=mm&r=g","contentUrl":"https:\/\/secure.gravatar.com\/avatar\/1a09e471f5389b0e0a6416eac287e0927c7c97a7b77f9e787eba3af7aee281dd?s=96&d=mm&r=g","caption":"Alexander Wachter"},"url":"https:\/\/www.immobilienbusiness.ch\/en\/author\/alexander-wachter\/"}]}},"_links":{"self":[{"href":"https:\/\/www.immobilienbusiness.ch\/en\/wp-json\/wp\/v2\/posts\/63010","targetHints":{"allow":["GET"]}}],"collection":[{"href":"https:\/\/www.immobilienbusiness.ch\/en\/wp-json\/wp\/v2\/posts"}],"about":[{"href":"https:\/\/www.immobilienbusiness.ch\/en\/wp-json\/wp\/v2\/types\/post"}],"author":[{"embeddable":true,"href":"https:\/\/www.immobilienbusiness.ch\/en\/wp-json\/wp\/v2\/users\/102"}],"replies":[{"embeddable":true,"href":"https:\/\/www.immobilienbusiness.ch\/en\/wp-json\/wp\/v2\/comments?post=63010"}],"version-history":[{"count":8,"href":"https:\/\/www.immobilienbusiness.ch\/en\/wp-json\/wp\/v2\/posts\/63010\/revisions"}],"predecessor-version":[{"id":63044,"href":"https:\/\/www.immobilienbusiness.ch\/en\/wp-json\/wp\/v2\/posts\/63010\/revisions\/63044"}],"wp:featuredmedia":[{"embeddable":true,"href":"https:\/\/www.immobilienbusiness.ch\/en\/wp-json\/wp\/v2\/media\/63011"}],"wp:attachment":[{"href":"https:\/\/www.immobilienbusiness.ch\/en\/wp-json\/wp\/v2\/media?parent=63010"}],"wp:term":[{"taxonomy":"category","embeddable":true,"href":"https:\/\/www.immobilienbusiness.ch\/en\/wp-json\/wp\/v2\/categories?post=63010"},{"taxonomy":"post_tag","embeddable":true,"href":"https:\/\/www.immobilienbusiness.ch\/en\/wp-json\/wp\/v2\/tags?post=63010"}],"curies":[{"name":"wp","href":"https:\/\/api.w.org\/{rel}","templated":true}]}}