{"id":62790,"date":"2025-03-13T09:11:10","date_gmt":"2025-03-13T08:11:10","guid":{"rendered":"https:\/\/www.immobilienbusiness.ch\/?p=62790"},"modified":"2025-03-13T12:37:27","modified_gmt":"2025-03-13T11:37:27","slug":"caretta-weidmann-mit-neuen-eigentuemern","status":"publish","type":"post","link":"https:\/\/www.immobilienbusiness.ch\/en\/unternehmen\/2025-03-13\/caretta-weidmann-mit-neuen-eigentuemern\/","title":{"rendered":"Caretta Weidmann with new owners"},"content":{"rendered":"<figure id=\"attachment_62792\" aria-describedby=\"caption-attachment-62792\" style=\"width: 684px\" class=\"wp-caption alignnone\"><a href=\"https:\/\/www.immobilienbusiness.ch\/wp-content\/uploads\/2025\/03\/Caretta-Weidmann.png\"><img loading=\"lazy\" decoding=\"async\" class=\"size-full wp-image-62792\" src=\"https:\/\/www.immobilienbusiness.ch\/wp-content\/uploads\/2025\/03\/Caretta-Weidmann.png\" alt=\"\" width=\"684\" height=\"755\" srcset=\"https:\/\/www.immobilienbusiness.ch\/wp-content\/uploads\/2025\/03\/Caretta-Weidmann.png 684w, https:\/\/www.immobilienbusiness.ch\/wp-content\/uploads\/2025\/03\/Caretta-Weidmann-272x300.png 272w, https:\/\/www.immobilienbusiness.ch\/wp-content\/uploads\/2025\/03\/Caretta-Weidmann-11x12.png 11w, https:\/\/www.immobilienbusiness.ch\/wp-content\/uploads\/2025\/03\/Caretta-Weidmann-317x350.png 317w\" sizes=\"auto, (max-width: 684px) 100vw, 684px\" \/><\/a><figcaption id=\"caption-attachment-62792\" class=\"wp-caption-text\">A generational change has taken place at Caretta Weidmann (Image: \u00a9 Matthias Knuser)<\/figcaption><\/figure>\n<p>Caretta Weidmann is undergoing a change of management 51 years after it was founded. According to a press release, Mauro Caretta is withdrawing from the company completely and transferring his shares. The current co-owner Felix Hegetschweiler will be joined by five new partners, namely Stephanie Trachsel (Commercial Director and CFO), Ninja Fleischmann (Head of Execution Basel), Re\u0161at Bangoji (Head of Execution Zurich), Alex Delev (Head of Execution Zurich) and Lars Steffen (Head of Construction Economics and Deputy CEO). \"The new partners will provide fresh impetus and realize long-term visions,\" writes the company. For example, the new ownership will focus more on sustainable construction projects.<\/p>\n<p>Although Caretta Weidmann intends to remain true to its core competencies in construction management and general planning, it also intends to expand into new business areas such as total service mandates, client representation and development mandates. <em>(aw)<\/em><\/p>","protected":false},"excerpt":{"rendered":"<p>The Caretta family is stepping down from the management of the construction management and general planning specialist. There are five new co-owners.<\/p>","protected":false},"author":102,"featured_media":62792,"comment_status":"closed","ping_status":"closed","sticky":false,"template":"","format":"standard","meta":{"_acf_changed":false,"_yoast_wpseo_focuskw":"Caretta Weidmann","_yoast_wpseo_title":"","_yoast_wpseo_metadesc":"Die Familie Caretta zieht sich aus der F\u00fchrung des Spezialisten f\u00fcr Baumanagement und Generalplanung zur\u00fcck. Es gibt f\u00fcnf neue Mitinhaber.","_yoast_wpseo_linkdex":48,"pgc_sgb_lightbox_settings":"","footnotes":""},"categories":[988],"tags":[4128,4127,4129,1563],"class_list":["post-62790","post","type-post","status-publish","format-standard","has-post-thumbnail","hentry","category-unternehmen","tag-baumanagement","tag-caretta-weidmann","tag-generalplanung","tag-personalia"],"acf":[],"yoast_head":"<!-- This site is optimized with the Yoast SEO plugin v27.4 - https:\/\/yoast.com\/product\/yoast-seo-wordpress\/ -->\n<title>Caretta Weidmann mit neuen Eigent\u00fcmern - IMMOBILIEN Business<\/title>\n<meta name=\"description\" content=\"Die Familie Caretta zieht sich aus der F\u00fchrung des Spezialisten f\u00fcr Baumanagement und Generalplanung zur\u00fcck. Es gibt f\u00fcnf neue Mitinhaber.\" \/>\n<meta name=\"robots\" content=\"index, follow, max-snippet:-1, max-image-preview:large, max-video-preview:-1\" \/>\n<link rel=\"canonical\" href=\"https:\/\/www.immobilienbusiness.ch\/en\/unternehmen\/2025-03-13\/caretta-weidmann-mit-neuen-eigentuemern\/\" \/>\n<meta property=\"og:locale\" content=\"en_US\" \/>\n<meta property=\"og:type\" content=\"article\" \/>\n<meta property=\"og:title\" content=\"Caretta Weidmann mit neuen Eigent\u00fcmern - IMMOBILIEN Business\" \/>\n<meta property=\"og:description\" content=\"Die Familie Caretta zieht sich aus der F\u00fchrung des Spezialisten f\u00fcr Baumanagement und Generalplanung zur\u00fcck. Es gibt f\u00fcnf neue Mitinhaber.\" \/>\n<meta property=\"og:url\" content=\"https:\/\/www.immobilienbusiness.ch\/en\/unternehmen\/2025-03-13\/caretta-weidmann-mit-neuen-eigentuemern\/\" \/>\n<meta property=\"og:site_name\" content=\"IMMOBILIEN Business\" \/>\n<meta property=\"article:publisher\" content=\"https:\/\/www.facebook.com\/immobilienbusiness\/\" \/>\n<meta property=\"article:published_time\" content=\"2025-03-13T08:11:10+00:00\" \/>\n<meta property=\"article:modified_time\" content=\"2025-03-13T11:37:27+00:00\" \/>\n<meta property=\"og:image\" content=\"https:\/\/www.immobilienbusiness.ch\/wp-content\/uploads\/2025\/03\/Caretta-Weidmann.png\" \/>\n\t<meta property=\"og:image:width\" content=\"684\" \/>\n\t<meta property=\"og:image:height\" content=\"755\" \/>\n\t<meta property=\"og:image:type\" content=\"image\/png\" \/>\n<meta name=\"author\" content=\"Alexander Wachter\" \/>\n<meta name=\"twitter:card\" content=\"summary_large_image\" \/>\n<script type=\"application\/ld+json\" class=\"yoast-schema-graph\">{\"@context\":\"https:\\\/\\\/schema.org\",\"@graph\":[{\"@type\":\"Article\",\"@id\":\"https:\\\/\\\/www.immobilienbusiness.ch\\\/de\\\/unternehmen\\\/2025-03-13\\\/caretta-weidmann-mit-neuen-eigentuemern\\\/#article\",\"isPartOf\":{\"@id\":\"https:\\\/\\\/www.immobilienbusiness.ch\\\/de\\\/unternehmen\\\/2025-03-13\\\/caretta-weidmann-mit-neuen-eigentuemern\\\/\"},\"author\":{\"name\":\"Alexander Wachter\",\"@id\":\"https:\\\/\\\/www.immobilienbusiness.ch\\\/#\\\/schema\\\/person\\\/aba8bea2db926aa0c24c08c43fe1fcd5\"},\"headline\":\"Caretta Weidmann mit neuen Eigent\u00fcmern\",\"datePublished\":\"2025-03-13T08:11:10+00:00\",\"dateModified\":\"2025-03-13T11:37:27+00:00\",\"mainEntityOfPage\":{\"@id\":\"https:\\\/\\\/www.immobilienbusiness.ch\\\/de\\\/unternehmen\\\/2025-03-13\\\/caretta-weidmann-mit-neuen-eigentuemern\\\/\"},\"wordCount\":163,\"publisher\":{\"@id\":\"https:\\\/\\\/www.immobilienbusiness.ch\\\/#organization\"},\"image\":{\"@id\":\"https:\\\/\\\/www.immobilienbusiness.ch\\\/de\\\/unternehmen\\\/2025-03-13\\\/caretta-weidmann-mit-neuen-eigentuemern\\\/#primaryimage\"},\"thumbnailUrl\":\"https:\\\/\\\/www.immobilienbusiness.ch\\\/wp-content\\\/uploads\\\/2025\\\/03\\\/Caretta-Weidmann.png\",\"keywords\":[\"Baumanagement\",\"Caretta Weidmann\",\"Generalplanung\",\"Personalia\"],\"articleSection\":[\"UNTERNEHMEN\"],\"inLanguage\":\"en-US\"},{\"@type\":\"WebPage\",\"@id\":\"https:\\\/\\\/www.immobilienbusiness.ch\\\/de\\\/unternehmen\\\/2025-03-13\\\/caretta-weidmann-mit-neuen-eigentuemern\\\/\",\"url\":\"https:\\\/\\\/www.immobilienbusiness.ch\\\/de\\\/unternehmen\\\/2025-03-13\\\/caretta-weidmann-mit-neuen-eigentuemern\\\/\",\"name\":\"Caretta Weidmann mit neuen Eigent\u00fcmern - IMMOBILIEN Business\",\"isPartOf\":{\"@id\":\"https:\\\/\\\/www.immobilienbusiness.ch\\\/#website\"},\"primaryImageOfPage\":{\"@id\":\"https:\\\/\\\/www.immobilienbusiness.ch\\\/de\\\/unternehmen\\\/2025-03-13\\\/caretta-weidmann-mit-neuen-eigentuemern\\\/#primaryimage\"},\"image\":{\"@id\":\"https:\\\/\\\/www.immobilienbusiness.ch\\\/de\\\/unternehmen\\\/2025-03-13\\\/caretta-weidmann-mit-neuen-eigentuemern\\\/#primaryimage\"},\"thumbnailUrl\":\"https:\\\/\\\/www.immobilienbusiness.ch\\\/wp-content\\\/uploads\\\/2025\\\/03\\\/Caretta-Weidmann.png\",\"datePublished\":\"2025-03-13T08:11:10+00:00\",\"dateModified\":\"2025-03-13T11:37:27+00:00\",\"description\":\"Die Familie Caretta zieht sich aus der F\u00fchrung des Spezialisten f\u00fcr Baumanagement und Generalplanung zur\u00fcck. Es gibt f\u00fcnf neue Mitinhaber.\",\"breadcrumb\":{\"@id\":\"https:\\\/\\\/www.immobilienbusiness.ch\\\/de\\\/unternehmen\\\/2025-03-13\\\/caretta-weidmann-mit-neuen-eigentuemern\\\/#breadcrumb\"},\"inLanguage\":\"en-US\",\"potentialAction\":[{\"@type\":\"ReadAction\",\"target\":[\"https:\\\/\\\/www.immobilienbusiness.ch\\\/de\\\/unternehmen\\\/2025-03-13\\\/caretta-weidmann-mit-neuen-eigentuemern\\\/\"]}]},{\"@type\":\"ImageObject\",\"inLanguage\":\"en-US\",\"@id\":\"https:\\\/\\\/www.immobilienbusiness.ch\\\/de\\\/unternehmen\\\/2025-03-13\\\/caretta-weidmann-mit-neuen-eigentuemern\\\/#primaryimage\",\"url\":\"https:\\\/\\\/www.immobilienbusiness.ch\\\/wp-content\\\/uploads\\\/2025\\\/03\\\/Caretta-Weidmann.png\",\"contentUrl\":\"https:\\\/\\\/www.immobilienbusiness.ch\\\/wp-content\\\/uploads\\\/2025\\\/03\\\/Caretta-Weidmann.png\",\"width\":684,\"height\":755,\"caption\":\"Bei Caretta Weidmann hat sich ein Generationenwechsel vollzogen (Bild: \u00a9 Matthias Knuser)\"},{\"@type\":\"BreadcrumbList\",\"@id\":\"https:\\\/\\\/www.immobilienbusiness.ch\\\/de\\\/unternehmen\\\/2025-03-13\\\/caretta-weidmann-mit-neuen-eigentuemern\\\/#breadcrumb\",\"itemListElement\":[{\"@type\":\"ListItem\",\"position\":1,\"name\":\"Home\",\"item\":\"https:\\\/\\\/www.immobilienbusiness.ch\\\/\"},{\"@type\":\"ListItem\",\"position\":2,\"name\":\"Caretta Weidmann mit neuen Eigent\u00fcmern\"}]},{\"@type\":\"WebSite\",\"@id\":\"https:\\\/\\\/www.immobilienbusiness.ch\\\/#website\",\"url\":\"https:\\\/\\\/www.immobilienbusiness.ch\\\/\",\"name\":\"IMMOBILIEN Business\",\"description\":\"Unabh\u00e4ngiges Schweizer Wirtschaftsmagazin mit Fokus auf Immobilien, Architektur- und Bau sowie Investment- und Finanzierung.\",\"publisher\":{\"@id\":\"https:\\\/\\\/www.immobilienbusiness.ch\\\/#organization\"},\"potentialAction\":[{\"@type\":\"SearchAction\",\"target\":{\"@type\":\"EntryPoint\",\"urlTemplate\":\"https:\\\/\\\/www.immobilienbusiness.ch\\\/?s={search_term_string}\"},\"query-input\":{\"@type\":\"PropertyValueSpecification\",\"valueRequired\":true,\"valueName\":\"search_term_string\"}}],\"inLanguage\":\"en-US\"},{\"@type\":\"Organization\",\"@id\":\"https:\\\/\\\/www.immobilienbusiness.ch\\\/#organization\",\"name\":\"IMMOBILIEN Business\",\"url\":\"https:\\\/\\\/www.immobilienbusiness.ch\\\/\",\"logo\":{\"@type\":\"ImageObject\",\"inLanguage\":\"en-US\",\"@id\":\"https:\\\/\\\/www.immobilienbusiness.ch\\\/#\\\/schema\\\/logo\\\/image\\\/\",\"url\":\"https:\\\/\\\/www.immobilienbusiness.ch\\\/wp-content\\\/uploads\\\/2021\\\/07\\\/logo_ib.png\",\"contentUrl\":\"https:\\\/\\\/www.immobilienbusiness.ch\\\/wp-content\\\/uploads\\\/2021\\\/07\\\/logo_ib.png\",\"width\":800,\"height\":181,\"caption\":\"IMMOBILIEN Business\"},\"image\":{\"@id\":\"https:\\\/\\\/www.immobilienbusiness.ch\\\/#\\\/schema\\\/logo\\\/image\\\/\"},\"sameAs\":[\"https:\\\/\\\/www.facebook.com\\\/immobilienbusiness\\\/\"]},{\"@type\":\"Person\",\"@id\":\"https:\\\/\\\/www.immobilienbusiness.ch\\\/#\\\/schema\\\/person\\\/aba8bea2db926aa0c24c08c43fe1fcd5\",\"name\":\"Alexander Wachter\",\"image\":{\"@type\":\"ImageObject\",\"inLanguage\":\"en-US\",\"@id\":\"https:\\\/\\\/secure.gravatar.com\\\/avatar\\\/1a09e471f5389b0e0a6416eac287e0927c7c97a7b77f9e787eba3af7aee281dd?s=96&d=mm&r=g\",\"url\":\"https:\\\/\\\/secure.gravatar.com\\\/avatar\\\/1a09e471f5389b0e0a6416eac287e0927c7c97a7b77f9e787eba3af7aee281dd?s=96&d=mm&r=g\",\"contentUrl\":\"https:\\\/\\\/secure.gravatar.com\\\/avatar\\\/1a09e471f5389b0e0a6416eac287e0927c7c97a7b77f9e787eba3af7aee281dd?s=96&d=mm&r=g\",\"caption\":\"Alexander Wachter\"},\"url\":\"https:\\\/\\\/www.immobilienbusiness.ch\\\/en\\\/author\\\/alexander-wachter\\\/\"}]}<\/script>\n<!-- \/ Yoast SEO plugin. -->","yoast_head_json":{"title":"Caretta Weidmann mit neuen Eigent\u00fcmern - IMMOBILIEN Business","description":"The Caretta family is stepping down from the management of the construction management and general planning specialist. There are five new co-owners.","robots":{"index":"index","follow":"follow","max-snippet":"max-snippet:-1","max-image-preview":"max-image-preview:large","max-video-preview":"max-video-preview:-1"},"canonical":"https:\/\/www.immobilienbusiness.ch\/en\/unternehmen\/2025-03-13\/caretta-weidmann-mit-neuen-eigentuemern\/","og_locale":"en_US","og_type":"article","og_title":"Caretta Weidmann mit neuen Eigent\u00fcmern - IMMOBILIEN Business","og_description":"Die Familie Caretta zieht sich aus der F\u00fchrung des Spezialisten f\u00fcr Baumanagement und Generalplanung zur\u00fcck. Es gibt f\u00fcnf neue Mitinhaber.","og_url":"https:\/\/www.immobilienbusiness.ch\/en\/unternehmen\/2025-03-13\/caretta-weidmann-mit-neuen-eigentuemern\/","og_site_name":"IMMOBILIEN Business","article_publisher":"https:\/\/www.facebook.com\/immobilienbusiness\/","article_published_time":"2025-03-13T08:11:10+00:00","article_modified_time":"2025-03-13T11:37:27+00:00","og_image":[{"width":684,"height":755,"url":"https:\/\/www.immobilienbusiness.ch\/wp-content\/uploads\/2025\/03\/Caretta-Weidmann.png","type":"image\/png"}],"author":"Alexander Wachter","twitter_card":"summary_large_image","schema":{"@context":"https:\/\/schema.org","@graph":[{"@type":"Article","@id":"https:\/\/www.immobilienbusiness.ch\/de\/unternehmen\/2025-03-13\/caretta-weidmann-mit-neuen-eigentuemern\/#article","isPartOf":{"@id":"https:\/\/www.immobilienbusiness.ch\/de\/unternehmen\/2025-03-13\/caretta-weidmann-mit-neuen-eigentuemern\/"},"author":{"name":"Alexander Wachter","@id":"https:\/\/www.immobilienbusiness.ch\/#\/schema\/person\/aba8bea2db926aa0c24c08c43fe1fcd5"},"headline":"Caretta Weidmann mit neuen Eigent\u00fcmern","datePublished":"2025-03-13T08:11:10+00:00","dateModified":"2025-03-13T11:37:27+00:00","mainEntityOfPage":{"@id":"https:\/\/www.immobilienbusiness.ch\/de\/unternehmen\/2025-03-13\/caretta-weidmann-mit-neuen-eigentuemern\/"},"wordCount":163,"publisher":{"@id":"https:\/\/www.immobilienbusiness.ch\/#organization"},"image":{"@id":"https:\/\/www.immobilienbusiness.ch\/de\/unternehmen\/2025-03-13\/caretta-weidmann-mit-neuen-eigentuemern\/#primaryimage"},"thumbnailUrl":"https:\/\/www.immobilienbusiness.ch\/wp-content\/uploads\/2025\/03\/Caretta-Weidmann.png","keywords":["Baumanagement","Caretta Weidmann","Generalplanung","Personalia"],"articleSection":["UNTERNEHMEN"],"inLanguage":"en-US"},{"@type":"WebPage","@id":"https:\/\/www.immobilienbusiness.ch\/de\/unternehmen\/2025-03-13\/caretta-weidmann-mit-neuen-eigentuemern\/","url":"https:\/\/www.immobilienbusiness.ch\/de\/unternehmen\/2025-03-13\/caretta-weidmann-mit-neuen-eigentuemern\/","name":"Caretta Weidmann mit neuen Eigent\u00fcmern - IMMOBILIEN Business","isPartOf":{"@id":"https:\/\/www.immobilienbusiness.ch\/#website"},"primaryImageOfPage":{"@id":"https:\/\/www.immobilienbusiness.ch\/de\/unternehmen\/2025-03-13\/caretta-weidmann-mit-neuen-eigentuemern\/#primaryimage"},"image":{"@id":"https:\/\/www.immobilienbusiness.ch\/de\/unternehmen\/2025-03-13\/caretta-weidmann-mit-neuen-eigentuemern\/#primaryimage"},"thumbnailUrl":"https:\/\/www.immobilienbusiness.ch\/wp-content\/uploads\/2025\/03\/Caretta-Weidmann.png","datePublished":"2025-03-13T08:11:10+00:00","dateModified":"2025-03-13T11:37:27+00:00","description":"The Caretta family is stepping down from the management of the construction management and general planning specialist. There are five new co-owners.","breadcrumb":{"@id":"https:\/\/www.immobilienbusiness.ch\/de\/unternehmen\/2025-03-13\/caretta-weidmann-mit-neuen-eigentuemern\/#breadcrumb"},"inLanguage":"en-US","potentialAction":[{"@type":"ReadAction","target":["https:\/\/www.immobilienbusiness.ch\/de\/unternehmen\/2025-03-13\/caretta-weidmann-mit-neuen-eigentuemern\/"]}]},{"@type":"ImageObject","inLanguage":"en-US","@id":"https:\/\/www.immobilienbusiness.ch\/de\/unternehmen\/2025-03-13\/caretta-weidmann-mit-neuen-eigentuemern\/#primaryimage","url":"https:\/\/www.immobilienbusiness.ch\/wp-content\/uploads\/2025\/03\/Caretta-Weidmann.png","contentUrl":"https:\/\/www.immobilienbusiness.ch\/wp-content\/uploads\/2025\/03\/Caretta-Weidmann.png","width":684,"height":755,"caption":"Bei Caretta Weidmann hat sich ein Generationenwechsel vollzogen (Bild: \u00a9 Matthias Knuser)"},{"@type":"BreadcrumbList","@id":"https:\/\/www.immobilienbusiness.ch\/de\/unternehmen\/2025-03-13\/caretta-weidmann-mit-neuen-eigentuemern\/#breadcrumb","itemListElement":[{"@type":"ListItem","position":1,"name":"Home","item":"https:\/\/www.immobilienbusiness.ch\/"},{"@type":"ListItem","position":2,"name":"Caretta Weidmann mit neuen Eigent\u00fcmern"}]},{"@type":"WebSite","@id":"https:\/\/www.immobilienbusiness.ch\/#website","url":"https:\/\/www.immobilienbusiness.ch\/","name":"REAL ESTATE Business","description":"Independent Swiss business magazine focusing on real estate, architecture and construction as well as investment and financing.","publisher":{"@id":"https:\/\/www.immobilienbusiness.ch\/#organization"},"potentialAction":[{"@type":"SearchAction","target":{"@type":"EntryPoint","urlTemplate":"https:\/\/www.immobilienbusiness.ch\/?s={search_term_string}"},"query-input":{"@type":"PropertyValueSpecification","valueRequired":true,"valueName":"search_term_string"}}],"inLanguage":"en-US"},{"@type":"Organization","@id":"https:\/\/www.immobilienbusiness.ch\/#organization","name":"REAL ESTATE Business","url":"https:\/\/www.immobilienbusiness.ch\/","logo":{"@type":"ImageObject","inLanguage":"en-US","@id":"https:\/\/www.immobilienbusiness.ch\/#\/schema\/logo\/image\/","url":"https:\/\/www.immobilienbusiness.ch\/wp-content\/uploads\/2021\/07\/logo_ib.png","contentUrl":"https:\/\/www.immobilienbusiness.ch\/wp-content\/uploads\/2021\/07\/logo_ib.png","width":800,"height":181,"caption":"IMMOBILIEN Business"},"image":{"@id":"https:\/\/www.immobilienbusiness.ch\/#\/schema\/logo\/image\/"},"sameAs":["https:\/\/www.facebook.com\/immobilienbusiness\/"]},{"@type":"Person","@id":"https:\/\/www.immobilienbusiness.ch\/#\/schema\/person\/aba8bea2db926aa0c24c08c43fe1fcd5","name":"Alexander Wachter","image":{"@type":"ImageObject","inLanguage":"en-US","@id":"https:\/\/secure.gravatar.com\/avatar\/1a09e471f5389b0e0a6416eac287e0927c7c97a7b77f9e787eba3af7aee281dd?s=96&d=mm&r=g","url":"https:\/\/secure.gravatar.com\/avatar\/1a09e471f5389b0e0a6416eac287e0927c7c97a7b77f9e787eba3af7aee281dd?s=96&d=mm&r=g","contentUrl":"https:\/\/secure.gravatar.com\/avatar\/1a09e471f5389b0e0a6416eac287e0927c7c97a7b77f9e787eba3af7aee281dd?s=96&d=mm&r=g","caption":"Alexander Wachter"},"url":"https:\/\/www.immobilienbusiness.ch\/en\/author\/alexander-wachter\/"}]}},"_links":{"self":[{"href":"https:\/\/www.immobilienbusiness.ch\/en\/wp-json\/wp\/v2\/posts\/62790","targetHints":{"allow":["GET"]}}],"collection":[{"href":"https:\/\/www.immobilienbusiness.ch\/en\/wp-json\/wp\/v2\/posts"}],"about":[{"href":"https:\/\/www.immobilienbusiness.ch\/en\/wp-json\/wp\/v2\/types\/post"}],"author":[{"embeddable":true,"href":"https:\/\/www.immobilienbusiness.ch\/en\/wp-json\/wp\/v2\/users\/102"}],"replies":[{"embeddable":true,"href":"https:\/\/www.immobilienbusiness.ch\/en\/wp-json\/wp\/v2\/comments?post=62790"}],"version-history":[{"count":1,"href":"https:\/\/www.immobilienbusiness.ch\/en\/wp-json\/wp\/v2\/posts\/62790\/revisions"}],"predecessor-version":[{"id":62793,"href":"https:\/\/www.immobilienbusiness.ch\/en\/wp-json\/wp\/v2\/posts\/62790\/revisions\/62793"}],"wp:featuredmedia":[{"embeddable":true,"href":"https:\/\/www.immobilienbusiness.ch\/en\/wp-json\/wp\/v2\/media\/62792"}],"wp:attachment":[{"href":"https:\/\/www.immobilienbusiness.ch\/en\/wp-json\/wp\/v2\/media?parent=62790"}],"wp:term":[{"taxonomy":"category","embeddable":true,"href":"https:\/\/www.immobilienbusiness.ch\/en\/wp-json\/wp\/v2\/categories?post=62790"},{"taxonomy":"post_tag","embeddable":true,"href":"https:\/\/www.immobilienbusiness.ch\/en\/wp-json\/wp\/v2\/tags?post=62790"}],"curies":[{"name":"wp","href":"https:\/\/api.w.org\/{rel}","templated":true}]}}