{"id":62315,"date":"2025-02-04T06:55:11","date_gmt":"2025-02-04T05:55:11","guid":{"rendered":"https:\/\/www.immobilienbusiness.ch\/?p=62315"},"modified":"2025-02-06T12:56:27","modified_gmt":"2025-02-06T11:56:27","slug":"regensdorf-architekten-fuer-baufeld-f-auf-zwhatt-stehen-fest","status":"publish","type":"post","link":"https:\/\/www.immobilienbusiness.ch\/en\/regionen\/2025-02-04\/regensdorf-architekten-fuer-baufeld-f-auf-zwhatt-stehen-fest\/","title":{"rendered":"Regensdorf: Architects for construction site F on \"Zwhatt\" have been chosen"},"content":{"rendered":"<figure id=\"attachment_62316\" aria-describedby=\"caption-attachment-62316\" style=\"width: 768px\" class=\"wp-caption alignnone\"><a href=\"https:\/\/www.immobilienbusiness.ch\/wp-content\/uploads\/2025\/02\/Pensimo-Zwhatt-gretagasse-tiny-forest-scaled.jpg\"><img loading=\"lazy\" decoding=\"async\" class=\"size-large wp-image-62316\" src=\"https:\/\/www.immobilienbusiness.ch\/wp-content\/uploads\/2025\/02\/Pensimo-Zwhatt-gretagasse-tiny-forest-1024x994.jpg\" alt=\"\" width=\"768\" height=\"746\" srcset=\"https:\/\/www.immobilienbusiness.ch\/wp-content\/uploads\/2025\/02\/Pensimo-Zwhatt-gretagasse-tiny-forest-1024x994.jpg 1024w, https:\/\/www.immobilienbusiness.ch\/wp-content\/uploads\/2025\/02\/Pensimo-Zwhatt-gretagasse-tiny-forest-300x291.jpg 300w, https:\/\/www.immobilienbusiness.ch\/wp-content\/uploads\/2025\/02\/Pensimo-Zwhatt-gretagasse-tiny-forest-768x745.jpg 768w, https:\/\/www.immobilienbusiness.ch\/wp-content\/uploads\/2025\/02\/Pensimo-Zwhatt-gretagasse-tiny-forest-1536x1490.jpg 1536w, https:\/\/www.immobilienbusiness.ch\/wp-content\/uploads\/2025\/02\/Pensimo-Zwhatt-gretagasse-tiny-forest-12x12.jpg 12w, https:\/\/www.immobilienbusiness.ch\/wp-content\/uploads\/2025\/02\/Pensimo-Zwhatt-gretagasse-tiny-forest-309x300.jpg 309w, https:\/\/www.immobilienbusiness.ch\/wp-content\/uploads\/2025\/02\/Pensimo-Zwhatt-gretagasse-tiny-forest-361x350.jpg 361w, https:\/\/www.immobilienbusiness.ch\/wp-content\/uploads\/2025\/02\/Pensimo-Zwhatt-gretagasse-tiny-forest-825x800.jpg 825w, https:\/\/www.immobilienbusiness.ch\/wp-content\/uploads\/2025\/02\/Pensimo-Zwhatt-gretagasse-tiny-forest-scaled.jpg 1200w\" sizes=\"auto, (max-width: 768px) 100vw, 768px\" \/><\/a><figcaption id=\"caption-attachment-62316\" class=\"wp-caption-text\">Concrete designs are available for the second stage of \"Zwhatt\" (Visualization: \u00a9 Salath\u00e9 Architekten)<\/figcaption><\/figure>\n<p>The study contract for the second stage of the transformation of the former Gretag site in Regensdorf, which is now being developed under the name \"Zwhatt\", has been awarded to the two teams led by Donet Sch\u00e4fer Reimer Architekten (DOSCRE), Zurich, and Salath\u00e9 Architekten from Basel. Together, they are responsible for the development of the two building plots in the second stage, as announced by Pensimo.<\/p>\n<p>Site F, which is adjacent to the railroad on Althardtstrasse, is currently characterized by the large shed hall and several commercial buildings of the former Gretag industrial company. The structure of the former factory building with box girders and shed roofs was declared to be identity-forming and is to be integrated into the design of the new buildings. The winning architects' offices uncovered the girders of the hall. Girders and shed roofs connect the new buildings via the newly created alleyways.<\/p>\n<h3>Tiny Forest and Re-Use<\/h3>\n<p>The owners also imposed conditions on the outdoor spaces. The planners hope that a \"Tiny Forest\", a densely planted small forest, will have a positive impact on the microclimate and water balance in addition to biodiversity benefits. Special emphasis is also placed on the reuse of usable building components.<\/p>\n<p>Around 230 apartments and approx. 3,000 square meters of commercial space will be built on the four sub-plots F1, F2, F3 and F4. If everything goes according to plan, the buildings will be ready for occupation in 2030.<\/p>\n<h3>Major project until 2030<\/h3>\n<p>All in all, around 650 apartments and 15,000 square meters of commercial space are to be built by 2030 as part of the \"Zwhatt\" site development. The \"L\u00e4ngsbau\" property has already been occupied and the letting of the apartments in the timber high-rise H1 and the \"Querbau\" has begun. A further residential tower is currently under construction. <em>(aw)<\/em><\/p>\n<p>&nbsp;<\/p>\n<p>&nbsp;<\/p>","protected":false},"excerpt":{"rendered":"<p>According to Pensimo, the second stage of the major project is being planned by Donet Sch\u00e4fer Reimer Architekten and Salath\u00e9 Architekten.<\/p>","protected":false},"author":102,"featured_media":62316,"comment_status":"closed","ping_status":"closed","sticky":false,"template":"","format":"standard","meta":{"_acf_changed":false,"_yoast_wpseo_focuskw":"Zwhatt","_yoast_wpseo_title":"","_yoast_wpseo_metadesc":"Die zweite Etappe des Grossprojekts wird laut Pensimo von den B\u00fcros Donet Sch\u00e4fer Reimer Architekten und Salath\u00e9 Architekten geplant.","_yoast_wpseo_linkdex":62,"pgc_sgb_lightbox_settings":"","footnotes":""},"categories":[985],"tags":[1118,3603,2132,1969,1492,1600,2122,1643,4100,1978],"class_list":["post-62315","post","type-post","status-publish","format-standard","has-post-thumbnail","hentry","category-regionen","tag-buero","tag-donet-schaefer-reimer-architekten","tag-gewerbe","tag-industrie","tag-mietwohnungen","tag-projekt-in-planung","tag-regensdorf","tag-retail","tag-salathe-architekten","tag-zh"],"acf":[],"yoast_head":"<!-- This site is optimized with the Yoast SEO plugin v27.4 - https:\/\/yoast.com\/product\/yoast-seo-wordpress\/ -->\n<title>Regensdorf: Architekten f\u00fcr Baufeld F auf \u00abZwhatt\u00bb stehen fest - IMMOBILIEN Business<\/title>\n<meta name=\"description\" content=\"Die zweite Etappe des Grossprojekts wird laut Pensimo von den B\u00fcros Donet Sch\u00e4fer Reimer Architekten und Salath\u00e9 Architekten geplant.\" \/>\n<meta name=\"robots\" content=\"index, follow, max-snippet:-1, max-image-preview:large, max-video-preview:-1\" \/>\n<link rel=\"canonical\" href=\"https:\/\/www.immobilienbusiness.ch\/en\/regionen\/2025-02-04\/regensdorf-architekten-fuer-baufeld-f-auf-zwhatt-stehen-fest\/\" \/>\n<meta property=\"og:locale\" content=\"en_US\" \/>\n<meta property=\"og:type\" content=\"article\" \/>\n<meta property=\"og:title\" content=\"Regensdorf: Architekten f\u00fcr Baufeld F auf \u00abZwhatt\u00bb stehen fest - IMMOBILIEN Business\" \/>\n<meta property=\"og:description\" content=\"Die zweite Etappe des Grossprojekts wird laut Pensimo von den B\u00fcros Donet Sch\u00e4fer Reimer Architekten und Salath\u00e9 Architekten geplant.\" \/>\n<meta property=\"og:url\" content=\"https:\/\/www.immobilienbusiness.ch\/en\/regionen\/2025-02-04\/regensdorf-architekten-fuer-baufeld-f-auf-zwhatt-stehen-fest\/\" \/>\n<meta property=\"og:site_name\" content=\"IMMOBILIEN Business\" \/>\n<meta property=\"article:publisher\" content=\"https:\/\/www.facebook.com\/immobilienbusiness\/\" \/>\n<meta property=\"article:published_time\" content=\"2025-02-04T05:55:11+00:00\" \/>\n<meta property=\"article:modified_time\" content=\"2025-02-06T11:56:27+00:00\" \/>\n<meta property=\"og:image\" content=\"https:\/\/www.immobilienbusiness.ch\/wp-content\/uploads\/2025\/02\/Pensimo-Zwhatt-gretagasse-tiny-forest-scaled.jpg\" \/>\n\t<meta property=\"og:image:width\" content=\"1200\" \/>\n\t<meta property=\"og:image:height\" content=\"1164\" \/>\n\t<meta property=\"og:image:type\" content=\"image\/jpeg\" \/>\n<meta name=\"author\" content=\"Alexander Wachter\" \/>\n<meta name=\"twitter:card\" content=\"summary_large_image\" \/>\n<script type=\"application\/ld+json\" class=\"yoast-schema-graph\">{\"@context\":\"https:\\\/\\\/schema.org\",\"@graph\":[{\"@type\":\"Article\",\"@id\":\"https:\\\/\\\/www.immobilienbusiness.ch\\\/de\\\/regionen\\\/2025-02-04\\\/regensdorf-architekten-fuer-baufeld-f-auf-zwhatt-stehen-fest\\\/#article\",\"isPartOf\":{\"@id\":\"https:\\\/\\\/www.immobilienbusiness.ch\\\/de\\\/regionen\\\/2025-02-04\\\/regensdorf-architekten-fuer-baufeld-f-auf-zwhatt-stehen-fest\\\/\"},\"author\":{\"name\":\"Alexander Wachter\",\"@id\":\"https:\\\/\\\/www.immobilienbusiness.ch\\\/#\\\/schema\\\/person\\\/aba8bea2db926aa0c24c08c43fe1fcd5\"},\"headline\":\"Regensdorf: Architekten f\u00fcr Baufeld F auf \u00abZwhatt\u00bb stehen fest\",\"datePublished\":\"2025-02-04T05:55:11+00:00\",\"dateModified\":\"2025-02-06T11:56:27+00:00\",\"mainEntityOfPage\":{\"@id\":\"https:\\\/\\\/www.immobilienbusiness.ch\\\/de\\\/regionen\\\/2025-02-04\\\/regensdorf-architekten-fuer-baufeld-f-auf-zwhatt-stehen-fest\\\/\"},\"wordCount\":295,\"publisher\":{\"@id\":\"https:\\\/\\\/www.immobilienbusiness.ch\\\/#organization\"},\"image\":{\"@id\":\"https:\\\/\\\/www.immobilienbusiness.ch\\\/de\\\/regionen\\\/2025-02-04\\\/regensdorf-architekten-fuer-baufeld-f-auf-zwhatt-stehen-fest\\\/#primaryimage\"},\"thumbnailUrl\":\"https:\\\/\\\/www.immobilienbusiness.ch\\\/wp-content\\\/uploads\\\/2025\\\/02\\\/Pensimo-Zwhatt-gretagasse-tiny-forest-scaled.jpg\",\"keywords\":[\"B\u00fcro\",\"Donet Sch\u00e4fer Reimer Architekten\",\"Gewerbe\",\"Industrie\",\"Mietwohnungen\",\"Projekt in Planung\",\"Regensdorf\",\"Retail\",\"Salath\u00e9 Architekten\",\"ZH\"],\"articleSection\":[\"REGIONEN\"],\"inLanguage\":\"en-US\"},{\"@type\":\"WebPage\",\"@id\":\"https:\\\/\\\/www.immobilienbusiness.ch\\\/de\\\/regionen\\\/2025-02-04\\\/regensdorf-architekten-fuer-baufeld-f-auf-zwhatt-stehen-fest\\\/\",\"url\":\"https:\\\/\\\/www.immobilienbusiness.ch\\\/de\\\/regionen\\\/2025-02-04\\\/regensdorf-architekten-fuer-baufeld-f-auf-zwhatt-stehen-fest\\\/\",\"name\":\"Regensdorf: Architekten f\u00fcr Baufeld F auf \u00abZwhatt\u00bb stehen fest - IMMOBILIEN Business\",\"isPartOf\":{\"@id\":\"https:\\\/\\\/www.immobilienbusiness.ch\\\/#website\"},\"primaryImageOfPage\":{\"@id\":\"https:\\\/\\\/www.immobilienbusiness.ch\\\/de\\\/regionen\\\/2025-02-04\\\/regensdorf-architekten-fuer-baufeld-f-auf-zwhatt-stehen-fest\\\/#primaryimage\"},\"image\":{\"@id\":\"https:\\\/\\\/www.immobilienbusiness.ch\\\/de\\\/regionen\\\/2025-02-04\\\/regensdorf-architekten-fuer-baufeld-f-auf-zwhatt-stehen-fest\\\/#primaryimage\"},\"thumbnailUrl\":\"https:\\\/\\\/www.immobilienbusiness.ch\\\/wp-content\\\/uploads\\\/2025\\\/02\\\/Pensimo-Zwhatt-gretagasse-tiny-forest-scaled.jpg\",\"datePublished\":\"2025-02-04T05:55:11+00:00\",\"dateModified\":\"2025-02-06T11:56:27+00:00\",\"description\":\"Die zweite Etappe des Grossprojekts wird laut Pensimo von den B\u00fcros Donet Sch\u00e4fer Reimer Architekten und Salath\u00e9 Architekten geplant.\",\"breadcrumb\":{\"@id\":\"https:\\\/\\\/www.immobilienbusiness.ch\\\/de\\\/regionen\\\/2025-02-04\\\/regensdorf-architekten-fuer-baufeld-f-auf-zwhatt-stehen-fest\\\/#breadcrumb\"},\"inLanguage\":\"en-US\",\"potentialAction\":[{\"@type\":\"ReadAction\",\"target\":[\"https:\\\/\\\/www.immobilienbusiness.ch\\\/de\\\/regionen\\\/2025-02-04\\\/regensdorf-architekten-fuer-baufeld-f-auf-zwhatt-stehen-fest\\\/\"]}]},{\"@type\":\"ImageObject\",\"inLanguage\":\"en-US\",\"@id\":\"https:\\\/\\\/www.immobilienbusiness.ch\\\/de\\\/regionen\\\/2025-02-04\\\/regensdorf-architekten-fuer-baufeld-f-auf-zwhatt-stehen-fest\\\/#primaryimage\",\"url\":\"https:\\\/\\\/www.immobilienbusiness.ch\\\/wp-content\\\/uploads\\\/2025\\\/02\\\/Pensimo-Zwhatt-gretagasse-tiny-forest-scaled.jpg\",\"contentUrl\":\"https:\\\/\\\/www.immobilienbusiness.ch\\\/wp-content\\\/uploads\\\/2025\\\/02\\\/Pensimo-Zwhatt-gretagasse-tiny-forest-scaled.jpg\",\"width\":1200,\"height\":1164,\"caption\":\"F\u00fcr die zweite Etappe von \u00abZwhatt\u00bb liegen konkrete Entw\u00fcrfe vor (Visualisierung: \u00a9 Salath\u00e9 Architekten)\"},{\"@type\":\"BreadcrumbList\",\"@id\":\"https:\\\/\\\/www.immobilienbusiness.ch\\\/de\\\/regionen\\\/2025-02-04\\\/regensdorf-architekten-fuer-baufeld-f-auf-zwhatt-stehen-fest\\\/#breadcrumb\",\"itemListElement\":[{\"@type\":\"ListItem\",\"position\":1,\"name\":\"Home\",\"item\":\"https:\\\/\\\/www.immobilienbusiness.ch\\\/\"},{\"@type\":\"ListItem\",\"position\":2,\"name\":\"Regensdorf: Architekten f\u00fcr Baufeld F auf \u00abZwhatt\u00bb stehen fest\"}]},{\"@type\":\"WebSite\",\"@id\":\"https:\\\/\\\/www.immobilienbusiness.ch\\\/#website\",\"url\":\"https:\\\/\\\/www.immobilienbusiness.ch\\\/\",\"name\":\"IMMOBILIEN Business\",\"description\":\"Unabh\u00e4ngiges Schweizer Wirtschaftsmagazin mit Fokus auf Immobilien, Architektur- und Bau sowie Investment- und Finanzierung.\",\"publisher\":{\"@id\":\"https:\\\/\\\/www.immobilienbusiness.ch\\\/#organization\"},\"potentialAction\":[{\"@type\":\"SearchAction\",\"target\":{\"@type\":\"EntryPoint\",\"urlTemplate\":\"https:\\\/\\\/www.immobilienbusiness.ch\\\/?s={search_term_string}\"},\"query-input\":{\"@type\":\"PropertyValueSpecification\",\"valueRequired\":true,\"valueName\":\"search_term_string\"}}],\"inLanguage\":\"en-US\"},{\"@type\":\"Organization\",\"@id\":\"https:\\\/\\\/www.immobilienbusiness.ch\\\/#organization\",\"name\":\"IMMOBILIEN Business\",\"url\":\"https:\\\/\\\/www.immobilienbusiness.ch\\\/\",\"logo\":{\"@type\":\"ImageObject\",\"inLanguage\":\"en-US\",\"@id\":\"https:\\\/\\\/www.immobilienbusiness.ch\\\/#\\\/schema\\\/logo\\\/image\\\/\",\"url\":\"https:\\\/\\\/www.immobilienbusiness.ch\\\/wp-content\\\/uploads\\\/2021\\\/07\\\/logo_ib.png\",\"contentUrl\":\"https:\\\/\\\/www.immobilienbusiness.ch\\\/wp-content\\\/uploads\\\/2021\\\/07\\\/logo_ib.png\",\"width\":800,\"height\":181,\"caption\":\"IMMOBILIEN Business\"},\"image\":{\"@id\":\"https:\\\/\\\/www.immobilienbusiness.ch\\\/#\\\/schema\\\/logo\\\/image\\\/\"},\"sameAs\":[\"https:\\\/\\\/www.facebook.com\\\/immobilienbusiness\\\/\"]},{\"@type\":\"Person\",\"@id\":\"https:\\\/\\\/www.immobilienbusiness.ch\\\/#\\\/schema\\\/person\\\/aba8bea2db926aa0c24c08c43fe1fcd5\",\"name\":\"Alexander Wachter\",\"image\":{\"@type\":\"ImageObject\",\"inLanguage\":\"en-US\",\"@id\":\"https:\\\/\\\/secure.gravatar.com\\\/avatar\\\/1a09e471f5389b0e0a6416eac287e0927c7c97a7b77f9e787eba3af7aee281dd?s=96&d=mm&r=g\",\"url\":\"https:\\\/\\\/secure.gravatar.com\\\/avatar\\\/1a09e471f5389b0e0a6416eac287e0927c7c97a7b77f9e787eba3af7aee281dd?s=96&d=mm&r=g\",\"contentUrl\":\"https:\\\/\\\/secure.gravatar.com\\\/avatar\\\/1a09e471f5389b0e0a6416eac287e0927c7c97a7b77f9e787eba3af7aee281dd?s=96&d=mm&r=g\",\"caption\":\"Alexander Wachter\"},\"url\":\"https:\\\/\\\/www.immobilienbusiness.ch\\\/en\\\/author\\\/alexander-wachter\\\/\"}]}<\/script>\n<!-- \/ Yoast SEO plugin. -->","yoast_head_json":{"title":"Regensdorf: Architects chosen for construction site F on \u00abZwhatt\u00bb - IMMOBILIEN Business","description":"According to Pensimo, the second stage of the major project is being planned by Donet Sch\u00e4fer Reimer Architekten and Salath\u00e9 Architekten.","robots":{"index":"index","follow":"follow","max-snippet":"max-snippet:-1","max-image-preview":"max-image-preview:large","max-video-preview":"max-video-preview:-1"},"canonical":"https:\/\/www.immobilienbusiness.ch\/en\/regionen\/2025-02-04\/regensdorf-architekten-fuer-baufeld-f-auf-zwhatt-stehen-fest\/","og_locale":"en_US","og_type":"article","og_title":"Regensdorf: Architekten f\u00fcr Baufeld F auf \u00abZwhatt\u00bb stehen fest - IMMOBILIEN Business","og_description":"Die zweite Etappe des Grossprojekts wird laut Pensimo von den B\u00fcros Donet Sch\u00e4fer Reimer Architekten und Salath\u00e9 Architekten geplant.","og_url":"https:\/\/www.immobilienbusiness.ch\/en\/regionen\/2025-02-04\/regensdorf-architekten-fuer-baufeld-f-auf-zwhatt-stehen-fest\/","og_site_name":"IMMOBILIEN Business","article_publisher":"https:\/\/www.facebook.com\/immobilienbusiness\/","article_published_time":"2025-02-04T05:55:11+00:00","article_modified_time":"2025-02-06T11:56:27+00:00","og_image":[{"width":1200,"height":1164,"url":"https:\/\/www.immobilienbusiness.ch\/wp-content\/uploads\/2025\/02\/Pensimo-Zwhatt-gretagasse-tiny-forest-scaled.jpg","type":"image\/jpeg"}],"author":"Alexander Wachter","twitter_card":"summary_large_image","schema":{"@context":"https:\/\/schema.org","@graph":[{"@type":"Article","@id":"https:\/\/www.immobilienbusiness.ch\/de\/regionen\/2025-02-04\/regensdorf-architekten-fuer-baufeld-f-auf-zwhatt-stehen-fest\/#article","isPartOf":{"@id":"https:\/\/www.immobilienbusiness.ch\/de\/regionen\/2025-02-04\/regensdorf-architekten-fuer-baufeld-f-auf-zwhatt-stehen-fest\/"},"author":{"name":"Alexander Wachter","@id":"https:\/\/www.immobilienbusiness.ch\/#\/schema\/person\/aba8bea2db926aa0c24c08c43fe1fcd5"},"headline":"Regensdorf: Architekten f\u00fcr Baufeld F auf \u00abZwhatt\u00bb stehen fest","datePublished":"2025-02-04T05:55:11+00:00","dateModified":"2025-02-06T11:56:27+00:00","mainEntityOfPage":{"@id":"https:\/\/www.immobilienbusiness.ch\/de\/regionen\/2025-02-04\/regensdorf-architekten-fuer-baufeld-f-auf-zwhatt-stehen-fest\/"},"wordCount":295,"publisher":{"@id":"https:\/\/www.immobilienbusiness.ch\/#organization"},"image":{"@id":"https:\/\/www.immobilienbusiness.ch\/de\/regionen\/2025-02-04\/regensdorf-architekten-fuer-baufeld-f-auf-zwhatt-stehen-fest\/#primaryimage"},"thumbnailUrl":"https:\/\/www.immobilienbusiness.ch\/wp-content\/uploads\/2025\/02\/Pensimo-Zwhatt-gretagasse-tiny-forest-scaled.jpg","keywords":["B\u00fcro","Donet Sch\u00e4fer Reimer Architekten","Gewerbe","Industrie","Mietwohnungen","Projekt in Planung","Regensdorf","Retail","Salath\u00e9 Architekten","ZH"],"articleSection":["REGIONEN"],"inLanguage":"en-US"},{"@type":"WebPage","@id":"https:\/\/www.immobilienbusiness.ch\/de\/regionen\/2025-02-04\/regensdorf-architekten-fuer-baufeld-f-auf-zwhatt-stehen-fest\/","url":"https:\/\/www.immobilienbusiness.ch\/de\/regionen\/2025-02-04\/regensdorf-architekten-fuer-baufeld-f-auf-zwhatt-stehen-fest\/","name":"Regensdorf: Architects chosen for construction site F on \u00abZwhatt\u00bb - IMMOBILIEN Business","isPartOf":{"@id":"https:\/\/www.immobilienbusiness.ch\/#website"},"primaryImageOfPage":{"@id":"https:\/\/www.immobilienbusiness.ch\/de\/regionen\/2025-02-04\/regensdorf-architekten-fuer-baufeld-f-auf-zwhatt-stehen-fest\/#primaryimage"},"image":{"@id":"https:\/\/www.immobilienbusiness.ch\/de\/regionen\/2025-02-04\/regensdorf-architekten-fuer-baufeld-f-auf-zwhatt-stehen-fest\/#primaryimage"},"thumbnailUrl":"https:\/\/www.immobilienbusiness.ch\/wp-content\/uploads\/2025\/02\/Pensimo-Zwhatt-gretagasse-tiny-forest-scaled.jpg","datePublished":"2025-02-04T05:55:11+00:00","dateModified":"2025-02-06T11:56:27+00:00","description":"According to Pensimo, the second stage of the major project is being planned by Donet Sch\u00e4fer Reimer Architekten and Salath\u00e9 Architekten.","breadcrumb":{"@id":"https:\/\/www.immobilienbusiness.ch\/de\/regionen\/2025-02-04\/regensdorf-architekten-fuer-baufeld-f-auf-zwhatt-stehen-fest\/#breadcrumb"},"inLanguage":"en-US","potentialAction":[{"@type":"ReadAction","target":["https:\/\/www.immobilienbusiness.ch\/de\/regionen\/2025-02-04\/regensdorf-architekten-fuer-baufeld-f-auf-zwhatt-stehen-fest\/"]}]},{"@type":"ImageObject","inLanguage":"en-US","@id":"https:\/\/www.immobilienbusiness.ch\/de\/regionen\/2025-02-04\/regensdorf-architekten-fuer-baufeld-f-auf-zwhatt-stehen-fest\/#primaryimage","url":"https:\/\/www.immobilienbusiness.ch\/wp-content\/uploads\/2025\/02\/Pensimo-Zwhatt-gretagasse-tiny-forest-scaled.jpg","contentUrl":"https:\/\/www.immobilienbusiness.ch\/wp-content\/uploads\/2025\/02\/Pensimo-Zwhatt-gretagasse-tiny-forest-scaled.jpg","width":1200,"height":1164,"caption":"F\u00fcr die zweite Etappe von \u00abZwhatt\u00bb liegen konkrete Entw\u00fcrfe vor (Visualisierung: \u00a9 Salath\u00e9 Architekten)"},{"@type":"BreadcrumbList","@id":"https:\/\/www.immobilienbusiness.ch\/de\/regionen\/2025-02-04\/regensdorf-architekten-fuer-baufeld-f-auf-zwhatt-stehen-fest\/#breadcrumb","itemListElement":[{"@type":"ListItem","position":1,"name":"Home","item":"https:\/\/www.immobilienbusiness.ch\/"},{"@type":"ListItem","position":2,"name":"Regensdorf: Architekten f\u00fcr Baufeld F auf \u00abZwhatt\u00bb stehen fest"}]},{"@type":"WebSite","@id":"https:\/\/www.immobilienbusiness.ch\/#website","url":"https:\/\/www.immobilienbusiness.ch\/","name":"REAL ESTATE Business","description":"Independent Swiss business magazine focusing on real estate, architecture and construction as well as investment and financing.","publisher":{"@id":"https:\/\/www.immobilienbusiness.ch\/#organization"},"potentialAction":[{"@type":"SearchAction","target":{"@type":"EntryPoint","urlTemplate":"https:\/\/www.immobilienbusiness.ch\/?s={search_term_string}"},"query-input":{"@type":"PropertyValueSpecification","valueRequired":true,"valueName":"search_term_string"}}],"inLanguage":"en-US"},{"@type":"Organization","@id":"https:\/\/www.immobilienbusiness.ch\/#organization","name":"REAL ESTATE Business","url":"https:\/\/www.immobilienbusiness.ch\/","logo":{"@type":"ImageObject","inLanguage":"en-US","@id":"https:\/\/www.immobilienbusiness.ch\/#\/schema\/logo\/image\/","url":"https:\/\/www.immobilienbusiness.ch\/wp-content\/uploads\/2021\/07\/logo_ib.png","contentUrl":"https:\/\/www.immobilienbusiness.ch\/wp-content\/uploads\/2021\/07\/logo_ib.png","width":800,"height":181,"caption":"IMMOBILIEN Business"},"image":{"@id":"https:\/\/www.immobilienbusiness.ch\/#\/schema\/logo\/image\/"},"sameAs":["https:\/\/www.facebook.com\/immobilienbusiness\/"]},{"@type":"Person","@id":"https:\/\/www.immobilienbusiness.ch\/#\/schema\/person\/aba8bea2db926aa0c24c08c43fe1fcd5","name":"Alexander Wachter","image":{"@type":"ImageObject","inLanguage":"en-US","@id":"https:\/\/secure.gravatar.com\/avatar\/1a09e471f5389b0e0a6416eac287e0927c7c97a7b77f9e787eba3af7aee281dd?s=96&d=mm&r=g","url":"https:\/\/secure.gravatar.com\/avatar\/1a09e471f5389b0e0a6416eac287e0927c7c97a7b77f9e787eba3af7aee281dd?s=96&d=mm&r=g","contentUrl":"https:\/\/secure.gravatar.com\/avatar\/1a09e471f5389b0e0a6416eac287e0927c7c97a7b77f9e787eba3af7aee281dd?s=96&d=mm&r=g","caption":"Alexander Wachter"},"url":"https:\/\/www.immobilienbusiness.ch\/en\/author\/alexander-wachter\/"}]}},"_links":{"self":[{"href":"https:\/\/www.immobilienbusiness.ch\/en\/wp-json\/wp\/v2\/posts\/62315","targetHints":{"allow":["GET"]}}],"collection":[{"href":"https:\/\/www.immobilienbusiness.ch\/en\/wp-json\/wp\/v2\/posts"}],"about":[{"href":"https:\/\/www.immobilienbusiness.ch\/en\/wp-json\/wp\/v2\/types\/post"}],"author":[{"embeddable":true,"href":"https:\/\/www.immobilienbusiness.ch\/en\/wp-json\/wp\/v2\/users\/102"}],"replies":[{"embeddable":true,"href":"https:\/\/www.immobilienbusiness.ch\/en\/wp-json\/wp\/v2\/comments?post=62315"}],"version-history":[{"count":3,"href":"https:\/\/www.immobilienbusiness.ch\/en\/wp-json\/wp\/v2\/posts\/62315\/revisions"}],"predecessor-version":[{"id":62385,"href":"https:\/\/www.immobilienbusiness.ch\/en\/wp-json\/wp\/v2\/posts\/62315\/revisions\/62385"}],"wp:featuredmedia":[{"embeddable":true,"href":"https:\/\/www.immobilienbusiness.ch\/en\/wp-json\/wp\/v2\/media\/62316"}],"wp:attachment":[{"href":"https:\/\/www.immobilienbusiness.ch\/en\/wp-json\/wp\/v2\/media?parent=62315"}],"wp:term":[{"taxonomy":"category","embeddable":true,"href":"https:\/\/www.immobilienbusiness.ch\/en\/wp-json\/wp\/v2\/categories?post=62315"},{"taxonomy":"post_tag","embeddable":true,"href":"https:\/\/www.immobilienbusiness.ch\/en\/wp-json\/wp\/v2\/tags?post=62315"}],"curies":[{"name":"wp","href":"https:\/\/api.w.org\/{rel}","templated":true}]}}