{"id":59161,"date":"2024-08-22T07:23:11","date_gmt":"2024-08-22T05:23:11","guid":{"rendered":"https:\/\/www.immobilienbusiness.ch\/?p=59161"},"modified":"2024-11-11T12:51:04","modified_gmt":"2024-11-11T11:51:04","slug":"scheidender-implenia-chef-wird-vr-praesident-der-sbb","status":"publish","type":"post","link":"https:\/\/www.immobilienbusiness.ch\/en\/personalia\/2024-08-22\/scheidender-implenia-chef-wird-vr-praesident-der-sbb\/","title":{"rendered":"Outgoing Implenia boss becomes Chairman of the SBB Board of Directors"},"content":{"rendered":"<figure id=\"attachment_59163\" aria-describedby=\"caption-attachment-59163\" style=\"width: 875px\" class=\"wp-caption alignnone\"><a href=\"https:\/\/www.immobilienbusiness.ch\/wp-content\/uploads\/2024\/08\/Wyss.png\"><img loading=\"lazy\" decoding=\"async\" class=\"size-full wp-image-59163\" src=\"https:\/\/www.immobilienbusiness.ch\/wp-content\/uploads\/2024\/08\/Wyss.png\" alt=\"\" width=\"875\" height=\"537\" srcset=\"https:\/\/www.immobilienbusiness.ch\/wp-content\/uploads\/2024\/08\/Wyss.png 875w, https:\/\/www.immobilienbusiness.ch\/wp-content\/uploads\/2024\/08\/Wyss-300x184.png 300w, https:\/\/www.immobilienbusiness.ch\/wp-content\/uploads\/2024\/08\/Wyss-768x471.png 768w, https:\/\/www.immobilienbusiness.ch\/wp-content\/uploads\/2024\/08\/Wyss-18x12.png 18w, https:\/\/www.immobilienbusiness.ch\/wp-content\/uploads\/2024\/08\/Wyss-375x230.png 375w, https:\/\/www.immobilienbusiness.ch\/wp-content\/uploads\/2024\/08\/Wyss-570x350.png 570w\" sizes=\"auto, (max-width: 875px) 100vw, 875px\" \/><\/a><figcaption id=\"caption-attachment-59163\" class=\"wp-caption-text\">Andr\u00e9 Wyss (Image: Implenia)<\/figcaption><\/figure>\n<p>At its meeting on August 21, the Federal Council approved the election of Andr\u00e9 Wyss to the SBB Board of Directors. Wyss is to be elected to the Board at SBB's Annual General Meeting next April and will take over as Chairman in 2026.<\/p>\n<p>Shortly beforehand, it had become known that Wyss was giving up his position as CEO of Implenia. He said he wanted to focus on \"existing and new mandates\". Wyss is already a member of the Board of Directors of Implenia subsidiary Ina Invest AG and a member of the Board of Partners of E. Merck KG. He is also involved as President of the \"Basel Statistical and Economic Society\" and as designated President of the \"Friends of the Baloise Session\".<\/p>\n<p>After completing his apprenticeship as a chemical technician, Andr\u00e9 Wyss studied economics at the School of Business and Administration and continued his education at Harvard Business School. Before joining Implenia, Wyss was a member of the Executive Committee of Novartis, where he most recently managed global production and all central services with around 40,000 employees. <em>(aw)<\/em><\/p>\n<p>&nbsp;<\/p>","protected":false},"excerpt":{"rendered":"<p>When Andr\u00e9 Wyss leaves his position at Switzerland's largest construction group in spring next year, he will move to the Board of Directors of Swiss Federal Railways, where he will take over as Chairman in 2026.<\/p>","protected":false},"author":102,"featured_media":59163,"comment_status":"closed","ping_status":"closed","sticky":false,"template":"","format":"standard","meta":{"_acf_changed":false,"_yoast_wpseo_focuskw":"SBB Wyss","_yoast_wpseo_title":"","_yoast_wpseo_metadesc":"Der amtierende Chef des gr\u00f6ssten Schweizer Baukonzerns soll n\u00e4chstes Jahr in den VR der Schweizer Bundesbahnen wechseln und dort 2026 das Pr\u00e4sidium \u00fcbernehmen.","_yoast_wpseo_linkdex":52,"pgc_sgb_lightbox_settings":"","footnotes":""},"categories":[1912],"tags":[3909,1359,3910,1666,1834],"class_list":["post-59161","post","type-post","status-publish","format-standard","has-post-thumbnail","hentry","category-personalia","tag-andre-wyss","tag-implenia","tag-praesidium","tag-sbb","tag-verwaltungsrat"],"acf":[],"yoast_head":"<!-- This site is optimized with the Yoast SEO plugin v27.4 - https:\/\/yoast.com\/product\/yoast-seo-wordpress\/ -->\n<title>Scheidender Implenia-Chef wird VR-Pr\u00e4sident der SBB - IMMOBILIEN Business<\/title>\n<meta name=\"description\" content=\"Der amtierende Chef des gr\u00f6ssten Schweizer Baukonzerns soll n\u00e4chstes Jahr in den VR der Schweizer Bundesbahnen wechseln und dort 2026 das Pr\u00e4sidium \u00fcbernehmen.\" \/>\n<meta name=\"robots\" content=\"index, follow, max-snippet:-1, max-image-preview:large, max-video-preview:-1\" \/>\n<link rel=\"canonical\" href=\"https:\/\/www.immobilienbusiness.ch\/en\/personalia\/2024-08-22\/scheidender-implenia-chef-wird-vr-praesident-der-sbb\/\" \/>\n<meta property=\"og:locale\" content=\"en_US\" \/>\n<meta property=\"og:type\" content=\"article\" \/>\n<meta property=\"og:title\" content=\"Scheidender Implenia-Chef wird VR-Pr\u00e4sident der SBB - IMMOBILIEN Business\" \/>\n<meta property=\"og:description\" content=\"Der amtierende Chef des gr\u00f6ssten Schweizer Baukonzerns soll n\u00e4chstes Jahr in den VR der Schweizer Bundesbahnen wechseln und dort 2026 das Pr\u00e4sidium \u00fcbernehmen.\" \/>\n<meta property=\"og:url\" content=\"https:\/\/www.immobilienbusiness.ch\/en\/personalia\/2024-08-22\/scheidender-implenia-chef-wird-vr-praesident-der-sbb\/\" \/>\n<meta property=\"og:site_name\" content=\"IMMOBILIEN Business\" \/>\n<meta property=\"article:publisher\" content=\"https:\/\/www.facebook.com\/immobilienbusiness\/\" \/>\n<meta property=\"article:published_time\" content=\"2024-08-22T05:23:11+00:00\" \/>\n<meta property=\"article:modified_time\" content=\"2024-11-11T11:51:04+00:00\" \/>\n<meta property=\"og:image\" content=\"https:\/\/www.immobilienbusiness.ch\/wp-content\/uploads\/2024\/08\/Wyss.png\" \/>\n\t<meta property=\"og:image:width\" content=\"875\" \/>\n\t<meta property=\"og:image:height\" content=\"537\" \/>\n\t<meta property=\"og:image:type\" content=\"image\/png\" \/>\n<meta name=\"author\" content=\"Alexander Wachter\" \/>\n<meta name=\"twitter:card\" content=\"summary_large_image\" \/>\n<script type=\"application\/ld+json\" class=\"yoast-schema-graph\">{\"@context\":\"https:\\\/\\\/schema.org\",\"@graph\":[{\"@type\":\"Article\",\"@id\":\"https:\\\/\\\/www.immobilienbusiness.ch\\\/en\\\/personalia\\\/2024-08-22\\\/scheidender-implenia-chef-wird-vr-praesident-der-sbb\\\/#article\",\"isPartOf\":{\"@id\":\"https:\\\/\\\/www.immobilienbusiness.ch\\\/en\\\/personalia\\\/2024-08-22\\\/scheidender-implenia-chef-wird-vr-praesident-der-sbb\\\/\"},\"author\":{\"name\":\"Alexander Wachter\",\"@id\":\"https:\\\/\\\/www.immobilienbusiness.ch\\\/#\\\/schema\\\/person\\\/aba8bea2db926aa0c24c08c43fe1fcd5\"},\"headline\":\"Scheidender Implenia-Chef wird VR-Pr\u00e4sident der SBB\",\"datePublished\":\"2024-08-22T05:23:11+00:00\",\"dateModified\":\"2024-11-11T11:51:04+00:00\",\"mainEntityOfPage\":{\"@id\":\"https:\\\/\\\/www.immobilienbusiness.ch\\\/en\\\/personalia\\\/2024-08-22\\\/scheidender-implenia-chef-wird-vr-praesident-der-sbb\\\/\"},\"wordCount\":182,\"publisher\":{\"@id\":\"https:\\\/\\\/www.immobilienbusiness.ch\\\/#organization\"},\"image\":{\"@id\":\"https:\\\/\\\/www.immobilienbusiness.ch\\\/en\\\/personalia\\\/2024-08-22\\\/scheidender-implenia-chef-wird-vr-praesident-der-sbb\\\/#primaryimage\"},\"thumbnailUrl\":\"https:\\\/\\\/www.immobilienbusiness.ch\\\/wp-content\\\/uploads\\\/2024\\\/08\\\/Wyss.png\",\"keywords\":[\"Andr\u00e9 Wyss\",\"Implenia\",\"Pr\u00e4sidium\",\"SBB\",\"Verwaltungsrat\"],\"articleSection\":[\"PERSONALIA\"],\"inLanguage\":\"en-US\"},{\"@type\":\"WebPage\",\"@id\":\"https:\\\/\\\/www.immobilienbusiness.ch\\\/en\\\/personalia\\\/2024-08-22\\\/scheidender-implenia-chef-wird-vr-praesident-der-sbb\\\/\",\"url\":\"https:\\\/\\\/www.immobilienbusiness.ch\\\/en\\\/personalia\\\/2024-08-22\\\/scheidender-implenia-chef-wird-vr-praesident-der-sbb\\\/\",\"name\":\"Scheidender Implenia-Chef wird VR-Pr\u00e4sident der SBB - IMMOBILIEN Business\",\"isPartOf\":{\"@id\":\"https:\\\/\\\/www.immobilienbusiness.ch\\\/#website\"},\"primaryImageOfPage\":{\"@id\":\"https:\\\/\\\/www.immobilienbusiness.ch\\\/en\\\/personalia\\\/2024-08-22\\\/scheidender-implenia-chef-wird-vr-praesident-der-sbb\\\/#primaryimage\"},\"image\":{\"@id\":\"https:\\\/\\\/www.immobilienbusiness.ch\\\/en\\\/personalia\\\/2024-08-22\\\/scheidender-implenia-chef-wird-vr-praesident-der-sbb\\\/#primaryimage\"},\"thumbnailUrl\":\"https:\\\/\\\/www.immobilienbusiness.ch\\\/wp-content\\\/uploads\\\/2024\\\/08\\\/Wyss.png\",\"datePublished\":\"2024-08-22T05:23:11+00:00\",\"dateModified\":\"2024-11-11T11:51:04+00:00\",\"description\":\"Der amtierende Chef des gr\u00f6ssten Schweizer Baukonzerns soll n\u00e4chstes Jahr in den VR der Schweizer Bundesbahnen wechseln und dort 2026 das Pr\u00e4sidium \u00fcbernehmen.\",\"breadcrumb\":{\"@id\":\"https:\\\/\\\/www.immobilienbusiness.ch\\\/en\\\/personalia\\\/2024-08-22\\\/scheidender-implenia-chef-wird-vr-praesident-der-sbb\\\/#breadcrumb\"},\"inLanguage\":\"en-US\",\"potentialAction\":[{\"@type\":\"ReadAction\",\"target\":[\"https:\\\/\\\/www.immobilienbusiness.ch\\\/en\\\/personalia\\\/2024-08-22\\\/scheidender-implenia-chef-wird-vr-praesident-der-sbb\\\/\"]}]},{\"@type\":\"ImageObject\",\"inLanguage\":\"en-US\",\"@id\":\"https:\\\/\\\/www.immobilienbusiness.ch\\\/en\\\/personalia\\\/2024-08-22\\\/scheidender-implenia-chef-wird-vr-praesident-der-sbb\\\/#primaryimage\",\"url\":\"https:\\\/\\\/www.immobilienbusiness.ch\\\/wp-content\\\/uploads\\\/2024\\\/08\\\/Wyss.png\",\"contentUrl\":\"https:\\\/\\\/www.immobilienbusiness.ch\\\/wp-content\\\/uploads\\\/2024\\\/08\\\/Wyss.png\",\"width\":875,\"height\":537,\"caption\":\"Andr\u00e9 Wyss (Bild: Implenia)\"},{\"@type\":\"BreadcrumbList\",\"@id\":\"https:\\\/\\\/www.immobilienbusiness.ch\\\/en\\\/personalia\\\/2024-08-22\\\/scheidender-implenia-chef-wird-vr-praesident-der-sbb\\\/#breadcrumb\",\"itemListElement\":[{\"@type\":\"ListItem\",\"position\":1,\"name\":\"Home\",\"item\":\"https:\\\/\\\/www.immobilienbusiness.ch\\\/\"},{\"@type\":\"ListItem\",\"position\":2,\"name\":\"Scheidender Implenia-Chef wird VR-Pr\u00e4sident der SBB\"}]},{\"@type\":\"WebSite\",\"@id\":\"https:\\\/\\\/www.immobilienbusiness.ch\\\/#website\",\"url\":\"https:\\\/\\\/www.immobilienbusiness.ch\\\/\",\"name\":\"IMMOBILIEN Business\",\"description\":\"Unabh\u00e4ngiges Schweizer Wirtschaftsmagazin mit Fokus auf Immobilien, Architektur- und Bau sowie Investment- und Finanzierung.\",\"publisher\":{\"@id\":\"https:\\\/\\\/www.immobilienbusiness.ch\\\/#organization\"},\"potentialAction\":[{\"@type\":\"SearchAction\",\"target\":{\"@type\":\"EntryPoint\",\"urlTemplate\":\"https:\\\/\\\/www.immobilienbusiness.ch\\\/?s={search_term_string}\"},\"query-input\":{\"@type\":\"PropertyValueSpecification\",\"valueRequired\":true,\"valueName\":\"search_term_string\"}}],\"inLanguage\":\"en-US\"},{\"@type\":\"Organization\",\"@id\":\"https:\\\/\\\/www.immobilienbusiness.ch\\\/#organization\",\"name\":\"IMMOBILIEN Business\",\"url\":\"https:\\\/\\\/www.immobilienbusiness.ch\\\/\",\"logo\":{\"@type\":\"ImageObject\",\"inLanguage\":\"en-US\",\"@id\":\"https:\\\/\\\/www.immobilienbusiness.ch\\\/#\\\/schema\\\/logo\\\/image\\\/\",\"url\":\"https:\\\/\\\/www.immobilienbusiness.ch\\\/wp-content\\\/uploads\\\/2021\\\/07\\\/logo_ib.png\",\"contentUrl\":\"https:\\\/\\\/www.immobilienbusiness.ch\\\/wp-content\\\/uploads\\\/2021\\\/07\\\/logo_ib.png\",\"width\":800,\"height\":181,\"caption\":\"IMMOBILIEN Business\"},\"image\":{\"@id\":\"https:\\\/\\\/www.immobilienbusiness.ch\\\/#\\\/schema\\\/logo\\\/image\\\/\"},\"sameAs\":[\"https:\\\/\\\/www.facebook.com\\\/immobilienbusiness\\\/\"]},{\"@type\":\"Person\",\"@id\":\"https:\\\/\\\/www.immobilienbusiness.ch\\\/#\\\/schema\\\/person\\\/aba8bea2db926aa0c24c08c43fe1fcd5\",\"name\":\"Alexander Wachter\",\"image\":{\"@type\":\"ImageObject\",\"inLanguage\":\"en-US\",\"@id\":\"https:\\\/\\\/secure.gravatar.com\\\/avatar\\\/1a09e471f5389b0e0a6416eac287e0927c7c97a7b77f9e787eba3af7aee281dd?s=96&d=mm&r=g\",\"url\":\"https:\\\/\\\/secure.gravatar.com\\\/avatar\\\/1a09e471f5389b0e0a6416eac287e0927c7c97a7b77f9e787eba3af7aee281dd?s=96&d=mm&r=g\",\"contentUrl\":\"https:\\\/\\\/secure.gravatar.com\\\/avatar\\\/1a09e471f5389b0e0a6416eac287e0927c7c97a7b77f9e787eba3af7aee281dd?s=96&d=mm&r=g\",\"caption\":\"Alexander Wachter\"},\"url\":\"https:\\\/\\\/www.immobilienbusiness.ch\\\/en\\\/author\\\/alexander-wachter\\\/\"}]}<\/script>\n<!-- \/ Yoast SEO plugin. -->","yoast_head_json":{"title":"Outgoing Implenia boss becomes Chairman of the Board of Directors of SBB - IMMOBILIEN Business","description":"The current head of Switzerland's largest construction group is set to join the Board of Directors of Swiss Federal Railways next year and take over as Chairman in 2026.","robots":{"index":"index","follow":"follow","max-snippet":"max-snippet:-1","max-image-preview":"max-image-preview:large","max-video-preview":"max-video-preview:-1"},"canonical":"https:\/\/www.immobilienbusiness.ch\/en\/personalia\/2024-08-22\/scheidender-implenia-chef-wird-vr-praesident-der-sbb\/","og_locale":"en_US","og_type":"article","og_title":"Scheidender Implenia-Chef wird VR-Pr\u00e4sident der SBB - IMMOBILIEN Business","og_description":"Der amtierende Chef des gr\u00f6ssten Schweizer Baukonzerns soll n\u00e4chstes Jahr in den VR der Schweizer Bundesbahnen wechseln und dort 2026 das Pr\u00e4sidium \u00fcbernehmen.","og_url":"https:\/\/www.immobilienbusiness.ch\/en\/personalia\/2024-08-22\/scheidender-implenia-chef-wird-vr-praesident-der-sbb\/","og_site_name":"IMMOBILIEN Business","article_publisher":"https:\/\/www.facebook.com\/immobilienbusiness\/","article_published_time":"2024-08-22T05:23:11+00:00","article_modified_time":"2024-11-11T11:51:04+00:00","og_image":[{"width":875,"height":537,"url":"https:\/\/www.immobilienbusiness.ch\/wp-content\/uploads\/2024\/08\/Wyss.png","type":"image\/png"}],"author":"Alexander Wachter","twitter_card":"summary_large_image","schema":{"@context":"https:\/\/schema.org","@graph":[{"@type":"Article","@id":"https:\/\/www.immobilienbusiness.ch\/en\/personalia\/2024-08-22\/scheidender-implenia-chef-wird-vr-praesident-der-sbb\/#article","isPartOf":{"@id":"https:\/\/www.immobilienbusiness.ch\/en\/personalia\/2024-08-22\/scheidender-implenia-chef-wird-vr-praesident-der-sbb\/"},"author":{"name":"Alexander Wachter","@id":"https:\/\/www.immobilienbusiness.ch\/#\/schema\/person\/aba8bea2db926aa0c24c08c43fe1fcd5"},"headline":"Scheidender Implenia-Chef wird VR-Pr\u00e4sident der SBB","datePublished":"2024-08-22T05:23:11+00:00","dateModified":"2024-11-11T11:51:04+00:00","mainEntityOfPage":{"@id":"https:\/\/www.immobilienbusiness.ch\/en\/personalia\/2024-08-22\/scheidender-implenia-chef-wird-vr-praesident-der-sbb\/"},"wordCount":182,"publisher":{"@id":"https:\/\/www.immobilienbusiness.ch\/#organization"},"image":{"@id":"https:\/\/www.immobilienbusiness.ch\/en\/personalia\/2024-08-22\/scheidender-implenia-chef-wird-vr-praesident-der-sbb\/#primaryimage"},"thumbnailUrl":"https:\/\/www.immobilienbusiness.ch\/wp-content\/uploads\/2024\/08\/Wyss.png","keywords":["Andr\u00e9 Wyss","Implenia","Pr\u00e4sidium","SBB","Verwaltungsrat"],"articleSection":["PERSONALIA"],"inLanguage":"en-US"},{"@type":"WebPage","@id":"https:\/\/www.immobilienbusiness.ch\/en\/personalia\/2024-08-22\/scheidender-implenia-chef-wird-vr-praesident-der-sbb\/","url":"https:\/\/www.immobilienbusiness.ch\/en\/personalia\/2024-08-22\/scheidender-implenia-chef-wird-vr-praesident-der-sbb\/","name":"Outgoing Implenia boss becomes Chairman of the Board of Directors of SBB - IMMOBILIEN Business","isPartOf":{"@id":"https:\/\/www.immobilienbusiness.ch\/#website"},"primaryImageOfPage":{"@id":"https:\/\/www.immobilienbusiness.ch\/en\/personalia\/2024-08-22\/scheidender-implenia-chef-wird-vr-praesident-der-sbb\/#primaryimage"},"image":{"@id":"https:\/\/www.immobilienbusiness.ch\/en\/personalia\/2024-08-22\/scheidender-implenia-chef-wird-vr-praesident-der-sbb\/#primaryimage"},"thumbnailUrl":"https:\/\/www.immobilienbusiness.ch\/wp-content\/uploads\/2024\/08\/Wyss.png","datePublished":"2024-08-22T05:23:11+00:00","dateModified":"2024-11-11T11:51:04+00:00","description":"The current head of Switzerland's largest construction group is set to join the Board of Directors of Swiss Federal Railways next year and take over as Chairman in 2026.","breadcrumb":{"@id":"https:\/\/www.immobilienbusiness.ch\/en\/personalia\/2024-08-22\/scheidender-implenia-chef-wird-vr-praesident-der-sbb\/#breadcrumb"},"inLanguage":"en-US","potentialAction":[{"@type":"ReadAction","target":["https:\/\/www.immobilienbusiness.ch\/en\/personalia\/2024-08-22\/scheidender-implenia-chef-wird-vr-praesident-der-sbb\/"]}]},{"@type":"ImageObject","inLanguage":"en-US","@id":"https:\/\/www.immobilienbusiness.ch\/en\/personalia\/2024-08-22\/scheidender-implenia-chef-wird-vr-praesident-der-sbb\/#primaryimage","url":"https:\/\/www.immobilienbusiness.ch\/wp-content\/uploads\/2024\/08\/Wyss.png","contentUrl":"https:\/\/www.immobilienbusiness.ch\/wp-content\/uploads\/2024\/08\/Wyss.png","width":875,"height":537,"caption":"Andr\u00e9 Wyss (Bild: Implenia)"},{"@type":"BreadcrumbList","@id":"https:\/\/www.immobilienbusiness.ch\/en\/personalia\/2024-08-22\/scheidender-implenia-chef-wird-vr-praesident-der-sbb\/#breadcrumb","itemListElement":[{"@type":"ListItem","position":1,"name":"Home","item":"https:\/\/www.immobilienbusiness.ch\/"},{"@type":"ListItem","position":2,"name":"Scheidender Implenia-Chef wird VR-Pr\u00e4sident der SBB"}]},{"@type":"WebSite","@id":"https:\/\/www.immobilienbusiness.ch\/#website","url":"https:\/\/www.immobilienbusiness.ch\/","name":"REAL ESTATE Business","description":"Independent Swiss business magazine focusing on real estate, architecture and construction as well as investment and financing.","publisher":{"@id":"https:\/\/www.immobilienbusiness.ch\/#organization"},"potentialAction":[{"@type":"SearchAction","target":{"@type":"EntryPoint","urlTemplate":"https:\/\/www.immobilienbusiness.ch\/?s={search_term_string}"},"query-input":{"@type":"PropertyValueSpecification","valueRequired":true,"valueName":"search_term_string"}}],"inLanguage":"en-US"},{"@type":"Organization","@id":"https:\/\/www.immobilienbusiness.ch\/#organization","name":"REAL ESTATE Business","url":"https:\/\/www.immobilienbusiness.ch\/","logo":{"@type":"ImageObject","inLanguage":"en-US","@id":"https:\/\/www.immobilienbusiness.ch\/#\/schema\/logo\/image\/","url":"https:\/\/www.immobilienbusiness.ch\/wp-content\/uploads\/2021\/07\/logo_ib.png","contentUrl":"https:\/\/www.immobilienbusiness.ch\/wp-content\/uploads\/2021\/07\/logo_ib.png","width":800,"height":181,"caption":"IMMOBILIEN Business"},"image":{"@id":"https:\/\/www.immobilienbusiness.ch\/#\/schema\/logo\/image\/"},"sameAs":["https:\/\/www.facebook.com\/immobilienbusiness\/"]},{"@type":"Person","@id":"https:\/\/www.immobilienbusiness.ch\/#\/schema\/person\/aba8bea2db926aa0c24c08c43fe1fcd5","name":"Alexander Wachter","image":{"@type":"ImageObject","inLanguage":"en-US","@id":"https:\/\/secure.gravatar.com\/avatar\/1a09e471f5389b0e0a6416eac287e0927c7c97a7b77f9e787eba3af7aee281dd?s=96&d=mm&r=g","url":"https:\/\/secure.gravatar.com\/avatar\/1a09e471f5389b0e0a6416eac287e0927c7c97a7b77f9e787eba3af7aee281dd?s=96&d=mm&r=g","contentUrl":"https:\/\/secure.gravatar.com\/avatar\/1a09e471f5389b0e0a6416eac287e0927c7c97a7b77f9e787eba3af7aee281dd?s=96&d=mm&r=g","caption":"Alexander Wachter"},"url":"https:\/\/www.immobilienbusiness.ch\/en\/author\/alexander-wachter\/"}]}},"_links":{"self":[{"href":"https:\/\/www.immobilienbusiness.ch\/en\/wp-json\/wp\/v2\/posts\/59161","targetHints":{"allow":["GET"]}}],"collection":[{"href":"https:\/\/www.immobilienbusiness.ch\/en\/wp-json\/wp\/v2\/posts"}],"about":[{"href":"https:\/\/www.immobilienbusiness.ch\/en\/wp-json\/wp\/v2\/types\/post"}],"author":[{"embeddable":true,"href":"https:\/\/www.immobilienbusiness.ch\/en\/wp-json\/wp\/v2\/users\/102"}],"replies":[{"embeddable":true,"href":"https:\/\/www.immobilienbusiness.ch\/en\/wp-json\/wp\/v2\/comments?post=59161"}],"version-history":[{"count":4,"href":"https:\/\/www.immobilienbusiness.ch\/en\/wp-json\/wp\/v2\/posts\/59161\/revisions"}],"predecessor-version":[{"id":59268,"href":"https:\/\/www.immobilienbusiness.ch\/en\/wp-json\/wp\/v2\/posts\/59161\/revisions\/59268"}],"wp:featuredmedia":[{"embeddable":true,"href":"https:\/\/www.immobilienbusiness.ch\/en\/wp-json\/wp\/v2\/media\/59163"}],"wp:attachment":[{"href":"https:\/\/www.immobilienbusiness.ch\/en\/wp-json\/wp\/v2\/media?parent=59161"}],"wp:term":[{"taxonomy":"category","embeddable":true,"href":"https:\/\/www.immobilienbusiness.ch\/en\/wp-json\/wp\/v2\/categories?post=59161"},{"taxonomy":"post_tag","embeddable":true,"href":"https:\/\/www.immobilienbusiness.ch\/en\/wp-json\/wp\/v2\/tags?post=59161"}],"curies":[{"name":"wp","href":"https:\/\/api.w.org\/{rel}","templated":true}]}}