{"id":5819,"date":"2017-01-16T09:11:35","date_gmt":"2017-01-16T08:11:35","guid":{"rendered":"https:\/\/immobilienbusiness.ch\/?p=5819"},"modified":"2017-01-16T09:11:35","modified_gmt":"2017-01-16T08:11:35","slug":"5819-2","status":"publish","type":"post","link":"https:\/\/www.immobilienbusiness.ch\/en\/regionen\/2017-01-16\/5819-2\/","title":{"rendered":"Design plan for Sulzer site 1 is in force"},"content":{"rendered":"<figure id=\"attachment_5820\" aria-describedby=\"caption-attachment-5820\" style=\"width: 680px\" class=\"wp-caption alignnone\"><img loading=\"lazy\" decoding=\"async\" class=\"size-medium wp-image-5820\" src=\"https:\/\/immobilienbusiness.ch\/wp-content\/uploads\/2017\/01\/sulzerareal_1.jpg\" alt=\"\" width=\"680\" height=\"383\" srcset=\"https:\/\/www.immobilienbusiness.ch\/wp-content\/uploads\/2017\/01\/sulzerareal_1.jpg 2560w, https:\/\/www.immobilienbusiness.ch\/wp-content\/uploads\/2017\/01\/sulzerareal_1-300x169.jpg 300w, https:\/\/www.immobilienbusiness.ch\/wp-content\/uploads\/2017\/01\/sulzerareal_1-1024x576.jpg 1024w, https:\/\/www.immobilienbusiness.ch\/wp-content\/uploads\/2017\/01\/sulzerareal_1-768x432.jpg 768w, https:\/\/www.immobilienbusiness.ch\/wp-content\/uploads\/2017\/01\/sulzerareal_1-1536x864.jpg 1536w, https:\/\/www.immobilienbusiness.ch\/wp-content\/uploads\/2017\/01\/sulzerareal_1-2048x1152.jpg 2048w, https:\/\/www.immobilienbusiness.ch\/wp-content\/uploads\/2017\/01\/sulzerareal_1-16x9.jpg 16w, https:\/\/www.immobilienbusiness.ch\/wp-content\/uploads\/2017\/01\/sulzerareal_1-311x175.jpg 311w, https:\/\/www.immobilienbusiness.ch\/wp-content\/uploads\/2017\/01\/sulzerareal_1-622x350.jpg 622w, https:\/\/www.immobilienbusiness.ch\/wp-content\/uploads\/2017\/01\/sulzerareal_1-1422x800.jpg 1422w, https:\/\/www.immobilienbusiness.ch\/wp-content\/uploads\/2017\/01\/sulzerareal_1-920x518.jpg 920w, https:\/\/www.immobilienbusiness.ch\/wp-content\/uploads\/2017\/01\/sulzerareal_1-1400x788.jpg 1400w\" sizes=\"auto, (max-width: 680px) 100vw, 680px\" \/><figcaption id=\"caption-attachment-5820\" class=\"wp-caption-text\">View of the Sulzer site (Image: Implenia AG)<\/figcaption><\/figure>\n<p>The city of Winterthur and Implenia have defined the specifications for the design of the public open space at the Sulzer site Werk 1. The corresponding land transfer agreement was signed a few days ago. As a result, the design plan will also come into force with effect from January 13, 2017. As a first step, a large part of the central dialog square will now be created, together with the construction of the residential development in the adjacent construction field 3.<\/p>\n<p>As the main owner of the site, Implenia is responsible for the planning and construction of the public outdoor space in Plant 1. This involves the open space areas of around 21,000 square meters outside the construction fields. According to the public design plan for Plant 1, the city will gradually take over this outdoor space after completion and will ensure its operation and maintenance. Implenia is contributing six million CHF to the future maintenance and renewal costs.<\/p>\n<h2>Lots of green and space for meeting<\/h2>\n<p>The public open space of the area, with the central Dialogplatz, the alley spaces and the four entrance squares, is to become \"an identity-forming place characterized by an urban character and lots of greenery,\" according to the City of Winterthur. The dialogue square will be planted with large trees; in between, open areas are planned for various uses, such as a summer caf\u00e9, a weekly market and a petanque game. Also planned are play and exercise areas, seating and meeting spaces for different generations - including a fitness trail.<\/p>\n<p>The area will be largely car-free with a pedestrian zone. The first floors around Dialogplatz are reserved for stores, restaurants and other public-oriented uses.<\/p>\n<p>&nbsp;<\/p>","protected":false},"excerpt":{"rendered":"<p>The design plan for the Sulzer site Werk 1 has come into force. First, the residential development in construction area 3 and a large part of the central dialog square will be built.<\/p>","protected":false},"author":3,"featured_media":5820,"comment_status":"open","ping_status":"open","sticky":false,"template":"","format":"standard","meta":{"_acf_changed":false,"_yoast_wpseo_focuskw":"Werk 1","_yoast_wpseo_title":"","_yoast_wpseo_metadesc":"Der Gestaltungsplan f\u00fcr das Sulzerareal Werk 1 ist in Kraft. Zun\u00e4chst werden Wohnungen im Baufeld 3 und ein Grossteil des zentralen Dialogplatzes gebaut.","_yoast_wpseo_linkdex":77,"pgc_sgb_lightbox_settings":"","footnotes":""},"categories":[985],"tags":[1601,1629,1744,1858,1863],"class_list":["post-5819","post","type-post","status-publish","format-standard","has-post-thumbnail","hentry","category-regionen","tag-projektentwicklung","tag-regionen","tag-sulzerareal","tag-winterthur","tag-wohnimmobilien"],"acf":[],"yoast_head":"<!-- This site is optimized with the Yoast SEO plugin v27.4 - https:\/\/yoast.com\/product\/yoast-seo-wordpress\/ -->\n<title>Gestaltungsplan f\u00fcr Sulzerareal Werk 1 ist in Kraft - IMMOBILIEN Business<\/title>\n<meta name=\"description\" content=\"Der Gestaltungsplan f\u00fcr das Sulzerareal Werk 1 ist in Kraft. Zun\u00e4chst werden Wohnungen im Baufeld 3 und ein Grossteil des zentralen Dialogplatzes gebaut.\" \/>\n<meta name=\"robots\" content=\"index, follow, max-snippet:-1, max-image-preview:large, max-video-preview:-1\" \/>\n<link rel=\"canonical\" href=\"https:\/\/www.immobilienbusiness.ch\/en\/regionen\/2017-01-16\/5819-2\/\" \/>\n<meta property=\"og:locale\" content=\"en_US\" \/>\n<meta property=\"og:type\" content=\"article\" \/>\n<meta property=\"og:title\" content=\"Gestaltungsplan f\u00fcr Sulzerareal Werk 1 ist in Kraft\" \/>\n<meta property=\"og:description\" content=\"Der Gestaltungsplan f\u00fcr das Sulzerareal Werk 1 ist in Kraft. Zun\u00e4chst werden Wohnungen im Baufeld 3 und ein Grossteil des zentralen Dialogplatzes gebaut.\" \/>\n<meta property=\"og:url\" content=\"https:\/\/www.immobilienbusiness.ch\/en\/regionen\/2017-01-16\/5819-2\/\" \/>\n<meta property=\"og:site_name\" content=\"IMMOBILIEN Business\" \/>\n<meta property=\"article:publisher\" content=\"https:\/\/www.facebook.com\/immobilienbusiness\/\" \/>\n<meta property=\"article:published_time\" content=\"2017-01-16T08:11:35+00:00\" \/>\n<meta name=\"author\" content=\"anja.hall\" \/>\n<meta name=\"twitter:card\" content=\"summary_large_image\" \/>\n<meta name=\"twitter:title\" content=\"Gestaltungsplan f\u00fcr Sulzerareal Werk 1 ist in Kraft\" \/>\n<meta name=\"twitter:description\" content=\"Der Gestaltungsplan f\u00fcr das Sulzerareal Werk 1 ist in Kraft. Zun\u00e4chst werden Wohnungen im Baufeld 3 und ein Grossteil des zentralen Dialogplatzes gebaut.\" \/>\n<meta name=\"twitter:image\" content=\"https:\/\/immobilienbusiness.ch\/wp-content\/uploads\/2017\/01\/sulzerareal_1.jpg\" \/>\n<script type=\"application\/ld+json\" class=\"yoast-schema-graph\">{\"@context\":\"https:\\\/\\\/schema.org\",\"@graph\":[{\"@type\":\"Article\",\"@id\":\"https:\\\/\\\/www.immobilienbusiness.ch\\\/regionen\\\/2017-01-16\\\/5819-2\\\/#article\",\"isPartOf\":{\"@id\":\"https:\\\/\\\/www.immobilienbusiness.ch\\\/regionen\\\/2017-01-16\\\/5819-2\\\/\"},\"author\":{\"name\":\"anja.hall\",\"@id\":\"https:\\\/\\\/www.immobilienbusiness.ch\\\/#\\\/schema\\\/person\\\/3fc036297b10b9f42d6db5ee932af8c8\"},\"headline\":\"Gestaltungsplan f\u00fcr Sulzerareal Werk 1 ist in Kraft\",\"datePublished\":\"2017-01-16T08:11:35+00:00\",\"mainEntityOfPage\":{\"@id\":\"https:\\\/\\\/www.immobilienbusiness.ch\\\/regionen\\\/2017-01-16\\\/5819-2\\\/\"},\"wordCount\":277,\"commentCount\":0,\"publisher\":{\"@id\":\"https:\\\/\\\/www.immobilienbusiness.ch\\\/#organization\"},\"image\":{\"@id\":\"https:\\\/\\\/www.immobilienbusiness.ch\\\/regionen\\\/2017-01-16\\\/5819-2\\\/#primaryimage\"},\"thumbnailUrl\":\"https:\\\/\\\/www.immobilienbusiness.ch\\\/wp-content\\\/uploads\\\/2017\\\/01\\\/sulzerareal_1.jpg\",\"keywords\":[\"Projektentwicklung\",\"Regionen\",\"Sulzerareal\",\"Winterthur\",\"Wohnimmobilien\"],\"articleSection\":[\"REGIONEN\"],\"inLanguage\":\"en-US\"},{\"@type\":\"WebPage\",\"@id\":\"https:\\\/\\\/www.immobilienbusiness.ch\\\/regionen\\\/2017-01-16\\\/5819-2\\\/\",\"url\":\"https:\\\/\\\/www.immobilienbusiness.ch\\\/regionen\\\/2017-01-16\\\/5819-2\\\/\",\"name\":\"Gestaltungsplan f\u00fcr Sulzerareal Werk 1 ist in Kraft - IMMOBILIEN Business\",\"isPartOf\":{\"@id\":\"https:\\\/\\\/www.immobilienbusiness.ch\\\/#website\"},\"primaryImageOfPage\":{\"@id\":\"https:\\\/\\\/www.immobilienbusiness.ch\\\/regionen\\\/2017-01-16\\\/5819-2\\\/#primaryimage\"},\"image\":{\"@id\":\"https:\\\/\\\/www.immobilienbusiness.ch\\\/regionen\\\/2017-01-16\\\/5819-2\\\/#primaryimage\"},\"thumbnailUrl\":\"https:\\\/\\\/www.immobilienbusiness.ch\\\/wp-content\\\/uploads\\\/2017\\\/01\\\/sulzerareal_1.jpg\",\"datePublished\":\"2017-01-16T08:11:35+00:00\",\"description\":\"Der Gestaltungsplan f\u00fcr das Sulzerareal Werk 1 ist in Kraft. Zun\u00e4chst werden Wohnungen im Baufeld 3 und ein Grossteil des zentralen Dialogplatzes gebaut.\",\"breadcrumb\":{\"@id\":\"https:\\\/\\\/www.immobilienbusiness.ch\\\/regionen\\\/2017-01-16\\\/5819-2\\\/#breadcrumb\"},\"inLanguage\":\"en-US\",\"potentialAction\":[{\"@type\":\"ReadAction\",\"target\":[\"https:\\\/\\\/www.immobilienbusiness.ch\\\/regionen\\\/2017-01-16\\\/5819-2\\\/\"]}]},{\"@type\":\"ImageObject\",\"inLanguage\":\"en-US\",\"@id\":\"https:\\\/\\\/www.immobilienbusiness.ch\\\/regionen\\\/2017-01-16\\\/5819-2\\\/#primaryimage\",\"url\":\"https:\\\/\\\/www.immobilienbusiness.ch\\\/wp-content\\\/uploads\\\/2017\\\/01\\\/sulzerareal_1.jpg\",\"contentUrl\":\"https:\\\/\\\/www.immobilienbusiness.ch\\\/wp-content\\\/uploads\\\/2017\\\/01\\\/sulzerareal_1.jpg\",\"width\":2560,\"height\":1440,\"caption\":\"Blick ins Sulzerareal (Bild: Implenia AG)\"},{\"@type\":\"BreadcrumbList\",\"@id\":\"https:\\\/\\\/www.immobilienbusiness.ch\\\/regionen\\\/2017-01-16\\\/5819-2\\\/#breadcrumb\",\"itemListElement\":[{\"@type\":\"ListItem\",\"position\":1,\"name\":\"Home\",\"item\":\"https:\\\/\\\/www.immobilienbusiness.ch\\\/\"},{\"@type\":\"ListItem\",\"position\":2,\"name\":\"Gestaltungsplan f\u00fcr Sulzerareal Werk 1 ist in Kraft\"}]},{\"@type\":\"WebSite\",\"@id\":\"https:\\\/\\\/www.immobilienbusiness.ch\\\/#website\",\"url\":\"https:\\\/\\\/www.immobilienbusiness.ch\\\/\",\"name\":\"IMMOBILIEN Business\",\"description\":\"Unabh\u00e4ngiges Schweizer Wirtschaftsmagazin mit Fokus auf Immobilien, Architektur- und Bau sowie Investment- und Finanzierung.\",\"publisher\":{\"@id\":\"https:\\\/\\\/www.immobilienbusiness.ch\\\/#organization\"},\"potentialAction\":[{\"@type\":\"SearchAction\",\"target\":{\"@type\":\"EntryPoint\",\"urlTemplate\":\"https:\\\/\\\/www.immobilienbusiness.ch\\\/?s={search_term_string}\"},\"query-input\":{\"@type\":\"PropertyValueSpecification\",\"valueRequired\":true,\"valueName\":\"search_term_string\"}}],\"inLanguage\":\"en-US\"},{\"@type\":\"Organization\",\"@id\":\"https:\\\/\\\/www.immobilienbusiness.ch\\\/#organization\",\"name\":\"IMMOBILIEN Business\",\"url\":\"https:\\\/\\\/www.immobilienbusiness.ch\\\/\",\"logo\":{\"@type\":\"ImageObject\",\"inLanguage\":\"en-US\",\"@id\":\"https:\\\/\\\/www.immobilienbusiness.ch\\\/#\\\/schema\\\/logo\\\/image\\\/\",\"url\":\"https:\\\/\\\/www.immobilienbusiness.ch\\\/wp-content\\\/uploads\\\/2021\\\/07\\\/logo_ib.png\",\"contentUrl\":\"https:\\\/\\\/www.immobilienbusiness.ch\\\/wp-content\\\/uploads\\\/2021\\\/07\\\/logo_ib.png\",\"width\":800,\"height\":181,\"caption\":\"IMMOBILIEN Business\"},\"image\":{\"@id\":\"https:\\\/\\\/www.immobilienbusiness.ch\\\/#\\\/schema\\\/logo\\\/image\\\/\"},\"sameAs\":[\"https:\\\/\\\/www.facebook.com\\\/immobilienbusiness\\\/\"]},{\"@type\":\"Person\",\"@id\":\"https:\\\/\\\/www.immobilienbusiness.ch\\\/#\\\/schema\\\/person\\\/3fc036297b10b9f42d6db5ee932af8c8\",\"name\":\"anja.hall\",\"image\":{\"@type\":\"ImageObject\",\"inLanguage\":\"en-US\",\"@id\":\"https:\\\/\\\/secure.gravatar.com\\\/avatar\\\/066b5a0d447013502c71a5782f4f3469f03cfe595cc2329fb94652fe47511bfb?s=96&d=mm&r=g\",\"url\":\"https:\\\/\\\/secure.gravatar.com\\\/avatar\\\/066b5a0d447013502c71a5782f4f3469f03cfe595cc2329fb94652fe47511bfb?s=96&d=mm&r=g\",\"contentUrl\":\"https:\\\/\\\/secure.gravatar.com\\\/avatar\\\/066b5a0d447013502c71a5782f4f3469f03cfe595cc2329fb94652fe47511bfb?s=96&d=mm&r=g\",\"caption\":\"anja.hall\"},\"url\":\"https:\\\/\\\/www.immobilienbusiness.ch\\\/en\\\/author\\\/anja-hall\\\/\"}]}<\/script>\n<!-- \/ Yoast SEO plugin. -->","yoast_head_json":{"title":"Gestaltungsplan f\u00fcr Sulzerareal Werk 1 ist in Kraft - IMMOBILIEN Business","description":"Der Gestaltungsplan f\u00fcr das Sulzerareal Werk 1 ist in Kraft. Zun\u00e4chst werden Wohnungen im Baufeld 3 und ein Grossteil des zentralen Dialogplatzes gebaut.","robots":{"index":"index","follow":"follow","max-snippet":"max-snippet:-1","max-image-preview":"max-image-preview:large","max-video-preview":"max-video-preview:-1"},"canonical":"https:\/\/www.immobilienbusiness.ch\/en\/regionen\/2017-01-16\/5819-2\/","og_locale":"en_US","og_type":"article","og_title":"Gestaltungsplan f\u00fcr Sulzerareal Werk 1 ist in Kraft","og_description":"Der Gestaltungsplan f\u00fcr das Sulzerareal Werk 1 ist in Kraft. Zun\u00e4chst werden Wohnungen im Baufeld 3 und ein Grossteil des zentralen Dialogplatzes gebaut.","og_url":"https:\/\/www.immobilienbusiness.ch\/en\/regionen\/2017-01-16\/5819-2\/","og_site_name":"IMMOBILIEN Business","article_publisher":"https:\/\/www.facebook.com\/immobilienbusiness\/","article_published_time":"2017-01-16T08:11:35+00:00","author":"anja.hall","twitter_card":"summary_large_image","twitter_title":"Gestaltungsplan f\u00fcr Sulzerareal Werk 1 ist in Kraft","twitter_description":"Der Gestaltungsplan f\u00fcr das Sulzerareal Werk 1 ist in Kraft. Zun\u00e4chst werden Wohnungen im Baufeld 3 und ein Grossteil des zentralen Dialogplatzes gebaut.","twitter_image":"https:\/\/immobilienbusiness.ch\/wp-content\/uploads\/2017\/01\/sulzerareal_1.jpg","schema":{"@context":"https:\/\/schema.org","@graph":[{"@type":"Article","@id":"https:\/\/www.immobilienbusiness.ch\/regionen\/2017-01-16\/5819-2\/#article","isPartOf":{"@id":"https:\/\/www.immobilienbusiness.ch\/regionen\/2017-01-16\/5819-2\/"},"author":{"name":"anja.hall","@id":"https:\/\/www.immobilienbusiness.ch\/#\/schema\/person\/3fc036297b10b9f42d6db5ee932af8c8"},"headline":"Gestaltungsplan f\u00fcr Sulzerareal Werk 1 ist in Kraft","datePublished":"2017-01-16T08:11:35+00:00","mainEntityOfPage":{"@id":"https:\/\/www.immobilienbusiness.ch\/regionen\/2017-01-16\/5819-2\/"},"wordCount":277,"commentCount":0,"publisher":{"@id":"https:\/\/www.immobilienbusiness.ch\/#organization"},"image":{"@id":"https:\/\/www.immobilienbusiness.ch\/regionen\/2017-01-16\/5819-2\/#primaryimage"},"thumbnailUrl":"https:\/\/www.immobilienbusiness.ch\/wp-content\/uploads\/2017\/01\/sulzerareal_1.jpg","keywords":["Projektentwicklung","Regionen","Sulzerareal","Winterthur","Wohnimmobilien"],"articleSection":["REGIONEN"],"inLanguage":"en-US"},{"@type":"WebPage","@id":"https:\/\/www.immobilienbusiness.ch\/regionen\/2017-01-16\/5819-2\/","url":"https:\/\/www.immobilienbusiness.ch\/regionen\/2017-01-16\/5819-2\/","name":"Gestaltungsplan f\u00fcr Sulzerareal Werk 1 ist in Kraft - IMMOBILIEN Business","isPartOf":{"@id":"https:\/\/www.immobilienbusiness.ch\/#website"},"primaryImageOfPage":{"@id":"https:\/\/www.immobilienbusiness.ch\/regionen\/2017-01-16\/5819-2\/#primaryimage"},"image":{"@id":"https:\/\/www.immobilienbusiness.ch\/regionen\/2017-01-16\/5819-2\/#primaryimage"},"thumbnailUrl":"https:\/\/www.immobilienbusiness.ch\/wp-content\/uploads\/2017\/01\/sulzerareal_1.jpg","datePublished":"2017-01-16T08:11:35+00:00","description":"Der Gestaltungsplan f\u00fcr das Sulzerareal Werk 1 ist in Kraft. Zun\u00e4chst werden Wohnungen im Baufeld 3 und ein Grossteil des zentralen Dialogplatzes gebaut.","breadcrumb":{"@id":"https:\/\/www.immobilienbusiness.ch\/regionen\/2017-01-16\/5819-2\/#breadcrumb"},"inLanguage":"en-US","potentialAction":[{"@type":"ReadAction","target":["https:\/\/www.immobilienbusiness.ch\/regionen\/2017-01-16\/5819-2\/"]}]},{"@type":"ImageObject","inLanguage":"en-US","@id":"https:\/\/www.immobilienbusiness.ch\/regionen\/2017-01-16\/5819-2\/#primaryimage","url":"https:\/\/www.immobilienbusiness.ch\/wp-content\/uploads\/2017\/01\/sulzerareal_1.jpg","contentUrl":"https:\/\/www.immobilienbusiness.ch\/wp-content\/uploads\/2017\/01\/sulzerareal_1.jpg","width":2560,"height":1440,"caption":"Blick ins Sulzerareal (Bild: Implenia AG)"},{"@type":"BreadcrumbList","@id":"https:\/\/www.immobilienbusiness.ch\/regionen\/2017-01-16\/5819-2\/#breadcrumb","itemListElement":[{"@type":"ListItem","position":1,"name":"Home","item":"https:\/\/www.immobilienbusiness.ch\/"},{"@type":"ListItem","position":2,"name":"Gestaltungsplan f\u00fcr Sulzerareal Werk 1 ist in Kraft"}]},{"@type":"WebSite","@id":"https:\/\/www.immobilienbusiness.ch\/#website","url":"https:\/\/www.immobilienbusiness.ch\/","name":"REAL ESTATE Business","description":"Independent Swiss business magazine focusing on real estate, architecture and construction as well as investment and financing.","publisher":{"@id":"https:\/\/www.immobilienbusiness.ch\/#organization"},"potentialAction":[{"@type":"SearchAction","target":{"@type":"EntryPoint","urlTemplate":"https:\/\/www.immobilienbusiness.ch\/?s={search_term_string}"},"query-input":{"@type":"PropertyValueSpecification","valueRequired":true,"valueName":"search_term_string"}}],"inLanguage":"en-US"},{"@type":"Organization","@id":"https:\/\/www.immobilienbusiness.ch\/#organization","name":"REAL ESTATE Business","url":"https:\/\/www.immobilienbusiness.ch\/","logo":{"@type":"ImageObject","inLanguage":"en-US","@id":"https:\/\/www.immobilienbusiness.ch\/#\/schema\/logo\/image\/","url":"https:\/\/www.immobilienbusiness.ch\/wp-content\/uploads\/2021\/07\/logo_ib.png","contentUrl":"https:\/\/www.immobilienbusiness.ch\/wp-content\/uploads\/2021\/07\/logo_ib.png","width":800,"height":181,"caption":"IMMOBILIEN Business"},"image":{"@id":"https:\/\/www.immobilienbusiness.ch\/#\/schema\/logo\/image\/"},"sameAs":["https:\/\/www.facebook.com\/immobilienbusiness\/"]},{"@type":"Person","@id":"https:\/\/www.immobilienbusiness.ch\/#\/schema\/person\/3fc036297b10b9f42d6db5ee932af8c8","name":"anja.hall","image":{"@type":"ImageObject","inLanguage":"en-US","@id":"https:\/\/secure.gravatar.com\/avatar\/066b5a0d447013502c71a5782f4f3469f03cfe595cc2329fb94652fe47511bfb?s=96&d=mm&r=g","url":"https:\/\/secure.gravatar.com\/avatar\/066b5a0d447013502c71a5782f4f3469f03cfe595cc2329fb94652fe47511bfb?s=96&d=mm&r=g","contentUrl":"https:\/\/secure.gravatar.com\/avatar\/066b5a0d447013502c71a5782f4f3469f03cfe595cc2329fb94652fe47511bfb?s=96&d=mm&r=g","caption":"anja.hall"},"url":"https:\/\/www.immobilienbusiness.ch\/en\/author\/anja-hall\/"}]}},"_links":{"self":[{"href":"https:\/\/www.immobilienbusiness.ch\/en\/wp-json\/wp\/v2\/posts\/5819","targetHints":{"allow":["GET"]}}],"collection":[{"href":"https:\/\/www.immobilienbusiness.ch\/en\/wp-json\/wp\/v2\/posts"}],"about":[{"href":"https:\/\/www.immobilienbusiness.ch\/en\/wp-json\/wp\/v2\/types\/post"}],"author":[{"embeddable":true,"href":"https:\/\/www.immobilienbusiness.ch\/en\/wp-json\/wp\/v2\/users\/3"}],"replies":[{"embeddable":true,"href":"https:\/\/www.immobilienbusiness.ch\/en\/wp-json\/wp\/v2\/comments?post=5819"}],"version-history":[{"count":0,"href":"https:\/\/www.immobilienbusiness.ch\/en\/wp-json\/wp\/v2\/posts\/5819\/revisions"}],"wp:featuredmedia":[{"embeddable":true,"href":"https:\/\/www.immobilienbusiness.ch\/en\/wp-json\/wp\/v2\/media\/5820"}],"wp:attachment":[{"href":"https:\/\/www.immobilienbusiness.ch\/en\/wp-json\/wp\/v2\/media?parent=5819"}],"wp:term":[{"taxonomy":"category","embeddable":true,"href":"https:\/\/www.immobilienbusiness.ch\/en\/wp-json\/wp\/v2\/categories?post=5819"},{"taxonomy":"post_tag","embeddable":true,"href":"https:\/\/www.immobilienbusiness.ch\/en\/wp-json\/wp\/v2\/tags?post=5819"}],"curies":[{"name":"wp","href":"https:\/\/api.w.org\/{rel}","templated":true}]}}