{"id":58161,"date":"2024-07-25T07:00:28","date_gmt":"2024-07-25T05:00:28","guid":{"rendered":"https:\/\/www.immobilienbusiness.ch\/?p=58161"},"modified":"2024-08-20T06:53:53","modified_gmt":"2024-08-20T04:53:53","slug":"feuerthalen-migros-und-denner-mieten-in-neuer-ueberbauung","status":"publish","type":"post","link":"https:\/\/www.immobilienbusiness.ch\/en\/regionen\/2024-07-25\/feuerthalen-migros-und-denner-mieten-in-neuer-ueberbauung\/","title":{"rendered":"Feuerthalen: Migros and Denner rent in new development"},"content":{"rendered":"<figure id=\"attachment_58162\" aria-describedby=\"caption-attachment-58162\" style=\"width: 579px\" class=\"wp-caption alignnone\"><a href=\"https:\/\/www.immobilienbusiness.ch\/wp-content\/uploads\/2024\/07\/Langwiesen-Migros.png\"><img loading=\"lazy\" decoding=\"async\" class=\"wp-image-58162 size-full\" src=\"https:\/\/www.immobilienbusiness.ch\/wp-content\/uploads\/2024\/07\/Langwiesen-Migros.png\" alt=\"Migros Denner Filialen Feuerthalen 2026\" width=\"579\" height=\"275\" srcset=\"https:\/\/www.immobilienbusiness.ch\/wp-content\/uploads\/2024\/07\/Langwiesen-Migros.png 579w, https:\/\/www.immobilienbusiness.ch\/wp-content\/uploads\/2024\/07\/Langwiesen-Migros-300x142.png 300w, https:\/\/www.immobilienbusiness.ch\/wp-content\/uploads\/2024\/07\/Langwiesen-Migros-18x9.png 18w, https:\/\/www.immobilienbusiness.ch\/wp-content\/uploads\/2024\/07\/Langwiesen-Migros-375x178.png 375w\" sizes=\"auto, (max-width: 579px) 100vw, 579px\" \/><\/a><figcaption id=\"caption-attachment-58162\" class=\"wp-caption-text\">Migros and Denner plan to open their new stores in Feuerthalen in the first quarter of 2026 (Image: Migros Ostschweiz)<\/figcaption><\/figure>\n<p>Migros Ostschweiz is planning to build a supermarket on Hauptstrasse in Langwiesen, a village in the municipality of Feuerthalen (ZH). Denner is also moving into the new development with a branch. The developer is Lawisa AG, which is also building 16 apartments on the upper floors, according to local media. The Migros store on the first floor of the building will cover 470 square meters and the Denner store 430 square meters. The \"Im Dorf West\" development is located on Hauptstrasse. The property has 45 parking spaces at ground level and a further ten in the underground garage.<\/p>\n<p>Lawisa AG began demolishing the existing buildings in spring 2024, with shell construction scheduled to begin in fall 2024. Migros Ostschweiz will submit its application for the interior fit-out in late fall 2024. If the approval process and construction work go according to plan, Denner and Migros will open their stores in the first quarter of 2026. <em>(aw)<\/em><\/p>","protected":false},"excerpt":{"rendered":"<p>A development with apartments and 900 square meters of retail space is being built in the municipality in the canton of Zurich.<\/p>","protected":false},"author":102,"featured_media":58162,"comment_status":"closed","ping_status":"closed","sticky":false,"template":"","format":"standard","meta":{"_acf_changed":false,"_yoast_wpseo_focuskw":"Migros Denner Filialen Feuerthalen 2026","_yoast_wpseo_title":"","_yoast_wpseo_metadesc":"Migros und Denner er\u00f6ffnen im 1. Quartal 2026 neue Filialen in Feuerthalen. 45 Parkpl\u00e4tze und 16 Wohnungen sind geplant.","_yoast_wpseo_linkdex":52,"pgc_sgb_lightbox_settings":"","footnotes":""},"categories":[985],"tags":[2333,3310,3716,1493,1599,1643,1832,2109],"class_list":["post-58161","post","type-post","status-publish","format-standard","has-post-thumbnail","hentry","category-regionen","tag-denner","tag-feuerthalen","tag-lawisa-ag","tag-migros","tag-projekt-in-bau","tag-retail","tag-vermietung","tag-wohnungen"],"acf":[],"yoast_head":"<!-- This site is optimized with the Yoast SEO plugin v27.4 - https:\/\/yoast.com\/product\/yoast-seo-wordpress\/ -->\n<title>Feuerthalen: Migros und Denner mieten in neuer \u00dcberbauung - IMMOBILIEN Business<\/title>\n<meta name=\"description\" content=\"Migros und Denner er\u00f6ffnen im 1. Quartal 2026 neue Filialen in Feuerthalen. 45 Parkpl\u00e4tze und 16 Wohnungen sind geplant.\" \/>\n<meta name=\"robots\" content=\"index, follow, max-snippet:-1, max-image-preview:large, max-video-preview:-1\" \/>\n<link rel=\"canonical\" href=\"https:\/\/www.immobilienbusiness.ch\/en\/regionen\/2024-07-25\/feuerthalen-migros-und-denner-mieten-in-neuer-ueberbauung\/\" \/>\n<meta property=\"og:locale\" content=\"en_US\" \/>\n<meta property=\"og:type\" content=\"article\" \/>\n<meta property=\"og:title\" content=\"Feuerthalen: Migros und Denner mieten in neuer \u00dcberbauung - IMMOBILIEN Business\" \/>\n<meta property=\"og:description\" content=\"Migros und Denner er\u00f6ffnen im 1. Quartal 2026 neue Filialen in Feuerthalen. 45 Parkpl\u00e4tze und 16 Wohnungen sind geplant.\" \/>\n<meta property=\"og:url\" content=\"https:\/\/www.immobilienbusiness.ch\/en\/regionen\/2024-07-25\/feuerthalen-migros-und-denner-mieten-in-neuer-ueberbauung\/\" \/>\n<meta property=\"og:site_name\" content=\"IMMOBILIEN Business\" \/>\n<meta property=\"article:publisher\" content=\"https:\/\/www.facebook.com\/immobilienbusiness\/\" \/>\n<meta property=\"article:published_time\" content=\"2024-07-25T05:00:28+00:00\" \/>\n<meta property=\"article:modified_time\" content=\"2024-08-20T04:53:53+00:00\" \/>\n<meta property=\"og:image\" content=\"https:\/\/www.immobilienbusiness.ch\/wp-content\/uploads\/2024\/07\/Langwiesen-Migros.png\" \/>\n\t<meta property=\"og:image:width\" content=\"579\" \/>\n\t<meta property=\"og:image:height\" content=\"275\" \/>\n\t<meta property=\"og:image:type\" content=\"image\/png\" \/>\n<meta name=\"author\" content=\"Alexander Wachter\" \/>\n<meta name=\"twitter:card\" content=\"summary_large_image\" \/>\n<script type=\"application\/ld+json\" class=\"yoast-schema-graph\">{\"@context\":\"https:\\\/\\\/schema.org\",\"@graph\":[{\"@type\":\"Article\",\"@id\":\"https:\\\/\\\/www.immobilienbusiness.ch\\\/de\\\/regionen\\\/2024-07-25\\\/feuerthalen-migros-und-denner-mieten-in-neuer-ueberbauung\\\/#article\",\"isPartOf\":{\"@id\":\"https:\\\/\\\/www.immobilienbusiness.ch\\\/de\\\/regionen\\\/2024-07-25\\\/feuerthalen-migros-und-denner-mieten-in-neuer-ueberbauung\\\/\"},\"author\":{\"name\":\"Alexander Wachter\",\"@id\":\"https:\\\/\\\/www.immobilienbusiness.ch\\\/#\\\/schema\\\/person\\\/aba8bea2db926aa0c24c08c43fe1fcd5\"},\"headline\":\"Feuerthalen: Migros und Denner mieten in neuer \u00dcberbauung\",\"datePublished\":\"2024-07-25T05:00:28+00:00\",\"dateModified\":\"2024-08-20T04:53:53+00:00\",\"mainEntityOfPage\":{\"@id\":\"https:\\\/\\\/www.immobilienbusiness.ch\\\/de\\\/regionen\\\/2024-07-25\\\/feuerthalen-migros-und-denner-mieten-in-neuer-ueberbauung\\\/\"},\"wordCount\":170,\"publisher\":{\"@id\":\"https:\\\/\\\/www.immobilienbusiness.ch\\\/#organization\"},\"image\":{\"@id\":\"https:\\\/\\\/www.immobilienbusiness.ch\\\/de\\\/regionen\\\/2024-07-25\\\/feuerthalen-migros-und-denner-mieten-in-neuer-ueberbauung\\\/#primaryimage\"},\"thumbnailUrl\":\"https:\\\/\\\/www.immobilienbusiness.ch\\\/wp-content\\\/uploads\\\/2024\\\/07\\\/Langwiesen-Migros.png\",\"keywords\":[\"Denner\",\"Feuerthalen\",\"Lawisa AG\",\"Migros\",\"Projekt in Bau\",\"Retail\",\"Vermietung\",\"Wohnungen\"],\"articleSection\":[\"REGIONEN\"],\"inLanguage\":\"en-US\"},{\"@type\":\"WebPage\",\"@id\":\"https:\\\/\\\/www.immobilienbusiness.ch\\\/de\\\/regionen\\\/2024-07-25\\\/feuerthalen-migros-und-denner-mieten-in-neuer-ueberbauung\\\/\",\"url\":\"https:\\\/\\\/www.immobilienbusiness.ch\\\/de\\\/regionen\\\/2024-07-25\\\/feuerthalen-migros-und-denner-mieten-in-neuer-ueberbauung\\\/\",\"name\":\"Feuerthalen: Migros und Denner mieten in neuer \u00dcberbauung - IMMOBILIEN Business\",\"isPartOf\":{\"@id\":\"https:\\\/\\\/www.immobilienbusiness.ch\\\/#website\"},\"primaryImageOfPage\":{\"@id\":\"https:\\\/\\\/www.immobilienbusiness.ch\\\/de\\\/regionen\\\/2024-07-25\\\/feuerthalen-migros-und-denner-mieten-in-neuer-ueberbauung\\\/#primaryimage\"},\"image\":{\"@id\":\"https:\\\/\\\/www.immobilienbusiness.ch\\\/de\\\/regionen\\\/2024-07-25\\\/feuerthalen-migros-und-denner-mieten-in-neuer-ueberbauung\\\/#primaryimage\"},\"thumbnailUrl\":\"https:\\\/\\\/www.immobilienbusiness.ch\\\/wp-content\\\/uploads\\\/2024\\\/07\\\/Langwiesen-Migros.png\",\"datePublished\":\"2024-07-25T05:00:28+00:00\",\"dateModified\":\"2024-08-20T04:53:53+00:00\",\"description\":\"Migros und Denner er\u00f6ffnen im 1. Quartal 2026 neue Filialen in Feuerthalen. 45 Parkpl\u00e4tze und 16 Wohnungen sind geplant.\",\"breadcrumb\":{\"@id\":\"https:\\\/\\\/www.immobilienbusiness.ch\\\/de\\\/regionen\\\/2024-07-25\\\/feuerthalen-migros-und-denner-mieten-in-neuer-ueberbauung\\\/#breadcrumb\"},\"inLanguage\":\"en-US\",\"potentialAction\":[{\"@type\":\"ReadAction\",\"target\":[\"https:\\\/\\\/www.immobilienbusiness.ch\\\/de\\\/regionen\\\/2024-07-25\\\/feuerthalen-migros-und-denner-mieten-in-neuer-ueberbauung\\\/\"]}]},{\"@type\":\"ImageObject\",\"inLanguage\":\"en-US\",\"@id\":\"https:\\\/\\\/www.immobilienbusiness.ch\\\/de\\\/regionen\\\/2024-07-25\\\/feuerthalen-migros-und-denner-mieten-in-neuer-ueberbauung\\\/#primaryimage\",\"url\":\"https:\\\/\\\/www.immobilienbusiness.ch\\\/wp-content\\\/uploads\\\/2024\\\/07\\\/Langwiesen-Migros.png\",\"contentUrl\":\"https:\\\/\\\/www.immobilienbusiness.ch\\\/wp-content\\\/uploads\\\/2024\\\/07\\\/Langwiesen-Migros.png\",\"width\":579,\"height\":275,\"caption\":\"Migros und Denner wollen im 1. Quartal 2026 ihre neuen Filialen in Feuerthalen er\u00f6ffnen (Bild: Migros Ostschweiz)\"},{\"@type\":\"BreadcrumbList\",\"@id\":\"https:\\\/\\\/www.immobilienbusiness.ch\\\/de\\\/regionen\\\/2024-07-25\\\/feuerthalen-migros-und-denner-mieten-in-neuer-ueberbauung\\\/#breadcrumb\",\"itemListElement\":[{\"@type\":\"ListItem\",\"position\":1,\"name\":\"Home\",\"item\":\"https:\\\/\\\/www.immobilienbusiness.ch\\\/\"},{\"@type\":\"ListItem\",\"position\":2,\"name\":\"Feuerthalen: Migros und Denner mieten in neuer \u00dcberbauung\"}]},{\"@type\":\"WebSite\",\"@id\":\"https:\\\/\\\/www.immobilienbusiness.ch\\\/#website\",\"url\":\"https:\\\/\\\/www.immobilienbusiness.ch\\\/\",\"name\":\"IMMOBILIEN Business\",\"description\":\"Unabh\u00e4ngiges Schweizer Wirtschaftsmagazin mit Fokus auf Immobilien, Architektur- und Bau sowie Investment- und Finanzierung.\",\"publisher\":{\"@id\":\"https:\\\/\\\/www.immobilienbusiness.ch\\\/#organization\"},\"potentialAction\":[{\"@type\":\"SearchAction\",\"target\":{\"@type\":\"EntryPoint\",\"urlTemplate\":\"https:\\\/\\\/www.immobilienbusiness.ch\\\/?s={search_term_string}\"},\"query-input\":{\"@type\":\"PropertyValueSpecification\",\"valueRequired\":true,\"valueName\":\"search_term_string\"}}],\"inLanguage\":\"en-US\"},{\"@type\":\"Organization\",\"@id\":\"https:\\\/\\\/www.immobilienbusiness.ch\\\/#organization\",\"name\":\"IMMOBILIEN Business\",\"url\":\"https:\\\/\\\/www.immobilienbusiness.ch\\\/\",\"logo\":{\"@type\":\"ImageObject\",\"inLanguage\":\"en-US\",\"@id\":\"https:\\\/\\\/www.immobilienbusiness.ch\\\/#\\\/schema\\\/logo\\\/image\\\/\",\"url\":\"https:\\\/\\\/www.immobilienbusiness.ch\\\/wp-content\\\/uploads\\\/2021\\\/07\\\/logo_ib.png\",\"contentUrl\":\"https:\\\/\\\/www.immobilienbusiness.ch\\\/wp-content\\\/uploads\\\/2021\\\/07\\\/logo_ib.png\",\"width\":800,\"height\":181,\"caption\":\"IMMOBILIEN Business\"},\"image\":{\"@id\":\"https:\\\/\\\/www.immobilienbusiness.ch\\\/#\\\/schema\\\/logo\\\/image\\\/\"},\"sameAs\":[\"https:\\\/\\\/www.facebook.com\\\/immobilienbusiness\\\/\"]},{\"@type\":\"Person\",\"@id\":\"https:\\\/\\\/www.immobilienbusiness.ch\\\/#\\\/schema\\\/person\\\/aba8bea2db926aa0c24c08c43fe1fcd5\",\"name\":\"Alexander Wachter\",\"image\":{\"@type\":\"ImageObject\",\"inLanguage\":\"en-US\",\"@id\":\"https:\\\/\\\/secure.gravatar.com\\\/avatar\\\/1a09e471f5389b0e0a6416eac287e0927c7c97a7b77f9e787eba3af7aee281dd?s=96&d=mm&r=g\",\"url\":\"https:\\\/\\\/secure.gravatar.com\\\/avatar\\\/1a09e471f5389b0e0a6416eac287e0927c7c97a7b77f9e787eba3af7aee281dd?s=96&d=mm&r=g\",\"contentUrl\":\"https:\\\/\\\/secure.gravatar.com\\\/avatar\\\/1a09e471f5389b0e0a6416eac287e0927c7c97a7b77f9e787eba3af7aee281dd?s=96&d=mm&r=g\",\"caption\":\"Alexander Wachter\"},\"url\":\"https:\\\/\\\/www.immobilienbusiness.ch\\\/en\\\/author\\\/alexander-wachter\\\/\"}]}<\/script>\n<!-- \/ Yoast SEO plugin. -->","yoast_head_json":{"title":"Feuerthalen: Migros und Denner mieten in neuer \u00dcberbauung - IMMOBILIEN Business","description":"Migros und Denner er\u00f6ffnen im 1. Quartal 2026 neue Filialen in Feuerthalen. 45 Parkpl\u00e4tze und 16 Wohnungen sind geplant.","robots":{"index":"index","follow":"follow","max-snippet":"max-snippet:-1","max-image-preview":"max-image-preview:large","max-video-preview":"max-video-preview:-1"},"canonical":"https:\/\/www.immobilienbusiness.ch\/en\/regionen\/2024-07-25\/feuerthalen-migros-und-denner-mieten-in-neuer-ueberbauung\/","og_locale":"en_US","og_type":"article","og_title":"Feuerthalen: Migros und Denner mieten in neuer \u00dcberbauung - IMMOBILIEN Business","og_description":"Migros und Denner er\u00f6ffnen im 1. Quartal 2026 neue Filialen in Feuerthalen. 45 Parkpl\u00e4tze und 16 Wohnungen sind geplant.","og_url":"https:\/\/www.immobilienbusiness.ch\/en\/regionen\/2024-07-25\/feuerthalen-migros-und-denner-mieten-in-neuer-ueberbauung\/","og_site_name":"IMMOBILIEN Business","article_publisher":"https:\/\/www.facebook.com\/immobilienbusiness\/","article_published_time":"2024-07-25T05:00:28+00:00","article_modified_time":"2024-08-20T04:53:53+00:00","og_image":[{"width":579,"height":275,"url":"https:\/\/www.immobilienbusiness.ch\/wp-content\/uploads\/2024\/07\/Langwiesen-Migros.png","type":"image\/png"}],"author":"Alexander Wachter","twitter_card":"summary_large_image","schema":{"@context":"https:\/\/schema.org","@graph":[{"@type":"Article","@id":"https:\/\/www.immobilienbusiness.ch\/de\/regionen\/2024-07-25\/feuerthalen-migros-und-denner-mieten-in-neuer-ueberbauung\/#article","isPartOf":{"@id":"https:\/\/www.immobilienbusiness.ch\/de\/regionen\/2024-07-25\/feuerthalen-migros-und-denner-mieten-in-neuer-ueberbauung\/"},"author":{"name":"Alexander Wachter","@id":"https:\/\/www.immobilienbusiness.ch\/#\/schema\/person\/aba8bea2db926aa0c24c08c43fe1fcd5"},"headline":"Feuerthalen: Migros und Denner mieten in neuer \u00dcberbauung","datePublished":"2024-07-25T05:00:28+00:00","dateModified":"2024-08-20T04:53:53+00:00","mainEntityOfPage":{"@id":"https:\/\/www.immobilienbusiness.ch\/de\/regionen\/2024-07-25\/feuerthalen-migros-und-denner-mieten-in-neuer-ueberbauung\/"},"wordCount":170,"publisher":{"@id":"https:\/\/www.immobilienbusiness.ch\/#organization"},"image":{"@id":"https:\/\/www.immobilienbusiness.ch\/de\/regionen\/2024-07-25\/feuerthalen-migros-und-denner-mieten-in-neuer-ueberbauung\/#primaryimage"},"thumbnailUrl":"https:\/\/www.immobilienbusiness.ch\/wp-content\/uploads\/2024\/07\/Langwiesen-Migros.png","keywords":["Denner","Feuerthalen","Lawisa AG","Migros","Projekt in Bau","Retail","Vermietung","Wohnungen"],"articleSection":["REGIONEN"],"inLanguage":"en-US"},{"@type":"WebPage","@id":"https:\/\/www.immobilienbusiness.ch\/de\/regionen\/2024-07-25\/feuerthalen-migros-und-denner-mieten-in-neuer-ueberbauung\/","url":"https:\/\/www.immobilienbusiness.ch\/de\/regionen\/2024-07-25\/feuerthalen-migros-und-denner-mieten-in-neuer-ueberbauung\/","name":"Feuerthalen: Migros und Denner mieten in neuer \u00dcberbauung - IMMOBILIEN Business","isPartOf":{"@id":"https:\/\/www.immobilienbusiness.ch\/#website"},"primaryImageOfPage":{"@id":"https:\/\/www.immobilienbusiness.ch\/de\/regionen\/2024-07-25\/feuerthalen-migros-und-denner-mieten-in-neuer-ueberbauung\/#primaryimage"},"image":{"@id":"https:\/\/www.immobilienbusiness.ch\/de\/regionen\/2024-07-25\/feuerthalen-migros-und-denner-mieten-in-neuer-ueberbauung\/#primaryimage"},"thumbnailUrl":"https:\/\/www.immobilienbusiness.ch\/wp-content\/uploads\/2024\/07\/Langwiesen-Migros.png","datePublished":"2024-07-25T05:00:28+00:00","dateModified":"2024-08-20T04:53:53+00:00","description":"Migros und Denner er\u00f6ffnen im 1. Quartal 2026 neue Filialen in Feuerthalen. 45 Parkpl\u00e4tze und 16 Wohnungen sind geplant.","breadcrumb":{"@id":"https:\/\/www.immobilienbusiness.ch\/de\/regionen\/2024-07-25\/feuerthalen-migros-und-denner-mieten-in-neuer-ueberbauung\/#breadcrumb"},"inLanguage":"en-US","potentialAction":[{"@type":"ReadAction","target":["https:\/\/www.immobilienbusiness.ch\/de\/regionen\/2024-07-25\/feuerthalen-migros-und-denner-mieten-in-neuer-ueberbauung\/"]}]},{"@type":"ImageObject","inLanguage":"en-US","@id":"https:\/\/www.immobilienbusiness.ch\/de\/regionen\/2024-07-25\/feuerthalen-migros-und-denner-mieten-in-neuer-ueberbauung\/#primaryimage","url":"https:\/\/www.immobilienbusiness.ch\/wp-content\/uploads\/2024\/07\/Langwiesen-Migros.png","contentUrl":"https:\/\/www.immobilienbusiness.ch\/wp-content\/uploads\/2024\/07\/Langwiesen-Migros.png","width":579,"height":275,"caption":"Migros und Denner wollen im 1. Quartal 2026 ihre neuen Filialen in Feuerthalen er\u00f6ffnen (Bild: Migros Ostschweiz)"},{"@type":"BreadcrumbList","@id":"https:\/\/www.immobilienbusiness.ch\/de\/regionen\/2024-07-25\/feuerthalen-migros-und-denner-mieten-in-neuer-ueberbauung\/#breadcrumb","itemListElement":[{"@type":"ListItem","position":1,"name":"Home","item":"https:\/\/www.immobilienbusiness.ch\/"},{"@type":"ListItem","position":2,"name":"Feuerthalen: Migros und Denner mieten in neuer \u00dcberbauung"}]},{"@type":"WebSite","@id":"https:\/\/www.immobilienbusiness.ch\/#website","url":"https:\/\/www.immobilienbusiness.ch\/","name":"REAL ESTATE Business","description":"Independent Swiss business magazine focusing on real estate, architecture and construction as well as investment and financing.","publisher":{"@id":"https:\/\/www.immobilienbusiness.ch\/#organization"},"potentialAction":[{"@type":"SearchAction","target":{"@type":"EntryPoint","urlTemplate":"https:\/\/www.immobilienbusiness.ch\/?s={search_term_string}"},"query-input":{"@type":"PropertyValueSpecification","valueRequired":true,"valueName":"search_term_string"}}],"inLanguage":"en-US"},{"@type":"Organization","@id":"https:\/\/www.immobilienbusiness.ch\/#organization","name":"REAL ESTATE Business","url":"https:\/\/www.immobilienbusiness.ch\/","logo":{"@type":"ImageObject","inLanguage":"en-US","@id":"https:\/\/www.immobilienbusiness.ch\/#\/schema\/logo\/image\/","url":"https:\/\/www.immobilienbusiness.ch\/wp-content\/uploads\/2021\/07\/logo_ib.png","contentUrl":"https:\/\/www.immobilienbusiness.ch\/wp-content\/uploads\/2021\/07\/logo_ib.png","width":800,"height":181,"caption":"IMMOBILIEN Business"},"image":{"@id":"https:\/\/www.immobilienbusiness.ch\/#\/schema\/logo\/image\/"},"sameAs":["https:\/\/www.facebook.com\/immobilienbusiness\/"]},{"@type":"Person","@id":"https:\/\/www.immobilienbusiness.ch\/#\/schema\/person\/aba8bea2db926aa0c24c08c43fe1fcd5","name":"Alexander Wachter","image":{"@type":"ImageObject","inLanguage":"en-US","@id":"https:\/\/secure.gravatar.com\/avatar\/1a09e471f5389b0e0a6416eac287e0927c7c97a7b77f9e787eba3af7aee281dd?s=96&d=mm&r=g","url":"https:\/\/secure.gravatar.com\/avatar\/1a09e471f5389b0e0a6416eac287e0927c7c97a7b77f9e787eba3af7aee281dd?s=96&d=mm&r=g","contentUrl":"https:\/\/secure.gravatar.com\/avatar\/1a09e471f5389b0e0a6416eac287e0927c7c97a7b77f9e787eba3af7aee281dd?s=96&d=mm&r=g","caption":"Alexander Wachter"},"url":"https:\/\/www.immobilienbusiness.ch\/en\/author\/alexander-wachter\/"}]}},"_links":{"self":[{"href":"https:\/\/www.immobilienbusiness.ch\/en\/wp-json\/wp\/v2\/posts\/58161","targetHints":{"allow":["GET"]}}],"collection":[{"href":"https:\/\/www.immobilienbusiness.ch\/en\/wp-json\/wp\/v2\/posts"}],"about":[{"href":"https:\/\/www.immobilienbusiness.ch\/en\/wp-json\/wp\/v2\/types\/post"}],"author":[{"embeddable":true,"href":"https:\/\/www.immobilienbusiness.ch\/en\/wp-json\/wp\/v2\/users\/102"}],"replies":[{"embeddable":true,"href":"https:\/\/www.immobilienbusiness.ch\/en\/wp-json\/wp\/v2\/comments?post=58161"}],"version-history":[{"count":2,"href":"https:\/\/www.immobilienbusiness.ch\/en\/wp-json\/wp\/v2\/posts\/58161\/revisions"}],"predecessor-version":[{"id":58565,"href":"https:\/\/www.immobilienbusiness.ch\/en\/wp-json\/wp\/v2\/posts\/58161\/revisions\/58565"}],"wp:featuredmedia":[{"embeddable":true,"href":"https:\/\/www.immobilienbusiness.ch\/en\/wp-json\/wp\/v2\/media\/58162"}],"wp:attachment":[{"href":"https:\/\/www.immobilienbusiness.ch\/en\/wp-json\/wp\/v2\/media?parent=58161"}],"wp:term":[{"taxonomy":"category","embeddable":true,"href":"https:\/\/www.immobilienbusiness.ch\/en\/wp-json\/wp\/v2\/categories?post=58161"},{"taxonomy":"post_tag","embeddable":true,"href":"https:\/\/www.immobilienbusiness.ch\/en\/wp-json\/wp\/v2\/tags?post=58161"}],"curies":[{"name":"wp","href":"https:\/\/api.w.org\/{rel}","templated":true}]}}