{"id":57908,"date":"2024-07-10T07:35:28","date_gmt":"2024-07-10T05:35:28","guid":{"rendered":"https:\/\/www.immobilienbusiness.ch\/?p=57908"},"modified":"2024-08-20T07:31:00","modified_gmt":"2024-08-20T05:31:00","slug":"zuerich-longines-zieht-in-die-bahnhofstrasse-65","status":"publish","type":"post","link":"https:\/\/www.immobilienbusiness.ch\/en\/regionen\/2024-07-10\/zuerich-longines-zieht-in-die-bahnhofstrasse-65\/","title":{"rendered":"Zurich: Longines moves to Bahnhofstrasse 65"},"content":{"rendered":"<figure id=\"attachment_57909\" aria-describedby=\"caption-attachment-57909\" style=\"width: 1200px\" class=\"wp-caption alignnone\"><a href=\"https:\/\/www.immobilienbusiness.ch\/wp-content\/uploads\/2024\/07\/MM_SPGI_Bahnhofstrasse651-scaled.jpeg\"><img loading=\"lazy\" decoding=\"async\" class=\"wp-image-57909 size-full\" src=\"https:\/\/www.immobilienbusiness.ch\/wp-content\/uploads\/2024\/07\/MM_SPGI_Bahnhofstrasse651-scaled.jpeg\" alt=\"Bahnhofstrasse \" width=\"1200\" height=\"619\" srcset=\"https:\/\/www.immobilienbusiness.ch\/wp-content\/uploads\/2024\/07\/MM_SPGI_Bahnhofstrasse651-scaled.jpeg 1200w, https:\/\/www.immobilienbusiness.ch\/wp-content\/uploads\/2024\/07\/MM_SPGI_Bahnhofstrasse651-300x155.jpeg 300w, https:\/\/www.immobilienbusiness.ch\/wp-content\/uploads\/2024\/07\/MM_SPGI_Bahnhofstrasse651-1024x528.jpeg 1024w, https:\/\/www.immobilienbusiness.ch\/wp-content\/uploads\/2024\/07\/MM_SPGI_Bahnhofstrasse651-768x396.jpeg 768w, https:\/\/www.immobilienbusiness.ch\/wp-content\/uploads\/2024\/07\/MM_SPGI_Bahnhofstrasse651-18x9.jpeg 18w, https:\/\/www.immobilienbusiness.ch\/wp-content\/uploads\/2024\/07\/MM_SPGI_Bahnhofstrasse651-375x193.jpeg 375w, https:\/\/www.immobilienbusiness.ch\/wp-content\/uploads\/2024\/07\/MM_SPGI_Bahnhofstrasse651-679x350.jpeg 679w, https:\/\/www.immobilienbusiness.ch\/wp-content\/uploads\/2024\/07\/MM_SPGI_Bahnhofstrasse651-1000x516.jpeg 1000w\" sizes=\"auto, (max-width: 1200px) 100vw, 1200px\" \/><\/a><figcaption id=\"caption-attachment-57909\" class=\"wp-caption-text\">Bahnhofstrasse 65 (Image: SPGI Zurich)<\/figcaption><\/figure>\n<p>SPGI Zurich has secured the watch brand Longines as a new tenant for the retail space at Bahnhofstrasse 65. The 378 square meter retail space extends over two floors with a gallery and newly glazed orangery. SPGI Zurich was commissioned by the owner to find a tenant. This is the first Zurich store of its own for the world's oldest registered watch brand. The move is scheduled for spring 2025.<\/p>\n<p>The Bahnhofstrasse property is currently being modernized by the client Credit Suisse Investment Foundation. In addition to retail space, the building will also include offices and apartments. <em>(aw)<\/em><\/p>","protected":false},"excerpt":{"rendered":"<p>A traditional watch brand will open its first Zurich store at this exclusive address next year. SPGI Zurich was commissioned to find the tenant.<\/p>","protected":false},"author":102,"featured_media":57909,"comment_status":"closed","ping_status":"closed","sticky":false,"template":"","format":"standard","meta":{"_acf_changed":false,"_yoast_wpseo_focuskw":"Bahnhofstrasse","_yoast_wpseo_title":"","_yoast_wpseo_metadesc":"Longines er\u00f6ffnet im Fr\u00fchjahr 2025 eine neue Boutique an der Z\u00fcrcher Bahnhofstrasse. Die Uhrenmarke bezieht eine 378 qm gro\u00dfe Fl\u00e4che \u00fcber zwei Etagen.","_yoast_wpseo_linkdex":47,"pgc_sgb_lightbox_settings":"","footnotes":""},"categories":[985],"tags":[3695,1643,2016,1832,1888],"class_list":["post-57908","post","type-post","status-publish","format-standard","has-post-thumbnail","hentry","category-regionen","tag-longines","tag-retail","tag-spgi-zurich","tag-vermietung","tag-zuerich"],"acf":[],"yoast_head":"<!-- This site is optimized with the Yoast SEO plugin v27.4 - https:\/\/yoast.com\/product\/yoast-seo-wordpress\/ -->\n<title>Z\u00fcrich: Longines zieht in die Bahnhofstrasse 65 - IMMOBILIEN Business<\/title>\n<meta name=\"description\" content=\"Longines er\u00f6ffnet im Fr\u00fchjahr 2025 eine neue Boutique an der Z\u00fcrcher Bahnhofstrasse. Die Uhrenmarke bezieht eine 378 qm gro\u00dfe Fl\u00e4che \u00fcber zwei Etagen.\" \/>\n<meta name=\"robots\" content=\"index, follow, max-snippet:-1, max-image-preview:large, max-video-preview:-1\" \/>\n<link rel=\"canonical\" href=\"https:\/\/www.immobilienbusiness.ch\/en\/regionen\/2024-07-10\/zuerich-longines-zieht-in-die-bahnhofstrasse-65\/\" \/>\n<meta property=\"og:locale\" content=\"en_US\" \/>\n<meta property=\"og:type\" content=\"article\" \/>\n<meta property=\"og:title\" content=\"Z\u00fcrich: Longines zieht in die Bahnhofstrasse 65 - IMMOBILIEN Business\" \/>\n<meta property=\"og:description\" content=\"Longines er\u00f6ffnet im Fr\u00fchjahr 2025 eine neue Boutique an der Z\u00fcrcher Bahnhofstrasse. Die Uhrenmarke bezieht eine 378 qm gro\u00dfe Fl\u00e4che \u00fcber zwei Etagen.\" \/>\n<meta property=\"og:url\" content=\"https:\/\/www.immobilienbusiness.ch\/en\/regionen\/2024-07-10\/zuerich-longines-zieht-in-die-bahnhofstrasse-65\/\" \/>\n<meta property=\"og:site_name\" content=\"IMMOBILIEN Business\" \/>\n<meta property=\"article:publisher\" content=\"https:\/\/www.facebook.com\/immobilienbusiness\/\" \/>\n<meta property=\"article:published_time\" content=\"2024-07-10T05:35:28+00:00\" \/>\n<meta property=\"article:modified_time\" content=\"2024-08-20T05:31:00+00:00\" \/>\n<meta property=\"og:image\" content=\"https:\/\/www.immobilienbusiness.ch\/wp-content\/uploads\/2024\/07\/MM_SPGI_Bahnhofstrasse651-scaled.jpeg\" \/>\n\t<meta property=\"og:image:width\" content=\"1200\" \/>\n\t<meta property=\"og:image:height\" content=\"619\" \/>\n\t<meta property=\"og:image:type\" content=\"image\/jpeg\" \/>\n<meta name=\"author\" content=\"Alexander Wachter\" \/>\n<meta name=\"twitter:card\" content=\"summary_large_image\" \/>\n<script type=\"application\/ld+json\" class=\"yoast-schema-graph\">{\"@context\":\"https:\\\/\\\/schema.org\",\"@graph\":[{\"@type\":\"Article\",\"@id\":\"https:\\\/\\\/www.immobilienbusiness.ch\\\/de\\\/regionen\\\/2024-07-10\\\/zuerich-longines-zieht-in-die-bahnhofstrasse-65\\\/#article\",\"isPartOf\":{\"@id\":\"https:\\\/\\\/www.immobilienbusiness.ch\\\/de\\\/regionen\\\/2024-07-10\\\/zuerich-longines-zieht-in-die-bahnhofstrasse-65\\\/\"},\"author\":{\"name\":\"Alexander Wachter\",\"@id\":\"https:\\\/\\\/www.immobilienbusiness.ch\\\/#\\\/schema\\\/person\\\/aba8bea2db926aa0c24c08c43fe1fcd5\"},\"headline\":\"Z\u00fcrich: Longines zieht in die Bahnhofstrasse 65\",\"datePublished\":\"2024-07-10T05:35:28+00:00\",\"dateModified\":\"2024-08-20T05:31:00+00:00\",\"mainEntityOfPage\":{\"@id\":\"https:\\\/\\\/www.immobilienbusiness.ch\\\/de\\\/regionen\\\/2024-07-10\\\/zuerich-longines-zieht-in-die-bahnhofstrasse-65\\\/\"},\"wordCount\":120,\"publisher\":{\"@id\":\"https:\\\/\\\/www.immobilienbusiness.ch\\\/#organization\"},\"image\":{\"@id\":\"https:\\\/\\\/www.immobilienbusiness.ch\\\/de\\\/regionen\\\/2024-07-10\\\/zuerich-longines-zieht-in-die-bahnhofstrasse-65\\\/#primaryimage\"},\"thumbnailUrl\":\"https:\\\/\\\/www.immobilienbusiness.ch\\\/wp-content\\\/uploads\\\/2024\\\/07\\\/MM_SPGI_Bahnhofstrasse651-scaled.jpeg\",\"keywords\":[\"Longines\",\"Retail\",\"SPGI Zurich\",\"Vermietung\",\"Z\u00fcrich\"],\"articleSection\":[\"REGIONEN\"],\"inLanguage\":\"en-US\"},{\"@type\":\"WebPage\",\"@id\":\"https:\\\/\\\/www.immobilienbusiness.ch\\\/de\\\/regionen\\\/2024-07-10\\\/zuerich-longines-zieht-in-die-bahnhofstrasse-65\\\/\",\"url\":\"https:\\\/\\\/www.immobilienbusiness.ch\\\/de\\\/regionen\\\/2024-07-10\\\/zuerich-longines-zieht-in-die-bahnhofstrasse-65\\\/\",\"name\":\"Z\u00fcrich: Longines zieht in die Bahnhofstrasse 65 - IMMOBILIEN Business\",\"isPartOf\":{\"@id\":\"https:\\\/\\\/www.immobilienbusiness.ch\\\/#website\"},\"primaryImageOfPage\":{\"@id\":\"https:\\\/\\\/www.immobilienbusiness.ch\\\/de\\\/regionen\\\/2024-07-10\\\/zuerich-longines-zieht-in-die-bahnhofstrasse-65\\\/#primaryimage\"},\"image\":{\"@id\":\"https:\\\/\\\/www.immobilienbusiness.ch\\\/de\\\/regionen\\\/2024-07-10\\\/zuerich-longines-zieht-in-die-bahnhofstrasse-65\\\/#primaryimage\"},\"thumbnailUrl\":\"https:\\\/\\\/www.immobilienbusiness.ch\\\/wp-content\\\/uploads\\\/2024\\\/07\\\/MM_SPGI_Bahnhofstrasse651-scaled.jpeg\",\"datePublished\":\"2024-07-10T05:35:28+00:00\",\"dateModified\":\"2024-08-20T05:31:00+00:00\",\"description\":\"Longines er\u00f6ffnet im Fr\u00fchjahr 2025 eine neue Boutique an der Z\u00fcrcher Bahnhofstrasse. Die Uhrenmarke bezieht eine 378 qm gro\u00dfe Fl\u00e4che \u00fcber zwei Etagen.\",\"breadcrumb\":{\"@id\":\"https:\\\/\\\/www.immobilienbusiness.ch\\\/de\\\/regionen\\\/2024-07-10\\\/zuerich-longines-zieht-in-die-bahnhofstrasse-65\\\/#breadcrumb\"},\"inLanguage\":\"en-US\",\"potentialAction\":[{\"@type\":\"ReadAction\",\"target\":[\"https:\\\/\\\/www.immobilienbusiness.ch\\\/de\\\/regionen\\\/2024-07-10\\\/zuerich-longines-zieht-in-die-bahnhofstrasse-65\\\/\"]}]},{\"@type\":\"ImageObject\",\"inLanguage\":\"en-US\",\"@id\":\"https:\\\/\\\/www.immobilienbusiness.ch\\\/de\\\/regionen\\\/2024-07-10\\\/zuerich-longines-zieht-in-die-bahnhofstrasse-65\\\/#primaryimage\",\"url\":\"https:\\\/\\\/www.immobilienbusiness.ch\\\/wp-content\\\/uploads\\\/2024\\\/07\\\/MM_SPGI_Bahnhofstrasse651-scaled.jpeg\",\"contentUrl\":\"https:\\\/\\\/www.immobilienbusiness.ch\\\/wp-content\\\/uploads\\\/2024\\\/07\\\/MM_SPGI_Bahnhofstrasse651-scaled.jpeg\",\"width\":1200,\"height\":619,\"caption\":\"Die Bahnhofstrasse 65 (Bild: SPGI Zurich)\"},{\"@type\":\"BreadcrumbList\",\"@id\":\"https:\\\/\\\/www.immobilienbusiness.ch\\\/de\\\/regionen\\\/2024-07-10\\\/zuerich-longines-zieht-in-die-bahnhofstrasse-65\\\/#breadcrumb\",\"itemListElement\":[{\"@type\":\"ListItem\",\"position\":1,\"name\":\"Home\",\"item\":\"https:\\\/\\\/www.immobilienbusiness.ch\\\/\"},{\"@type\":\"ListItem\",\"position\":2,\"name\":\"Z\u00fcrich: Longines zieht in die Bahnhofstrasse 65\"}]},{\"@type\":\"WebSite\",\"@id\":\"https:\\\/\\\/www.immobilienbusiness.ch\\\/#website\",\"url\":\"https:\\\/\\\/www.immobilienbusiness.ch\\\/\",\"name\":\"IMMOBILIEN Business\",\"description\":\"Unabh\u00e4ngiges Schweizer Wirtschaftsmagazin mit Fokus auf Immobilien, Architektur- und Bau sowie Investment- und Finanzierung.\",\"publisher\":{\"@id\":\"https:\\\/\\\/www.immobilienbusiness.ch\\\/#organization\"},\"potentialAction\":[{\"@type\":\"SearchAction\",\"target\":{\"@type\":\"EntryPoint\",\"urlTemplate\":\"https:\\\/\\\/www.immobilienbusiness.ch\\\/?s={search_term_string}\"},\"query-input\":{\"@type\":\"PropertyValueSpecification\",\"valueRequired\":true,\"valueName\":\"search_term_string\"}}],\"inLanguage\":\"en-US\"},{\"@type\":\"Organization\",\"@id\":\"https:\\\/\\\/www.immobilienbusiness.ch\\\/#organization\",\"name\":\"IMMOBILIEN Business\",\"url\":\"https:\\\/\\\/www.immobilienbusiness.ch\\\/\",\"logo\":{\"@type\":\"ImageObject\",\"inLanguage\":\"en-US\",\"@id\":\"https:\\\/\\\/www.immobilienbusiness.ch\\\/#\\\/schema\\\/logo\\\/image\\\/\",\"url\":\"https:\\\/\\\/www.immobilienbusiness.ch\\\/wp-content\\\/uploads\\\/2021\\\/07\\\/logo_ib.png\",\"contentUrl\":\"https:\\\/\\\/www.immobilienbusiness.ch\\\/wp-content\\\/uploads\\\/2021\\\/07\\\/logo_ib.png\",\"width\":800,\"height\":181,\"caption\":\"IMMOBILIEN Business\"},\"image\":{\"@id\":\"https:\\\/\\\/www.immobilienbusiness.ch\\\/#\\\/schema\\\/logo\\\/image\\\/\"},\"sameAs\":[\"https:\\\/\\\/www.facebook.com\\\/immobilienbusiness\\\/\"]},{\"@type\":\"Person\",\"@id\":\"https:\\\/\\\/www.immobilienbusiness.ch\\\/#\\\/schema\\\/person\\\/aba8bea2db926aa0c24c08c43fe1fcd5\",\"name\":\"Alexander Wachter\",\"image\":{\"@type\":\"ImageObject\",\"inLanguage\":\"en-US\",\"@id\":\"https:\\\/\\\/secure.gravatar.com\\\/avatar\\\/1a09e471f5389b0e0a6416eac287e0927c7c97a7b77f9e787eba3af7aee281dd?s=96&d=mm&r=g\",\"url\":\"https:\\\/\\\/secure.gravatar.com\\\/avatar\\\/1a09e471f5389b0e0a6416eac287e0927c7c97a7b77f9e787eba3af7aee281dd?s=96&d=mm&r=g\",\"contentUrl\":\"https:\\\/\\\/secure.gravatar.com\\\/avatar\\\/1a09e471f5389b0e0a6416eac287e0927c7c97a7b77f9e787eba3af7aee281dd?s=96&d=mm&r=g\",\"caption\":\"Alexander Wachter\"},\"url\":\"https:\\\/\\\/www.immobilienbusiness.ch\\\/en\\\/author\\\/alexander-wachter\\\/\"}]}<\/script>\n<!-- \/ Yoast SEO plugin. -->","yoast_head_json":{"title":"Zurich: Longines moves to Bahnhofstrasse 65 - IMMOBILIEN Business","description":"Longines is opening a new boutique on Zurich's Bahnhofstrasse in spring 2025. The watch brand will occupy a 378 square meter space over two floors.","robots":{"index":"index","follow":"follow","max-snippet":"max-snippet:-1","max-image-preview":"max-image-preview:large","max-video-preview":"max-video-preview:-1"},"canonical":"https:\/\/www.immobilienbusiness.ch\/en\/regionen\/2024-07-10\/zuerich-longines-zieht-in-die-bahnhofstrasse-65\/","og_locale":"en_US","og_type":"article","og_title":"Z\u00fcrich: Longines zieht in die Bahnhofstrasse 65 - IMMOBILIEN Business","og_description":"Longines er\u00f6ffnet im Fr\u00fchjahr 2025 eine neue Boutique an der Z\u00fcrcher Bahnhofstrasse. Die Uhrenmarke bezieht eine 378 qm gro\u00dfe Fl\u00e4che \u00fcber zwei Etagen.","og_url":"https:\/\/www.immobilienbusiness.ch\/en\/regionen\/2024-07-10\/zuerich-longines-zieht-in-die-bahnhofstrasse-65\/","og_site_name":"IMMOBILIEN Business","article_publisher":"https:\/\/www.facebook.com\/immobilienbusiness\/","article_published_time":"2024-07-10T05:35:28+00:00","article_modified_time":"2024-08-20T05:31:00+00:00","og_image":[{"width":1200,"height":619,"url":"https:\/\/www.immobilienbusiness.ch\/wp-content\/uploads\/2024\/07\/MM_SPGI_Bahnhofstrasse651-scaled.jpeg","type":"image\/jpeg"}],"author":"Alexander Wachter","twitter_card":"summary_large_image","schema":{"@context":"https:\/\/schema.org","@graph":[{"@type":"Article","@id":"https:\/\/www.immobilienbusiness.ch\/de\/regionen\/2024-07-10\/zuerich-longines-zieht-in-die-bahnhofstrasse-65\/#article","isPartOf":{"@id":"https:\/\/www.immobilienbusiness.ch\/de\/regionen\/2024-07-10\/zuerich-longines-zieht-in-die-bahnhofstrasse-65\/"},"author":{"name":"Alexander Wachter","@id":"https:\/\/www.immobilienbusiness.ch\/#\/schema\/person\/aba8bea2db926aa0c24c08c43fe1fcd5"},"headline":"Z\u00fcrich: Longines zieht in die Bahnhofstrasse 65","datePublished":"2024-07-10T05:35:28+00:00","dateModified":"2024-08-20T05:31:00+00:00","mainEntityOfPage":{"@id":"https:\/\/www.immobilienbusiness.ch\/de\/regionen\/2024-07-10\/zuerich-longines-zieht-in-die-bahnhofstrasse-65\/"},"wordCount":120,"publisher":{"@id":"https:\/\/www.immobilienbusiness.ch\/#organization"},"image":{"@id":"https:\/\/www.immobilienbusiness.ch\/de\/regionen\/2024-07-10\/zuerich-longines-zieht-in-die-bahnhofstrasse-65\/#primaryimage"},"thumbnailUrl":"https:\/\/www.immobilienbusiness.ch\/wp-content\/uploads\/2024\/07\/MM_SPGI_Bahnhofstrasse651-scaled.jpeg","keywords":["Longines","Retail","SPGI Zurich","Vermietung","Z\u00fcrich"],"articleSection":["REGIONEN"],"inLanguage":"en-US"},{"@type":"WebPage","@id":"https:\/\/www.immobilienbusiness.ch\/de\/regionen\/2024-07-10\/zuerich-longines-zieht-in-die-bahnhofstrasse-65\/","url":"https:\/\/www.immobilienbusiness.ch\/de\/regionen\/2024-07-10\/zuerich-longines-zieht-in-die-bahnhofstrasse-65\/","name":"Zurich: Longines moves to Bahnhofstrasse 65 - IMMOBILIEN Business","isPartOf":{"@id":"https:\/\/www.immobilienbusiness.ch\/#website"},"primaryImageOfPage":{"@id":"https:\/\/www.immobilienbusiness.ch\/de\/regionen\/2024-07-10\/zuerich-longines-zieht-in-die-bahnhofstrasse-65\/#primaryimage"},"image":{"@id":"https:\/\/www.immobilienbusiness.ch\/de\/regionen\/2024-07-10\/zuerich-longines-zieht-in-die-bahnhofstrasse-65\/#primaryimage"},"thumbnailUrl":"https:\/\/www.immobilienbusiness.ch\/wp-content\/uploads\/2024\/07\/MM_SPGI_Bahnhofstrasse651-scaled.jpeg","datePublished":"2024-07-10T05:35:28+00:00","dateModified":"2024-08-20T05:31:00+00:00","description":"Longines is opening a new boutique on Zurich's Bahnhofstrasse in spring 2025. The watch brand will occupy a 378 square meter space over two floors.","breadcrumb":{"@id":"https:\/\/www.immobilienbusiness.ch\/de\/regionen\/2024-07-10\/zuerich-longines-zieht-in-die-bahnhofstrasse-65\/#breadcrumb"},"inLanguage":"en-US","potentialAction":[{"@type":"ReadAction","target":["https:\/\/www.immobilienbusiness.ch\/de\/regionen\/2024-07-10\/zuerich-longines-zieht-in-die-bahnhofstrasse-65\/"]}]},{"@type":"ImageObject","inLanguage":"en-US","@id":"https:\/\/www.immobilienbusiness.ch\/de\/regionen\/2024-07-10\/zuerich-longines-zieht-in-die-bahnhofstrasse-65\/#primaryimage","url":"https:\/\/www.immobilienbusiness.ch\/wp-content\/uploads\/2024\/07\/MM_SPGI_Bahnhofstrasse651-scaled.jpeg","contentUrl":"https:\/\/www.immobilienbusiness.ch\/wp-content\/uploads\/2024\/07\/MM_SPGI_Bahnhofstrasse651-scaled.jpeg","width":1200,"height":619,"caption":"Die Bahnhofstrasse 65 (Bild: SPGI Zurich)"},{"@type":"BreadcrumbList","@id":"https:\/\/www.immobilienbusiness.ch\/de\/regionen\/2024-07-10\/zuerich-longines-zieht-in-die-bahnhofstrasse-65\/#breadcrumb","itemListElement":[{"@type":"ListItem","position":1,"name":"Home","item":"https:\/\/www.immobilienbusiness.ch\/"},{"@type":"ListItem","position":2,"name":"Z\u00fcrich: Longines zieht in die Bahnhofstrasse 65"}]},{"@type":"WebSite","@id":"https:\/\/www.immobilienbusiness.ch\/#website","url":"https:\/\/www.immobilienbusiness.ch\/","name":"REAL ESTATE Business","description":"Independent Swiss business magazine focusing on real estate, architecture and construction as well as investment and financing.","publisher":{"@id":"https:\/\/www.immobilienbusiness.ch\/#organization"},"potentialAction":[{"@type":"SearchAction","target":{"@type":"EntryPoint","urlTemplate":"https:\/\/www.immobilienbusiness.ch\/?s={search_term_string}"},"query-input":{"@type":"PropertyValueSpecification","valueRequired":true,"valueName":"search_term_string"}}],"inLanguage":"en-US"},{"@type":"Organization","@id":"https:\/\/www.immobilienbusiness.ch\/#organization","name":"REAL ESTATE Business","url":"https:\/\/www.immobilienbusiness.ch\/","logo":{"@type":"ImageObject","inLanguage":"en-US","@id":"https:\/\/www.immobilienbusiness.ch\/#\/schema\/logo\/image\/","url":"https:\/\/www.immobilienbusiness.ch\/wp-content\/uploads\/2021\/07\/logo_ib.png","contentUrl":"https:\/\/www.immobilienbusiness.ch\/wp-content\/uploads\/2021\/07\/logo_ib.png","width":800,"height":181,"caption":"IMMOBILIEN Business"},"image":{"@id":"https:\/\/www.immobilienbusiness.ch\/#\/schema\/logo\/image\/"},"sameAs":["https:\/\/www.facebook.com\/immobilienbusiness\/"]},{"@type":"Person","@id":"https:\/\/www.immobilienbusiness.ch\/#\/schema\/person\/aba8bea2db926aa0c24c08c43fe1fcd5","name":"Alexander Wachter","image":{"@type":"ImageObject","inLanguage":"en-US","@id":"https:\/\/secure.gravatar.com\/avatar\/1a09e471f5389b0e0a6416eac287e0927c7c97a7b77f9e787eba3af7aee281dd?s=96&d=mm&r=g","url":"https:\/\/secure.gravatar.com\/avatar\/1a09e471f5389b0e0a6416eac287e0927c7c97a7b77f9e787eba3af7aee281dd?s=96&d=mm&r=g","contentUrl":"https:\/\/secure.gravatar.com\/avatar\/1a09e471f5389b0e0a6416eac287e0927c7c97a7b77f9e787eba3af7aee281dd?s=96&d=mm&r=g","caption":"Alexander Wachter"},"url":"https:\/\/www.immobilienbusiness.ch\/en\/author\/alexander-wachter\/"}]}},"_links":{"self":[{"href":"https:\/\/www.immobilienbusiness.ch\/en\/wp-json\/wp\/v2\/posts\/57908","targetHints":{"allow":["GET"]}}],"collection":[{"href":"https:\/\/www.immobilienbusiness.ch\/en\/wp-json\/wp\/v2\/posts"}],"about":[{"href":"https:\/\/www.immobilienbusiness.ch\/en\/wp-json\/wp\/v2\/types\/post"}],"author":[{"embeddable":true,"href":"https:\/\/www.immobilienbusiness.ch\/en\/wp-json\/wp\/v2\/users\/102"}],"replies":[{"embeddable":true,"href":"https:\/\/www.immobilienbusiness.ch\/en\/wp-json\/wp\/v2\/comments?post=57908"}],"version-history":[{"count":5,"href":"https:\/\/www.immobilienbusiness.ch\/en\/wp-json\/wp\/v2\/posts\/57908\/revisions"}],"predecessor-version":[{"id":58600,"href":"https:\/\/www.immobilienbusiness.ch\/en\/wp-json\/wp\/v2\/posts\/57908\/revisions\/58600"}],"wp:featuredmedia":[{"embeddable":true,"href":"https:\/\/www.immobilienbusiness.ch\/en\/wp-json\/wp\/v2\/media\/57909"}],"wp:attachment":[{"href":"https:\/\/www.immobilienbusiness.ch\/en\/wp-json\/wp\/v2\/media?parent=57908"}],"wp:term":[{"taxonomy":"category","embeddable":true,"href":"https:\/\/www.immobilienbusiness.ch\/en\/wp-json\/wp\/v2\/categories?post=57908"},{"taxonomy":"post_tag","embeddable":true,"href":"https:\/\/www.immobilienbusiness.ch\/en\/wp-json\/wp\/v2\/tags?post=57908"}],"curies":[{"name":"wp","href":"https:\/\/api.w.org\/{rel}","templated":true}]}}