{"id":57850,"date":"2024-07-05T06:40:08","date_gmt":"2024-07-05T04:40:08","guid":{"rendered":"https:\/\/www.immobilienbusiness.ch\/?p=57850"},"modified":"2024-08-20T13:09:33","modified_gmt":"2024-08-20T11:09:33","slug":"dr-meyer-immobilien-management-buy-out-bei-berner-verwalter","status":"publish","type":"post","link":"https:\/\/www.immobilienbusiness.ch\/en\/personalia\/2024-07-05\/dr-meyer-immobilien-management-buy-out-bei-berner-verwalter\/","title":{"rendered":"Dr. Meyer: Management buy-out at Bern-based service provider"},"content":{"rendered":"<figure id=\"attachment_57851\" aria-describedby=\"caption-attachment-57851\" style=\"width: 397px\" class=\"wp-caption alignnone\"><a href=\"https:\/\/www.immobilienbusiness.ch\/wp-content\/uploads\/2024\/07\/Marc-Balsiger.png\"><img loading=\"lazy\" decoding=\"async\" class=\"wp-image-57851 size-full\" src=\"https:\/\/www.immobilienbusiness.ch\/wp-content\/uploads\/2024\/07\/Marc-Balsiger.png\" alt=\"Marc Balsiger Verwaltungsratspr\u00e4sident\" width=\"397\" height=\"246\" srcset=\"https:\/\/www.immobilienbusiness.ch\/wp-content\/uploads\/2024\/07\/Marc-Balsiger.png 397w, https:\/\/www.immobilienbusiness.ch\/wp-content\/uploads\/2024\/07\/Marc-Balsiger-300x186.png 300w, https:\/\/www.immobilienbusiness.ch\/wp-content\/uploads\/2024\/07\/Marc-Balsiger-18x12.png 18w, https:\/\/www.immobilienbusiness.ch\/wp-content\/uploads\/2024\/07\/Marc-Balsiger-375x232.png 375w\" sizes=\"auto, (max-width: 397px) 100vw, 397px\" \/><\/a><figcaption id=\"caption-attachment-57851\" class=\"wp-caption-text\">He is now at the head of the Board of Directors: Marc Balsinger (Image: Dr. Meyer Immobilien AG)<\/figcaption><\/figure>\n<p>Dr. Max Meyer, the previous sole owner of Dr. Meyer Immobilien AG, has sold two thirds of his share package to four members of the management. The new owners are Managing Director Marc Balsiger, Antonio Quarta (Head of Finance), Dani\u00e8le Gottier (Head of Portfolio Management) and Philipp Aeberhard (Head of Property Management and Deputy Managing Director).<\/p>\n<p>Dr. Meyer Immobilien employs almost 100 people, manages 11,000 apartments and has a contractual relationship with around 20,000 tenants. In addition to the traditional property management business, Dr. Meyer offers services in the areas of sales, marketing, development, construction and portfolio management.<\/p>\n<h3>Changes in the VR<\/h3>\n<p>The Board of Directors is also being reconstituted. Balsiger takes over as Chairman; Gottier, Christoph Hugi and the previous Chairman of the Board of Directors Peter Schmid remain on the Board. Quarta and Aeberhard join as new members. Ulrich B\u00fcschlen steps down.<\/p>\n<p>The company was founded in the 1940s by Ludwig Meyer, the father of the current company owner. <em>(aw)<\/em><\/p>\n<p>&nbsp;<\/p>","protected":false},"excerpt":{"rendered":"<p> One of the major real estate managers in Bern has announced a partial management buy-out as a succession plan.<\/p>","protected":false},"author":102,"featured_media":57851,"comment_status":"closed","ping_status":"closed","sticky":false,"template":"","format":"standard","meta":{"_acf_changed":false,"_yoast_wpseo_focuskw":"Marc Balsiger Verwaltungsratspr\u00e4sident","_yoast_wpseo_title":"","_yoast_wpseo_metadesc":"Marc Balsiger \u00fcbernimmt das Pr\u00e4sidium des Verwaltungsrats bei Dr. Meyer Immobilien AG. Ver\u00e4nderungen in der Gesch\u00e4ftsleitung.","_yoast_wpseo_linkdex":48,"pgc_sgb_lightbox_settings":"","footnotes":""},"categories":[1912],"tags":[3685,3510,1492,1563],"class_list":["post-57850","post","type-post","status-publish","format-standard","has-post-thumbnail","hentry","category-personalia","tag-dr-meyer-immobilien-ag","tag-immobilienverwaltung","tag-mietwohnungen","tag-personalia"],"acf":[],"yoast_head":"<!-- This site is optimized with the Yoast SEO plugin v27.4 - https:\/\/yoast.com\/product\/yoast-seo-wordpress\/ -->\n<title>Dr. Meyer: Management-Buy-Out bei Berner Dienstleister - IMMOBILIEN Business<\/title>\n<meta name=\"description\" content=\"Marc Balsiger \u00fcbernimmt das Pr\u00e4sidium des Verwaltungsrats bei Dr. Meyer Immobilien AG. Ver\u00e4nderungen in der Gesch\u00e4ftsleitung.\" \/>\n<meta name=\"robots\" content=\"index, follow, max-snippet:-1, max-image-preview:large, max-video-preview:-1\" \/>\n<link rel=\"canonical\" href=\"https:\/\/www.immobilienbusiness.ch\/en\/personalia\/2024-07-05\/dr-meyer-immobilien-management-buy-out-bei-berner-verwalter\/\" \/>\n<meta property=\"og:locale\" content=\"en_US\" \/>\n<meta property=\"og:type\" content=\"article\" \/>\n<meta property=\"og:title\" content=\"Dr. Meyer: Management-Buy-Out bei Berner Dienstleister - IMMOBILIEN Business\" \/>\n<meta property=\"og:description\" content=\"Marc Balsiger \u00fcbernimmt das Pr\u00e4sidium des Verwaltungsrats bei Dr. Meyer Immobilien AG. Ver\u00e4nderungen in der Gesch\u00e4ftsleitung.\" \/>\n<meta property=\"og:url\" content=\"https:\/\/www.immobilienbusiness.ch\/en\/personalia\/2024-07-05\/dr-meyer-immobilien-management-buy-out-bei-berner-verwalter\/\" \/>\n<meta property=\"og:site_name\" content=\"IMMOBILIEN Business\" \/>\n<meta property=\"article:publisher\" content=\"https:\/\/www.facebook.com\/immobilienbusiness\/\" \/>\n<meta property=\"article:published_time\" content=\"2024-07-05T04:40:08+00:00\" \/>\n<meta property=\"article:modified_time\" content=\"2024-08-20T11:09:33+00:00\" \/>\n<meta property=\"og:image\" content=\"https:\/\/www.immobilienbusiness.ch\/wp-content\/uploads\/2024\/07\/Marc-Balsiger.png\" \/>\n\t<meta property=\"og:image:width\" content=\"397\" \/>\n\t<meta property=\"og:image:height\" content=\"246\" \/>\n\t<meta property=\"og:image:type\" content=\"image\/png\" \/>\n<meta name=\"author\" content=\"Alexander Wachter\" \/>\n<meta name=\"twitter:card\" content=\"summary_large_image\" \/>\n<script type=\"application\/ld+json\" class=\"yoast-schema-graph\">{\"@context\":\"https:\\\/\\\/schema.org\",\"@graph\":[{\"@type\":\"Article\",\"@id\":\"https:\\\/\\\/www.immobilienbusiness.ch\\\/de\\\/personalia\\\/2024-07-05\\\/dr-meyer-immobilien-management-buy-out-bei-berner-verwalter\\\/#article\",\"isPartOf\":{\"@id\":\"https:\\\/\\\/www.immobilienbusiness.ch\\\/de\\\/personalia\\\/2024-07-05\\\/dr-meyer-immobilien-management-buy-out-bei-berner-verwalter\\\/\"},\"author\":{\"name\":\"Alexander Wachter\",\"@id\":\"https:\\\/\\\/www.immobilienbusiness.ch\\\/#\\\/schema\\\/person\\\/aba8bea2db926aa0c24c08c43fe1fcd5\"},\"headline\":\"Dr. Meyer: Management-Buy-Out bei Berner Dienstleister\",\"datePublished\":\"2024-07-05T04:40:08+00:00\",\"dateModified\":\"2024-08-20T11:09:33+00:00\",\"mainEntityOfPage\":{\"@id\":\"https:\\\/\\\/www.immobilienbusiness.ch\\\/de\\\/personalia\\\/2024-07-05\\\/dr-meyer-immobilien-management-buy-out-bei-berner-verwalter\\\/\"},\"wordCount\":176,\"publisher\":{\"@id\":\"https:\\\/\\\/www.immobilienbusiness.ch\\\/#organization\"},\"image\":{\"@id\":\"https:\\\/\\\/www.immobilienbusiness.ch\\\/de\\\/personalia\\\/2024-07-05\\\/dr-meyer-immobilien-management-buy-out-bei-berner-verwalter\\\/#primaryimage\"},\"thumbnailUrl\":\"https:\\\/\\\/www.immobilienbusiness.ch\\\/wp-content\\\/uploads\\\/2024\\\/07\\\/Marc-Balsiger.png\",\"keywords\":[\"Dr. Meyer Immobilien AG\",\"Immobilienverwaltung\",\"Mietwohnungen\",\"Personalia\"],\"articleSection\":[\"PERSONALIA\"],\"inLanguage\":\"en-US\"},{\"@type\":\"WebPage\",\"@id\":\"https:\\\/\\\/www.immobilienbusiness.ch\\\/de\\\/personalia\\\/2024-07-05\\\/dr-meyer-immobilien-management-buy-out-bei-berner-verwalter\\\/\",\"url\":\"https:\\\/\\\/www.immobilienbusiness.ch\\\/de\\\/personalia\\\/2024-07-05\\\/dr-meyer-immobilien-management-buy-out-bei-berner-verwalter\\\/\",\"name\":\"Dr. Meyer: Management-Buy-Out bei Berner Dienstleister - IMMOBILIEN Business\",\"isPartOf\":{\"@id\":\"https:\\\/\\\/www.immobilienbusiness.ch\\\/#website\"},\"primaryImageOfPage\":{\"@id\":\"https:\\\/\\\/www.immobilienbusiness.ch\\\/de\\\/personalia\\\/2024-07-05\\\/dr-meyer-immobilien-management-buy-out-bei-berner-verwalter\\\/#primaryimage\"},\"image\":{\"@id\":\"https:\\\/\\\/www.immobilienbusiness.ch\\\/de\\\/personalia\\\/2024-07-05\\\/dr-meyer-immobilien-management-buy-out-bei-berner-verwalter\\\/#primaryimage\"},\"thumbnailUrl\":\"https:\\\/\\\/www.immobilienbusiness.ch\\\/wp-content\\\/uploads\\\/2024\\\/07\\\/Marc-Balsiger.png\",\"datePublished\":\"2024-07-05T04:40:08+00:00\",\"dateModified\":\"2024-08-20T11:09:33+00:00\",\"description\":\"Marc Balsiger \u00fcbernimmt das Pr\u00e4sidium des Verwaltungsrats bei Dr. Meyer Immobilien AG. Ver\u00e4nderungen in der Gesch\u00e4ftsleitung.\",\"breadcrumb\":{\"@id\":\"https:\\\/\\\/www.immobilienbusiness.ch\\\/de\\\/personalia\\\/2024-07-05\\\/dr-meyer-immobilien-management-buy-out-bei-berner-verwalter\\\/#breadcrumb\"},\"inLanguage\":\"en-US\",\"potentialAction\":[{\"@type\":\"ReadAction\",\"target\":[\"https:\\\/\\\/www.immobilienbusiness.ch\\\/de\\\/personalia\\\/2024-07-05\\\/dr-meyer-immobilien-management-buy-out-bei-berner-verwalter\\\/\"]}]},{\"@type\":\"ImageObject\",\"inLanguage\":\"en-US\",\"@id\":\"https:\\\/\\\/www.immobilienbusiness.ch\\\/de\\\/personalia\\\/2024-07-05\\\/dr-meyer-immobilien-management-buy-out-bei-berner-verwalter\\\/#primaryimage\",\"url\":\"https:\\\/\\\/www.immobilienbusiness.ch\\\/wp-content\\\/uploads\\\/2024\\\/07\\\/Marc-Balsiger.png\",\"contentUrl\":\"https:\\\/\\\/www.immobilienbusiness.ch\\\/wp-content\\\/uploads\\\/2024\\\/07\\\/Marc-Balsiger.png\",\"width\":397,\"height\":246,\"caption\":\"Er steht an der Spitze des Verwaltungsrats: Marc Balsinger (Bild: Dr. Meyer Immobilien AG)\"},{\"@type\":\"BreadcrumbList\",\"@id\":\"https:\\\/\\\/www.immobilienbusiness.ch\\\/de\\\/personalia\\\/2024-07-05\\\/dr-meyer-immobilien-management-buy-out-bei-berner-verwalter\\\/#breadcrumb\",\"itemListElement\":[{\"@type\":\"ListItem\",\"position\":1,\"name\":\"Home\",\"item\":\"https:\\\/\\\/www.immobilienbusiness.ch\\\/\"},{\"@type\":\"ListItem\",\"position\":2,\"name\":\"Dr. Meyer: Management-Buy-Out bei Berner Dienstleister\"}]},{\"@type\":\"WebSite\",\"@id\":\"https:\\\/\\\/www.immobilienbusiness.ch\\\/#website\",\"url\":\"https:\\\/\\\/www.immobilienbusiness.ch\\\/\",\"name\":\"IMMOBILIEN Business\",\"description\":\"Unabh\u00e4ngiges Schweizer Wirtschaftsmagazin mit Fokus auf Immobilien, Architektur- und Bau sowie Investment- und Finanzierung.\",\"publisher\":{\"@id\":\"https:\\\/\\\/www.immobilienbusiness.ch\\\/#organization\"},\"potentialAction\":[{\"@type\":\"SearchAction\",\"target\":{\"@type\":\"EntryPoint\",\"urlTemplate\":\"https:\\\/\\\/www.immobilienbusiness.ch\\\/?s={search_term_string}\"},\"query-input\":{\"@type\":\"PropertyValueSpecification\",\"valueRequired\":true,\"valueName\":\"search_term_string\"}}],\"inLanguage\":\"en-US\"},{\"@type\":\"Organization\",\"@id\":\"https:\\\/\\\/www.immobilienbusiness.ch\\\/#organization\",\"name\":\"IMMOBILIEN Business\",\"url\":\"https:\\\/\\\/www.immobilienbusiness.ch\\\/\",\"logo\":{\"@type\":\"ImageObject\",\"inLanguage\":\"en-US\",\"@id\":\"https:\\\/\\\/www.immobilienbusiness.ch\\\/#\\\/schema\\\/logo\\\/image\\\/\",\"url\":\"https:\\\/\\\/www.immobilienbusiness.ch\\\/wp-content\\\/uploads\\\/2021\\\/07\\\/logo_ib.png\",\"contentUrl\":\"https:\\\/\\\/www.immobilienbusiness.ch\\\/wp-content\\\/uploads\\\/2021\\\/07\\\/logo_ib.png\",\"width\":800,\"height\":181,\"caption\":\"IMMOBILIEN Business\"},\"image\":{\"@id\":\"https:\\\/\\\/www.immobilienbusiness.ch\\\/#\\\/schema\\\/logo\\\/image\\\/\"},\"sameAs\":[\"https:\\\/\\\/www.facebook.com\\\/immobilienbusiness\\\/\"]},{\"@type\":\"Person\",\"@id\":\"https:\\\/\\\/www.immobilienbusiness.ch\\\/#\\\/schema\\\/person\\\/aba8bea2db926aa0c24c08c43fe1fcd5\",\"name\":\"Alexander Wachter\",\"image\":{\"@type\":\"ImageObject\",\"inLanguage\":\"en-US\",\"@id\":\"https:\\\/\\\/secure.gravatar.com\\\/avatar\\\/1a09e471f5389b0e0a6416eac287e0927c7c97a7b77f9e787eba3af7aee281dd?s=96&d=mm&r=g\",\"url\":\"https:\\\/\\\/secure.gravatar.com\\\/avatar\\\/1a09e471f5389b0e0a6416eac287e0927c7c97a7b77f9e787eba3af7aee281dd?s=96&d=mm&r=g\",\"contentUrl\":\"https:\\\/\\\/secure.gravatar.com\\\/avatar\\\/1a09e471f5389b0e0a6416eac287e0927c7c97a7b77f9e787eba3af7aee281dd?s=96&d=mm&r=g\",\"caption\":\"Alexander Wachter\"},\"url\":\"https:\\\/\\\/www.immobilienbusiness.ch\\\/en\\\/author\\\/alexander-wachter\\\/\"}]}<\/script>\n<!-- \/ Yoast SEO plugin. -->","yoast_head_json":{"title":"Dr. Meyer: Management buy-out at Bern-based service provider - IMMOBILIEN Business","description":"Marc Balsiger takes over as Chairman of the Board of Directors at Dr. Meyer Immobilien AG. Changes to the Executive Board.","robots":{"index":"index","follow":"follow","max-snippet":"max-snippet:-1","max-image-preview":"max-image-preview:large","max-video-preview":"max-video-preview:-1"},"canonical":"https:\/\/www.immobilienbusiness.ch\/en\/personalia\/2024-07-05\/dr-meyer-immobilien-management-buy-out-bei-berner-verwalter\/","og_locale":"en_US","og_type":"article","og_title":"Dr. Meyer: Management-Buy-Out bei Berner Dienstleister - IMMOBILIEN Business","og_description":"Marc Balsiger \u00fcbernimmt das Pr\u00e4sidium des Verwaltungsrats bei Dr. Meyer Immobilien AG. Ver\u00e4nderungen in der Gesch\u00e4ftsleitung.","og_url":"https:\/\/www.immobilienbusiness.ch\/en\/personalia\/2024-07-05\/dr-meyer-immobilien-management-buy-out-bei-berner-verwalter\/","og_site_name":"IMMOBILIEN Business","article_publisher":"https:\/\/www.facebook.com\/immobilienbusiness\/","article_published_time":"2024-07-05T04:40:08+00:00","article_modified_time":"2024-08-20T11:09:33+00:00","og_image":[{"width":397,"height":246,"url":"https:\/\/www.immobilienbusiness.ch\/wp-content\/uploads\/2024\/07\/Marc-Balsiger.png","type":"image\/png"}],"author":"Alexander Wachter","twitter_card":"summary_large_image","schema":{"@context":"https:\/\/schema.org","@graph":[{"@type":"Article","@id":"https:\/\/www.immobilienbusiness.ch\/de\/personalia\/2024-07-05\/dr-meyer-immobilien-management-buy-out-bei-berner-verwalter\/#article","isPartOf":{"@id":"https:\/\/www.immobilienbusiness.ch\/de\/personalia\/2024-07-05\/dr-meyer-immobilien-management-buy-out-bei-berner-verwalter\/"},"author":{"name":"Alexander Wachter","@id":"https:\/\/www.immobilienbusiness.ch\/#\/schema\/person\/aba8bea2db926aa0c24c08c43fe1fcd5"},"headline":"Dr. Meyer: Management-Buy-Out bei Berner Dienstleister","datePublished":"2024-07-05T04:40:08+00:00","dateModified":"2024-08-20T11:09:33+00:00","mainEntityOfPage":{"@id":"https:\/\/www.immobilienbusiness.ch\/de\/personalia\/2024-07-05\/dr-meyer-immobilien-management-buy-out-bei-berner-verwalter\/"},"wordCount":176,"publisher":{"@id":"https:\/\/www.immobilienbusiness.ch\/#organization"},"image":{"@id":"https:\/\/www.immobilienbusiness.ch\/de\/personalia\/2024-07-05\/dr-meyer-immobilien-management-buy-out-bei-berner-verwalter\/#primaryimage"},"thumbnailUrl":"https:\/\/www.immobilienbusiness.ch\/wp-content\/uploads\/2024\/07\/Marc-Balsiger.png","keywords":["Dr. Meyer Immobilien AG","Immobilienverwaltung","Mietwohnungen","Personalia"],"articleSection":["PERSONALIA"],"inLanguage":"en-US"},{"@type":"WebPage","@id":"https:\/\/www.immobilienbusiness.ch\/de\/personalia\/2024-07-05\/dr-meyer-immobilien-management-buy-out-bei-berner-verwalter\/","url":"https:\/\/www.immobilienbusiness.ch\/de\/personalia\/2024-07-05\/dr-meyer-immobilien-management-buy-out-bei-berner-verwalter\/","name":"Dr. Meyer: Management buy-out at Bern-based service provider - IMMOBILIEN Business","isPartOf":{"@id":"https:\/\/www.immobilienbusiness.ch\/#website"},"primaryImageOfPage":{"@id":"https:\/\/www.immobilienbusiness.ch\/de\/personalia\/2024-07-05\/dr-meyer-immobilien-management-buy-out-bei-berner-verwalter\/#primaryimage"},"image":{"@id":"https:\/\/www.immobilienbusiness.ch\/de\/personalia\/2024-07-05\/dr-meyer-immobilien-management-buy-out-bei-berner-verwalter\/#primaryimage"},"thumbnailUrl":"https:\/\/www.immobilienbusiness.ch\/wp-content\/uploads\/2024\/07\/Marc-Balsiger.png","datePublished":"2024-07-05T04:40:08+00:00","dateModified":"2024-08-20T11:09:33+00:00","description":"Marc Balsiger takes over as Chairman of the Board of Directors at Dr. Meyer Immobilien AG. Changes to the Executive Board.","breadcrumb":{"@id":"https:\/\/www.immobilienbusiness.ch\/de\/personalia\/2024-07-05\/dr-meyer-immobilien-management-buy-out-bei-berner-verwalter\/#breadcrumb"},"inLanguage":"en-US","potentialAction":[{"@type":"ReadAction","target":["https:\/\/www.immobilienbusiness.ch\/de\/personalia\/2024-07-05\/dr-meyer-immobilien-management-buy-out-bei-berner-verwalter\/"]}]},{"@type":"ImageObject","inLanguage":"en-US","@id":"https:\/\/www.immobilienbusiness.ch\/de\/personalia\/2024-07-05\/dr-meyer-immobilien-management-buy-out-bei-berner-verwalter\/#primaryimage","url":"https:\/\/www.immobilienbusiness.ch\/wp-content\/uploads\/2024\/07\/Marc-Balsiger.png","contentUrl":"https:\/\/www.immobilienbusiness.ch\/wp-content\/uploads\/2024\/07\/Marc-Balsiger.png","width":397,"height":246,"caption":"Er steht an der Spitze des Verwaltungsrats: Marc Balsinger (Bild: Dr. Meyer Immobilien AG)"},{"@type":"BreadcrumbList","@id":"https:\/\/www.immobilienbusiness.ch\/de\/personalia\/2024-07-05\/dr-meyer-immobilien-management-buy-out-bei-berner-verwalter\/#breadcrumb","itemListElement":[{"@type":"ListItem","position":1,"name":"Home","item":"https:\/\/www.immobilienbusiness.ch\/"},{"@type":"ListItem","position":2,"name":"Dr. Meyer: Management-Buy-Out bei Berner Dienstleister"}]},{"@type":"WebSite","@id":"https:\/\/www.immobilienbusiness.ch\/#website","url":"https:\/\/www.immobilienbusiness.ch\/","name":"REAL ESTATE Business","description":"Independent Swiss business magazine focusing on real estate, architecture and construction as well as investment and financing.","publisher":{"@id":"https:\/\/www.immobilienbusiness.ch\/#organization"},"potentialAction":[{"@type":"SearchAction","target":{"@type":"EntryPoint","urlTemplate":"https:\/\/www.immobilienbusiness.ch\/?s={search_term_string}"},"query-input":{"@type":"PropertyValueSpecification","valueRequired":true,"valueName":"search_term_string"}}],"inLanguage":"en-US"},{"@type":"Organization","@id":"https:\/\/www.immobilienbusiness.ch\/#organization","name":"REAL ESTATE Business","url":"https:\/\/www.immobilienbusiness.ch\/","logo":{"@type":"ImageObject","inLanguage":"en-US","@id":"https:\/\/www.immobilienbusiness.ch\/#\/schema\/logo\/image\/","url":"https:\/\/www.immobilienbusiness.ch\/wp-content\/uploads\/2021\/07\/logo_ib.png","contentUrl":"https:\/\/www.immobilienbusiness.ch\/wp-content\/uploads\/2021\/07\/logo_ib.png","width":800,"height":181,"caption":"IMMOBILIEN Business"},"image":{"@id":"https:\/\/www.immobilienbusiness.ch\/#\/schema\/logo\/image\/"},"sameAs":["https:\/\/www.facebook.com\/immobilienbusiness\/"]},{"@type":"Person","@id":"https:\/\/www.immobilienbusiness.ch\/#\/schema\/person\/aba8bea2db926aa0c24c08c43fe1fcd5","name":"Alexander Wachter","image":{"@type":"ImageObject","inLanguage":"en-US","@id":"https:\/\/secure.gravatar.com\/avatar\/1a09e471f5389b0e0a6416eac287e0927c7c97a7b77f9e787eba3af7aee281dd?s=96&d=mm&r=g","url":"https:\/\/secure.gravatar.com\/avatar\/1a09e471f5389b0e0a6416eac287e0927c7c97a7b77f9e787eba3af7aee281dd?s=96&d=mm&r=g","contentUrl":"https:\/\/secure.gravatar.com\/avatar\/1a09e471f5389b0e0a6416eac287e0927c7c97a7b77f9e787eba3af7aee281dd?s=96&d=mm&r=g","caption":"Alexander Wachter"},"url":"https:\/\/www.immobilienbusiness.ch\/en\/author\/alexander-wachter\/"}]}},"_links":{"self":[{"href":"https:\/\/www.immobilienbusiness.ch\/en\/wp-json\/wp\/v2\/posts\/57850","targetHints":{"allow":["GET"]}}],"collection":[{"href":"https:\/\/www.immobilienbusiness.ch\/en\/wp-json\/wp\/v2\/posts"}],"about":[{"href":"https:\/\/www.immobilienbusiness.ch\/en\/wp-json\/wp\/v2\/types\/post"}],"author":[{"embeddable":true,"href":"https:\/\/www.immobilienbusiness.ch\/en\/wp-json\/wp\/v2\/users\/102"}],"replies":[{"embeddable":true,"href":"https:\/\/www.immobilienbusiness.ch\/en\/wp-json\/wp\/v2\/comments?post=57850"}],"version-history":[{"count":7,"href":"https:\/\/www.immobilienbusiness.ch\/en\/wp-json\/wp\/v2\/posts\/57850\/revisions"}],"predecessor-version":[{"id":58627,"href":"https:\/\/www.immobilienbusiness.ch\/en\/wp-json\/wp\/v2\/posts\/57850\/revisions\/58627"}],"wp:featuredmedia":[{"embeddable":true,"href":"https:\/\/www.immobilienbusiness.ch\/en\/wp-json\/wp\/v2\/media\/57851"}],"wp:attachment":[{"href":"https:\/\/www.immobilienbusiness.ch\/en\/wp-json\/wp\/v2\/media?parent=57850"}],"wp:term":[{"taxonomy":"category","embeddable":true,"href":"https:\/\/www.immobilienbusiness.ch\/en\/wp-json\/wp\/v2\/categories?post=57850"},{"taxonomy":"post_tag","embeddable":true,"href":"https:\/\/www.immobilienbusiness.ch\/en\/wp-json\/wp\/v2\/tags?post=57850"}],"curies":[{"name":"wp","href":"https:\/\/api.w.org\/{rel}","templated":true}]}}