{"id":56919,"date":"2024-04-30T08:39:57","date_gmt":"2024-04-30T06:39:57","guid":{"rendered":"https:\/\/www.immobilienbusiness.ch\/?p=56919"},"modified":"2024-08-21T07:15:32","modified_gmt":"2024-08-21T05:15:32","slug":"immo-helvetic-erhoeht-ziel-fuer-naechste-emission","status":"publish","type":"post","link":"https:\/\/www.immobilienbusiness.ch\/en\/unternehmen\/2024-04-30\/immo-helvetic-erhoeht-ziel-fuer-naechste-emission\/","title":{"rendered":"Immo Helvetic raises target for next issue"},"content":{"rendered":"<figure id=\"attachment_10149\" aria-describedby=\"caption-attachment-10149\" style=\"width: 645px\" class=\"wp-caption alignnone\"><a href=\"https:\/\/www.immobilienbusiness.ch\/wp-content\/uploads\/2017\/11\/IB-News-20171116-Helvetica-Swiss-Commercial-Kapitalerhoehung-c-Pixabay.jpg\"><img loading=\"lazy\" decoding=\"async\" class=\"wp-image-10149 size-full\" src=\"https:\/\/www.immobilienbusiness.ch\/wp-content\/uploads\/2017\/11\/IB-News-20171116-Helvetica-Swiss-Commercial-Kapitalerhoehung-c-Pixabay.jpg\" alt=\"Berninvest AG\" width=\"645\" height=\"430\" srcset=\"https:\/\/www.immobilienbusiness.ch\/wp-content\/uploads\/2017\/11\/IB-News-20171116-Helvetica-Swiss-Commercial-Kapitalerhoehung-c-Pixabay.jpg 645w, https:\/\/www.immobilienbusiness.ch\/wp-content\/uploads\/2017\/11\/IB-News-20171116-Helvetica-Swiss-Commercial-Kapitalerhoehung-c-Pixabay-300x200.jpg 300w, https:\/\/www.immobilienbusiness.ch\/wp-content\/uploads\/2017\/11\/IB-News-20171116-Helvetica-Swiss-Commercial-Kapitalerhoehung-c-Pixabay-16x12.jpg 16w, https:\/\/www.immobilienbusiness.ch\/wp-content\/uploads\/2017\/11\/IB-News-20171116-Helvetica-Swiss-Commercial-Kapitalerhoehung-c-Pixabay-263x175.jpg 263w, https:\/\/www.immobilienbusiness.ch\/wp-content\/uploads\/2017\/11\/IB-News-20171116-Helvetica-Swiss-Commercial-Kapitalerhoehung-c-Pixabay-525x350.jpg 525w\" sizes=\"auto, (max-width: 645px) 100vw, 645px\" \/><\/a><figcaption id=\"caption-attachment-10149\" class=\"wp-caption-text\">The planned capital increase for the Immo Helvetic real estate fund will start in mid-May (Image: Pixabay)<\/figcaption><\/figure>\n<p>Berninvest AG is planning the 18th capital increase for the Immo Helvetic real estate fund. It is to take place from May 13 to 21. Compared to an initial announcement at the beginning of April, the Board of Directors of the fund management company has increased the size of the issue from 300,000 to a maximum of 400,000 units. At a subscription price of CHF 191.00 net, this would correspond to an issue volume of CHF 76.4 million. The increase is being made in order to \"achieve greater flexibility for the further development of Immo Helvetic\", according to the statement. The proceeds are earmarked for the further expansion of the real estate portfolio. <em>(aw)<\/em><\/p>\n<p>&nbsp;<\/p>","protected":false},"excerpt":{"rendered":"<p>The fund's upcoming capital increase is expected to be a third higher than initially announced.<\/p>","protected":false},"author":102,"featured_media":10149,"comment_status":"closed","ping_status":"closed","sticky":false,"template":"","format":"standard","meta":{"_acf_changed":false,"_yoast_wpseo_focuskw":"Berninvest AG","_yoast_wpseo_title":"","_yoast_wpseo_metadesc":"Die 18. Kapitalerh\u00f6hung f\u00fcr den Immobilienfonds Immo Helvetic startet vom 13. bis 21. Mai mit einem Emissionsvolumen von 76,4 Mio. CHF.","_yoast_wpseo_linkdex":52,"pgc_sgb_lightbox_settings":"","footnotes":""},"categories":[988],"tags":[3189,1344,1412],"class_list":["post-56919","post","type-post","status-publish","format-standard","has-post-thumbnail","hentry","category-unternehmen","tag-immo-helvetic","tag-immobilienfonds","tag-kapitalerhoehung"],"acf":[],"yoast_head":"<!-- This site is optimized with the Yoast SEO plugin v27.4 - https:\/\/yoast.com\/product\/yoast-seo-wordpress\/ -->\n<title>Immo Helvetic erh\u00f6ht Ziel f\u00fcr n\u00e4chste Emission - IMMOBILIEN Business<\/title>\n<meta name=\"description\" content=\"Die 18. Kapitalerh\u00f6hung f\u00fcr den Immobilienfonds Immo Helvetic startet vom 13. bis 21. Mai mit einem Emissionsvolumen von 76,4 Mio. CHF.\" \/>\n<meta name=\"robots\" content=\"index, follow, max-snippet:-1, max-image-preview:large, max-video-preview:-1\" \/>\n<link rel=\"canonical\" href=\"https:\/\/www.immobilienbusiness.ch\/en\/unternehmen\/2024-04-30\/immo-helvetic-erhoeht-ziel-fuer-naechste-emission\/\" \/>\n<meta property=\"og:locale\" content=\"en_US\" \/>\n<meta property=\"og:type\" content=\"article\" \/>\n<meta property=\"og:title\" content=\"Immo Helvetic erh\u00f6ht Ziel f\u00fcr n\u00e4chste Emission - IMMOBILIEN Business\" \/>\n<meta property=\"og:description\" content=\"Die 18. Kapitalerh\u00f6hung f\u00fcr den Immobilienfonds Immo Helvetic startet vom 13. bis 21. Mai mit einem Emissionsvolumen von 76,4 Mio. CHF.\" \/>\n<meta property=\"og:url\" content=\"https:\/\/www.immobilienbusiness.ch\/en\/unternehmen\/2024-04-30\/immo-helvetic-erhoeht-ziel-fuer-naechste-emission\/\" \/>\n<meta property=\"og:site_name\" content=\"IMMOBILIEN Business\" \/>\n<meta property=\"article:publisher\" content=\"https:\/\/www.facebook.com\/immobilienbusiness\/\" \/>\n<meta property=\"article:published_time\" content=\"2024-04-30T06:39:57+00:00\" \/>\n<meta property=\"article:modified_time\" content=\"2024-08-21T05:15:32+00:00\" \/>\n<meta property=\"og:image\" content=\"https:\/\/www.immobilienbusiness.ch\/wp-content\/uploads\/2017\/11\/IB-News-20171116-Helvetica-Swiss-Commercial-Kapitalerhoehung-c-Pixabay.jpg\" \/>\n\t<meta property=\"og:image:width\" content=\"645\" \/>\n\t<meta property=\"og:image:height\" content=\"430\" \/>\n\t<meta property=\"og:image:type\" content=\"image\/jpeg\" \/>\n<meta name=\"author\" content=\"Alexander Wachter\" \/>\n<meta name=\"twitter:card\" content=\"summary_large_image\" \/>\n<script type=\"application\/ld+json\" class=\"yoast-schema-graph\">{\"@context\":\"https:\\\/\\\/schema.org\",\"@graph\":[{\"@type\":\"Article\",\"@id\":\"https:\\\/\\\/www.immobilienbusiness.ch\\\/it\\\/unternehmen\\\/2024-04-30\\\/immo-helvetic-erhoeht-ziel-fuer-naechste-emission\\\/#article\",\"isPartOf\":{\"@id\":\"https:\\\/\\\/www.immobilienbusiness.ch\\\/it\\\/unternehmen\\\/2024-04-30\\\/immo-helvetic-erhoeht-ziel-fuer-naechste-emission\\\/\"},\"author\":{\"name\":\"Alexander Wachter\",\"@id\":\"https:\\\/\\\/www.immobilienbusiness.ch\\\/#\\\/schema\\\/person\\\/aba8bea2db926aa0c24c08c43fe1fcd5\"},\"headline\":\"Immo Helvetic erh\u00f6ht Ziel f\u00fcr n\u00e4chste Emission\",\"datePublished\":\"2024-04-30T06:39:57+00:00\",\"dateModified\":\"2024-08-21T05:15:32+00:00\",\"mainEntityOfPage\":{\"@id\":\"https:\\\/\\\/www.immobilienbusiness.ch\\\/it\\\/unternehmen\\\/2024-04-30\\\/immo-helvetic-erhoeht-ziel-fuer-naechste-emission\\\/\"},\"wordCount\":126,\"publisher\":{\"@id\":\"https:\\\/\\\/www.immobilienbusiness.ch\\\/#organization\"},\"image\":{\"@id\":\"https:\\\/\\\/www.immobilienbusiness.ch\\\/it\\\/unternehmen\\\/2024-04-30\\\/immo-helvetic-erhoeht-ziel-fuer-naechste-emission\\\/#primaryimage\"},\"thumbnailUrl\":\"https:\\\/\\\/www.immobilienbusiness.ch\\\/wp-content\\\/uploads\\\/2017\\\/11\\\/IB-News-20171116-Helvetica-Swiss-Commercial-Kapitalerhoehung-c-Pixabay.jpg\",\"keywords\":[\"Immo Helvetic\",\"Immobilienfonds\",\"Kapitalerh\u00f6hung\"],\"articleSection\":[\"UNTERNEHMEN\"],\"inLanguage\":\"en-US\"},{\"@type\":\"WebPage\",\"@id\":\"https:\\\/\\\/www.immobilienbusiness.ch\\\/it\\\/unternehmen\\\/2024-04-30\\\/immo-helvetic-erhoeht-ziel-fuer-naechste-emission\\\/\",\"url\":\"https:\\\/\\\/www.immobilienbusiness.ch\\\/it\\\/unternehmen\\\/2024-04-30\\\/immo-helvetic-erhoeht-ziel-fuer-naechste-emission\\\/\",\"name\":\"Immo Helvetic erh\u00f6ht Ziel f\u00fcr n\u00e4chste Emission - IMMOBILIEN Business\",\"isPartOf\":{\"@id\":\"https:\\\/\\\/www.immobilienbusiness.ch\\\/#website\"},\"primaryImageOfPage\":{\"@id\":\"https:\\\/\\\/www.immobilienbusiness.ch\\\/it\\\/unternehmen\\\/2024-04-30\\\/immo-helvetic-erhoeht-ziel-fuer-naechste-emission\\\/#primaryimage\"},\"image\":{\"@id\":\"https:\\\/\\\/www.immobilienbusiness.ch\\\/it\\\/unternehmen\\\/2024-04-30\\\/immo-helvetic-erhoeht-ziel-fuer-naechste-emission\\\/#primaryimage\"},\"thumbnailUrl\":\"https:\\\/\\\/www.immobilienbusiness.ch\\\/wp-content\\\/uploads\\\/2017\\\/11\\\/IB-News-20171116-Helvetica-Swiss-Commercial-Kapitalerhoehung-c-Pixabay.jpg\",\"datePublished\":\"2024-04-30T06:39:57+00:00\",\"dateModified\":\"2024-08-21T05:15:32+00:00\",\"description\":\"Die 18. Kapitalerh\u00f6hung f\u00fcr den Immobilienfonds Immo Helvetic startet vom 13. bis 21. Mai mit einem Emissionsvolumen von 76,4 Mio. CHF.\",\"breadcrumb\":{\"@id\":\"https:\\\/\\\/www.immobilienbusiness.ch\\\/it\\\/unternehmen\\\/2024-04-30\\\/immo-helvetic-erhoeht-ziel-fuer-naechste-emission\\\/#breadcrumb\"},\"inLanguage\":\"en-US\",\"potentialAction\":[{\"@type\":\"ReadAction\",\"target\":[\"https:\\\/\\\/www.immobilienbusiness.ch\\\/it\\\/unternehmen\\\/2024-04-30\\\/immo-helvetic-erhoeht-ziel-fuer-naechste-emission\\\/\"]}]},{\"@type\":\"ImageObject\",\"inLanguage\":\"en-US\",\"@id\":\"https:\\\/\\\/www.immobilienbusiness.ch\\\/it\\\/unternehmen\\\/2024-04-30\\\/immo-helvetic-erhoeht-ziel-fuer-naechste-emission\\\/#primaryimage\",\"url\":\"https:\\\/\\\/www.immobilienbusiness.ch\\\/wp-content\\\/uploads\\\/2017\\\/11\\\/IB-News-20171116-Helvetica-Swiss-Commercial-Kapitalerhoehung-c-Pixabay.jpg\",\"contentUrl\":\"https:\\\/\\\/www.immobilienbusiness.ch\\\/wp-content\\\/uploads\\\/2017\\\/11\\\/IB-News-20171116-Helvetica-Swiss-Commercial-Kapitalerhoehung-c-Pixabay.jpg\",\"width\":645,\"height\":430,\"caption\":\"F\u00fcr den HSC gingen im 1. Halbjahr mehrere Kennzahlen nach oben (Bild: Pixabay)\"},{\"@type\":\"BreadcrumbList\",\"@id\":\"https:\\\/\\\/www.immobilienbusiness.ch\\\/it\\\/unternehmen\\\/2024-04-30\\\/immo-helvetic-erhoeht-ziel-fuer-naechste-emission\\\/#breadcrumb\",\"itemListElement\":[{\"@type\":\"ListItem\",\"position\":1,\"name\":\"Home\",\"item\":\"https:\\\/\\\/www.immobilienbusiness.ch\\\/\"},{\"@type\":\"ListItem\",\"position\":2,\"name\":\"Immo Helvetic erh\u00f6ht Ziel f\u00fcr n\u00e4chste Emission\"}]},{\"@type\":\"WebSite\",\"@id\":\"https:\\\/\\\/www.immobilienbusiness.ch\\\/#website\",\"url\":\"https:\\\/\\\/www.immobilienbusiness.ch\\\/\",\"name\":\"IMMOBILIEN Business\",\"description\":\"Unabh\u00e4ngiges Schweizer Wirtschaftsmagazin mit Fokus auf Immobilien, Architektur- und Bau sowie Investment- und Finanzierung.\",\"publisher\":{\"@id\":\"https:\\\/\\\/www.immobilienbusiness.ch\\\/#organization\"},\"potentialAction\":[{\"@type\":\"SearchAction\",\"target\":{\"@type\":\"EntryPoint\",\"urlTemplate\":\"https:\\\/\\\/www.immobilienbusiness.ch\\\/?s={search_term_string}\"},\"query-input\":{\"@type\":\"PropertyValueSpecification\",\"valueRequired\":true,\"valueName\":\"search_term_string\"}}],\"inLanguage\":\"en-US\"},{\"@type\":\"Organization\",\"@id\":\"https:\\\/\\\/www.immobilienbusiness.ch\\\/#organization\",\"name\":\"IMMOBILIEN Business\",\"url\":\"https:\\\/\\\/www.immobilienbusiness.ch\\\/\",\"logo\":{\"@type\":\"ImageObject\",\"inLanguage\":\"en-US\",\"@id\":\"https:\\\/\\\/www.immobilienbusiness.ch\\\/#\\\/schema\\\/logo\\\/image\\\/\",\"url\":\"https:\\\/\\\/www.immobilienbusiness.ch\\\/wp-content\\\/uploads\\\/2021\\\/07\\\/logo_ib.png\",\"contentUrl\":\"https:\\\/\\\/www.immobilienbusiness.ch\\\/wp-content\\\/uploads\\\/2021\\\/07\\\/logo_ib.png\",\"width\":800,\"height\":181,\"caption\":\"IMMOBILIEN Business\"},\"image\":{\"@id\":\"https:\\\/\\\/www.immobilienbusiness.ch\\\/#\\\/schema\\\/logo\\\/image\\\/\"},\"sameAs\":[\"https:\\\/\\\/www.facebook.com\\\/immobilienbusiness\\\/\"]},{\"@type\":\"Person\",\"@id\":\"https:\\\/\\\/www.immobilienbusiness.ch\\\/#\\\/schema\\\/person\\\/aba8bea2db926aa0c24c08c43fe1fcd5\",\"name\":\"Alexander Wachter\",\"image\":{\"@type\":\"ImageObject\",\"inLanguage\":\"en-US\",\"@id\":\"https:\\\/\\\/secure.gravatar.com\\\/avatar\\\/1a09e471f5389b0e0a6416eac287e0927c7c97a7b77f9e787eba3af7aee281dd?s=96&d=mm&r=g\",\"url\":\"https:\\\/\\\/secure.gravatar.com\\\/avatar\\\/1a09e471f5389b0e0a6416eac287e0927c7c97a7b77f9e787eba3af7aee281dd?s=96&d=mm&r=g\",\"contentUrl\":\"https:\\\/\\\/secure.gravatar.com\\\/avatar\\\/1a09e471f5389b0e0a6416eac287e0927c7c97a7b77f9e787eba3af7aee281dd?s=96&d=mm&r=g\",\"caption\":\"Alexander Wachter\"},\"url\":\"https:\\\/\\\/www.immobilienbusiness.ch\\\/en\\\/author\\\/alexander-wachter\\\/\"}]}<\/script>\n<!-- \/ Yoast SEO plugin. -->","yoast_head_json":{"title":"Immo Helvetic erh\u00f6ht Ziel f\u00fcr n\u00e4chste Emission - IMMOBILIEN Business","description":"Die 18. Kapitalerh\u00f6hung f\u00fcr den Immobilienfonds Immo Helvetic startet vom 13. bis 21. Mai mit einem Emissionsvolumen von 76,4 Mio. CHF.","robots":{"index":"index","follow":"follow","max-snippet":"max-snippet:-1","max-image-preview":"max-image-preview:large","max-video-preview":"max-video-preview:-1"},"canonical":"https:\/\/www.immobilienbusiness.ch\/en\/unternehmen\/2024-04-30\/immo-helvetic-erhoeht-ziel-fuer-naechste-emission\/","og_locale":"en_US","og_type":"article","og_title":"Immo Helvetic erh\u00f6ht Ziel f\u00fcr n\u00e4chste Emission - IMMOBILIEN Business","og_description":"Die 18. Kapitalerh\u00f6hung f\u00fcr den Immobilienfonds Immo Helvetic startet vom 13. bis 21. Mai mit einem Emissionsvolumen von 76,4 Mio. CHF.","og_url":"https:\/\/www.immobilienbusiness.ch\/en\/unternehmen\/2024-04-30\/immo-helvetic-erhoeht-ziel-fuer-naechste-emission\/","og_site_name":"IMMOBILIEN Business","article_publisher":"https:\/\/www.facebook.com\/immobilienbusiness\/","article_published_time":"2024-04-30T06:39:57+00:00","article_modified_time":"2024-08-21T05:15:32+00:00","og_image":[{"width":645,"height":430,"url":"https:\/\/www.immobilienbusiness.ch\/wp-content\/uploads\/2017\/11\/IB-News-20171116-Helvetica-Swiss-Commercial-Kapitalerhoehung-c-Pixabay.jpg","type":"image\/jpeg"}],"author":"Alexander Wachter","twitter_card":"summary_large_image","schema":{"@context":"https:\/\/schema.org","@graph":[{"@type":"Article","@id":"https:\/\/www.immobilienbusiness.ch\/it\/unternehmen\/2024-04-30\/immo-helvetic-erhoeht-ziel-fuer-naechste-emission\/#article","isPartOf":{"@id":"https:\/\/www.immobilienbusiness.ch\/it\/unternehmen\/2024-04-30\/immo-helvetic-erhoeht-ziel-fuer-naechste-emission\/"},"author":{"name":"Alexander Wachter","@id":"https:\/\/www.immobilienbusiness.ch\/#\/schema\/person\/aba8bea2db926aa0c24c08c43fe1fcd5"},"headline":"Immo Helvetic erh\u00f6ht Ziel f\u00fcr n\u00e4chste Emission","datePublished":"2024-04-30T06:39:57+00:00","dateModified":"2024-08-21T05:15:32+00:00","mainEntityOfPage":{"@id":"https:\/\/www.immobilienbusiness.ch\/it\/unternehmen\/2024-04-30\/immo-helvetic-erhoeht-ziel-fuer-naechste-emission\/"},"wordCount":126,"publisher":{"@id":"https:\/\/www.immobilienbusiness.ch\/#organization"},"image":{"@id":"https:\/\/www.immobilienbusiness.ch\/it\/unternehmen\/2024-04-30\/immo-helvetic-erhoeht-ziel-fuer-naechste-emission\/#primaryimage"},"thumbnailUrl":"https:\/\/www.immobilienbusiness.ch\/wp-content\/uploads\/2017\/11\/IB-News-20171116-Helvetica-Swiss-Commercial-Kapitalerhoehung-c-Pixabay.jpg","keywords":["Immo Helvetic","Immobilienfonds","Kapitalerh\u00f6hung"],"articleSection":["UNTERNEHMEN"],"inLanguage":"en-US"},{"@type":"WebPage","@id":"https:\/\/www.immobilienbusiness.ch\/it\/unternehmen\/2024-04-30\/immo-helvetic-erhoeht-ziel-fuer-naechste-emission\/","url":"https:\/\/www.immobilienbusiness.ch\/it\/unternehmen\/2024-04-30\/immo-helvetic-erhoeht-ziel-fuer-naechste-emission\/","name":"Immo Helvetic erh\u00f6ht Ziel f\u00fcr n\u00e4chste Emission - IMMOBILIEN Business","isPartOf":{"@id":"https:\/\/www.immobilienbusiness.ch\/#website"},"primaryImageOfPage":{"@id":"https:\/\/www.immobilienbusiness.ch\/it\/unternehmen\/2024-04-30\/immo-helvetic-erhoeht-ziel-fuer-naechste-emission\/#primaryimage"},"image":{"@id":"https:\/\/www.immobilienbusiness.ch\/it\/unternehmen\/2024-04-30\/immo-helvetic-erhoeht-ziel-fuer-naechste-emission\/#primaryimage"},"thumbnailUrl":"https:\/\/www.immobilienbusiness.ch\/wp-content\/uploads\/2017\/11\/IB-News-20171116-Helvetica-Swiss-Commercial-Kapitalerhoehung-c-Pixabay.jpg","datePublished":"2024-04-30T06:39:57+00:00","dateModified":"2024-08-21T05:15:32+00:00","description":"Die 18. Kapitalerh\u00f6hung f\u00fcr den Immobilienfonds Immo Helvetic startet vom 13. bis 21. Mai mit einem Emissionsvolumen von 76,4 Mio. CHF.","breadcrumb":{"@id":"https:\/\/www.immobilienbusiness.ch\/it\/unternehmen\/2024-04-30\/immo-helvetic-erhoeht-ziel-fuer-naechste-emission\/#breadcrumb"},"inLanguage":"en-US","potentialAction":[{"@type":"ReadAction","target":["https:\/\/www.immobilienbusiness.ch\/it\/unternehmen\/2024-04-30\/immo-helvetic-erhoeht-ziel-fuer-naechste-emission\/"]}]},{"@type":"ImageObject","inLanguage":"en-US","@id":"https:\/\/www.immobilienbusiness.ch\/it\/unternehmen\/2024-04-30\/immo-helvetic-erhoeht-ziel-fuer-naechste-emission\/#primaryimage","url":"https:\/\/www.immobilienbusiness.ch\/wp-content\/uploads\/2017\/11\/IB-News-20171116-Helvetica-Swiss-Commercial-Kapitalerhoehung-c-Pixabay.jpg","contentUrl":"https:\/\/www.immobilienbusiness.ch\/wp-content\/uploads\/2017\/11\/IB-News-20171116-Helvetica-Swiss-Commercial-Kapitalerhoehung-c-Pixabay.jpg","width":645,"height":430,"caption":"F\u00fcr den HSC gingen im 1. Halbjahr mehrere Kennzahlen nach oben (Bild: Pixabay)"},{"@type":"BreadcrumbList","@id":"https:\/\/www.immobilienbusiness.ch\/it\/unternehmen\/2024-04-30\/immo-helvetic-erhoeht-ziel-fuer-naechste-emission\/#breadcrumb","itemListElement":[{"@type":"ListItem","position":1,"name":"Home","item":"https:\/\/www.immobilienbusiness.ch\/"},{"@type":"ListItem","position":2,"name":"Immo Helvetic erh\u00f6ht Ziel f\u00fcr n\u00e4chste Emission"}]},{"@type":"WebSite","@id":"https:\/\/www.immobilienbusiness.ch\/#website","url":"https:\/\/www.immobilienbusiness.ch\/","name":"REAL ESTATE Business","description":"Independent Swiss business magazine focusing on real estate, architecture and construction as well as investment and financing.","publisher":{"@id":"https:\/\/www.immobilienbusiness.ch\/#organization"},"potentialAction":[{"@type":"SearchAction","target":{"@type":"EntryPoint","urlTemplate":"https:\/\/www.immobilienbusiness.ch\/?s={search_term_string}"},"query-input":{"@type":"PropertyValueSpecification","valueRequired":true,"valueName":"search_term_string"}}],"inLanguage":"en-US"},{"@type":"Organization","@id":"https:\/\/www.immobilienbusiness.ch\/#organization","name":"REAL ESTATE Business","url":"https:\/\/www.immobilienbusiness.ch\/","logo":{"@type":"ImageObject","inLanguage":"en-US","@id":"https:\/\/www.immobilienbusiness.ch\/#\/schema\/logo\/image\/","url":"https:\/\/www.immobilienbusiness.ch\/wp-content\/uploads\/2021\/07\/logo_ib.png","contentUrl":"https:\/\/www.immobilienbusiness.ch\/wp-content\/uploads\/2021\/07\/logo_ib.png","width":800,"height":181,"caption":"IMMOBILIEN Business"},"image":{"@id":"https:\/\/www.immobilienbusiness.ch\/#\/schema\/logo\/image\/"},"sameAs":["https:\/\/www.facebook.com\/immobilienbusiness\/"]},{"@type":"Person","@id":"https:\/\/www.immobilienbusiness.ch\/#\/schema\/person\/aba8bea2db926aa0c24c08c43fe1fcd5","name":"Alexander Wachter","image":{"@type":"ImageObject","inLanguage":"en-US","@id":"https:\/\/secure.gravatar.com\/avatar\/1a09e471f5389b0e0a6416eac287e0927c7c97a7b77f9e787eba3af7aee281dd?s=96&d=mm&r=g","url":"https:\/\/secure.gravatar.com\/avatar\/1a09e471f5389b0e0a6416eac287e0927c7c97a7b77f9e787eba3af7aee281dd?s=96&d=mm&r=g","contentUrl":"https:\/\/secure.gravatar.com\/avatar\/1a09e471f5389b0e0a6416eac287e0927c7c97a7b77f9e787eba3af7aee281dd?s=96&d=mm&r=g","caption":"Alexander Wachter"},"url":"https:\/\/www.immobilienbusiness.ch\/en\/author\/alexander-wachter\/"}]}},"_links":{"self":[{"href":"https:\/\/www.immobilienbusiness.ch\/en\/wp-json\/wp\/v2\/posts\/56919","targetHints":{"allow":["GET"]}}],"collection":[{"href":"https:\/\/www.immobilienbusiness.ch\/en\/wp-json\/wp\/v2\/posts"}],"about":[{"href":"https:\/\/www.immobilienbusiness.ch\/en\/wp-json\/wp\/v2\/types\/post"}],"author":[{"embeddable":true,"href":"https:\/\/www.immobilienbusiness.ch\/en\/wp-json\/wp\/v2\/users\/102"}],"replies":[{"embeddable":true,"href":"https:\/\/www.immobilienbusiness.ch\/en\/wp-json\/wp\/v2\/comments?post=56919"}],"version-history":[{"count":4,"href":"https:\/\/www.immobilienbusiness.ch\/en\/wp-json\/wp\/v2\/posts\/56919\/revisions"}],"predecessor-version":[{"id":58909,"href":"https:\/\/www.immobilienbusiness.ch\/en\/wp-json\/wp\/v2\/posts\/56919\/revisions\/58909"}],"wp:featuredmedia":[{"embeddable":true,"href":"https:\/\/www.immobilienbusiness.ch\/en\/wp-json\/wp\/v2\/media\/10149"}],"wp:attachment":[{"href":"https:\/\/www.immobilienbusiness.ch\/en\/wp-json\/wp\/v2\/media?parent=56919"}],"wp:term":[{"taxonomy":"category","embeddable":true,"href":"https:\/\/www.immobilienbusiness.ch\/en\/wp-json\/wp\/v2\/categories?post=56919"},{"taxonomy":"post_tag","embeddable":true,"href":"https:\/\/www.immobilienbusiness.ch\/en\/wp-json\/wp\/v2\/tags?post=56919"}],"curies":[{"name":"wp","href":"https:\/\/api.w.org\/{rel}","templated":true}]}}