{"id":569,"date":"2020-07-20T09:34:44","date_gmt":"2020-07-20T07:34:44","guid":{"rendered":"https:\/\/develop.immobilienbusiness.ch\/de\/allgemein\/2020-07-20\/koniz-uberbauung-blauacker-in-der-vermarktung\/"},"modified":"2023-07-19T10:03:15","modified_gmt":"2023-07-19T08:03:15","slug":"koniz-uberbauung-blauacker-in-der-vermarktung","status":"publish","type":"post","link":"https:\/\/www.immobilienbusiness.ch\/en\/ib\/2020-07-20\/koniz-uberbauung-blauacker-in-der-vermarktung\/","title":{"rendered":"K\u00f6niz: Bl\u00e4uacker development being marketed"},"content":{"rendered":"<div class=\"swpm-post-not-logged-in-msg\">You need to be logged in to view this content. Please <a class=\"swpm-login-link\" href=\"https:\/\/www.immobilienbusiness.ch\/en\/login\/?swpm_redirect_to=https%3A%2F%2Fwww.immobilienbusiness.ch%2Fen%2Fwp-json%2Fwp%2Fv2%2Fposts%2F569\">Log In<\/a>. Not a member? <a href=\"https:\/\/www.immobilienbusiness.ch\/en\/registrieren\/\">Join Us<\/a><\/div>","protected":false},"excerpt":{"rendered":"<p><span><span><span>In the center of K\u00f6niz (BE), the Bl\u00e4uacker development with apartments as well as service and retail space is being built on two construction sites. Leasing of the space began in July 2020.<\/span><\/span><\/span><\/p>","protected":false},"author":3,"featured_media":0,"comment_status":"closed","ping_status":"closed","sticky":false,"template":"","format":"standard","meta":{"_acf_changed":false,"_yoast_wpseo_focuskw":"Bl\u00e4uacker","_yoast_wpseo_title":"","_yoast_wpseo_metadesc":"Im Zentrum von K\u00f6niz (BE) entsteht auf zwei Baufeldern die \u00dcberbauung Bl\u00e4uacker mit Wohnungen sowie Dienstleistungs- und Verkaufsfl\u00e4chen. Im Juli 2020 hat die Vermietung der Fl\u00e4chen begonnen.","_yoast_wpseo_linkdex":49,"pgc_sgb_lightbox_settings":"","footnotes":""},"categories":[1951],"tags":[1974,1964,1989],"class_list":["post-569","post","type-post","status-publish","format-standard","hentry","category-ib","tag-be","tag-in-bau","tag-wohn-und-gewerbeimmobilie"],"acf":[],"yoast_head":"<!-- This site is optimized with the Yoast SEO plugin v27.4 - https:\/\/yoast.com\/product\/yoast-seo-wordpress\/ -->\n<title>K\u00f6niz: \u00dcberbauung Bl\u00e4uacker in der Vermarktung - IMMOBILIEN Business<\/title>\n<meta name=\"description\" content=\"Im Zentrum von K\u00f6niz (BE) entsteht auf zwei Baufeldern die \u00dcberbauung Bl\u00e4uacker mit Wohnungen sowie Dienstleistungs- und Verkaufsfl\u00e4chen. Im Juli 2020 hat die Vermietung der Fl\u00e4chen begonnen.\" \/>\n<meta name=\"robots\" content=\"index, follow, max-snippet:-1, max-image-preview:large, max-video-preview:-1\" \/>\n<link rel=\"canonical\" href=\"https:\/\/www.immobilienbusiness.ch\/en\/ib\/2020-07-20\/koniz-uberbauung-blauacker-in-der-vermarktung\/\" \/>\n<meta property=\"og:locale\" content=\"en_US\" \/>\n<meta property=\"og:type\" content=\"article\" \/>\n<meta property=\"og:title\" content=\"K\u00f6niz: \u00dcberbauung Bl\u00e4uacker in der Vermarktung - IMMOBILIEN Business\" \/>\n<meta property=\"og:description\" content=\"Im Zentrum von K\u00f6niz (BE) entsteht auf zwei Baufeldern die \u00dcberbauung Bl\u00e4uacker mit Wohnungen sowie Dienstleistungs- und Verkaufsfl\u00e4chen. Im Juli 2020 hat die Vermietung der Fl\u00e4chen begonnen.\" \/>\n<meta property=\"og:url\" content=\"https:\/\/www.immobilienbusiness.ch\/en\/ib\/2020-07-20\/koniz-uberbauung-blauacker-in-der-vermarktung\/\" \/>\n<meta property=\"og:site_name\" content=\"IMMOBILIEN Business\" \/>\n<meta property=\"article:publisher\" content=\"https:\/\/www.facebook.com\/immobilienbusiness\/\" \/>\n<meta property=\"article:published_time\" content=\"2020-07-20T07:34:44+00:00\" \/>\n<meta property=\"article:modified_time\" content=\"2023-07-19T08:03:15+00:00\" \/>\n<meta name=\"author\" content=\"anja.hall\" \/>\n<meta name=\"twitter:card\" content=\"summary_large_image\" \/>\n<script type=\"application\/ld+json\" class=\"yoast-schema-graph\">{\"@context\":\"https:\\\/\\\/schema.org\",\"@graph\":[{\"@type\":\"Article\",\"@id\":\"https:\\\/\\\/www.immobilienbusiness.ch\\\/ib\\\/2020-07-20\\\/koniz-uberbauung-blauacker-in-der-vermarktung\\\/#article\",\"isPartOf\":{\"@id\":\"https:\\\/\\\/www.immobilienbusiness.ch\\\/ib\\\/2020-07-20\\\/koniz-uberbauung-blauacker-in-der-vermarktung\\\/\"},\"author\":{\"name\":\"anja.hall\",\"@id\":\"https:\\\/\\\/www.immobilienbusiness.ch\\\/#\\\/schema\\\/person\\\/3fc036297b10b9f42d6db5ee932af8c8\"},\"headline\":\"K\u00f6niz: \u00dcberbauung Bl\u00e4uacker in der Vermarktung\",\"datePublished\":\"2020-07-20T07:34:44+00:00\",\"dateModified\":\"2023-07-19T08:03:15+00:00\",\"mainEntityOfPage\":{\"@id\":\"https:\\\/\\\/www.immobilienbusiness.ch\\\/ib\\\/2020-07-20\\\/koniz-uberbauung-blauacker-in-der-vermarktung\\\/\"},\"wordCount\":212,\"publisher\":{\"@id\":\"https:\\\/\\\/www.immobilienbusiness.ch\\\/#organization\"},\"keywords\":[\"BE\",\"in Bau\",\"Wohn- und Gewerbeimmobilie\"],\"articleSection\":[\"IB+\"],\"inLanguage\":\"en-US\"},{\"@type\":\"WebPage\",\"@id\":\"https:\\\/\\\/www.immobilienbusiness.ch\\\/ib\\\/2020-07-20\\\/koniz-uberbauung-blauacker-in-der-vermarktung\\\/\",\"url\":\"https:\\\/\\\/www.immobilienbusiness.ch\\\/ib\\\/2020-07-20\\\/koniz-uberbauung-blauacker-in-der-vermarktung\\\/\",\"name\":\"K\u00f6niz: \u00dcberbauung Bl\u00e4uacker in der Vermarktung - IMMOBILIEN Business\",\"isPartOf\":{\"@id\":\"https:\\\/\\\/www.immobilienbusiness.ch\\\/#website\"},\"datePublished\":\"2020-07-20T07:34:44+00:00\",\"dateModified\":\"2023-07-19T08:03:15+00:00\",\"description\":\"Im Zentrum von K\u00f6niz (BE) entsteht auf zwei Baufeldern die \u00dcberbauung Bl\u00e4uacker mit Wohnungen sowie Dienstleistungs- und Verkaufsfl\u00e4chen. Im Juli 2020 hat die Vermietung der Fl\u00e4chen begonnen.\",\"breadcrumb\":{\"@id\":\"https:\\\/\\\/www.immobilienbusiness.ch\\\/ib\\\/2020-07-20\\\/koniz-uberbauung-blauacker-in-der-vermarktung\\\/#breadcrumb\"},\"inLanguage\":\"en-US\",\"potentialAction\":[{\"@type\":\"ReadAction\",\"target\":[\"https:\\\/\\\/www.immobilienbusiness.ch\\\/ib\\\/2020-07-20\\\/koniz-uberbauung-blauacker-in-der-vermarktung\\\/\"]}]},{\"@type\":\"BreadcrumbList\",\"@id\":\"https:\\\/\\\/www.immobilienbusiness.ch\\\/ib\\\/2020-07-20\\\/koniz-uberbauung-blauacker-in-der-vermarktung\\\/#breadcrumb\",\"itemListElement\":[{\"@type\":\"ListItem\",\"position\":1,\"name\":\"Home\",\"item\":\"https:\\\/\\\/www.immobilienbusiness.ch\\\/\"},{\"@type\":\"ListItem\",\"position\":2,\"name\":\"K\u00f6niz: \u00dcberbauung Bl\u00e4uacker in der Vermarktung\"}]},{\"@type\":\"WebSite\",\"@id\":\"https:\\\/\\\/www.immobilienbusiness.ch\\\/#website\",\"url\":\"https:\\\/\\\/www.immobilienbusiness.ch\\\/\",\"name\":\"IMMOBILIEN Business\",\"description\":\"Unabh\u00e4ngiges Schweizer Wirtschaftsmagazin mit Fokus auf Immobilien, Architektur- und Bau sowie Investment- und Finanzierung.\",\"publisher\":{\"@id\":\"https:\\\/\\\/www.immobilienbusiness.ch\\\/#organization\"},\"potentialAction\":[{\"@type\":\"SearchAction\",\"target\":{\"@type\":\"EntryPoint\",\"urlTemplate\":\"https:\\\/\\\/www.immobilienbusiness.ch\\\/?s={search_term_string}\"},\"query-input\":{\"@type\":\"PropertyValueSpecification\",\"valueRequired\":true,\"valueName\":\"search_term_string\"}}],\"inLanguage\":\"en-US\"},{\"@type\":\"Organization\",\"@id\":\"https:\\\/\\\/www.immobilienbusiness.ch\\\/#organization\",\"name\":\"IMMOBILIEN Business\",\"url\":\"https:\\\/\\\/www.immobilienbusiness.ch\\\/\",\"logo\":{\"@type\":\"ImageObject\",\"inLanguage\":\"en-US\",\"@id\":\"https:\\\/\\\/www.immobilienbusiness.ch\\\/#\\\/schema\\\/logo\\\/image\\\/\",\"url\":\"https:\\\/\\\/www.immobilienbusiness.ch\\\/wp-content\\\/uploads\\\/2021\\\/07\\\/logo_ib.png\",\"contentUrl\":\"https:\\\/\\\/www.immobilienbusiness.ch\\\/wp-content\\\/uploads\\\/2021\\\/07\\\/logo_ib.png\",\"width\":800,\"height\":181,\"caption\":\"IMMOBILIEN Business\"},\"image\":{\"@id\":\"https:\\\/\\\/www.immobilienbusiness.ch\\\/#\\\/schema\\\/logo\\\/image\\\/\"},\"sameAs\":[\"https:\\\/\\\/www.facebook.com\\\/immobilienbusiness\\\/\"]},{\"@type\":\"Person\",\"@id\":\"https:\\\/\\\/www.immobilienbusiness.ch\\\/#\\\/schema\\\/person\\\/3fc036297b10b9f42d6db5ee932af8c8\",\"name\":\"anja.hall\",\"image\":{\"@type\":\"ImageObject\",\"inLanguage\":\"en-US\",\"@id\":\"https:\\\/\\\/secure.gravatar.com\\\/avatar\\\/066b5a0d447013502c71a5782f4f3469f03cfe595cc2329fb94652fe47511bfb?s=96&d=mm&r=g\",\"url\":\"https:\\\/\\\/secure.gravatar.com\\\/avatar\\\/066b5a0d447013502c71a5782f4f3469f03cfe595cc2329fb94652fe47511bfb?s=96&d=mm&r=g\",\"contentUrl\":\"https:\\\/\\\/secure.gravatar.com\\\/avatar\\\/066b5a0d447013502c71a5782f4f3469f03cfe595cc2329fb94652fe47511bfb?s=96&d=mm&r=g\",\"caption\":\"anja.hall\"},\"url\":\"https:\\\/\\\/www.immobilienbusiness.ch\\\/en\\\/author\\\/anja-hall\\\/\"}]}<\/script>\n<!-- \/ Yoast SEO plugin. -->","yoast_head_json":{"title":"K\u00f6niz: \u00dcberbauung Bl\u00e4uacker in der Vermarktung - IMMOBILIEN Business","description":"In the center of K\u00f6niz (BE), the Bl\u00e4uacker development with apartments as well as service and retail space is being built on two construction sites. Leasing of the space began in July 2020.","robots":{"index":"index","follow":"follow","max-snippet":"max-snippet:-1","max-image-preview":"max-image-preview:large","max-video-preview":"max-video-preview:-1"},"canonical":"https:\/\/www.immobilienbusiness.ch\/en\/ib\/2020-07-20\/koniz-uberbauung-blauacker-in-der-vermarktung\/","og_locale":"en_US","og_type":"article","og_title":"K\u00f6niz: \u00dcberbauung Bl\u00e4uacker in der Vermarktung - IMMOBILIEN Business","og_description":"Im Zentrum von K\u00f6niz (BE) entsteht auf zwei Baufeldern die \u00dcberbauung Bl\u00e4uacker mit Wohnungen sowie Dienstleistungs- und Verkaufsfl\u00e4chen. Im Juli 2020 hat die Vermietung der Fl\u00e4chen begonnen.","og_url":"https:\/\/www.immobilienbusiness.ch\/en\/ib\/2020-07-20\/koniz-uberbauung-blauacker-in-der-vermarktung\/","og_site_name":"IMMOBILIEN Business","article_publisher":"https:\/\/www.facebook.com\/immobilienbusiness\/","article_published_time":"2020-07-20T07:34:44+00:00","article_modified_time":"2023-07-19T08:03:15+00:00","author":"anja.hall","twitter_card":"summary_large_image","schema":{"@context":"https:\/\/schema.org","@graph":[{"@type":"Article","@id":"https:\/\/www.immobilienbusiness.ch\/ib\/2020-07-20\/koniz-uberbauung-blauacker-in-der-vermarktung\/#article","isPartOf":{"@id":"https:\/\/www.immobilienbusiness.ch\/ib\/2020-07-20\/koniz-uberbauung-blauacker-in-der-vermarktung\/"},"author":{"name":"anja.hall","@id":"https:\/\/www.immobilienbusiness.ch\/#\/schema\/person\/3fc036297b10b9f42d6db5ee932af8c8"},"headline":"K\u00f6niz: \u00dcberbauung Bl\u00e4uacker in der Vermarktung","datePublished":"2020-07-20T07:34:44+00:00","dateModified":"2023-07-19T08:03:15+00:00","mainEntityOfPage":{"@id":"https:\/\/www.immobilienbusiness.ch\/ib\/2020-07-20\/koniz-uberbauung-blauacker-in-der-vermarktung\/"},"wordCount":212,"publisher":{"@id":"https:\/\/www.immobilienbusiness.ch\/#organization"},"keywords":["BE","in Bau","Wohn- und Gewerbeimmobilie"],"articleSection":["IB+"],"inLanguage":"en-US"},{"@type":"WebPage","@id":"https:\/\/www.immobilienbusiness.ch\/ib\/2020-07-20\/koniz-uberbauung-blauacker-in-der-vermarktung\/","url":"https:\/\/www.immobilienbusiness.ch\/ib\/2020-07-20\/koniz-uberbauung-blauacker-in-der-vermarktung\/","name":"K\u00f6niz: \u00dcberbauung Bl\u00e4uacker in der Vermarktung - IMMOBILIEN Business","isPartOf":{"@id":"https:\/\/www.immobilienbusiness.ch\/#website"},"datePublished":"2020-07-20T07:34:44+00:00","dateModified":"2023-07-19T08:03:15+00:00","description":"In the center of K\u00f6niz (BE), the Bl\u00e4uacker development with apartments as well as service and retail space is being built on two construction sites. Leasing of the space began in July 2020.","breadcrumb":{"@id":"https:\/\/www.immobilienbusiness.ch\/ib\/2020-07-20\/koniz-uberbauung-blauacker-in-der-vermarktung\/#breadcrumb"},"inLanguage":"en-US","potentialAction":[{"@type":"ReadAction","target":["https:\/\/www.immobilienbusiness.ch\/ib\/2020-07-20\/koniz-uberbauung-blauacker-in-der-vermarktung\/"]}]},{"@type":"BreadcrumbList","@id":"https:\/\/www.immobilienbusiness.ch\/ib\/2020-07-20\/koniz-uberbauung-blauacker-in-der-vermarktung\/#breadcrumb","itemListElement":[{"@type":"ListItem","position":1,"name":"Home","item":"https:\/\/www.immobilienbusiness.ch\/"},{"@type":"ListItem","position":2,"name":"K\u00f6niz: \u00dcberbauung Bl\u00e4uacker in der Vermarktung"}]},{"@type":"WebSite","@id":"https:\/\/www.immobilienbusiness.ch\/#website","url":"https:\/\/www.immobilienbusiness.ch\/","name":"REAL ESTATE Business","description":"Independent Swiss business magazine focusing on real estate, architecture and construction as well as investment and financing.","publisher":{"@id":"https:\/\/www.immobilienbusiness.ch\/#organization"},"potentialAction":[{"@type":"SearchAction","target":{"@type":"EntryPoint","urlTemplate":"https:\/\/www.immobilienbusiness.ch\/?s={search_term_string}"},"query-input":{"@type":"PropertyValueSpecification","valueRequired":true,"valueName":"search_term_string"}}],"inLanguage":"en-US"},{"@type":"Organization","@id":"https:\/\/www.immobilienbusiness.ch\/#organization","name":"REAL ESTATE Business","url":"https:\/\/www.immobilienbusiness.ch\/","logo":{"@type":"ImageObject","inLanguage":"en-US","@id":"https:\/\/www.immobilienbusiness.ch\/#\/schema\/logo\/image\/","url":"https:\/\/www.immobilienbusiness.ch\/wp-content\/uploads\/2021\/07\/logo_ib.png","contentUrl":"https:\/\/www.immobilienbusiness.ch\/wp-content\/uploads\/2021\/07\/logo_ib.png","width":800,"height":181,"caption":"IMMOBILIEN Business"},"image":{"@id":"https:\/\/www.immobilienbusiness.ch\/#\/schema\/logo\/image\/"},"sameAs":["https:\/\/www.facebook.com\/immobilienbusiness\/"]},{"@type":"Person","@id":"https:\/\/www.immobilienbusiness.ch\/#\/schema\/person\/3fc036297b10b9f42d6db5ee932af8c8","name":"anja.hall","image":{"@type":"ImageObject","inLanguage":"en-US","@id":"https:\/\/secure.gravatar.com\/avatar\/066b5a0d447013502c71a5782f4f3469f03cfe595cc2329fb94652fe47511bfb?s=96&d=mm&r=g","url":"https:\/\/secure.gravatar.com\/avatar\/066b5a0d447013502c71a5782f4f3469f03cfe595cc2329fb94652fe47511bfb?s=96&d=mm&r=g","contentUrl":"https:\/\/secure.gravatar.com\/avatar\/066b5a0d447013502c71a5782f4f3469f03cfe595cc2329fb94652fe47511bfb?s=96&d=mm&r=g","caption":"anja.hall"},"url":"https:\/\/www.immobilienbusiness.ch\/en\/author\/anja-hall\/"}]}},"_links":{"self":[{"href":"https:\/\/www.immobilienbusiness.ch\/en\/wp-json\/wp\/v2\/posts\/569","targetHints":{"allow":["GET"]}}],"collection":[{"href":"https:\/\/www.immobilienbusiness.ch\/en\/wp-json\/wp\/v2\/posts"}],"about":[{"href":"https:\/\/www.immobilienbusiness.ch\/en\/wp-json\/wp\/v2\/types\/post"}],"author":[{"embeddable":true,"href":"https:\/\/www.immobilienbusiness.ch\/en\/wp-json\/wp\/v2\/users\/3"}],"replies":[{"embeddable":true,"href":"https:\/\/www.immobilienbusiness.ch\/en\/wp-json\/wp\/v2\/comments?post=569"}],"version-history":[{"count":1,"href":"https:\/\/www.immobilienbusiness.ch\/en\/wp-json\/wp\/v2\/posts\/569\/revisions"}],"predecessor-version":[{"id":50669,"href":"https:\/\/www.immobilienbusiness.ch\/en\/wp-json\/wp\/v2\/posts\/569\/revisions\/50669"}],"wp:attachment":[{"href":"https:\/\/www.immobilienbusiness.ch\/en\/wp-json\/wp\/v2\/media?parent=569"}],"wp:term":[{"taxonomy":"category","embeddable":true,"href":"https:\/\/www.immobilienbusiness.ch\/en\/wp-json\/wp\/v2\/categories?post=569"},{"taxonomy":"post_tag","embeddable":true,"href":"https:\/\/www.immobilienbusiness.ch\/en\/wp-json\/wp\/v2\/tags?post=569"}],"curies":[{"name":"wp","href":"https:\/\/api.w.org\/{rel}","templated":true}]}}