{"id":56587,"date":"2024-04-03T08:20:13","date_gmt":"2024-04-03T06:20:13","guid":{"rendered":"https:\/\/www.immobilienbusiness.ch\/?p=56587"},"modified":"2024-04-04T12:43:09","modified_gmt":"2024-04-04T10:43:09","slug":"wuest-und-wuest-expandiert-nach-pfaeffikon-sz","status":"publish","type":"post","link":"https:\/\/www.immobilienbusiness.ch\/en\/regionen\/2024-04-03\/wuest-und-wuest-expandiert-nach-pfaeffikon-sz\/","title":{"rendered":"W\u00fcst und W\u00fcst expands to Pf\u00e4ffikon"},"content":{"rendered":"<figure id=\"attachment_56588\" aria-describedby=\"caption-attachment-56588\" style=\"width: 1400px\" class=\"wp-caption alignnone\"><a href=\"https:\/\/www.immobilienbusiness.ch\/wp-content\/uploads\/2024\/04\/MM_WuW_PfaeffikonSZ-scaled.jpg\"><img loading=\"lazy\" decoding=\"async\" class=\"size-full wp-image-56588\" src=\"https:\/\/www.immobilienbusiness.ch\/wp-content\/uploads\/2024\/04\/MM_WuW_PfaeffikonSZ-scaled.jpg\" alt=\"\" width=\"1400\" height=\"934\" srcset=\"https:\/\/www.immobilienbusiness.ch\/wp-content\/uploads\/2024\/04\/MM_WuW_PfaeffikonSZ-scaled.jpg 1200w, https:\/\/www.immobilienbusiness.ch\/wp-content\/uploads\/2024\/04\/MM_WuW_PfaeffikonSZ-300x200.jpg 300w, https:\/\/www.immobilienbusiness.ch\/wp-content\/uploads\/2024\/04\/MM_WuW_PfaeffikonSZ-1024x683.jpg 1024w, https:\/\/www.immobilienbusiness.ch\/wp-content\/uploads\/2024\/04\/MM_WuW_PfaeffikonSZ-768x512.jpg 768w, https:\/\/www.immobilienbusiness.ch\/wp-content\/uploads\/2024\/04\/MM_WuW_PfaeffikonSZ-1536x1025.jpg 1536w, https:\/\/www.immobilienbusiness.ch\/wp-content\/uploads\/2024\/04\/MM_WuW_PfaeffikonSZ-18x12.jpg 18w, https:\/\/www.immobilienbusiness.ch\/wp-content\/uploads\/2024\/04\/MM_WuW_PfaeffikonSZ-375x250.jpg 375w, https:\/\/www.immobilienbusiness.ch\/wp-content\/uploads\/2024\/04\/MM_WuW_PfaeffikonSZ-525x350.jpg 525w, https:\/\/www.immobilienbusiness.ch\/wp-content\/uploads\/2024\/04\/MM_WuW_PfaeffikonSZ-1000x667.jpg 1000w\" sizes=\"auto, (max-width: 1400px) 100vw, 1400px\" \/><\/a><figcaption id=\"caption-attachment-56588\" class=\"wp-caption-text\">Pascal Vaucher, Julia Greber and Paul V\u00f6gele (Image: zVg)<\/figcaption><\/figure>\n<p>W\u00fcst und W\u00fcst AG, which specializes in the marketing of exclusive residential property, is adding a branch in Pf\u00e4ffikon (SZ) to its existing locations in K\u00fcsnacht (ZH), Zug, Lucerne and St. Moritz. \"At the new location at Eichenstrasse 2 in Pf\u00e4ffikon, we are part of a real estate hub with general contractors, real estate developers, specialists in asset management and technical building consultancy,\" says COO Julia Greber, who comes from Wollerau (SZ). The address is also the headquarters of the V\u00f6gele Real Estate Group, which primarily develops and realizes commercial properties. \"We welcome the team from W\u00fcst und W\u00fcst as our new neighbors at the V\u00f6gele Real Estate Group's operational headquarters and look forward to working together, particularly in real estate development,\" says Chairman of the Board of Directors Paul V\u00f6gele. Office neighbors are a general and total contractor as well as the building consultancy firm SEM Solutions AG, a specialist in energy and sustainability consulting.<\/p>\n<p>W\u00fcst und W\u00fcst also has \"excellent contacts in the Pf\u00e4ffikon region and in-depth knowledge of the market from upper Lake Zurich to Zurich, from which our customers can benefit\", comments Pascal Vaucher, CEO of W\u00fcst und W\u00fcst, on the expansion. <em>(aw)<\/em><\/p>","protected":false},"excerpt":{"rendered":"<p>The new branch is located at the headquarters of the V\u00f6gele Real Estate Group.<\/p>","protected":false},"author":102,"featured_media":56588,"comment_status":"closed","ping_status":"closed","sticky":false,"template":"","format":"standard","meta":{"_acf_changed":false,"_yoast_wpseo_focuskw":"Pf\u00e4ffikon","_yoast_wpseo_title":"","_yoast_wpseo_metadesc":"Die neue Niederlassung befindet sich am Sitz der V\u00f6gele Immobilien Gruppe.","_yoast_wpseo_linkdex":47,"pgc_sgb_lightbox_settings":"","footnotes":""},"categories":[985,988],"tags":[1212,1569,2109,1872],"class_list":["post-56587","post","type-post","status-publish","format-standard","has-post-thumbnail","hentry","category-regionen","category-unternehmen","tag-expansion","tag-pfaeffikon","tag-wohnungen","tag-wuest-und-wuest-ag"],"acf":[],"yoast_head":"<!-- This site is optimized with the Yoast SEO plugin v27.4 - https:\/\/yoast.com\/product\/yoast-seo-wordpress\/ -->\n<title>W\u00fcst und W\u00fcst expandiert nach Pf\u00e4ffikon - IMMOBILIEN Business<\/title>\n<meta name=\"description\" content=\"Die neue Niederlassung befindet sich am Sitz der V\u00f6gele Immobilien Gruppe.\" \/>\n<meta name=\"robots\" content=\"index, follow, max-snippet:-1, max-image-preview:large, max-video-preview:-1\" \/>\n<link rel=\"canonical\" href=\"https:\/\/www.immobilienbusiness.ch\/en\/regionen\/2024-04-03\/wuest-und-wuest-expandiert-nach-pfaeffikon-sz\/\" \/>\n<meta property=\"og:locale\" content=\"en_US\" \/>\n<meta property=\"og:type\" content=\"article\" \/>\n<meta property=\"og:title\" content=\"W\u00fcst und W\u00fcst expandiert nach Pf\u00e4ffikon - IMMOBILIEN Business\" \/>\n<meta property=\"og:description\" content=\"Die neue Niederlassung befindet sich am Sitz der V\u00f6gele Immobilien Gruppe.\" \/>\n<meta property=\"og:url\" content=\"https:\/\/www.immobilienbusiness.ch\/en\/regionen\/2024-04-03\/wuest-und-wuest-expandiert-nach-pfaeffikon-sz\/\" \/>\n<meta property=\"og:site_name\" content=\"IMMOBILIEN Business\" \/>\n<meta property=\"article:publisher\" content=\"https:\/\/www.facebook.com\/immobilienbusiness\/\" \/>\n<meta property=\"article:published_time\" content=\"2024-04-03T06:20:13+00:00\" \/>\n<meta property=\"article:modified_time\" content=\"2024-04-04T10:43:09+00:00\" \/>\n<meta property=\"og:image\" content=\"https:\/\/www.immobilienbusiness.ch\/wp-content\/uploads\/2024\/04\/MM_WuW_PfaeffikonSZ-scaled.jpg\" \/>\n\t<meta property=\"og:image:width\" content=\"1200\" \/>\n\t<meta property=\"og:image:height\" content=\"801\" \/>\n\t<meta property=\"og:image:type\" content=\"image\/jpeg\" \/>\n<meta name=\"author\" content=\"Alexander Wachter\" \/>\n<meta name=\"twitter:card\" content=\"summary_large_image\" \/>\n<script type=\"application\/ld+json\" class=\"yoast-schema-graph\">{\"@context\":\"https:\\\/\\\/schema.org\",\"@graph\":[{\"@type\":\"Article\",\"@id\":\"https:\\\/\\\/www.immobilienbusiness.ch\\\/en\\\/regionen\\\/2024-04-03\\\/wuest-und-wuest-expandiert-nach-pfaeffikon-sz\\\/#article\",\"isPartOf\":{\"@id\":\"https:\\\/\\\/www.immobilienbusiness.ch\\\/en\\\/regionen\\\/2024-04-03\\\/wuest-und-wuest-expandiert-nach-pfaeffikon-sz\\\/\"},\"author\":{\"name\":\"Alexander Wachter\",\"@id\":\"https:\\\/\\\/www.immobilienbusiness.ch\\\/#\\\/schema\\\/person\\\/aba8bea2db926aa0c24c08c43fe1fcd5\"},\"headline\":\"W\u00fcst und W\u00fcst expandiert nach Pf\u00e4ffikon\",\"datePublished\":\"2024-04-03T06:20:13+00:00\",\"dateModified\":\"2024-04-04T10:43:09+00:00\",\"mainEntityOfPage\":{\"@id\":\"https:\\\/\\\/www.immobilienbusiness.ch\\\/en\\\/regionen\\\/2024-04-03\\\/wuest-und-wuest-expandiert-nach-pfaeffikon-sz\\\/\"},\"wordCount\":226,\"publisher\":{\"@id\":\"https:\\\/\\\/www.immobilienbusiness.ch\\\/#organization\"},\"image\":{\"@id\":\"https:\\\/\\\/www.immobilienbusiness.ch\\\/en\\\/regionen\\\/2024-04-03\\\/wuest-und-wuest-expandiert-nach-pfaeffikon-sz\\\/#primaryimage\"},\"thumbnailUrl\":\"https:\\\/\\\/www.immobilienbusiness.ch\\\/wp-content\\\/uploads\\\/2024\\\/04\\\/MM_WuW_PfaeffikonSZ-scaled.jpg\",\"keywords\":[\"Expansion\",\"Pf\u00e4ffikon\",\"Wohnungen\",\"W\u00fcst und W\u00fcst AG\"],\"articleSection\":[\"REGIONEN\",\"UNTERNEHMEN\"],\"inLanguage\":\"en-US\"},{\"@type\":\"WebPage\",\"@id\":\"https:\\\/\\\/www.immobilienbusiness.ch\\\/en\\\/regionen\\\/2024-04-03\\\/wuest-und-wuest-expandiert-nach-pfaeffikon-sz\\\/\",\"url\":\"https:\\\/\\\/www.immobilienbusiness.ch\\\/en\\\/regionen\\\/2024-04-03\\\/wuest-und-wuest-expandiert-nach-pfaeffikon-sz\\\/\",\"name\":\"W\u00fcst und W\u00fcst expandiert nach Pf\u00e4ffikon - IMMOBILIEN Business\",\"isPartOf\":{\"@id\":\"https:\\\/\\\/www.immobilienbusiness.ch\\\/#website\"},\"primaryImageOfPage\":{\"@id\":\"https:\\\/\\\/www.immobilienbusiness.ch\\\/en\\\/regionen\\\/2024-04-03\\\/wuest-und-wuest-expandiert-nach-pfaeffikon-sz\\\/#primaryimage\"},\"image\":{\"@id\":\"https:\\\/\\\/www.immobilienbusiness.ch\\\/en\\\/regionen\\\/2024-04-03\\\/wuest-und-wuest-expandiert-nach-pfaeffikon-sz\\\/#primaryimage\"},\"thumbnailUrl\":\"https:\\\/\\\/www.immobilienbusiness.ch\\\/wp-content\\\/uploads\\\/2024\\\/04\\\/MM_WuW_PfaeffikonSZ-scaled.jpg\",\"datePublished\":\"2024-04-03T06:20:13+00:00\",\"dateModified\":\"2024-04-04T10:43:09+00:00\",\"description\":\"Die neue Niederlassung befindet sich am Sitz der V\u00f6gele Immobilien Gruppe.\",\"breadcrumb\":{\"@id\":\"https:\\\/\\\/www.immobilienbusiness.ch\\\/en\\\/regionen\\\/2024-04-03\\\/wuest-und-wuest-expandiert-nach-pfaeffikon-sz\\\/#breadcrumb\"},\"inLanguage\":\"en-US\",\"potentialAction\":[{\"@type\":\"ReadAction\",\"target\":[\"https:\\\/\\\/www.immobilienbusiness.ch\\\/en\\\/regionen\\\/2024-04-03\\\/wuest-und-wuest-expandiert-nach-pfaeffikon-sz\\\/\"]}]},{\"@type\":\"ImageObject\",\"inLanguage\":\"en-US\",\"@id\":\"https:\\\/\\\/www.immobilienbusiness.ch\\\/en\\\/regionen\\\/2024-04-03\\\/wuest-und-wuest-expandiert-nach-pfaeffikon-sz\\\/#primaryimage\",\"url\":\"https:\\\/\\\/www.immobilienbusiness.ch\\\/wp-content\\\/uploads\\\/2024\\\/04\\\/MM_WuW_PfaeffikonSZ-scaled.jpg\",\"contentUrl\":\"https:\\\/\\\/www.immobilienbusiness.ch\\\/wp-content\\\/uploads\\\/2024\\\/04\\\/MM_WuW_PfaeffikonSZ-scaled.jpg\",\"width\":1200,\"height\":801,\"caption\":\"Pascal Vaucher, Julia Greber und Paul V\u00f6gele (Bild: zVg)\"},{\"@type\":\"BreadcrumbList\",\"@id\":\"https:\\\/\\\/www.immobilienbusiness.ch\\\/en\\\/regionen\\\/2024-04-03\\\/wuest-und-wuest-expandiert-nach-pfaeffikon-sz\\\/#breadcrumb\",\"itemListElement\":[{\"@type\":\"ListItem\",\"position\":1,\"name\":\"Home\",\"item\":\"https:\\\/\\\/www.immobilienbusiness.ch\\\/\"},{\"@type\":\"ListItem\",\"position\":2,\"name\":\"W\u00fcst und W\u00fcst expandiert nach Pf\u00e4ffikon\"}]},{\"@type\":\"WebSite\",\"@id\":\"https:\\\/\\\/www.immobilienbusiness.ch\\\/#website\",\"url\":\"https:\\\/\\\/www.immobilienbusiness.ch\\\/\",\"name\":\"IMMOBILIEN Business\",\"description\":\"Unabh\u00e4ngiges Schweizer Wirtschaftsmagazin mit Fokus auf Immobilien, Architektur- und Bau sowie Investment- und Finanzierung.\",\"publisher\":{\"@id\":\"https:\\\/\\\/www.immobilienbusiness.ch\\\/#organization\"},\"potentialAction\":[{\"@type\":\"SearchAction\",\"target\":{\"@type\":\"EntryPoint\",\"urlTemplate\":\"https:\\\/\\\/www.immobilienbusiness.ch\\\/?s={search_term_string}\"},\"query-input\":{\"@type\":\"PropertyValueSpecification\",\"valueRequired\":true,\"valueName\":\"search_term_string\"}}],\"inLanguage\":\"en-US\"},{\"@type\":\"Organization\",\"@id\":\"https:\\\/\\\/www.immobilienbusiness.ch\\\/#organization\",\"name\":\"IMMOBILIEN Business\",\"url\":\"https:\\\/\\\/www.immobilienbusiness.ch\\\/\",\"logo\":{\"@type\":\"ImageObject\",\"inLanguage\":\"en-US\",\"@id\":\"https:\\\/\\\/www.immobilienbusiness.ch\\\/#\\\/schema\\\/logo\\\/image\\\/\",\"url\":\"https:\\\/\\\/www.immobilienbusiness.ch\\\/wp-content\\\/uploads\\\/2021\\\/07\\\/logo_ib.png\",\"contentUrl\":\"https:\\\/\\\/www.immobilienbusiness.ch\\\/wp-content\\\/uploads\\\/2021\\\/07\\\/logo_ib.png\",\"width\":800,\"height\":181,\"caption\":\"IMMOBILIEN Business\"},\"image\":{\"@id\":\"https:\\\/\\\/www.immobilienbusiness.ch\\\/#\\\/schema\\\/logo\\\/image\\\/\"},\"sameAs\":[\"https:\\\/\\\/www.facebook.com\\\/immobilienbusiness\\\/\"]},{\"@type\":\"Person\",\"@id\":\"https:\\\/\\\/www.immobilienbusiness.ch\\\/#\\\/schema\\\/person\\\/aba8bea2db926aa0c24c08c43fe1fcd5\",\"name\":\"Alexander Wachter\",\"image\":{\"@type\":\"ImageObject\",\"inLanguage\":\"en-US\",\"@id\":\"https:\\\/\\\/secure.gravatar.com\\\/avatar\\\/1a09e471f5389b0e0a6416eac287e0927c7c97a7b77f9e787eba3af7aee281dd?s=96&d=mm&r=g\",\"url\":\"https:\\\/\\\/secure.gravatar.com\\\/avatar\\\/1a09e471f5389b0e0a6416eac287e0927c7c97a7b77f9e787eba3af7aee281dd?s=96&d=mm&r=g\",\"contentUrl\":\"https:\\\/\\\/secure.gravatar.com\\\/avatar\\\/1a09e471f5389b0e0a6416eac287e0927c7c97a7b77f9e787eba3af7aee281dd?s=96&d=mm&r=g\",\"caption\":\"Alexander Wachter\"},\"url\":\"https:\\\/\\\/www.immobilienbusiness.ch\\\/en\\\/author\\\/alexander-wachter\\\/\"}]}<\/script>\n<!-- \/ Yoast SEO plugin. -->","yoast_head_json":{"title":"W\u00fcst und W\u00fcst expands to Pf\u00e4ffikon - IMMOBILIEN Business","description":"The new branch is located at the headquarters of the V\u00f6gele Real Estate Group.","robots":{"index":"index","follow":"follow","max-snippet":"max-snippet:-1","max-image-preview":"max-image-preview:large","max-video-preview":"max-video-preview:-1"},"canonical":"https:\/\/www.immobilienbusiness.ch\/en\/regionen\/2024-04-03\/wuest-und-wuest-expandiert-nach-pfaeffikon-sz\/","og_locale":"en_US","og_type":"article","og_title":"W\u00fcst und W\u00fcst expandiert nach Pf\u00e4ffikon - IMMOBILIEN Business","og_description":"Die neue Niederlassung befindet sich am Sitz der V\u00f6gele Immobilien Gruppe.","og_url":"https:\/\/www.immobilienbusiness.ch\/en\/regionen\/2024-04-03\/wuest-und-wuest-expandiert-nach-pfaeffikon-sz\/","og_site_name":"IMMOBILIEN Business","article_publisher":"https:\/\/www.facebook.com\/immobilienbusiness\/","article_published_time":"2024-04-03T06:20:13+00:00","article_modified_time":"2024-04-04T10:43:09+00:00","og_image":[{"width":1200,"height":801,"url":"https:\/\/www.immobilienbusiness.ch\/wp-content\/uploads\/2024\/04\/MM_WuW_PfaeffikonSZ-scaled.jpg","type":"image\/jpeg"}],"author":"Alexander Wachter","twitter_card":"summary_large_image","schema":{"@context":"https:\/\/schema.org","@graph":[{"@type":"Article","@id":"https:\/\/www.immobilienbusiness.ch\/en\/regionen\/2024-04-03\/wuest-und-wuest-expandiert-nach-pfaeffikon-sz\/#article","isPartOf":{"@id":"https:\/\/www.immobilienbusiness.ch\/en\/regionen\/2024-04-03\/wuest-und-wuest-expandiert-nach-pfaeffikon-sz\/"},"author":{"name":"Alexander Wachter","@id":"https:\/\/www.immobilienbusiness.ch\/#\/schema\/person\/aba8bea2db926aa0c24c08c43fe1fcd5"},"headline":"W\u00fcst und W\u00fcst expandiert nach Pf\u00e4ffikon","datePublished":"2024-04-03T06:20:13+00:00","dateModified":"2024-04-04T10:43:09+00:00","mainEntityOfPage":{"@id":"https:\/\/www.immobilienbusiness.ch\/en\/regionen\/2024-04-03\/wuest-und-wuest-expandiert-nach-pfaeffikon-sz\/"},"wordCount":226,"publisher":{"@id":"https:\/\/www.immobilienbusiness.ch\/#organization"},"image":{"@id":"https:\/\/www.immobilienbusiness.ch\/en\/regionen\/2024-04-03\/wuest-und-wuest-expandiert-nach-pfaeffikon-sz\/#primaryimage"},"thumbnailUrl":"https:\/\/www.immobilienbusiness.ch\/wp-content\/uploads\/2024\/04\/MM_WuW_PfaeffikonSZ-scaled.jpg","keywords":["Expansion","Pf\u00e4ffikon","Wohnungen","W\u00fcst und W\u00fcst AG"],"articleSection":["REGIONEN","UNTERNEHMEN"],"inLanguage":"en-US"},{"@type":"WebPage","@id":"https:\/\/www.immobilienbusiness.ch\/en\/regionen\/2024-04-03\/wuest-und-wuest-expandiert-nach-pfaeffikon-sz\/","url":"https:\/\/www.immobilienbusiness.ch\/en\/regionen\/2024-04-03\/wuest-und-wuest-expandiert-nach-pfaeffikon-sz\/","name":"W\u00fcst und W\u00fcst expands to Pf\u00e4ffikon - IMMOBILIEN Business","isPartOf":{"@id":"https:\/\/www.immobilienbusiness.ch\/#website"},"primaryImageOfPage":{"@id":"https:\/\/www.immobilienbusiness.ch\/en\/regionen\/2024-04-03\/wuest-und-wuest-expandiert-nach-pfaeffikon-sz\/#primaryimage"},"image":{"@id":"https:\/\/www.immobilienbusiness.ch\/en\/regionen\/2024-04-03\/wuest-und-wuest-expandiert-nach-pfaeffikon-sz\/#primaryimage"},"thumbnailUrl":"https:\/\/www.immobilienbusiness.ch\/wp-content\/uploads\/2024\/04\/MM_WuW_PfaeffikonSZ-scaled.jpg","datePublished":"2024-04-03T06:20:13+00:00","dateModified":"2024-04-04T10:43:09+00:00","description":"The new branch is located at the headquarters of the V\u00f6gele Real Estate Group.","breadcrumb":{"@id":"https:\/\/www.immobilienbusiness.ch\/en\/regionen\/2024-04-03\/wuest-und-wuest-expandiert-nach-pfaeffikon-sz\/#breadcrumb"},"inLanguage":"en-US","potentialAction":[{"@type":"ReadAction","target":["https:\/\/www.immobilienbusiness.ch\/en\/regionen\/2024-04-03\/wuest-und-wuest-expandiert-nach-pfaeffikon-sz\/"]}]},{"@type":"ImageObject","inLanguage":"en-US","@id":"https:\/\/www.immobilienbusiness.ch\/en\/regionen\/2024-04-03\/wuest-und-wuest-expandiert-nach-pfaeffikon-sz\/#primaryimage","url":"https:\/\/www.immobilienbusiness.ch\/wp-content\/uploads\/2024\/04\/MM_WuW_PfaeffikonSZ-scaled.jpg","contentUrl":"https:\/\/www.immobilienbusiness.ch\/wp-content\/uploads\/2024\/04\/MM_WuW_PfaeffikonSZ-scaled.jpg","width":1200,"height":801,"caption":"Pascal Vaucher, Julia Greber und Paul V\u00f6gele (Bild: zVg)"},{"@type":"BreadcrumbList","@id":"https:\/\/www.immobilienbusiness.ch\/en\/regionen\/2024-04-03\/wuest-und-wuest-expandiert-nach-pfaeffikon-sz\/#breadcrumb","itemListElement":[{"@type":"ListItem","position":1,"name":"Home","item":"https:\/\/www.immobilienbusiness.ch\/"},{"@type":"ListItem","position":2,"name":"W\u00fcst und W\u00fcst expandiert nach Pf\u00e4ffikon"}]},{"@type":"WebSite","@id":"https:\/\/www.immobilienbusiness.ch\/#website","url":"https:\/\/www.immobilienbusiness.ch\/","name":"REAL ESTATE Business","description":"Independent Swiss business magazine focusing on real estate, architecture and construction as well as investment and financing.","publisher":{"@id":"https:\/\/www.immobilienbusiness.ch\/#organization"},"potentialAction":[{"@type":"SearchAction","target":{"@type":"EntryPoint","urlTemplate":"https:\/\/www.immobilienbusiness.ch\/?s={search_term_string}"},"query-input":{"@type":"PropertyValueSpecification","valueRequired":true,"valueName":"search_term_string"}}],"inLanguage":"en-US"},{"@type":"Organization","@id":"https:\/\/www.immobilienbusiness.ch\/#organization","name":"REAL ESTATE Business","url":"https:\/\/www.immobilienbusiness.ch\/","logo":{"@type":"ImageObject","inLanguage":"en-US","@id":"https:\/\/www.immobilienbusiness.ch\/#\/schema\/logo\/image\/","url":"https:\/\/www.immobilienbusiness.ch\/wp-content\/uploads\/2021\/07\/logo_ib.png","contentUrl":"https:\/\/www.immobilienbusiness.ch\/wp-content\/uploads\/2021\/07\/logo_ib.png","width":800,"height":181,"caption":"IMMOBILIEN Business"},"image":{"@id":"https:\/\/www.immobilienbusiness.ch\/#\/schema\/logo\/image\/"},"sameAs":["https:\/\/www.facebook.com\/immobilienbusiness\/"]},{"@type":"Person","@id":"https:\/\/www.immobilienbusiness.ch\/#\/schema\/person\/aba8bea2db926aa0c24c08c43fe1fcd5","name":"Alexander Wachter","image":{"@type":"ImageObject","inLanguage":"en-US","@id":"https:\/\/secure.gravatar.com\/avatar\/1a09e471f5389b0e0a6416eac287e0927c7c97a7b77f9e787eba3af7aee281dd?s=96&d=mm&r=g","url":"https:\/\/secure.gravatar.com\/avatar\/1a09e471f5389b0e0a6416eac287e0927c7c97a7b77f9e787eba3af7aee281dd?s=96&d=mm&r=g","contentUrl":"https:\/\/secure.gravatar.com\/avatar\/1a09e471f5389b0e0a6416eac287e0927c7c97a7b77f9e787eba3af7aee281dd?s=96&d=mm&r=g","caption":"Alexander Wachter"},"url":"https:\/\/www.immobilienbusiness.ch\/en\/author\/alexander-wachter\/"}]}},"_links":{"self":[{"href":"https:\/\/www.immobilienbusiness.ch\/en\/wp-json\/wp\/v2\/posts\/56587","targetHints":{"allow":["GET"]}}],"collection":[{"href":"https:\/\/www.immobilienbusiness.ch\/en\/wp-json\/wp\/v2\/posts"}],"about":[{"href":"https:\/\/www.immobilienbusiness.ch\/en\/wp-json\/wp\/v2\/types\/post"}],"author":[{"embeddable":true,"href":"https:\/\/www.immobilienbusiness.ch\/en\/wp-json\/wp\/v2\/users\/102"}],"replies":[{"embeddable":true,"href":"https:\/\/www.immobilienbusiness.ch\/en\/wp-json\/wp\/v2\/comments?post=56587"}],"version-history":[{"count":2,"href":"https:\/\/www.immobilienbusiness.ch\/en\/wp-json\/wp\/v2\/posts\/56587\/revisions"}],"predecessor-version":[{"id":56590,"href":"https:\/\/www.immobilienbusiness.ch\/en\/wp-json\/wp\/v2\/posts\/56587\/revisions\/56590"}],"wp:featuredmedia":[{"embeddable":true,"href":"https:\/\/www.immobilienbusiness.ch\/en\/wp-json\/wp\/v2\/media\/56588"}],"wp:attachment":[{"href":"https:\/\/www.immobilienbusiness.ch\/en\/wp-json\/wp\/v2\/media?parent=56587"}],"wp:term":[{"taxonomy":"category","embeddable":true,"href":"https:\/\/www.immobilienbusiness.ch\/en\/wp-json\/wp\/v2\/categories?post=56587"},{"taxonomy":"post_tag","embeddable":true,"href":"https:\/\/www.immobilienbusiness.ch\/en\/wp-json\/wp\/v2\/tags?post=56587"}],"curies":[{"name":"wp","href":"https:\/\/api.w.org\/{rel}","templated":true}]}}