{"id":5590,"date":"2017-01-06T09:42:57","date_gmt":"2017-01-06T08:42:57","guid":{"rendered":"https:\/\/immobilienbusiness.ch\/?p=5590"},"modified":"2017-01-06T09:42:57","modified_gmt":"2017-01-06T08:42:57","slug":"bern-stadtentwicklung-stek-2016","status":"publish","type":"post","link":"https:\/\/www.immobilienbusiness.ch\/en\/regionen\/2017-01-06\/bern-stadtentwicklung-stek-2016\/","title":{"rendered":"Bern: STEK 2016 defines urban development"},"content":{"rendered":"<figure id=\"attachment_5686\" aria-describedby=\"caption-attachment-5686\" style=\"width: 680px\" class=\"wp-caption alignnone\"><img loading=\"lazy\" decoding=\"async\" class=\"wp-image-5686 size-medium\" src=\"https:\/\/immobilienbusiness.ch\/wp-content\/uploads\/2017\/01\/Depositphotos_5878352_l-2015.jpg\" width=\"680\" height=\"467\" srcset=\"https:\/\/www.immobilienbusiness.ch\/wp-content\/uploads\/2017\/01\/Depositphotos_5878352_l-2015.jpg 1999w, https:\/\/www.immobilienbusiness.ch\/wp-content\/uploads\/2017\/01\/Depositphotos_5878352_l-2015-300x206.jpg 300w, https:\/\/www.immobilienbusiness.ch\/wp-content\/uploads\/2017\/01\/Depositphotos_5878352_l-2015-1024x703.jpg 1024w, https:\/\/www.immobilienbusiness.ch\/wp-content\/uploads\/2017\/01\/Depositphotos_5878352_l-2015-768x527.jpg 768w, https:\/\/www.immobilienbusiness.ch\/wp-content\/uploads\/2017\/01\/Depositphotos_5878352_l-2015-1536x1054.jpg 1536w, https:\/\/www.immobilienbusiness.ch\/wp-content\/uploads\/2017\/01\/Depositphotos_5878352_l-2015-16x12.jpg 16w, https:\/\/www.immobilienbusiness.ch\/wp-content\/uploads\/2017\/01\/Depositphotos_5878352_l-2015-255x175.jpg 255w, https:\/\/www.immobilienbusiness.ch\/wp-content\/uploads\/2017\/01\/Depositphotos_5878352_l-2015-510x350.jpg 510w, https:\/\/www.immobilienbusiness.ch\/wp-content\/uploads\/2017\/01\/Depositphotos_5878352_l-2015-1166x800.jpg 1166w, https:\/\/www.immobilienbusiness.ch\/wp-content\/uploads\/2017\/01\/Depositphotos_5878352_l-2015-920x631.jpg 920w, https:\/\/www.immobilienbusiness.ch\/wp-content\/uploads\/2017\/01\/Depositphotos_5878352_l-2015-1400x961.jpg 1400w\" sizes=\"auto, (max-width: 680px) 100vw, 680px\" \/><figcaption id=\"caption-attachment-5686\" class=\"wp-caption-text\">The STEK 2016 defines the further development of Bern (Photo: Depositphotos)<\/figcaption><\/figure>\n<p>The Bern 2016 urban development concept - \"STEK 2016\" for short - sets out how the city of Bern is to develop spatially over the next 15 years or so. Because Bern wants 17,000 more inhabitants and 15,000 additional jobs. The \"STEK 2016\" has already come into force and serves as a new management tool for urban development. The municipal council has already decided on the first measures.<\/p>\n<p>The STEK 2016 describes three central fields of action:<\/p>\n<ul>\n<li><strong>Bern is growing dynamically:<\/strong> Bern wants to grow primarily through inward densification. In addition, the planning of an appropriate urban expansion is to be examined together with the neighboring municipalities.<\/li>\n<li><strong>Bern is green and connected:<\/strong> The open space potential is to be used more intensively and green spaces are to be preserved and further developed. Streets that characterize urban space are to be further developed and given a high-quality design. The aim is to achieve mobility that is compatible with the city and climate-neutral in the long term. Traffic is to be redirected in favor of public transport as well as pedestrian and bicycle traffic.<\/li>\n<li><strong>Bern lives in quarters:<\/strong> The \"STEK 2016\" aims to individually strengthen the quality and identity of the neighborhood and to ensure a functioning neighborhood supply. Squares and neighborhood centers are to be selectively upgraded. The connections in the quarters and among each other will be further improved. In addition, the \"STEK 2016\" wants to further shorten the accessibility of the most important supply facilities within the quarters.<\/li>\n<\/ul>\n<h2>Housing and area strategy planned<\/h2>\n<p>In the STEK, strategically important \"Chantiers\" (building sites) were defined, which are characterized by special upgrading potentials. These include the barracks area and the Tiefenau-Felsenau area. Their development is prioritized. In addition, a housing and site strategy is being developed, taking into account non-profit and low-cost housing.<\/p>\n<p>In order to promote building densification, the revision of building and zoning regulations is to be examined. Furthermore, densification deficits in the urban area are to be identified and strategies for their reduction are to be developed.<\/p>\n<p>High priority is also given to pedestrians, bicycles and public transport. Individual traffic will be slowed down and channeled even more. Among other things, a master plan for bicycle infrastructure is being developed and a regional streetcar and bus concept is being created.<\/p>","protected":false},"excerpt":{"rendered":"<p>The city of Bern wants to further expand and consolidate its position as an attractive, green city in which to live and work. This emerges from the STEK 2016, which sets out the city's development for the next 15 years.<\/p>","protected":false},"author":3,"featured_media":5686,"comment_status":"open","ping_status":"open","sticky":false,"template":"","format":"standard","meta":{"_acf_changed":false,"_yoast_wpseo_focuskw":"STEK 2016","_yoast_wpseo_title":"","_yoast_wpseo_metadesc":"Bern will wachsen, Quartiere st\u00e4rken und gr\u00fcner werden. Das geht aus dem STEK 2016 hervor, das die Stadtentwicklung f\u00fcr die n\u00e4chsten 15 Jahre festschreibt.","_yoast_wpseo_linkdex":88,"pgc_sgb_lightbox_settings":"","footnotes":""},"categories":[985],"tags":[1091,1724,1824],"class_list":["post-5590","post","type-post","status-publish","format-standard","has-post-thumbnail","hentry","category-regionen","tag-bern","tag-stadtentwicklung","tag-verdichtung"],"acf":[],"yoast_head":"<!-- This site is optimized with the Yoast SEO plugin v27.4 - https:\/\/yoast.com\/product\/yoast-seo-wordpress\/ -->\n<title>Bern: STEK 2016 legt Stadtentwicklung fest - IMMOBILIEN Business<\/title>\n<meta name=\"description\" content=\"Bern will wachsen, Quartiere st\u00e4rken und gr\u00fcner werden. Das geht aus dem STEK 2016 hervor, das die Stadtentwicklung f\u00fcr die n\u00e4chsten 15 Jahre festschreibt.\" \/>\n<meta name=\"robots\" content=\"index, follow, max-snippet:-1, max-image-preview:large, max-video-preview:-1\" \/>\n<link rel=\"canonical\" href=\"https:\/\/www.immobilienbusiness.ch\/en\/regionen\/2017-01-06\/bern-stadtentwicklung-stek-2016\/\" \/>\n<meta property=\"og:locale\" content=\"en_US\" \/>\n<meta property=\"og:type\" content=\"article\" \/>\n<meta property=\"og:title\" content=\"Bern: STEK 2016 legt Stadtentwicklung fest\" \/>\n<meta property=\"og:description\" content=\"Bern will wachsen, Quartiere st\u00e4rken und gr\u00fcner werden. Das geht aus dem STEK 2016 hervor, das die Stadtentwicklung f\u00fcr die n\u00e4chsten 15 Jahre festschreibt.\" \/>\n<meta property=\"og:url\" content=\"https:\/\/www.immobilienbusiness.ch\/en\/regionen\/2017-01-06\/bern-stadtentwicklung-stek-2016\/\" \/>\n<meta property=\"og:site_name\" content=\"IMMOBILIEN Business\" \/>\n<meta property=\"article:publisher\" content=\"https:\/\/www.facebook.com\/immobilienbusiness\/\" \/>\n<meta property=\"article:published_time\" content=\"2017-01-06T08:42:57+00:00\" \/>\n<meta name=\"author\" content=\"anja.hall\" \/>\n<meta name=\"twitter:card\" content=\"summary_large_image\" \/>\n<meta name=\"twitter:title\" content=\"Bern: STEK 2016 legt Stadtentwicklung fest\" \/>\n<meta name=\"twitter:description\" content=\"Bern will wachsen, Quartiere st\u00e4rken und gr\u00fcner werden. Das geht aus dem STEK 2016 hervor, das die Stadtentwicklung f\u00fcr die n\u00e4chsten 15 Jahre festschreibt.\" \/>\n<meta name=\"twitter:image\" content=\"https:\/\/immobilienbusiness.ch\/wp-content\/uploads\/2017\/01\/Depositphotos_5878352_l-2015.jpg\" \/>\n<script type=\"application\/ld+json\" class=\"yoast-schema-graph\">{\"@context\":\"https:\\\/\\\/schema.org\",\"@graph\":[{\"@type\":\"Article\",\"@id\":\"https:\\\/\\\/www.immobilienbusiness.ch\\\/regionen\\\/2017-01-06\\\/bern-stadtentwicklung-stek-2016\\\/#article\",\"isPartOf\":{\"@id\":\"https:\\\/\\\/www.immobilienbusiness.ch\\\/regionen\\\/2017-01-06\\\/bern-stadtentwicklung-stek-2016\\\/\"},\"author\":{\"name\":\"anja.hall\",\"@id\":\"https:\\\/\\\/www.immobilienbusiness.ch\\\/#\\\/schema\\\/person\\\/3fc036297b10b9f42d6db5ee932af8c8\"},\"headline\":\"Bern: STEK 2016 legt Stadtentwicklung fest\",\"datePublished\":\"2017-01-06T08:42:57+00:00\",\"mainEntityOfPage\":{\"@id\":\"https:\\\/\\\/www.immobilienbusiness.ch\\\/regionen\\\/2017-01-06\\\/bern-stadtentwicklung-stek-2016\\\/\"},\"wordCount\":329,\"commentCount\":0,\"publisher\":{\"@id\":\"https:\\\/\\\/www.immobilienbusiness.ch\\\/#organization\"},\"image\":{\"@id\":\"https:\\\/\\\/www.immobilienbusiness.ch\\\/regionen\\\/2017-01-06\\\/bern-stadtentwicklung-stek-2016\\\/#primaryimage\"},\"thumbnailUrl\":\"https:\\\/\\\/www.immobilienbusiness.ch\\\/wp-content\\\/uploads\\\/2017\\\/01\\\/Depositphotos_5878352_l-2015.jpg\",\"keywords\":[\"Bern\",\"Stadtentwicklung\",\"Verdichtung\"],\"articleSection\":[\"REGIONEN\"],\"inLanguage\":\"en-US\"},{\"@type\":\"WebPage\",\"@id\":\"https:\\\/\\\/www.immobilienbusiness.ch\\\/regionen\\\/2017-01-06\\\/bern-stadtentwicklung-stek-2016\\\/\",\"url\":\"https:\\\/\\\/www.immobilienbusiness.ch\\\/regionen\\\/2017-01-06\\\/bern-stadtentwicklung-stek-2016\\\/\",\"name\":\"Bern: STEK 2016 legt Stadtentwicklung fest - IMMOBILIEN Business\",\"isPartOf\":{\"@id\":\"https:\\\/\\\/www.immobilienbusiness.ch\\\/#website\"},\"primaryImageOfPage\":{\"@id\":\"https:\\\/\\\/www.immobilienbusiness.ch\\\/regionen\\\/2017-01-06\\\/bern-stadtentwicklung-stek-2016\\\/#primaryimage\"},\"image\":{\"@id\":\"https:\\\/\\\/www.immobilienbusiness.ch\\\/regionen\\\/2017-01-06\\\/bern-stadtentwicklung-stek-2016\\\/#primaryimage\"},\"thumbnailUrl\":\"https:\\\/\\\/www.immobilienbusiness.ch\\\/wp-content\\\/uploads\\\/2017\\\/01\\\/Depositphotos_5878352_l-2015.jpg\",\"datePublished\":\"2017-01-06T08:42:57+00:00\",\"description\":\"Bern will wachsen, Quartiere st\u00e4rken und gr\u00fcner werden. Das geht aus dem STEK 2016 hervor, das die Stadtentwicklung f\u00fcr die n\u00e4chsten 15 Jahre festschreibt.\",\"breadcrumb\":{\"@id\":\"https:\\\/\\\/www.immobilienbusiness.ch\\\/regionen\\\/2017-01-06\\\/bern-stadtentwicklung-stek-2016\\\/#breadcrumb\"},\"inLanguage\":\"en-US\",\"potentialAction\":[{\"@type\":\"ReadAction\",\"target\":[\"https:\\\/\\\/www.immobilienbusiness.ch\\\/regionen\\\/2017-01-06\\\/bern-stadtentwicklung-stek-2016\\\/\"]}]},{\"@type\":\"ImageObject\",\"inLanguage\":\"en-US\",\"@id\":\"https:\\\/\\\/www.immobilienbusiness.ch\\\/regionen\\\/2017-01-06\\\/bern-stadtentwicklung-stek-2016\\\/#primaryimage\",\"url\":\"https:\\\/\\\/www.immobilienbusiness.ch\\\/wp-content\\\/uploads\\\/2017\\\/01\\\/Depositphotos_5878352_l-2015.jpg\",\"contentUrl\":\"https:\\\/\\\/www.immobilienbusiness.ch\\\/wp-content\\\/uploads\\\/2017\\\/01\\\/Depositphotos_5878352_l-2015.jpg\",\"width\":1999,\"height\":1372,\"caption\":\"Bern will Zweitwohnungsboom in der Altstadt eind\u00e4mmen (Foto: Depositphotos)\"},{\"@type\":\"BreadcrumbList\",\"@id\":\"https:\\\/\\\/www.immobilienbusiness.ch\\\/regionen\\\/2017-01-06\\\/bern-stadtentwicklung-stek-2016\\\/#breadcrumb\",\"itemListElement\":[{\"@type\":\"ListItem\",\"position\":1,\"name\":\"Home\",\"item\":\"https:\\\/\\\/www.immobilienbusiness.ch\\\/\"},{\"@type\":\"ListItem\",\"position\":2,\"name\":\"Bern: STEK 2016 legt Stadtentwicklung fest\"}]},{\"@type\":\"WebSite\",\"@id\":\"https:\\\/\\\/www.immobilienbusiness.ch\\\/#website\",\"url\":\"https:\\\/\\\/www.immobilienbusiness.ch\\\/\",\"name\":\"IMMOBILIEN Business\",\"description\":\"Unabh\u00e4ngiges Schweizer Wirtschaftsmagazin mit Fokus auf Immobilien, Architektur- und Bau sowie Investment- und Finanzierung.\",\"publisher\":{\"@id\":\"https:\\\/\\\/www.immobilienbusiness.ch\\\/#organization\"},\"potentialAction\":[{\"@type\":\"SearchAction\",\"target\":{\"@type\":\"EntryPoint\",\"urlTemplate\":\"https:\\\/\\\/www.immobilienbusiness.ch\\\/?s={search_term_string}\"},\"query-input\":{\"@type\":\"PropertyValueSpecification\",\"valueRequired\":true,\"valueName\":\"search_term_string\"}}],\"inLanguage\":\"en-US\"},{\"@type\":\"Organization\",\"@id\":\"https:\\\/\\\/www.immobilienbusiness.ch\\\/#organization\",\"name\":\"IMMOBILIEN Business\",\"url\":\"https:\\\/\\\/www.immobilienbusiness.ch\\\/\",\"logo\":{\"@type\":\"ImageObject\",\"inLanguage\":\"en-US\",\"@id\":\"https:\\\/\\\/www.immobilienbusiness.ch\\\/#\\\/schema\\\/logo\\\/image\\\/\",\"url\":\"https:\\\/\\\/www.immobilienbusiness.ch\\\/wp-content\\\/uploads\\\/2021\\\/07\\\/logo_ib.png\",\"contentUrl\":\"https:\\\/\\\/www.immobilienbusiness.ch\\\/wp-content\\\/uploads\\\/2021\\\/07\\\/logo_ib.png\",\"width\":800,\"height\":181,\"caption\":\"IMMOBILIEN Business\"},\"image\":{\"@id\":\"https:\\\/\\\/www.immobilienbusiness.ch\\\/#\\\/schema\\\/logo\\\/image\\\/\"},\"sameAs\":[\"https:\\\/\\\/www.facebook.com\\\/immobilienbusiness\\\/\"]},{\"@type\":\"Person\",\"@id\":\"https:\\\/\\\/www.immobilienbusiness.ch\\\/#\\\/schema\\\/person\\\/3fc036297b10b9f42d6db5ee932af8c8\",\"name\":\"anja.hall\",\"image\":{\"@type\":\"ImageObject\",\"inLanguage\":\"en-US\",\"@id\":\"https:\\\/\\\/secure.gravatar.com\\\/avatar\\\/066b5a0d447013502c71a5782f4f3469f03cfe595cc2329fb94652fe47511bfb?s=96&d=mm&r=g\",\"url\":\"https:\\\/\\\/secure.gravatar.com\\\/avatar\\\/066b5a0d447013502c71a5782f4f3469f03cfe595cc2329fb94652fe47511bfb?s=96&d=mm&r=g\",\"contentUrl\":\"https:\\\/\\\/secure.gravatar.com\\\/avatar\\\/066b5a0d447013502c71a5782f4f3469f03cfe595cc2329fb94652fe47511bfb?s=96&d=mm&r=g\",\"caption\":\"anja.hall\"},\"url\":\"https:\\\/\\\/www.immobilienbusiness.ch\\\/en\\\/author\\\/anja-hall\\\/\"}]}<\/script>\n<!-- \/ Yoast SEO plugin. -->","yoast_head_json":{"title":"Bern: STEK 2016 defines urban development - IMMOBILIEN Business","description":"Bern wants to grow, strengthen neighborhoods and become greener. This is the conclusion of the STEK 2016, which sets out urban development plans for the next 15 years.","robots":{"index":"index","follow":"follow","max-snippet":"max-snippet:-1","max-image-preview":"max-image-preview:large","max-video-preview":"max-video-preview:-1"},"canonical":"https:\/\/www.immobilienbusiness.ch\/en\/regionen\/2017-01-06\/bern-stadtentwicklung-stek-2016\/","og_locale":"en_US","og_type":"article","og_title":"Bern: STEK 2016 legt Stadtentwicklung fest","og_description":"Bern will wachsen, Quartiere st\u00e4rken und gr\u00fcner werden. Das geht aus dem STEK 2016 hervor, das die Stadtentwicklung f\u00fcr die n\u00e4chsten 15 Jahre festschreibt.","og_url":"https:\/\/www.immobilienbusiness.ch\/en\/regionen\/2017-01-06\/bern-stadtentwicklung-stek-2016\/","og_site_name":"IMMOBILIEN Business","article_publisher":"https:\/\/www.facebook.com\/immobilienbusiness\/","article_published_time":"2017-01-06T08:42:57+00:00","author":"anja.hall","twitter_card":"summary_large_image","twitter_title":"Bern: STEK 2016 legt Stadtentwicklung fest","twitter_description":"Bern will wachsen, Quartiere st\u00e4rken und gr\u00fcner werden. Das geht aus dem STEK 2016 hervor, das die Stadtentwicklung f\u00fcr die n\u00e4chsten 15 Jahre festschreibt.","twitter_image":"https:\/\/immobilienbusiness.ch\/wp-content\/uploads\/2017\/01\/Depositphotos_5878352_l-2015.jpg","schema":{"@context":"https:\/\/schema.org","@graph":[{"@type":"Article","@id":"https:\/\/www.immobilienbusiness.ch\/regionen\/2017-01-06\/bern-stadtentwicklung-stek-2016\/#article","isPartOf":{"@id":"https:\/\/www.immobilienbusiness.ch\/regionen\/2017-01-06\/bern-stadtentwicklung-stek-2016\/"},"author":{"name":"anja.hall","@id":"https:\/\/www.immobilienbusiness.ch\/#\/schema\/person\/3fc036297b10b9f42d6db5ee932af8c8"},"headline":"Bern: STEK 2016 legt Stadtentwicklung fest","datePublished":"2017-01-06T08:42:57+00:00","mainEntityOfPage":{"@id":"https:\/\/www.immobilienbusiness.ch\/regionen\/2017-01-06\/bern-stadtentwicklung-stek-2016\/"},"wordCount":329,"commentCount":0,"publisher":{"@id":"https:\/\/www.immobilienbusiness.ch\/#organization"},"image":{"@id":"https:\/\/www.immobilienbusiness.ch\/regionen\/2017-01-06\/bern-stadtentwicklung-stek-2016\/#primaryimage"},"thumbnailUrl":"https:\/\/www.immobilienbusiness.ch\/wp-content\/uploads\/2017\/01\/Depositphotos_5878352_l-2015.jpg","keywords":["Bern","Stadtentwicklung","Verdichtung"],"articleSection":["REGIONEN"],"inLanguage":"en-US"},{"@type":"WebPage","@id":"https:\/\/www.immobilienbusiness.ch\/regionen\/2017-01-06\/bern-stadtentwicklung-stek-2016\/","url":"https:\/\/www.immobilienbusiness.ch\/regionen\/2017-01-06\/bern-stadtentwicklung-stek-2016\/","name":"Bern: STEK 2016 defines urban development - IMMOBILIEN Business","isPartOf":{"@id":"https:\/\/www.immobilienbusiness.ch\/#website"},"primaryImageOfPage":{"@id":"https:\/\/www.immobilienbusiness.ch\/regionen\/2017-01-06\/bern-stadtentwicklung-stek-2016\/#primaryimage"},"image":{"@id":"https:\/\/www.immobilienbusiness.ch\/regionen\/2017-01-06\/bern-stadtentwicklung-stek-2016\/#primaryimage"},"thumbnailUrl":"https:\/\/www.immobilienbusiness.ch\/wp-content\/uploads\/2017\/01\/Depositphotos_5878352_l-2015.jpg","datePublished":"2017-01-06T08:42:57+00:00","description":"Bern wants to grow, strengthen neighborhoods and become greener. This is the conclusion of the STEK 2016, which sets out urban development plans for the next 15 years.","breadcrumb":{"@id":"https:\/\/www.immobilienbusiness.ch\/regionen\/2017-01-06\/bern-stadtentwicklung-stek-2016\/#breadcrumb"},"inLanguage":"en-US","potentialAction":[{"@type":"ReadAction","target":["https:\/\/www.immobilienbusiness.ch\/regionen\/2017-01-06\/bern-stadtentwicklung-stek-2016\/"]}]},{"@type":"ImageObject","inLanguage":"en-US","@id":"https:\/\/www.immobilienbusiness.ch\/regionen\/2017-01-06\/bern-stadtentwicklung-stek-2016\/#primaryimage","url":"https:\/\/www.immobilienbusiness.ch\/wp-content\/uploads\/2017\/01\/Depositphotos_5878352_l-2015.jpg","contentUrl":"https:\/\/www.immobilienbusiness.ch\/wp-content\/uploads\/2017\/01\/Depositphotos_5878352_l-2015.jpg","width":1999,"height":1372,"caption":"Bern will Zweitwohnungsboom in der Altstadt eind\u00e4mmen (Foto: Depositphotos)"},{"@type":"BreadcrumbList","@id":"https:\/\/www.immobilienbusiness.ch\/regionen\/2017-01-06\/bern-stadtentwicklung-stek-2016\/#breadcrumb","itemListElement":[{"@type":"ListItem","position":1,"name":"Home","item":"https:\/\/www.immobilienbusiness.ch\/"},{"@type":"ListItem","position":2,"name":"Bern: STEK 2016 legt Stadtentwicklung fest"}]},{"@type":"WebSite","@id":"https:\/\/www.immobilienbusiness.ch\/#website","url":"https:\/\/www.immobilienbusiness.ch\/","name":"REAL ESTATE Business","description":"Independent Swiss business magazine focusing on real estate, architecture and construction as well as investment and financing.","publisher":{"@id":"https:\/\/www.immobilienbusiness.ch\/#organization"},"potentialAction":[{"@type":"SearchAction","target":{"@type":"EntryPoint","urlTemplate":"https:\/\/www.immobilienbusiness.ch\/?s={search_term_string}"},"query-input":{"@type":"PropertyValueSpecification","valueRequired":true,"valueName":"search_term_string"}}],"inLanguage":"en-US"},{"@type":"Organization","@id":"https:\/\/www.immobilienbusiness.ch\/#organization","name":"REAL ESTATE Business","url":"https:\/\/www.immobilienbusiness.ch\/","logo":{"@type":"ImageObject","inLanguage":"en-US","@id":"https:\/\/www.immobilienbusiness.ch\/#\/schema\/logo\/image\/","url":"https:\/\/www.immobilienbusiness.ch\/wp-content\/uploads\/2021\/07\/logo_ib.png","contentUrl":"https:\/\/www.immobilienbusiness.ch\/wp-content\/uploads\/2021\/07\/logo_ib.png","width":800,"height":181,"caption":"IMMOBILIEN Business"},"image":{"@id":"https:\/\/www.immobilienbusiness.ch\/#\/schema\/logo\/image\/"},"sameAs":["https:\/\/www.facebook.com\/immobilienbusiness\/"]},{"@type":"Person","@id":"https:\/\/www.immobilienbusiness.ch\/#\/schema\/person\/3fc036297b10b9f42d6db5ee932af8c8","name":"anja.hall","image":{"@type":"ImageObject","inLanguage":"en-US","@id":"https:\/\/secure.gravatar.com\/avatar\/066b5a0d447013502c71a5782f4f3469f03cfe595cc2329fb94652fe47511bfb?s=96&d=mm&r=g","url":"https:\/\/secure.gravatar.com\/avatar\/066b5a0d447013502c71a5782f4f3469f03cfe595cc2329fb94652fe47511bfb?s=96&d=mm&r=g","contentUrl":"https:\/\/secure.gravatar.com\/avatar\/066b5a0d447013502c71a5782f4f3469f03cfe595cc2329fb94652fe47511bfb?s=96&d=mm&r=g","caption":"anja.hall"},"url":"https:\/\/www.immobilienbusiness.ch\/en\/author\/anja-hall\/"}]}},"_links":{"self":[{"href":"https:\/\/www.immobilienbusiness.ch\/en\/wp-json\/wp\/v2\/posts\/5590","targetHints":{"allow":["GET"]}}],"collection":[{"href":"https:\/\/www.immobilienbusiness.ch\/en\/wp-json\/wp\/v2\/posts"}],"about":[{"href":"https:\/\/www.immobilienbusiness.ch\/en\/wp-json\/wp\/v2\/types\/post"}],"author":[{"embeddable":true,"href":"https:\/\/www.immobilienbusiness.ch\/en\/wp-json\/wp\/v2\/users\/3"}],"replies":[{"embeddable":true,"href":"https:\/\/www.immobilienbusiness.ch\/en\/wp-json\/wp\/v2\/comments?post=5590"}],"version-history":[{"count":0,"href":"https:\/\/www.immobilienbusiness.ch\/en\/wp-json\/wp\/v2\/posts\/5590\/revisions"}],"wp:featuredmedia":[{"embeddable":true,"href":"https:\/\/www.immobilienbusiness.ch\/en\/wp-json\/wp\/v2\/media\/5686"}],"wp:attachment":[{"href":"https:\/\/www.immobilienbusiness.ch\/en\/wp-json\/wp\/v2\/media?parent=5590"}],"wp:term":[{"taxonomy":"category","embeddable":true,"href":"https:\/\/www.immobilienbusiness.ch\/en\/wp-json\/wp\/v2\/categories?post=5590"},{"taxonomy":"post_tag","embeddable":true,"href":"https:\/\/www.immobilienbusiness.ch\/en\/wp-json\/wp\/v2\/tags?post=5590"}],"curies":[{"name":"wp","href":"https:\/\/api.w.org\/{rel}","templated":true}]}}