{"id":55243,"date":"2024-01-04T08:05:33","date_gmt":"2024-01-04T07:05:33","guid":{"rendered":"https:\/\/www.immobilienbusiness.ch\/?p=55243"},"modified":"2024-01-04T08:25:54","modified_gmt":"2024-01-04T07:25:54","slug":"zuerich-immofonds-startet-erstvermietung","status":"publish","type":"post","link":"https:\/\/www.immobilienbusiness.ch\/en\/regionen\/2024-01-04\/zuerich-immofonds-startet-erstvermietung\/","title":{"rendered":"Zurich: Immofonds launches first letting in H\u00f6ngg"},"content":{"rendered":"<figure id=\"attachment_55244\" aria-describedby=\"caption-attachment-55244\" style=\"width: 1100px\" class=\"wp-caption alignnone\"><a href=\"https:\/\/www.immobilienbusiness.ch\/wp-content\/uploads\/2024\/01\/regensdorferstrasse.jpg\"><img loading=\"lazy\" decoding=\"async\" class=\"wp-image-55244 size-full\" src=\"https:\/\/www.immobilienbusiness.ch\/wp-content\/uploads\/2024\/01\/regensdorferstrasse-e1704351913412.jpg\" alt=\"\" width=\"1100\" height=\"733\" srcset=\"https:\/\/www.immobilienbusiness.ch\/wp-content\/uploads\/2024\/01\/regensdorferstrasse-e1704351913412.jpg 1100w, https:\/\/www.immobilienbusiness.ch\/wp-content\/uploads\/2024\/01\/regensdorferstrasse-e1704351913412-300x200.jpg 300w, https:\/\/www.immobilienbusiness.ch\/wp-content\/uploads\/2024\/01\/regensdorferstrasse-e1704351913412-1024x682.jpg 1024w, https:\/\/www.immobilienbusiness.ch\/wp-content\/uploads\/2024\/01\/regensdorferstrasse-e1704351913412-768x512.jpg 768w, https:\/\/www.immobilienbusiness.ch\/wp-content\/uploads\/2024\/01\/regensdorferstrasse-e1704351913412-18x12.jpg 18w, https:\/\/www.immobilienbusiness.ch\/wp-content\/uploads\/2024\/01\/regensdorferstrasse-e1704351913412-375x250.jpg 375w, https:\/\/www.immobilienbusiness.ch\/wp-content\/uploads\/2024\/01\/regensdorferstrasse-e1704351913412-525x350.jpg 525w, https:\/\/www.immobilienbusiness.ch\/wp-content\/uploads\/2024\/01\/regensdorferstrasse-e1704351913412-1000x666.jpg 1000w\" sizes=\"auto, (max-width: 1100px) 100vw, 1100px\" \/><\/a><figcaption id=\"caption-attachment-55244\" class=\"wp-caption-text\">The residential development in Zurich-H\u00f6ngg (source: Immofonds)<\/figcaption><\/figure>\n<p>The Immofonds is currently building a sustainable development with 32 apartments at Regensdorferstrasse 63-69 in Zurich-H\u00f6ngg. According to the fund, construction work is progressing according to plan.<\/p>\n<p>Initial letting of the apartments (1.5 to 5.5 rooms) began in November 2023, and half of the apartments had already been let as planned by the end of December, according to Immofonds. The apartments will be occupied in stages in April and May 2024. <em>(ah)<\/em><\/p>","protected":false},"excerpt":{"rendered":"<p>The Immofonds development on Regensdorferstrasse in Zurich-H\u00f6ngg should be ready for occupancy in spring 2024.<\/p>","protected":false},"author":3,"featured_media":55244,"comment_status":"closed","ping_status":"closed","sticky":false,"template":"","format":"standard","meta":{"_acf_changed":false,"_yoast_wpseo_focuskw":"Immofonds","_yoast_wpseo_title":"","_yoast_wpseo_metadesc":"Die \u00dcberbauung des Immofonds an der Regensdorferstrasse in Z\u00fcrich -H\u00f6ngg soll im Fr\u00fchjahr 2024 bezugsbereit sein.","_yoast_wpseo_linkdex":47,"pgc_sgb_lightbox_settings":"","footnotes":""},"categories":[985],"tags":[1357,2517,1888],"class_list":["post-55243","post","type-post","status-publish","format-standard","has-post-thumbnail","hentry","category-regionen","tag-immofonds","tag-mietwohnungen-in-bau","tag-zuerich"],"acf":[],"yoast_head":"<!-- This site is optimized with the Yoast SEO plugin v27.5 - https:\/\/yoast.com\/product\/yoast-seo-wordpress\/ -->\n<title>Z\u00fcrich: Immofonds startet Erstvermietung in H\u00f6ngg - IMMOBILIEN Business<\/title>\n<meta name=\"description\" content=\"Die \u00dcberbauung des Immofonds an der Regensdorferstrasse in Z\u00fcrich -H\u00f6ngg soll im Fr\u00fchjahr 2024 bezugsbereit sein.\" \/>\n<meta name=\"robots\" content=\"index, follow, max-snippet:-1, max-image-preview:large, max-video-preview:-1\" \/>\n<link rel=\"canonical\" href=\"https:\/\/www.immobilienbusiness.ch\/en\/regionen\/2024-01-04\/zuerich-immofonds-startet-erstvermietung\/\" \/>\n<meta property=\"og:locale\" content=\"en_US\" \/>\n<meta property=\"og:type\" content=\"article\" \/>\n<meta property=\"og:title\" content=\"Z\u00fcrich: Immofonds startet Erstvermietung in H\u00f6ngg - IMMOBILIEN Business\" \/>\n<meta property=\"og:description\" content=\"Die \u00dcberbauung des Immofonds an der Regensdorferstrasse in Z\u00fcrich -H\u00f6ngg soll im Fr\u00fchjahr 2024 bezugsbereit sein.\" \/>\n<meta property=\"og:url\" content=\"https:\/\/www.immobilienbusiness.ch\/en\/regionen\/2024-01-04\/zuerich-immofonds-startet-erstvermietung\/\" \/>\n<meta property=\"og:site_name\" content=\"IMMOBILIEN Business\" \/>\n<meta property=\"article:publisher\" content=\"https:\/\/www.facebook.com\/immobilienbusiness\/\" \/>\n<meta property=\"article:published_time\" content=\"2024-01-04T07:05:33+00:00\" \/>\n<meta property=\"article:modified_time\" content=\"2024-01-04T07:25:54+00:00\" \/>\n<meta property=\"og:image\" content=\"https:\/\/www.immobilienbusiness.ch\/wp-content\/uploads\/2024\/01\/regensdorferstrasse-e1704351913412.jpg\" \/>\n\t<meta property=\"og:image:width\" content=\"1100\" \/>\n\t<meta property=\"og:image:height\" content=\"733\" \/>\n\t<meta property=\"og:image:type\" content=\"image\/jpeg\" \/>\n<meta name=\"author\" content=\"anja.hall\" \/>\n<meta name=\"twitter:card\" content=\"summary_large_image\" \/>\n<script type=\"application\/ld+json\" class=\"yoast-schema-graph\">{\"@context\":\"https:\\\/\\\/schema.org\",\"@graph\":[{\"@type\":\"Article\",\"@id\":\"https:\\\/\\\/www.immobilienbusiness.ch\\\/de\\\/regionen\\\/2024-01-04\\\/zuerich-immofonds-startet-erstvermietung\\\/#article\",\"isPartOf\":{\"@id\":\"https:\\\/\\\/www.immobilienbusiness.ch\\\/de\\\/regionen\\\/2024-01-04\\\/zuerich-immofonds-startet-erstvermietung\\\/\"},\"author\":{\"name\":\"anja.hall\",\"@id\":\"https:\\\/\\\/www.immobilienbusiness.ch\\\/#\\\/schema\\\/person\\\/3fc036297b10b9f42d6db5ee932af8c8\"},\"headline\":\"Z\u00fcrich: Immofonds startet Erstvermietung in H\u00f6ngg\",\"datePublished\":\"2024-01-04T07:05:33+00:00\",\"dateModified\":\"2024-01-04T07:25:54+00:00\",\"mainEntityOfPage\":{\"@id\":\"https:\\\/\\\/www.immobilienbusiness.ch\\\/de\\\/regionen\\\/2024-01-04\\\/zuerich-immofonds-startet-erstvermietung\\\/\"},\"wordCount\":92,\"publisher\":{\"@id\":\"https:\\\/\\\/www.immobilienbusiness.ch\\\/#organization\"},\"image\":{\"@id\":\"https:\\\/\\\/www.immobilienbusiness.ch\\\/de\\\/regionen\\\/2024-01-04\\\/zuerich-immofonds-startet-erstvermietung\\\/#primaryimage\"},\"thumbnailUrl\":\"https:\\\/\\\/www.immobilienbusiness.ch\\\/wp-content\\\/uploads\\\/2024\\\/01\\\/regensdorferstrasse-e1704351913412.jpg\",\"keywords\":[\"Immofonds\",\"Mietwohnungen in Bau\",\"Z\u00fcrich\"],\"articleSection\":[\"REGIONEN\"],\"inLanguage\":\"en-US\"},{\"@type\":\"WebPage\",\"@id\":\"https:\\\/\\\/www.immobilienbusiness.ch\\\/de\\\/regionen\\\/2024-01-04\\\/zuerich-immofonds-startet-erstvermietung\\\/\",\"url\":\"https:\\\/\\\/www.immobilienbusiness.ch\\\/de\\\/regionen\\\/2024-01-04\\\/zuerich-immofonds-startet-erstvermietung\\\/\",\"name\":\"Z\u00fcrich: Immofonds startet Erstvermietung in H\u00f6ngg - IMMOBILIEN Business\",\"isPartOf\":{\"@id\":\"https:\\\/\\\/www.immobilienbusiness.ch\\\/#website\"},\"primaryImageOfPage\":{\"@id\":\"https:\\\/\\\/www.immobilienbusiness.ch\\\/de\\\/regionen\\\/2024-01-04\\\/zuerich-immofonds-startet-erstvermietung\\\/#primaryimage\"},\"image\":{\"@id\":\"https:\\\/\\\/www.immobilienbusiness.ch\\\/de\\\/regionen\\\/2024-01-04\\\/zuerich-immofonds-startet-erstvermietung\\\/#primaryimage\"},\"thumbnailUrl\":\"https:\\\/\\\/www.immobilienbusiness.ch\\\/wp-content\\\/uploads\\\/2024\\\/01\\\/regensdorferstrasse-e1704351913412.jpg\",\"datePublished\":\"2024-01-04T07:05:33+00:00\",\"dateModified\":\"2024-01-04T07:25:54+00:00\",\"description\":\"Die \u00dcberbauung des Immofonds an der Regensdorferstrasse in Z\u00fcrich -H\u00f6ngg soll im Fr\u00fchjahr 2024 bezugsbereit sein.\",\"breadcrumb\":{\"@id\":\"https:\\\/\\\/www.immobilienbusiness.ch\\\/de\\\/regionen\\\/2024-01-04\\\/zuerich-immofonds-startet-erstvermietung\\\/#breadcrumb\"},\"inLanguage\":\"en-US\",\"potentialAction\":[{\"@type\":\"ReadAction\",\"target\":[\"https:\\\/\\\/www.immobilienbusiness.ch\\\/de\\\/regionen\\\/2024-01-04\\\/zuerich-immofonds-startet-erstvermietung\\\/\"]}]},{\"@type\":\"ImageObject\",\"inLanguage\":\"en-US\",\"@id\":\"https:\\\/\\\/www.immobilienbusiness.ch\\\/de\\\/regionen\\\/2024-01-04\\\/zuerich-immofonds-startet-erstvermietung\\\/#primaryimage\",\"url\":\"https:\\\/\\\/www.immobilienbusiness.ch\\\/wp-content\\\/uploads\\\/2024\\\/01\\\/regensdorferstrasse-e1704351913412.jpg\",\"contentUrl\":\"https:\\\/\\\/www.immobilienbusiness.ch\\\/wp-content\\\/uploads\\\/2024\\\/01\\\/regensdorferstrasse-e1704351913412.jpg\",\"width\":1100,\"height\":733,\"caption\":\"Die Wohn\u00fcberbauung ain Z\u00fcrich-H\u00f6ngg (Quelle: Immofonds)\"},{\"@type\":\"BreadcrumbList\",\"@id\":\"https:\\\/\\\/www.immobilienbusiness.ch\\\/de\\\/regionen\\\/2024-01-04\\\/zuerich-immofonds-startet-erstvermietung\\\/#breadcrumb\",\"itemListElement\":[{\"@type\":\"ListItem\",\"position\":1,\"name\":\"Home\",\"item\":\"https:\\\/\\\/www.immobilienbusiness.ch\\\/\"},{\"@type\":\"ListItem\",\"position\":2,\"name\":\"Z\u00fcrich: Immofonds startet Erstvermietung in H\u00f6ngg\"}]},{\"@type\":\"WebSite\",\"@id\":\"https:\\\/\\\/www.immobilienbusiness.ch\\\/#website\",\"url\":\"https:\\\/\\\/www.immobilienbusiness.ch\\\/\",\"name\":\"IMMOBILIEN Business\",\"description\":\"Unabh\u00e4ngiges Schweizer Wirtschaftsmagazin mit Fokus auf Immobilien, Architektur- und Bau sowie Investment- und Finanzierung.\",\"publisher\":{\"@id\":\"https:\\\/\\\/www.immobilienbusiness.ch\\\/#organization\"},\"potentialAction\":[{\"@type\":\"SearchAction\",\"target\":{\"@type\":\"EntryPoint\",\"urlTemplate\":\"https:\\\/\\\/www.immobilienbusiness.ch\\\/?s={search_term_string}\"},\"query-input\":{\"@type\":\"PropertyValueSpecification\",\"valueRequired\":true,\"valueName\":\"search_term_string\"}}],\"inLanguage\":\"en-US\"},{\"@type\":\"Organization\",\"@id\":\"https:\\\/\\\/www.immobilienbusiness.ch\\\/#organization\",\"name\":\"IMMOBILIEN Business\",\"url\":\"https:\\\/\\\/www.immobilienbusiness.ch\\\/\",\"logo\":{\"@type\":\"ImageObject\",\"inLanguage\":\"en-US\",\"@id\":\"https:\\\/\\\/www.immobilienbusiness.ch\\\/#\\\/schema\\\/logo\\\/image\\\/\",\"url\":\"https:\\\/\\\/www.immobilienbusiness.ch\\\/wp-content\\\/uploads\\\/2021\\\/07\\\/logo_ib.png\",\"contentUrl\":\"https:\\\/\\\/www.immobilienbusiness.ch\\\/wp-content\\\/uploads\\\/2021\\\/07\\\/logo_ib.png\",\"width\":800,\"height\":181,\"caption\":\"IMMOBILIEN Business\"},\"image\":{\"@id\":\"https:\\\/\\\/www.immobilienbusiness.ch\\\/#\\\/schema\\\/logo\\\/image\\\/\"},\"sameAs\":[\"https:\\\/\\\/www.facebook.com\\\/immobilienbusiness\\\/\"]},{\"@type\":\"Person\",\"@id\":\"https:\\\/\\\/www.immobilienbusiness.ch\\\/#\\\/schema\\\/person\\\/3fc036297b10b9f42d6db5ee932af8c8\",\"name\":\"anja.hall\",\"image\":{\"@type\":\"ImageObject\",\"inLanguage\":\"en-US\",\"@id\":\"https:\\\/\\\/secure.gravatar.com\\\/avatar\\\/066b5a0d447013502c71a5782f4f3469f03cfe595cc2329fb94652fe47511bfb?s=96&d=mm&r=g\",\"url\":\"https:\\\/\\\/secure.gravatar.com\\\/avatar\\\/066b5a0d447013502c71a5782f4f3469f03cfe595cc2329fb94652fe47511bfb?s=96&d=mm&r=g\",\"contentUrl\":\"https:\\\/\\\/secure.gravatar.com\\\/avatar\\\/066b5a0d447013502c71a5782f4f3469f03cfe595cc2329fb94652fe47511bfb?s=96&d=mm&r=g\",\"caption\":\"anja.hall\"},\"url\":\"https:\\\/\\\/www.immobilienbusiness.ch\\\/en\\\/author\\\/anja-hall\\\/\"}]}<\/script>\n<!-- \/ Yoast SEO plugin. -->","yoast_head_json":{"title":"Zurich: Immofonds launches first letting in H\u00f6ngg - IMMOBILIEN Business","description":"The Immofonds development on Regensdorferstrasse in Zurich-H\u00f6ngg is scheduled to be ready for occupancy in spring 2024.","robots":{"index":"index","follow":"follow","max-snippet":"max-snippet:-1","max-image-preview":"max-image-preview:large","max-video-preview":"max-video-preview:-1"},"canonical":"https:\/\/www.immobilienbusiness.ch\/en\/regionen\/2024-01-04\/zuerich-immofonds-startet-erstvermietung\/","og_locale":"en_US","og_type":"article","og_title":"Z\u00fcrich: Immofonds startet Erstvermietung in H\u00f6ngg - IMMOBILIEN Business","og_description":"Die \u00dcberbauung des Immofonds an der Regensdorferstrasse in Z\u00fcrich -H\u00f6ngg soll im Fr\u00fchjahr 2024 bezugsbereit sein.","og_url":"https:\/\/www.immobilienbusiness.ch\/en\/regionen\/2024-01-04\/zuerich-immofonds-startet-erstvermietung\/","og_site_name":"IMMOBILIEN Business","article_publisher":"https:\/\/www.facebook.com\/immobilienbusiness\/","article_published_time":"2024-01-04T07:05:33+00:00","article_modified_time":"2024-01-04T07:25:54+00:00","og_image":[{"width":1100,"height":733,"url":"https:\/\/www.immobilienbusiness.ch\/wp-content\/uploads\/2024\/01\/regensdorferstrasse-e1704351913412.jpg","type":"image\/jpeg"}],"author":"anja.hall","twitter_card":"summary_large_image","schema":{"@context":"https:\/\/schema.org","@graph":[{"@type":"Article","@id":"https:\/\/www.immobilienbusiness.ch\/de\/regionen\/2024-01-04\/zuerich-immofonds-startet-erstvermietung\/#article","isPartOf":{"@id":"https:\/\/www.immobilienbusiness.ch\/de\/regionen\/2024-01-04\/zuerich-immofonds-startet-erstvermietung\/"},"author":{"name":"anja.hall","@id":"https:\/\/www.immobilienbusiness.ch\/#\/schema\/person\/3fc036297b10b9f42d6db5ee932af8c8"},"headline":"Z\u00fcrich: Immofonds startet Erstvermietung in H\u00f6ngg","datePublished":"2024-01-04T07:05:33+00:00","dateModified":"2024-01-04T07:25:54+00:00","mainEntityOfPage":{"@id":"https:\/\/www.immobilienbusiness.ch\/de\/regionen\/2024-01-04\/zuerich-immofonds-startet-erstvermietung\/"},"wordCount":92,"publisher":{"@id":"https:\/\/www.immobilienbusiness.ch\/#organization"},"image":{"@id":"https:\/\/www.immobilienbusiness.ch\/de\/regionen\/2024-01-04\/zuerich-immofonds-startet-erstvermietung\/#primaryimage"},"thumbnailUrl":"https:\/\/www.immobilienbusiness.ch\/wp-content\/uploads\/2024\/01\/regensdorferstrasse-e1704351913412.jpg","keywords":["Immofonds","Mietwohnungen in Bau","Z\u00fcrich"],"articleSection":["REGIONEN"],"inLanguage":"en-US"},{"@type":"WebPage","@id":"https:\/\/www.immobilienbusiness.ch\/de\/regionen\/2024-01-04\/zuerich-immofonds-startet-erstvermietung\/","url":"https:\/\/www.immobilienbusiness.ch\/de\/regionen\/2024-01-04\/zuerich-immofonds-startet-erstvermietung\/","name":"Zurich: Immofonds launches first letting in H\u00f6ngg - IMMOBILIEN Business","isPartOf":{"@id":"https:\/\/www.immobilienbusiness.ch\/#website"},"primaryImageOfPage":{"@id":"https:\/\/www.immobilienbusiness.ch\/de\/regionen\/2024-01-04\/zuerich-immofonds-startet-erstvermietung\/#primaryimage"},"image":{"@id":"https:\/\/www.immobilienbusiness.ch\/de\/regionen\/2024-01-04\/zuerich-immofonds-startet-erstvermietung\/#primaryimage"},"thumbnailUrl":"https:\/\/www.immobilienbusiness.ch\/wp-content\/uploads\/2024\/01\/regensdorferstrasse-e1704351913412.jpg","datePublished":"2024-01-04T07:05:33+00:00","dateModified":"2024-01-04T07:25:54+00:00","description":"The Immofonds development on Regensdorferstrasse in Zurich-H\u00f6ngg is scheduled to be ready for occupancy in spring 2024.","breadcrumb":{"@id":"https:\/\/www.immobilienbusiness.ch\/de\/regionen\/2024-01-04\/zuerich-immofonds-startet-erstvermietung\/#breadcrumb"},"inLanguage":"en-US","potentialAction":[{"@type":"ReadAction","target":["https:\/\/www.immobilienbusiness.ch\/de\/regionen\/2024-01-04\/zuerich-immofonds-startet-erstvermietung\/"]}]},{"@type":"ImageObject","inLanguage":"en-US","@id":"https:\/\/www.immobilienbusiness.ch\/de\/regionen\/2024-01-04\/zuerich-immofonds-startet-erstvermietung\/#primaryimage","url":"https:\/\/www.immobilienbusiness.ch\/wp-content\/uploads\/2024\/01\/regensdorferstrasse-e1704351913412.jpg","contentUrl":"https:\/\/www.immobilienbusiness.ch\/wp-content\/uploads\/2024\/01\/regensdorferstrasse-e1704351913412.jpg","width":1100,"height":733,"caption":"Die Wohn\u00fcberbauung ain Z\u00fcrich-H\u00f6ngg (Quelle: Immofonds)"},{"@type":"BreadcrumbList","@id":"https:\/\/www.immobilienbusiness.ch\/de\/regionen\/2024-01-04\/zuerich-immofonds-startet-erstvermietung\/#breadcrumb","itemListElement":[{"@type":"ListItem","position":1,"name":"Home","item":"https:\/\/www.immobilienbusiness.ch\/"},{"@type":"ListItem","position":2,"name":"Z\u00fcrich: Immofonds startet Erstvermietung in H\u00f6ngg"}]},{"@type":"WebSite","@id":"https:\/\/www.immobilienbusiness.ch\/#website","url":"https:\/\/www.immobilienbusiness.ch\/","name":"REAL ESTATE Business","description":"Independent Swiss business magazine focusing on real estate, architecture and construction as well as investment and financing.","publisher":{"@id":"https:\/\/www.immobilienbusiness.ch\/#organization"},"potentialAction":[{"@type":"SearchAction","target":{"@type":"EntryPoint","urlTemplate":"https:\/\/www.immobilienbusiness.ch\/?s={search_term_string}"},"query-input":{"@type":"PropertyValueSpecification","valueRequired":true,"valueName":"search_term_string"}}],"inLanguage":"en-US"},{"@type":"Organization","@id":"https:\/\/www.immobilienbusiness.ch\/#organization","name":"REAL ESTATE Business","url":"https:\/\/www.immobilienbusiness.ch\/","logo":{"@type":"ImageObject","inLanguage":"en-US","@id":"https:\/\/www.immobilienbusiness.ch\/#\/schema\/logo\/image\/","url":"https:\/\/www.immobilienbusiness.ch\/wp-content\/uploads\/2021\/07\/logo_ib.png","contentUrl":"https:\/\/www.immobilienbusiness.ch\/wp-content\/uploads\/2021\/07\/logo_ib.png","width":800,"height":181,"caption":"IMMOBILIEN Business"},"image":{"@id":"https:\/\/www.immobilienbusiness.ch\/#\/schema\/logo\/image\/"},"sameAs":["https:\/\/www.facebook.com\/immobilienbusiness\/"]},{"@type":"Person","@id":"https:\/\/www.immobilienbusiness.ch\/#\/schema\/person\/3fc036297b10b9f42d6db5ee932af8c8","name":"anja.hall","image":{"@type":"ImageObject","inLanguage":"en-US","@id":"https:\/\/secure.gravatar.com\/avatar\/066b5a0d447013502c71a5782f4f3469f03cfe595cc2329fb94652fe47511bfb?s=96&d=mm&r=g","url":"https:\/\/secure.gravatar.com\/avatar\/066b5a0d447013502c71a5782f4f3469f03cfe595cc2329fb94652fe47511bfb?s=96&d=mm&r=g","contentUrl":"https:\/\/secure.gravatar.com\/avatar\/066b5a0d447013502c71a5782f4f3469f03cfe595cc2329fb94652fe47511bfb?s=96&d=mm&r=g","caption":"anja.hall"},"url":"https:\/\/www.immobilienbusiness.ch\/en\/author\/anja-hall\/"}]}},"_links":{"self":[{"href":"https:\/\/www.immobilienbusiness.ch\/en\/wp-json\/wp\/v2\/posts\/55243","targetHints":{"allow":["GET"]}}],"collection":[{"href":"https:\/\/www.immobilienbusiness.ch\/en\/wp-json\/wp\/v2\/posts"}],"about":[{"href":"https:\/\/www.immobilienbusiness.ch\/en\/wp-json\/wp\/v2\/types\/post"}],"author":[{"embeddable":true,"href":"https:\/\/www.immobilienbusiness.ch\/en\/wp-json\/wp\/v2\/users\/3"}],"replies":[{"embeddable":true,"href":"https:\/\/www.immobilienbusiness.ch\/en\/wp-json\/wp\/v2\/comments?post=55243"}],"version-history":[{"count":3,"href":"https:\/\/www.immobilienbusiness.ch\/en\/wp-json\/wp\/v2\/posts\/55243\/revisions"}],"predecessor-version":[{"id":55250,"href":"https:\/\/www.immobilienbusiness.ch\/en\/wp-json\/wp\/v2\/posts\/55243\/revisions\/55250"}],"wp:featuredmedia":[{"embeddable":true,"href":"https:\/\/www.immobilienbusiness.ch\/en\/wp-json\/wp\/v2\/media\/55244"}],"wp:attachment":[{"href":"https:\/\/www.immobilienbusiness.ch\/en\/wp-json\/wp\/v2\/media?parent=55243"}],"wp:term":[{"taxonomy":"category","embeddable":true,"href":"https:\/\/www.immobilienbusiness.ch\/en\/wp-json\/wp\/v2\/categories?post=55243"},{"taxonomy":"post_tag","embeddable":true,"href":"https:\/\/www.immobilienbusiness.ch\/en\/wp-json\/wp\/v2\/tags?post=55243"}],"curies":[{"name":"wp","href":"https:\/\/api.w.org\/{rel}","templated":true}]}}