{"id":55087,"date":"2023-12-20T07:34:19","date_gmt":"2023-12-20T06:34:19","guid":{"rendered":"https:\/\/www.immobilienbusiness.ch\/?p=55087"},"modified":"2023-12-21T07:25:18","modified_gmt":"2023-12-21T06:25:18","slug":"sirea-christian-schuster-neuer-vr-praesident","status":"publish","type":"post","link":"https:\/\/www.immobilienbusiness.ch\/en\/allgemein\/2023-12-20\/sirea-christian-schuster-neuer-vr-praesident\/","title":{"rendered":"Sirea: Christian Schuster new Chairman of the Board of Directors"},"content":{"rendered":"<figure id=\"attachment_55088\" aria-describedby=\"caption-attachment-55088\" style=\"width: 331px\" class=\"wp-caption alignnone\"><a href=\"https:\/\/www.immobilienbusiness.ch\/wp-content\/uploads\/2023\/12\/Christian-Schuster.png\"><img loading=\"lazy\" decoding=\"async\" class=\"size-full wp-image-55088\" src=\"https:\/\/www.immobilienbusiness.ch\/wp-content\/uploads\/2023\/12\/Christian-Schuster.png\" alt=\"\" width=\"331\" height=\"333\" srcset=\"https:\/\/www.immobilienbusiness.ch\/wp-content\/uploads\/2023\/12\/Christian-Schuster.png 331w, https:\/\/www.immobilienbusiness.ch\/wp-content\/uploads\/2023\/12\/Christian-Schuster-298x300.png 298w, https:\/\/www.immobilienbusiness.ch\/wp-content\/uploads\/2023\/12\/Christian-Schuster-150x150.png 150w, https:\/\/www.immobilienbusiness.ch\/wp-content\/uploads\/2023\/12\/Christian-Schuster-12x12.png 12w\" sizes=\"auto, (max-width: 331px) 100vw, 331px\" \/><\/a><figcaption id=\"caption-attachment-55088\" class=\"wp-caption-text\">Christian Schuster (Image: zVg)<\/figcaption><\/figure>\n<p>The Swiss Institute of Real Estate Appraisal (Sirea) has a new Chairman of the Board of Directors. Christian Schuster was unanimously elected to this position at the Annual General Meeting on December 7. He replaces Stefan Fahrl\u00e4nder, who had been Chairman of the Board of Directors since 2015.<\/p>\n<p>Schuster holds a doctorate in law and is head of the Legal Services &amp; Building Rights department as well as deputy managing director of Immobilien Basel-Stadt. He is a real estate valuer CAS FH, senior expert for examinations in the field of property valuation and a member of the Valuation Commission of the Canton of Basel-Stadt. He is also a lecturer at Curem at the University of Zurich.<\/p>\n<p>The Swiss Institute of Real Estate Valuation sees itself as a central point of contact for the training and further education of real estate professionals and interested parties from the business world with a connection to valuation. For over 20 years, Sirea has been offering CAS and MAS courses at six Swiss universities in Burgdorf, Muttenz, Horw, St. Gallen, Mendrisio and Winterthur. <em>(aw)<\/em><\/p>","protected":false},"excerpt":{"rendered":"<p>Stefan Fahrl\u00e4nder is handing over the position of Chairman of the Board of Directors at the Training and Further Education Institute for Real Estate Valuation to the Deputy Managing Director of Immobilien Basel Stadt.<\/p>","protected":false},"author":102,"featured_media":55088,"comment_status":"closed","ping_status":"closed","sticky":false,"template":"","format":"standard","meta":{"_acf_changed":false,"_yoast_wpseo_focuskw":"Sirea","_yoast_wpseo_title":"","_yoast_wpseo_metadesc":"Stefan Fahrl\u00e4nder gibt das Amt des VR-Pr\u00e4sidenten beim Aus- und Weiterbildungsinstitut f\u00fcr Immobilienbewertung an den stellvertretenden Gesch\u00e4ftsf\u00fchrer von Immobilien Basel Stadt ab.","_yoast_wpseo_linkdex":54,"pgc_sgb_lightbox_settings":"","footnotes":""},"categories":[1],"tags":[1051,3443,1564,3458],"class_list":["post-55087","post","type-post","status-publish","format-standard","has-post-thumbnail","hentry","category-allgemein","tag-ausbildung","tag-bewertung","tag-personalien","tag-sirea"],"acf":[],"yoast_head":"<!-- This site is optimized with the Yoast SEO plugin v27.4 - https:\/\/yoast.com\/product\/yoast-seo-wordpress\/ -->\n<title>Sirea: Christian Schuster neuer VR-Pr\u00e4sident - IMMOBILIEN Business<\/title>\n<meta name=\"description\" content=\"Stefan Fahrl\u00e4nder gibt das Amt des VR-Pr\u00e4sidenten beim Aus- und Weiterbildungsinstitut f\u00fcr Immobilienbewertung an den stellvertretenden Gesch\u00e4ftsf\u00fchrer von Immobilien Basel Stadt ab.\" \/>\n<meta name=\"robots\" content=\"index, follow, max-snippet:-1, max-image-preview:large, max-video-preview:-1\" \/>\n<link rel=\"canonical\" href=\"https:\/\/www.immobilienbusiness.ch\/en\/allgemein\/2023-12-20\/sirea-christian-schuster-neuer-vr-praesident\/\" \/>\n<meta property=\"og:locale\" content=\"en_US\" \/>\n<meta property=\"og:type\" content=\"article\" \/>\n<meta property=\"og:title\" content=\"Sirea: Christian Schuster neuer VR-Pr\u00e4sident - IMMOBILIEN Business\" \/>\n<meta property=\"og:description\" content=\"Stefan Fahrl\u00e4nder gibt das Amt des VR-Pr\u00e4sidenten beim Aus- und Weiterbildungsinstitut f\u00fcr Immobilienbewertung an den stellvertretenden Gesch\u00e4ftsf\u00fchrer von Immobilien Basel Stadt ab.\" \/>\n<meta property=\"og:url\" content=\"https:\/\/www.immobilienbusiness.ch\/en\/allgemein\/2023-12-20\/sirea-christian-schuster-neuer-vr-praesident\/\" \/>\n<meta property=\"og:site_name\" content=\"IMMOBILIEN Business\" \/>\n<meta property=\"article:publisher\" content=\"https:\/\/www.facebook.com\/immobilienbusiness\/\" \/>\n<meta property=\"article:published_time\" content=\"2023-12-20T06:34:19+00:00\" \/>\n<meta property=\"article:modified_time\" content=\"2023-12-21T06:25:18+00:00\" \/>\n<meta property=\"og:image\" content=\"https:\/\/www.immobilienbusiness.ch\/wp-content\/uploads\/2023\/12\/Christian-Schuster.png\" \/>\n\t<meta property=\"og:image:width\" content=\"331\" \/>\n\t<meta property=\"og:image:height\" content=\"333\" \/>\n\t<meta property=\"og:image:type\" content=\"image\/png\" \/>\n<meta name=\"author\" content=\"Alexander Wachter\" \/>\n<meta name=\"twitter:card\" content=\"summary_large_image\" \/>\n<script type=\"application\/ld+json\" class=\"yoast-schema-graph\">{\"@context\":\"https:\\\/\\\/schema.org\",\"@graph\":[{\"@type\":\"Article\",\"@id\":\"https:\\\/\\\/www.immobilienbusiness.ch\\\/en\\\/allgemein\\\/2023-12-20\\\/sirea-christian-schuster-neuer-vr-praesident\\\/#article\",\"isPartOf\":{\"@id\":\"https:\\\/\\\/www.immobilienbusiness.ch\\\/en\\\/allgemein\\\/2023-12-20\\\/sirea-christian-schuster-neuer-vr-praesident\\\/\"},\"author\":{\"name\":\"Alexander Wachter\",\"@id\":\"https:\\\/\\\/www.immobilienbusiness.ch\\\/#\\\/schema\\\/person\\\/aba8bea2db926aa0c24c08c43fe1fcd5\"},\"headline\":\"Sirea: Christian Schuster neuer VR-Pr\u00e4sident\",\"datePublished\":\"2023-12-20T06:34:19+00:00\",\"dateModified\":\"2023-12-21T06:25:18+00:00\",\"mainEntityOfPage\":{\"@id\":\"https:\\\/\\\/www.immobilienbusiness.ch\\\/en\\\/allgemein\\\/2023-12-20\\\/sirea-christian-schuster-neuer-vr-praesident\\\/\"},\"wordCount\":161,\"publisher\":{\"@id\":\"https:\\\/\\\/www.immobilienbusiness.ch\\\/#organization\"},\"image\":{\"@id\":\"https:\\\/\\\/www.immobilienbusiness.ch\\\/en\\\/allgemein\\\/2023-12-20\\\/sirea-christian-schuster-neuer-vr-praesident\\\/#primaryimage\"},\"thumbnailUrl\":\"https:\\\/\\\/www.immobilienbusiness.ch\\\/wp-content\\\/uploads\\\/2023\\\/12\\\/Christian-Schuster.png\",\"keywords\":[\"Ausbildung\",\"Bewertung\",\"Personalien\",\"Sirea\"],\"articleSection\":[\"Allgemein\"],\"inLanguage\":\"en-US\"},{\"@type\":\"WebPage\",\"@id\":\"https:\\\/\\\/www.immobilienbusiness.ch\\\/en\\\/allgemein\\\/2023-12-20\\\/sirea-christian-schuster-neuer-vr-praesident\\\/\",\"url\":\"https:\\\/\\\/www.immobilienbusiness.ch\\\/en\\\/allgemein\\\/2023-12-20\\\/sirea-christian-schuster-neuer-vr-praesident\\\/\",\"name\":\"Sirea: Christian Schuster neuer VR-Pr\u00e4sident - IMMOBILIEN Business\",\"isPartOf\":{\"@id\":\"https:\\\/\\\/www.immobilienbusiness.ch\\\/#website\"},\"primaryImageOfPage\":{\"@id\":\"https:\\\/\\\/www.immobilienbusiness.ch\\\/en\\\/allgemein\\\/2023-12-20\\\/sirea-christian-schuster-neuer-vr-praesident\\\/#primaryimage\"},\"image\":{\"@id\":\"https:\\\/\\\/www.immobilienbusiness.ch\\\/en\\\/allgemein\\\/2023-12-20\\\/sirea-christian-schuster-neuer-vr-praesident\\\/#primaryimage\"},\"thumbnailUrl\":\"https:\\\/\\\/www.immobilienbusiness.ch\\\/wp-content\\\/uploads\\\/2023\\\/12\\\/Christian-Schuster.png\",\"datePublished\":\"2023-12-20T06:34:19+00:00\",\"dateModified\":\"2023-12-21T06:25:18+00:00\",\"description\":\"Stefan Fahrl\u00e4nder gibt das Amt des VR-Pr\u00e4sidenten beim Aus- und Weiterbildungsinstitut f\u00fcr Immobilienbewertung an den stellvertretenden Gesch\u00e4ftsf\u00fchrer von Immobilien Basel Stadt ab.\",\"breadcrumb\":{\"@id\":\"https:\\\/\\\/www.immobilienbusiness.ch\\\/en\\\/allgemein\\\/2023-12-20\\\/sirea-christian-schuster-neuer-vr-praesident\\\/#breadcrumb\"},\"inLanguage\":\"en-US\",\"potentialAction\":[{\"@type\":\"ReadAction\",\"target\":[\"https:\\\/\\\/www.immobilienbusiness.ch\\\/en\\\/allgemein\\\/2023-12-20\\\/sirea-christian-schuster-neuer-vr-praesident\\\/\"]}]},{\"@type\":\"ImageObject\",\"inLanguage\":\"en-US\",\"@id\":\"https:\\\/\\\/www.immobilienbusiness.ch\\\/en\\\/allgemein\\\/2023-12-20\\\/sirea-christian-schuster-neuer-vr-praesident\\\/#primaryimage\",\"url\":\"https:\\\/\\\/www.immobilienbusiness.ch\\\/wp-content\\\/uploads\\\/2023\\\/12\\\/Christian-Schuster.png\",\"contentUrl\":\"https:\\\/\\\/www.immobilienbusiness.ch\\\/wp-content\\\/uploads\\\/2023\\\/12\\\/Christian-Schuster.png\",\"width\":331,\"height\":333,\"caption\":\"Christian Schuster (Bild: zVg)\"},{\"@type\":\"BreadcrumbList\",\"@id\":\"https:\\\/\\\/www.immobilienbusiness.ch\\\/en\\\/allgemein\\\/2023-12-20\\\/sirea-christian-schuster-neuer-vr-praesident\\\/#breadcrumb\",\"itemListElement\":[{\"@type\":\"ListItem\",\"position\":1,\"name\":\"Home\",\"item\":\"https:\\\/\\\/www.immobilienbusiness.ch\\\/\"},{\"@type\":\"ListItem\",\"position\":2,\"name\":\"Sirea: Christian Schuster neuer VR-Pr\u00e4sident\"}]},{\"@type\":\"WebSite\",\"@id\":\"https:\\\/\\\/www.immobilienbusiness.ch\\\/#website\",\"url\":\"https:\\\/\\\/www.immobilienbusiness.ch\\\/\",\"name\":\"IMMOBILIEN Business\",\"description\":\"Unabh\u00e4ngiges Schweizer Wirtschaftsmagazin mit Fokus auf Immobilien, Architektur- und Bau sowie Investment- und Finanzierung.\",\"publisher\":{\"@id\":\"https:\\\/\\\/www.immobilienbusiness.ch\\\/#organization\"},\"potentialAction\":[{\"@type\":\"SearchAction\",\"target\":{\"@type\":\"EntryPoint\",\"urlTemplate\":\"https:\\\/\\\/www.immobilienbusiness.ch\\\/?s={search_term_string}\"},\"query-input\":{\"@type\":\"PropertyValueSpecification\",\"valueRequired\":true,\"valueName\":\"search_term_string\"}}],\"inLanguage\":\"en-US\"},{\"@type\":\"Organization\",\"@id\":\"https:\\\/\\\/www.immobilienbusiness.ch\\\/#organization\",\"name\":\"IMMOBILIEN Business\",\"url\":\"https:\\\/\\\/www.immobilienbusiness.ch\\\/\",\"logo\":{\"@type\":\"ImageObject\",\"inLanguage\":\"en-US\",\"@id\":\"https:\\\/\\\/www.immobilienbusiness.ch\\\/#\\\/schema\\\/logo\\\/image\\\/\",\"url\":\"https:\\\/\\\/www.immobilienbusiness.ch\\\/wp-content\\\/uploads\\\/2021\\\/07\\\/logo_ib.png\",\"contentUrl\":\"https:\\\/\\\/www.immobilienbusiness.ch\\\/wp-content\\\/uploads\\\/2021\\\/07\\\/logo_ib.png\",\"width\":800,\"height\":181,\"caption\":\"IMMOBILIEN Business\"},\"image\":{\"@id\":\"https:\\\/\\\/www.immobilienbusiness.ch\\\/#\\\/schema\\\/logo\\\/image\\\/\"},\"sameAs\":[\"https:\\\/\\\/www.facebook.com\\\/immobilienbusiness\\\/\"]},{\"@type\":\"Person\",\"@id\":\"https:\\\/\\\/www.immobilienbusiness.ch\\\/#\\\/schema\\\/person\\\/aba8bea2db926aa0c24c08c43fe1fcd5\",\"name\":\"Alexander Wachter\",\"image\":{\"@type\":\"ImageObject\",\"inLanguage\":\"en-US\",\"@id\":\"https:\\\/\\\/secure.gravatar.com\\\/avatar\\\/1a09e471f5389b0e0a6416eac287e0927c7c97a7b77f9e787eba3af7aee281dd?s=96&d=mm&r=g\",\"url\":\"https:\\\/\\\/secure.gravatar.com\\\/avatar\\\/1a09e471f5389b0e0a6416eac287e0927c7c97a7b77f9e787eba3af7aee281dd?s=96&d=mm&r=g\",\"contentUrl\":\"https:\\\/\\\/secure.gravatar.com\\\/avatar\\\/1a09e471f5389b0e0a6416eac287e0927c7c97a7b77f9e787eba3af7aee281dd?s=96&d=mm&r=g\",\"caption\":\"Alexander Wachter\"},\"url\":\"https:\\\/\\\/www.immobilienbusiness.ch\\\/en\\\/author\\\/alexander-wachter\\\/\"}]}<\/script>\n<!-- \/ Yoast SEO plugin. -->","yoast_head_json":{"title":"Sirea: Christian Schuster neuer VR-Pr\u00e4sident - IMMOBILIEN Business","description":"Stefan Fahrl\u00e4nder is handing over the position of Chairman of the Board of Directors at the Training and Further Education Institute for Real Estate Valuation to the Deputy Managing Director of Immobilien Basel Stadt.","robots":{"index":"index","follow":"follow","max-snippet":"max-snippet:-1","max-image-preview":"max-image-preview:large","max-video-preview":"max-video-preview:-1"},"canonical":"https:\/\/www.immobilienbusiness.ch\/en\/allgemein\/2023-12-20\/sirea-christian-schuster-neuer-vr-praesident\/","og_locale":"en_US","og_type":"article","og_title":"Sirea: Christian Schuster neuer VR-Pr\u00e4sident - IMMOBILIEN Business","og_description":"Stefan Fahrl\u00e4nder gibt das Amt des VR-Pr\u00e4sidenten beim Aus- und Weiterbildungsinstitut f\u00fcr Immobilienbewertung an den stellvertretenden Gesch\u00e4ftsf\u00fchrer von Immobilien Basel Stadt ab.","og_url":"https:\/\/www.immobilienbusiness.ch\/en\/allgemein\/2023-12-20\/sirea-christian-schuster-neuer-vr-praesident\/","og_site_name":"IMMOBILIEN Business","article_publisher":"https:\/\/www.facebook.com\/immobilienbusiness\/","article_published_time":"2023-12-20T06:34:19+00:00","article_modified_time":"2023-12-21T06:25:18+00:00","og_image":[{"width":331,"height":333,"url":"https:\/\/www.immobilienbusiness.ch\/wp-content\/uploads\/2023\/12\/Christian-Schuster.png","type":"image\/png"}],"author":"Alexander Wachter","twitter_card":"summary_large_image","schema":{"@context":"https:\/\/schema.org","@graph":[{"@type":"Article","@id":"https:\/\/www.immobilienbusiness.ch\/en\/allgemein\/2023-12-20\/sirea-christian-schuster-neuer-vr-praesident\/#article","isPartOf":{"@id":"https:\/\/www.immobilienbusiness.ch\/en\/allgemein\/2023-12-20\/sirea-christian-schuster-neuer-vr-praesident\/"},"author":{"name":"Alexander Wachter","@id":"https:\/\/www.immobilienbusiness.ch\/#\/schema\/person\/aba8bea2db926aa0c24c08c43fe1fcd5"},"headline":"Sirea: Christian Schuster neuer VR-Pr\u00e4sident","datePublished":"2023-12-20T06:34:19+00:00","dateModified":"2023-12-21T06:25:18+00:00","mainEntityOfPage":{"@id":"https:\/\/www.immobilienbusiness.ch\/en\/allgemein\/2023-12-20\/sirea-christian-schuster-neuer-vr-praesident\/"},"wordCount":161,"publisher":{"@id":"https:\/\/www.immobilienbusiness.ch\/#organization"},"image":{"@id":"https:\/\/www.immobilienbusiness.ch\/en\/allgemein\/2023-12-20\/sirea-christian-schuster-neuer-vr-praesident\/#primaryimage"},"thumbnailUrl":"https:\/\/www.immobilienbusiness.ch\/wp-content\/uploads\/2023\/12\/Christian-Schuster.png","keywords":["Ausbildung","Bewertung","Personalien","Sirea"],"articleSection":["Allgemein"],"inLanguage":"en-US"},{"@type":"WebPage","@id":"https:\/\/www.immobilienbusiness.ch\/en\/allgemein\/2023-12-20\/sirea-christian-schuster-neuer-vr-praesident\/","url":"https:\/\/www.immobilienbusiness.ch\/en\/allgemein\/2023-12-20\/sirea-christian-schuster-neuer-vr-praesident\/","name":"Sirea: Christian Schuster neuer VR-Pr\u00e4sident - IMMOBILIEN Business","isPartOf":{"@id":"https:\/\/www.immobilienbusiness.ch\/#website"},"primaryImageOfPage":{"@id":"https:\/\/www.immobilienbusiness.ch\/en\/allgemein\/2023-12-20\/sirea-christian-schuster-neuer-vr-praesident\/#primaryimage"},"image":{"@id":"https:\/\/www.immobilienbusiness.ch\/en\/allgemein\/2023-12-20\/sirea-christian-schuster-neuer-vr-praesident\/#primaryimage"},"thumbnailUrl":"https:\/\/www.immobilienbusiness.ch\/wp-content\/uploads\/2023\/12\/Christian-Schuster.png","datePublished":"2023-12-20T06:34:19+00:00","dateModified":"2023-12-21T06:25:18+00:00","description":"Stefan Fahrl\u00e4nder is handing over the position of Chairman of the Board of Directors at the Training and Further Education Institute for Real Estate Valuation to the Deputy Managing Director of Immobilien Basel Stadt.","breadcrumb":{"@id":"https:\/\/www.immobilienbusiness.ch\/en\/allgemein\/2023-12-20\/sirea-christian-schuster-neuer-vr-praesident\/#breadcrumb"},"inLanguage":"en-US","potentialAction":[{"@type":"ReadAction","target":["https:\/\/www.immobilienbusiness.ch\/en\/allgemein\/2023-12-20\/sirea-christian-schuster-neuer-vr-praesident\/"]}]},{"@type":"ImageObject","inLanguage":"en-US","@id":"https:\/\/www.immobilienbusiness.ch\/en\/allgemein\/2023-12-20\/sirea-christian-schuster-neuer-vr-praesident\/#primaryimage","url":"https:\/\/www.immobilienbusiness.ch\/wp-content\/uploads\/2023\/12\/Christian-Schuster.png","contentUrl":"https:\/\/www.immobilienbusiness.ch\/wp-content\/uploads\/2023\/12\/Christian-Schuster.png","width":331,"height":333,"caption":"Christian Schuster (Bild: zVg)"},{"@type":"BreadcrumbList","@id":"https:\/\/www.immobilienbusiness.ch\/en\/allgemein\/2023-12-20\/sirea-christian-schuster-neuer-vr-praesident\/#breadcrumb","itemListElement":[{"@type":"ListItem","position":1,"name":"Home","item":"https:\/\/www.immobilienbusiness.ch\/"},{"@type":"ListItem","position":2,"name":"Sirea: Christian Schuster neuer VR-Pr\u00e4sident"}]},{"@type":"WebSite","@id":"https:\/\/www.immobilienbusiness.ch\/#website","url":"https:\/\/www.immobilienbusiness.ch\/","name":"REAL ESTATE Business","description":"Independent Swiss business magazine focusing on real estate, architecture and construction as well as investment and financing.","publisher":{"@id":"https:\/\/www.immobilienbusiness.ch\/#organization"},"potentialAction":[{"@type":"SearchAction","target":{"@type":"EntryPoint","urlTemplate":"https:\/\/www.immobilienbusiness.ch\/?s={search_term_string}"},"query-input":{"@type":"PropertyValueSpecification","valueRequired":true,"valueName":"search_term_string"}}],"inLanguage":"en-US"},{"@type":"Organization","@id":"https:\/\/www.immobilienbusiness.ch\/#organization","name":"REAL ESTATE Business","url":"https:\/\/www.immobilienbusiness.ch\/","logo":{"@type":"ImageObject","inLanguage":"en-US","@id":"https:\/\/www.immobilienbusiness.ch\/#\/schema\/logo\/image\/","url":"https:\/\/www.immobilienbusiness.ch\/wp-content\/uploads\/2021\/07\/logo_ib.png","contentUrl":"https:\/\/www.immobilienbusiness.ch\/wp-content\/uploads\/2021\/07\/logo_ib.png","width":800,"height":181,"caption":"IMMOBILIEN Business"},"image":{"@id":"https:\/\/www.immobilienbusiness.ch\/#\/schema\/logo\/image\/"},"sameAs":["https:\/\/www.facebook.com\/immobilienbusiness\/"]},{"@type":"Person","@id":"https:\/\/www.immobilienbusiness.ch\/#\/schema\/person\/aba8bea2db926aa0c24c08c43fe1fcd5","name":"Alexander Wachter","image":{"@type":"ImageObject","inLanguage":"en-US","@id":"https:\/\/secure.gravatar.com\/avatar\/1a09e471f5389b0e0a6416eac287e0927c7c97a7b77f9e787eba3af7aee281dd?s=96&d=mm&r=g","url":"https:\/\/secure.gravatar.com\/avatar\/1a09e471f5389b0e0a6416eac287e0927c7c97a7b77f9e787eba3af7aee281dd?s=96&d=mm&r=g","contentUrl":"https:\/\/secure.gravatar.com\/avatar\/1a09e471f5389b0e0a6416eac287e0927c7c97a7b77f9e787eba3af7aee281dd?s=96&d=mm&r=g","caption":"Alexander Wachter"},"url":"https:\/\/www.immobilienbusiness.ch\/en\/author\/alexander-wachter\/"}]}},"_links":{"self":[{"href":"https:\/\/www.immobilienbusiness.ch\/en\/wp-json\/wp\/v2\/posts\/55087","targetHints":{"allow":["GET"]}}],"collection":[{"href":"https:\/\/www.immobilienbusiness.ch\/en\/wp-json\/wp\/v2\/posts"}],"about":[{"href":"https:\/\/www.immobilienbusiness.ch\/en\/wp-json\/wp\/v2\/types\/post"}],"author":[{"embeddable":true,"href":"https:\/\/www.immobilienbusiness.ch\/en\/wp-json\/wp\/v2\/users\/102"}],"replies":[{"embeddable":true,"href":"https:\/\/www.immobilienbusiness.ch\/en\/wp-json\/wp\/v2\/comments?post=55087"}],"version-history":[{"count":1,"href":"https:\/\/www.immobilienbusiness.ch\/en\/wp-json\/wp\/v2\/posts\/55087\/revisions"}],"predecessor-version":[{"id":55089,"href":"https:\/\/www.immobilienbusiness.ch\/en\/wp-json\/wp\/v2\/posts\/55087\/revisions\/55089"}],"wp:featuredmedia":[{"embeddable":true,"href":"https:\/\/www.immobilienbusiness.ch\/en\/wp-json\/wp\/v2\/media\/55088"}],"wp:attachment":[{"href":"https:\/\/www.immobilienbusiness.ch\/en\/wp-json\/wp\/v2\/media?parent=55087"}],"wp:term":[{"taxonomy":"category","embeddable":true,"href":"https:\/\/www.immobilienbusiness.ch\/en\/wp-json\/wp\/v2\/categories?post=55087"},{"taxonomy":"post_tag","embeddable":true,"href":"https:\/\/www.immobilienbusiness.ch\/en\/wp-json\/wp\/v2\/tags?post=55087"}],"curies":[{"name":"wp","href":"https:\/\/api.w.org\/{rel}","templated":true}]}}