{"id":54902,"date":"2023-12-11T08:00:00","date_gmt":"2023-12-11T07:00:00","guid":{"rendered":"https:\/\/www.immobilienbusiness.ch\/?p=54902"},"modified":"2023-12-14T09:31:29","modified_gmt":"2023-12-14T08:31:29","slug":"warteck-invest-bekommt-einen-neuen-vr-praesidenten","status":"publish","type":"post","link":"https:\/\/www.immobilienbusiness.ch\/en\/personalia\/2023-12-11\/warteck-invest-bekommt-einen-neuen-vr-praesidenten\/","title":{"rendered":"Warteck Invest gets a new Chairman of the Board of Directors"},"content":{"rendered":"<figure id=\"attachment_54903\" aria-describedby=\"caption-attachment-54903\" style=\"width: 945px\" class=\"wp-caption alignnone\"><a href=\"https:\/\/www.immobilienbusiness.ch\/wp-content\/uploads\/2023\/12\/Kurt_Ritz.jpg\"><img loading=\"lazy\" decoding=\"async\" class=\"size-full wp-image-54903\" src=\"https:\/\/www.immobilienbusiness.ch\/wp-content\/uploads\/2023\/12\/Kurt_Ritz.jpg\" alt=\"\" width=\"945\" height=\"735\" srcset=\"https:\/\/www.immobilienbusiness.ch\/wp-content\/uploads\/2023\/12\/Kurt_Ritz.jpg 945w, https:\/\/www.immobilienbusiness.ch\/wp-content\/uploads\/2023\/12\/Kurt_Ritz-300x233.jpg 300w, https:\/\/www.immobilienbusiness.ch\/wp-content\/uploads\/2023\/12\/Kurt_Ritz-768x597.jpg 768w, https:\/\/www.immobilienbusiness.ch\/wp-content\/uploads\/2023\/12\/Kurt_Ritz-15x12.jpg 15w, https:\/\/www.immobilienbusiness.ch\/wp-content\/uploads\/2023\/12\/Kurt_Ritz-375x292.jpg 375w, https:\/\/www.immobilienbusiness.ch\/wp-content\/uploads\/2023\/12\/Kurt_Ritz-450x350.jpg 450w\" sizes=\"auto, (max-width: 945px) 100vw, 945px\" \/><\/a><figcaption id=\"caption-attachment-54903\" class=\"wp-caption-text\">Kurt Ritz (Source: Warteck Invest)<\/figcaption><\/figure>\n<p>There will be changes to the Board of Directors at the next Annual General Meeting of Warteck Invest on May 29, 2024: Chairman of the Board of Directors Marcel Rohner will not be standing for re-election to the Board after 14 years of service. Kurt Ritz, a current member of the Board of Directors, will be proposed to the Annual General Meeting as the new Chairman.<\/p>\n<p>Marcel Rohner has been a member of the Board of Directors of the real estate company since 2011 and has been Chairman since 2019. During his term of office, the real estate portfolio was optimized and expanded and a sustainability strategy was developed and implemented.<\/p>\n<p>Kurt Ritz has been a member of the Board of Directors of Warteck Invest since 2019. He held various management positions at PwC from 1995 to 2019 and was a partner from 2004. Since April 2019, he has served as an independent, professional member of the Board of Directors, Board of Trustees and as a member of investment committees. Among other things, he is currently a member of the Board of Directors of Intershop Holding and a member of the Investment Committee of BVK Personalvorsorge des Kantons Z\u00fcrich. <em>(ah)<\/em><\/p>","protected":false},"excerpt":{"rendered":"<p>Marcel Rohner, the long-standing Chairman of the Board of Directors, is not standing for re-election. Kurt Ritz is to be his successor.<\/p>","protected":false},"author":3,"featured_media":54903,"comment_status":"closed","ping_status":"closed","sticky":false,"template":"","format":"standard","meta":{"_acf_changed":false,"_yoast_wpseo_focuskw":"Warteck Invest","_yoast_wpseo_title":"","_yoast_wpseo_metadesc":"Der langj\u00e4hrige Verwaltungsratspr\u00e4sident Marcel Rohner tritt nicht mehr zur Wiederwahl an. Kurt Ritz soll sein Nachfolger werden.","_yoast_wpseo_linkdex":55,"pgc_sgb_lightbox_settings":"","footnotes":""},"categories":[1912],"tags":[1563,1834,1846],"class_list":["post-54902","post","type-post","status-publish","format-standard","has-post-thumbnail","hentry","category-personalia","tag-personalia","tag-verwaltungsrat","tag-warteck-invest"],"acf":[],"yoast_head":"<!-- This site is optimized with the Yoast SEO plugin v27.4 - https:\/\/yoast.com\/product\/yoast-seo-wordpress\/ -->\n<title>Warteck Invest bekommt einen neuen VR-Pr\u00e4sidenten - IMMOBILIEN Business<\/title>\n<meta name=\"description\" content=\"Der langj\u00e4hrige Verwaltungsratspr\u00e4sident Marcel Rohner tritt nicht mehr zur Wiederwahl an. Kurt Ritz soll sein Nachfolger werden.\" \/>\n<meta name=\"robots\" content=\"index, follow, max-snippet:-1, max-image-preview:large, max-video-preview:-1\" \/>\n<link rel=\"canonical\" href=\"https:\/\/www.immobilienbusiness.ch\/en\/personalia\/2023-12-11\/warteck-invest-bekommt-einen-neuen-vr-praesidenten\/\" \/>\n<meta property=\"og:locale\" content=\"en_US\" \/>\n<meta property=\"og:type\" content=\"article\" \/>\n<meta property=\"og:title\" content=\"Warteck Invest bekommt einen neuen VR-Pr\u00e4sidenten - IMMOBILIEN Business\" \/>\n<meta property=\"og:description\" content=\"Der langj\u00e4hrige Verwaltungsratspr\u00e4sident Marcel Rohner tritt nicht mehr zur Wiederwahl an. Kurt Ritz soll sein Nachfolger werden.\" \/>\n<meta property=\"og:url\" content=\"https:\/\/www.immobilienbusiness.ch\/en\/personalia\/2023-12-11\/warteck-invest-bekommt-einen-neuen-vr-praesidenten\/\" \/>\n<meta property=\"og:site_name\" content=\"IMMOBILIEN Business\" \/>\n<meta property=\"article:publisher\" content=\"https:\/\/www.facebook.com\/immobilienbusiness\/\" \/>\n<meta property=\"article:published_time\" content=\"2023-12-11T07:00:00+00:00\" \/>\n<meta property=\"article:modified_time\" content=\"2023-12-14T08:31:29+00:00\" \/>\n<meta property=\"og:image\" content=\"https:\/\/www.immobilienbusiness.ch\/wp-content\/uploads\/2023\/12\/Kurt_Ritz.jpg\" \/>\n\t<meta property=\"og:image:width\" content=\"945\" \/>\n\t<meta property=\"og:image:height\" content=\"735\" \/>\n\t<meta property=\"og:image:type\" content=\"image\/jpeg\" \/>\n<meta name=\"author\" content=\"anja.hall\" \/>\n<meta name=\"twitter:card\" content=\"summary_large_image\" \/>\n<script type=\"application\/ld+json\" class=\"yoast-schema-graph\">{\"@context\":\"https:\\\/\\\/schema.org\",\"@graph\":[{\"@type\":\"Article\",\"@id\":\"https:\\\/\\\/www.immobilienbusiness.ch\\\/de\\\/personalia\\\/2023-12-11\\\/warteck-invest-bekommt-einen-neuen-vr-praesidenten\\\/#article\",\"isPartOf\":{\"@id\":\"https:\\\/\\\/www.immobilienbusiness.ch\\\/de\\\/personalia\\\/2023-12-11\\\/warteck-invest-bekommt-einen-neuen-vr-praesidenten\\\/\"},\"author\":{\"name\":\"anja.hall\",\"@id\":\"https:\\\/\\\/www.immobilienbusiness.ch\\\/#\\\/schema\\\/person\\\/3fc036297b10b9f42d6db5ee932af8c8\"},\"headline\":\"Warteck Invest bekommt einen neuen VR-Pr\u00e4sidenten\",\"datePublished\":\"2023-12-11T07:00:00+00:00\",\"dateModified\":\"2023-12-14T08:31:29+00:00\",\"mainEntityOfPage\":{\"@id\":\"https:\\\/\\\/www.immobilienbusiness.ch\\\/de\\\/personalia\\\/2023-12-11\\\/warteck-invest-bekommt-einen-neuen-vr-praesidenten\\\/\"},\"wordCount\":162,\"publisher\":{\"@id\":\"https:\\\/\\\/www.immobilienbusiness.ch\\\/#organization\"},\"image\":{\"@id\":\"https:\\\/\\\/www.immobilienbusiness.ch\\\/de\\\/personalia\\\/2023-12-11\\\/warteck-invest-bekommt-einen-neuen-vr-praesidenten\\\/#primaryimage\"},\"thumbnailUrl\":\"https:\\\/\\\/www.immobilienbusiness.ch\\\/wp-content\\\/uploads\\\/2023\\\/12\\\/Kurt_Ritz.jpg\",\"keywords\":[\"Personalia\",\"Verwaltungsrat\",\"Warteck Invest\"],\"articleSection\":[\"PERSONALIA\"],\"inLanguage\":\"en-US\"},{\"@type\":\"WebPage\",\"@id\":\"https:\\\/\\\/www.immobilienbusiness.ch\\\/de\\\/personalia\\\/2023-12-11\\\/warteck-invest-bekommt-einen-neuen-vr-praesidenten\\\/\",\"url\":\"https:\\\/\\\/www.immobilienbusiness.ch\\\/de\\\/personalia\\\/2023-12-11\\\/warteck-invest-bekommt-einen-neuen-vr-praesidenten\\\/\",\"name\":\"Warteck Invest bekommt einen neuen VR-Pr\u00e4sidenten - IMMOBILIEN Business\",\"isPartOf\":{\"@id\":\"https:\\\/\\\/www.immobilienbusiness.ch\\\/#website\"},\"primaryImageOfPage\":{\"@id\":\"https:\\\/\\\/www.immobilienbusiness.ch\\\/de\\\/personalia\\\/2023-12-11\\\/warteck-invest-bekommt-einen-neuen-vr-praesidenten\\\/#primaryimage\"},\"image\":{\"@id\":\"https:\\\/\\\/www.immobilienbusiness.ch\\\/de\\\/personalia\\\/2023-12-11\\\/warteck-invest-bekommt-einen-neuen-vr-praesidenten\\\/#primaryimage\"},\"thumbnailUrl\":\"https:\\\/\\\/www.immobilienbusiness.ch\\\/wp-content\\\/uploads\\\/2023\\\/12\\\/Kurt_Ritz.jpg\",\"datePublished\":\"2023-12-11T07:00:00+00:00\",\"dateModified\":\"2023-12-14T08:31:29+00:00\",\"description\":\"Der langj\u00e4hrige Verwaltungsratspr\u00e4sident Marcel Rohner tritt nicht mehr zur Wiederwahl an. Kurt Ritz soll sein Nachfolger werden.\",\"breadcrumb\":{\"@id\":\"https:\\\/\\\/www.immobilienbusiness.ch\\\/de\\\/personalia\\\/2023-12-11\\\/warteck-invest-bekommt-einen-neuen-vr-praesidenten\\\/#breadcrumb\"},\"inLanguage\":\"en-US\",\"potentialAction\":[{\"@type\":\"ReadAction\",\"target\":[\"https:\\\/\\\/www.immobilienbusiness.ch\\\/de\\\/personalia\\\/2023-12-11\\\/warteck-invest-bekommt-einen-neuen-vr-praesidenten\\\/\"]}]},{\"@type\":\"ImageObject\",\"inLanguage\":\"en-US\",\"@id\":\"https:\\\/\\\/www.immobilienbusiness.ch\\\/de\\\/personalia\\\/2023-12-11\\\/warteck-invest-bekommt-einen-neuen-vr-praesidenten\\\/#primaryimage\",\"url\":\"https:\\\/\\\/www.immobilienbusiness.ch\\\/wp-content\\\/uploads\\\/2023\\\/12\\\/Kurt_Ritz.jpg\",\"contentUrl\":\"https:\\\/\\\/www.immobilienbusiness.ch\\\/wp-content\\\/uploads\\\/2023\\\/12\\\/Kurt_Ritz.jpg\",\"width\":945,\"height\":735,\"caption\":\"Kurt Ritz (Quelle: Warteck Invest)\"},{\"@type\":\"BreadcrumbList\",\"@id\":\"https:\\\/\\\/www.immobilienbusiness.ch\\\/de\\\/personalia\\\/2023-12-11\\\/warteck-invest-bekommt-einen-neuen-vr-praesidenten\\\/#breadcrumb\",\"itemListElement\":[{\"@type\":\"ListItem\",\"position\":1,\"name\":\"Home\",\"item\":\"https:\\\/\\\/www.immobilienbusiness.ch\\\/\"},{\"@type\":\"ListItem\",\"position\":2,\"name\":\"Warteck Invest bekommt einen neuen VR-Pr\u00e4sidenten\"}]},{\"@type\":\"WebSite\",\"@id\":\"https:\\\/\\\/www.immobilienbusiness.ch\\\/#website\",\"url\":\"https:\\\/\\\/www.immobilienbusiness.ch\\\/\",\"name\":\"IMMOBILIEN Business\",\"description\":\"Unabh\u00e4ngiges Schweizer Wirtschaftsmagazin mit Fokus auf Immobilien, Architektur- und Bau sowie Investment- und Finanzierung.\",\"publisher\":{\"@id\":\"https:\\\/\\\/www.immobilienbusiness.ch\\\/#organization\"},\"potentialAction\":[{\"@type\":\"SearchAction\",\"target\":{\"@type\":\"EntryPoint\",\"urlTemplate\":\"https:\\\/\\\/www.immobilienbusiness.ch\\\/?s={search_term_string}\"},\"query-input\":{\"@type\":\"PropertyValueSpecification\",\"valueRequired\":true,\"valueName\":\"search_term_string\"}}],\"inLanguage\":\"en-US\"},{\"@type\":\"Organization\",\"@id\":\"https:\\\/\\\/www.immobilienbusiness.ch\\\/#organization\",\"name\":\"IMMOBILIEN Business\",\"url\":\"https:\\\/\\\/www.immobilienbusiness.ch\\\/\",\"logo\":{\"@type\":\"ImageObject\",\"inLanguage\":\"en-US\",\"@id\":\"https:\\\/\\\/www.immobilienbusiness.ch\\\/#\\\/schema\\\/logo\\\/image\\\/\",\"url\":\"https:\\\/\\\/www.immobilienbusiness.ch\\\/wp-content\\\/uploads\\\/2021\\\/07\\\/logo_ib.png\",\"contentUrl\":\"https:\\\/\\\/www.immobilienbusiness.ch\\\/wp-content\\\/uploads\\\/2021\\\/07\\\/logo_ib.png\",\"width\":800,\"height\":181,\"caption\":\"IMMOBILIEN Business\"},\"image\":{\"@id\":\"https:\\\/\\\/www.immobilienbusiness.ch\\\/#\\\/schema\\\/logo\\\/image\\\/\"},\"sameAs\":[\"https:\\\/\\\/www.facebook.com\\\/immobilienbusiness\\\/\"]},{\"@type\":\"Person\",\"@id\":\"https:\\\/\\\/www.immobilienbusiness.ch\\\/#\\\/schema\\\/person\\\/3fc036297b10b9f42d6db5ee932af8c8\",\"name\":\"anja.hall\",\"image\":{\"@type\":\"ImageObject\",\"inLanguage\":\"en-US\",\"@id\":\"https:\\\/\\\/secure.gravatar.com\\\/avatar\\\/066b5a0d447013502c71a5782f4f3469f03cfe595cc2329fb94652fe47511bfb?s=96&d=mm&r=g\",\"url\":\"https:\\\/\\\/secure.gravatar.com\\\/avatar\\\/066b5a0d447013502c71a5782f4f3469f03cfe595cc2329fb94652fe47511bfb?s=96&d=mm&r=g\",\"contentUrl\":\"https:\\\/\\\/secure.gravatar.com\\\/avatar\\\/066b5a0d447013502c71a5782f4f3469f03cfe595cc2329fb94652fe47511bfb?s=96&d=mm&r=g\",\"caption\":\"anja.hall\"},\"url\":\"https:\\\/\\\/www.immobilienbusiness.ch\\\/en\\\/author\\\/anja-hall\\\/\"}]}<\/script>\n<!-- \/ Yoast SEO plugin. -->","yoast_head_json":{"title":"Warteck Invest gets a new Chairman of the Board - IMMOBILIEN Business","description":"Marcel Rohner, the long-standing Chairman of the Board of Directors, is not standing for re-election. Kurt Ritz is to be his successor.","robots":{"index":"index","follow":"follow","max-snippet":"max-snippet:-1","max-image-preview":"max-image-preview:large","max-video-preview":"max-video-preview:-1"},"canonical":"https:\/\/www.immobilienbusiness.ch\/en\/personalia\/2023-12-11\/warteck-invest-bekommt-einen-neuen-vr-praesidenten\/","og_locale":"en_US","og_type":"article","og_title":"Warteck Invest bekommt einen neuen VR-Pr\u00e4sidenten - IMMOBILIEN Business","og_description":"Der langj\u00e4hrige Verwaltungsratspr\u00e4sident Marcel Rohner tritt nicht mehr zur Wiederwahl an. Kurt Ritz soll sein Nachfolger werden.","og_url":"https:\/\/www.immobilienbusiness.ch\/en\/personalia\/2023-12-11\/warteck-invest-bekommt-einen-neuen-vr-praesidenten\/","og_site_name":"IMMOBILIEN Business","article_publisher":"https:\/\/www.facebook.com\/immobilienbusiness\/","article_published_time":"2023-12-11T07:00:00+00:00","article_modified_time":"2023-12-14T08:31:29+00:00","og_image":[{"width":945,"height":735,"url":"https:\/\/www.immobilienbusiness.ch\/wp-content\/uploads\/2023\/12\/Kurt_Ritz.jpg","type":"image\/jpeg"}],"author":"anja.hall","twitter_card":"summary_large_image","schema":{"@context":"https:\/\/schema.org","@graph":[{"@type":"Article","@id":"https:\/\/www.immobilienbusiness.ch\/de\/personalia\/2023-12-11\/warteck-invest-bekommt-einen-neuen-vr-praesidenten\/#article","isPartOf":{"@id":"https:\/\/www.immobilienbusiness.ch\/de\/personalia\/2023-12-11\/warteck-invest-bekommt-einen-neuen-vr-praesidenten\/"},"author":{"name":"anja.hall","@id":"https:\/\/www.immobilienbusiness.ch\/#\/schema\/person\/3fc036297b10b9f42d6db5ee932af8c8"},"headline":"Warteck Invest bekommt einen neuen VR-Pr\u00e4sidenten","datePublished":"2023-12-11T07:00:00+00:00","dateModified":"2023-12-14T08:31:29+00:00","mainEntityOfPage":{"@id":"https:\/\/www.immobilienbusiness.ch\/de\/personalia\/2023-12-11\/warteck-invest-bekommt-einen-neuen-vr-praesidenten\/"},"wordCount":162,"publisher":{"@id":"https:\/\/www.immobilienbusiness.ch\/#organization"},"image":{"@id":"https:\/\/www.immobilienbusiness.ch\/de\/personalia\/2023-12-11\/warteck-invest-bekommt-einen-neuen-vr-praesidenten\/#primaryimage"},"thumbnailUrl":"https:\/\/www.immobilienbusiness.ch\/wp-content\/uploads\/2023\/12\/Kurt_Ritz.jpg","keywords":["Personalia","Verwaltungsrat","Warteck Invest"],"articleSection":["PERSONALIA"],"inLanguage":"en-US"},{"@type":"WebPage","@id":"https:\/\/www.immobilienbusiness.ch\/de\/personalia\/2023-12-11\/warteck-invest-bekommt-einen-neuen-vr-praesidenten\/","url":"https:\/\/www.immobilienbusiness.ch\/de\/personalia\/2023-12-11\/warteck-invest-bekommt-einen-neuen-vr-praesidenten\/","name":"Warteck Invest gets a new Chairman of the Board - IMMOBILIEN Business","isPartOf":{"@id":"https:\/\/www.immobilienbusiness.ch\/#website"},"primaryImageOfPage":{"@id":"https:\/\/www.immobilienbusiness.ch\/de\/personalia\/2023-12-11\/warteck-invest-bekommt-einen-neuen-vr-praesidenten\/#primaryimage"},"image":{"@id":"https:\/\/www.immobilienbusiness.ch\/de\/personalia\/2023-12-11\/warteck-invest-bekommt-einen-neuen-vr-praesidenten\/#primaryimage"},"thumbnailUrl":"https:\/\/www.immobilienbusiness.ch\/wp-content\/uploads\/2023\/12\/Kurt_Ritz.jpg","datePublished":"2023-12-11T07:00:00+00:00","dateModified":"2023-12-14T08:31:29+00:00","description":"Marcel Rohner, the long-standing Chairman of the Board of Directors, is not standing for re-election. Kurt Ritz is to be his successor.","breadcrumb":{"@id":"https:\/\/www.immobilienbusiness.ch\/de\/personalia\/2023-12-11\/warteck-invest-bekommt-einen-neuen-vr-praesidenten\/#breadcrumb"},"inLanguage":"en-US","potentialAction":[{"@type":"ReadAction","target":["https:\/\/www.immobilienbusiness.ch\/de\/personalia\/2023-12-11\/warteck-invest-bekommt-einen-neuen-vr-praesidenten\/"]}]},{"@type":"ImageObject","inLanguage":"en-US","@id":"https:\/\/www.immobilienbusiness.ch\/de\/personalia\/2023-12-11\/warteck-invest-bekommt-einen-neuen-vr-praesidenten\/#primaryimage","url":"https:\/\/www.immobilienbusiness.ch\/wp-content\/uploads\/2023\/12\/Kurt_Ritz.jpg","contentUrl":"https:\/\/www.immobilienbusiness.ch\/wp-content\/uploads\/2023\/12\/Kurt_Ritz.jpg","width":945,"height":735,"caption":"Kurt Ritz (Quelle: Warteck Invest)"},{"@type":"BreadcrumbList","@id":"https:\/\/www.immobilienbusiness.ch\/de\/personalia\/2023-12-11\/warteck-invest-bekommt-einen-neuen-vr-praesidenten\/#breadcrumb","itemListElement":[{"@type":"ListItem","position":1,"name":"Home","item":"https:\/\/www.immobilienbusiness.ch\/"},{"@type":"ListItem","position":2,"name":"Warteck Invest bekommt einen neuen VR-Pr\u00e4sidenten"}]},{"@type":"WebSite","@id":"https:\/\/www.immobilienbusiness.ch\/#website","url":"https:\/\/www.immobilienbusiness.ch\/","name":"REAL ESTATE Business","description":"Independent Swiss business magazine focusing on real estate, architecture and construction as well as investment and financing.","publisher":{"@id":"https:\/\/www.immobilienbusiness.ch\/#organization"},"potentialAction":[{"@type":"SearchAction","target":{"@type":"EntryPoint","urlTemplate":"https:\/\/www.immobilienbusiness.ch\/?s={search_term_string}"},"query-input":{"@type":"PropertyValueSpecification","valueRequired":true,"valueName":"search_term_string"}}],"inLanguage":"en-US"},{"@type":"Organization","@id":"https:\/\/www.immobilienbusiness.ch\/#organization","name":"REAL ESTATE Business","url":"https:\/\/www.immobilienbusiness.ch\/","logo":{"@type":"ImageObject","inLanguage":"en-US","@id":"https:\/\/www.immobilienbusiness.ch\/#\/schema\/logo\/image\/","url":"https:\/\/www.immobilienbusiness.ch\/wp-content\/uploads\/2021\/07\/logo_ib.png","contentUrl":"https:\/\/www.immobilienbusiness.ch\/wp-content\/uploads\/2021\/07\/logo_ib.png","width":800,"height":181,"caption":"IMMOBILIEN Business"},"image":{"@id":"https:\/\/www.immobilienbusiness.ch\/#\/schema\/logo\/image\/"},"sameAs":["https:\/\/www.facebook.com\/immobilienbusiness\/"]},{"@type":"Person","@id":"https:\/\/www.immobilienbusiness.ch\/#\/schema\/person\/3fc036297b10b9f42d6db5ee932af8c8","name":"anja.hall","image":{"@type":"ImageObject","inLanguage":"en-US","@id":"https:\/\/secure.gravatar.com\/avatar\/066b5a0d447013502c71a5782f4f3469f03cfe595cc2329fb94652fe47511bfb?s=96&d=mm&r=g","url":"https:\/\/secure.gravatar.com\/avatar\/066b5a0d447013502c71a5782f4f3469f03cfe595cc2329fb94652fe47511bfb?s=96&d=mm&r=g","contentUrl":"https:\/\/secure.gravatar.com\/avatar\/066b5a0d447013502c71a5782f4f3469f03cfe595cc2329fb94652fe47511bfb?s=96&d=mm&r=g","caption":"anja.hall"},"url":"https:\/\/www.immobilienbusiness.ch\/en\/author\/anja-hall\/"}]}},"_links":{"self":[{"href":"https:\/\/www.immobilienbusiness.ch\/en\/wp-json\/wp\/v2\/posts\/54902","targetHints":{"allow":["GET"]}}],"collection":[{"href":"https:\/\/www.immobilienbusiness.ch\/en\/wp-json\/wp\/v2\/posts"}],"about":[{"href":"https:\/\/www.immobilienbusiness.ch\/en\/wp-json\/wp\/v2\/types\/post"}],"author":[{"embeddable":true,"href":"https:\/\/www.immobilienbusiness.ch\/en\/wp-json\/wp\/v2\/users\/3"}],"replies":[{"embeddable":true,"href":"https:\/\/www.immobilienbusiness.ch\/en\/wp-json\/wp\/v2\/comments?post=54902"}],"version-history":[{"count":2,"href":"https:\/\/www.immobilienbusiness.ch\/en\/wp-json\/wp\/v2\/posts\/54902\/revisions"}],"predecessor-version":[{"id":54981,"href":"https:\/\/www.immobilienbusiness.ch\/en\/wp-json\/wp\/v2\/posts\/54902\/revisions\/54981"}],"wp:featuredmedia":[{"embeddable":true,"href":"https:\/\/www.immobilienbusiness.ch\/en\/wp-json\/wp\/v2\/media\/54903"}],"wp:attachment":[{"href":"https:\/\/www.immobilienbusiness.ch\/en\/wp-json\/wp\/v2\/media?parent=54902"}],"wp:term":[{"taxonomy":"category","embeddable":true,"href":"https:\/\/www.immobilienbusiness.ch\/en\/wp-json\/wp\/v2\/categories?post=54902"},{"taxonomy":"post_tag","embeddable":true,"href":"https:\/\/www.immobilienbusiness.ch\/en\/wp-json\/wp\/v2\/tags?post=54902"}],"curies":[{"name":"wp","href":"https:\/\/api.w.org\/{rel}","templated":true}]}}