{"id":54236,"date":"2023-11-06T08:51:53","date_gmt":"2023-11-06T07:51:53","guid":{"rendered":"https:\/\/www.immobilienbusiness.ch\/?p=54236"},"modified":"2024-09-18T14:36:30","modified_gmt":"2024-09-18T12:36:30","slug":"stuehleruecken-in-der-procimmo-geschaeftsleitung","status":"publish","type":"post","link":"https:\/\/www.immobilienbusiness.ch\/en\/personalia\/2023-11-06\/stuehleruecken-in-der-procimmo-geschaeftsleitung\/","title":{"rendered":"Change in the Procimmo management team"},"content":{"rendered":"<figure id=\"attachment_18544\" aria-describedby=\"caption-attachment-18544\" style=\"width: 1024px\" class=\"wp-caption alignnone\"><a href=\"https:\/\/www.immobilienbusiness.ch\/wp-content\/uploads\/2019\/09\/Depositphotos_52470619_l-2015-1024x793-1.jpg\"><img loading=\"lazy\" decoding=\"async\" class=\"size-full wp-image-18544\" src=\"https:\/\/www.immobilienbusiness.ch\/wp-content\/uploads\/2019\/09\/Depositphotos_52470619_l-2015-1024x793-1.jpg\" alt=\"\" width=\"1024\" height=\"793\" srcset=\"https:\/\/www.immobilienbusiness.ch\/wp-content\/uploads\/2019\/09\/Depositphotos_52470619_l-2015-1024x793-1.jpg 1024w, https:\/\/www.immobilienbusiness.ch\/wp-content\/uploads\/2019\/09\/Depositphotos_52470619_l-2015-1024x793-1-300x232.jpg 300w, https:\/\/www.immobilienbusiness.ch\/wp-content\/uploads\/2019\/09\/Depositphotos_52470619_l-2015-1024x793-1-768x595.jpg 768w, https:\/\/www.immobilienbusiness.ch\/wp-content\/uploads\/2019\/09\/Depositphotos_52470619_l-2015-1024x793-1-16x12.jpg 16w, https:\/\/www.immobilienbusiness.ch\/wp-content\/uploads\/2019\/09\/Depositphotos_52470619_l-2015-1024x793-1-226x175.jpg 226w, https:\/\/www.immobilienbusiness.ch\/wp-content\/uploads\/2019\/09\/Depositphotos_52470619_l-2015-1024x793-1-452x350.jpg 452w, https:\/\/www.immobilienbusiness.ch\/wp-content\/uploads\/2019\/09\/Depositphotos_52470619_l-2015-1024x793-1-920x712.jpg 920w\" sizes=\"auto, (max-width: 1024px) 100vw, 1024px\" \/><\/a><figcaption id=\"caption-attachment-18544\" class=\"wp-caption-text\">Michel Niklaus and C\u00e9dric Leimer have resigned from the Procimmo Group Executive Board. (Image: rawpixel - depositphotos)<\/figcaption><\/figure>\n<p>With effect from November 1, Michel Niklaus and C\u00e9dric Leimer have resigned from the Group Executive Board of Procimmo. They will continue to work for the company as consultants, Procimmo announces. The Group's Board of Directors remains unchanged. It continues to consist of Yann de Saint Pierre (Chairman), Taner Alicehic, Christophe Borgmann and Nicole Beiner.<\/p>\n<p>The resignations are the result of an internal reorganization, according to the press release: the Procimmo Group will in future operate purely as a holding company. The Board of Directors will delegate certain tasks such as accounting, communication and legal and regulatory aspects to Procimmo SA. The Board of Directors supervises the activities of the Procimmo Group and its subsidiaries. Decisions on the acquisition, holding, management and disposal of investments will continue to be made by the Board of Directors.<\/p>\n<p>Niklaus and Leimer were among the co-founders of Procimmo SA in 2007, which launched its first real estate fund, the Procimmo Swiss Commercial Fund, in the same year. Procimmo SA has been part of the Procimmo Group since 2017. <em>(ah)<\/em><\/p>","protected":false},"excerpt":{"rendered":"<p>Michel Niklaus and C\u00e9dric Leimer have resigned from the Executive Board of the Procimmo Group. The background to this is the internal reorganization of the Group, the company explains.<\/p>","protected":false},"author":3,"featured_media":18544,"comment_status":"closed","ping_status":"closed","sticky":false,"template":"","format":"standard","meta":{"_acf_changed":false,"_yoast_wpseo_focuskw":"R\u00fccktritt Niklaus Leimer Procimmo Group","_yoast_wpseo_title":"","_yoast_wpseo_metadesc":"Michel Niklaus und C\u00e9dric Leimer treten aus der Konzernleitung der Procimmo Group zur\u00fcck. Sie bleiben als Berater t\u00e4tig.","_yoast_wpseo_linkdex":44,"pgc_sgb_lightbox_settings":"","footnotes":""},"categories":[1912],"tags":[1563,1597],"class_list":["post-54236","post","type-post","status-publish","format-standard","has-post-thumbnail","hentry","category-personalia","tag-personalia","tag-procimmo"],"acf":[],"yoast_head":"<!-- This site is optimized with the Yoast SEO plugin v27.4 - https:\/\/yoast.com\/product\/yoast-seo-wordpress\/ -->\n<title>St\u00fchler\u00fccken in der Procimmo-Gesch\u00e4ftsleitung - IMMOBILIEN Business<\/title>\n<meta name=\"description\" content=\"Michel Niklaus und C\u00e9dric Leimer treten aus der Konzernleitung der Procimmo Group zur\u00fcck. Sie bleiben als Berater t\u00e4tig.\" \/>\n<meta name=\"robots\" content=\"index, follow, max-snippet:-1, max-image-preview:large, max-video-preview:-1\" \/>\n<link rel=\"canonical\" href=\"https:\/\/www.immobilienbusiness.ch\/en\/personalia\/2023-11-06\/stuehleruecken-in-der-procimmo-geschaeftsleitung\/\" \/>\n<meta property=\"og:locale\" content=\"en_US\" \/>\n<meta property=\"og:type\" content=\"article\" \/>\n<meta property=\"og:title\" content=\"St\u00fchler\u00fccken in der Procimmo-Gesch\u00e4ftsleitung - IMMOBILIEN Business\" \/>\n<meta property=\"og:description\" content=\"Michel Niklaus und C\u00e9dric Leimer treten aus der Konzernleitung der Procimmo Group zur\u00fcck. Sie bleiben als Berater t\u00e4tig.\" \/>\n<meta property=\"og:url\" content=\"https:\/\/www.immobilienbusiness.ch\/en\/personalia\/2023-11-06\/stuehleruecken-in-der-procimmo-geschaeftsleitung\/\" \/>\n<meta property=\"og:site_name\" content=\"IMMOBILIEN Business\" \/>\n<meta property=\"article:publisher\" content=\"https:\/\/www.facebook.com\/immobilienbusiness\/\" \/>\n<meta property=\"article:published_time\" content=\"2023-11-06T07:51:53+00:00\" \/>\n<meta property=\"article:modified_time\" content=\"2024-09-18T12:36:30+00:00\" \/>\n<meta property=\"og:image\" content=\"https:\/\/www.immobilienbusiness.ch\/wp-content\/uploads\/2019\/09\/Depositphotos_52470619_l-2015-1024x793-1.jpg\" \/>\n\t<meta property=\"og:image:width\" content=\"1024\" \/>\n\t<meta property=\"og:image:height\" content=\"793\" \/>\n\t<meta property=\"og:image:type\" content=\"image\/jpeg\" \/>\n<meta name=\"author\" content=\"anja.hall\" \/>\n<meta name=\"twitter:card\" content=\"summary_large_image\" \/>\n<script type=\"application\/ld+json\" class=\"yoast-schema-graph\">{\"@context\":\"https:\\\/\\\/schema.org\",\"@graph\":[{\"@type\":\"Article\",\"@id\":\"https:\\\/\\\/www.immobilienbusiness.ch\\\/en\\\/personalia\\\/2023-11-06\\\/stuehleruecken-in-der-procimmo-geschaeftsleitung\\\/#article\",\"isPartOf\":{\"@id\":\"https:\\\/\\\/www.immobilienbusiness.ch\\\/en\\\/personalia\\\/2023-11-06\\\/stuehleruecken-in-der-procimmo-geschaeftsleitung\\\/\"},\"author\":{\"name\":\"anja.hall\",\"@id\":\"https:\\\/\\\/www.immobilienbusiness.ch\\\/#\\\/schema\\\/person\\\/3fc036297b10b9f42d6db5ee932af8c8\"},\"headline\":\"St\u00fchler\u00fccken in der Procimmo-Gesch\u00e4ftsleitung\",\"datePublished\":\"2023-11-06T07:51:53+00:00\",\"dateModified\":\"2024-09-18T12:36:30+00:00\",\"mainEntityOfPage\":{\"@id\":\"https:\\\/\\\/www.immobilienbusiness.ch\\\/en\\\/personalia\\\/2023-11-06\\\/stuehleruecken-in-der-procimmo-geschaeftsleitung\\\/\"},\"wordCount\":200,\"publisher\":{\"@id\":\"https:\\\/\\\/www.immobilienbusiness.ch\\\/#organization\"},\"image\":{\"@id\":\"https:\\\/\\\/www.immobilienbusiness.ch\\\/en\\\/personalia\\\/2023-11-06\\\/stuehleruecken-in-der-procimmo-geschaeftsleitung\\\/#primaryimage\"},\"thumbnailUrl\":\"https:\\\/\\\/www.immobilienbusiness.ch\\\/wp-content\\\/uploads\\\/2019\\\/09\\\/Depositphotos_52470619_l-2015-1024x793-1.jpg\",\"keywords\":[\"Personalia\",\"Procimmo\"],\"articleSection\":[\"PERSONALIA\"],\"inLanguage\":\"en-US\"},{\"@type\":\"WebPage\",\"@id\":\"https:\\\/\\\/www.immobilienbusiness.ch\\\/en\\\/personalia\\\/2023-11-06\\\/stuehleruecken-in-der-procimmo-geschaeftsleitung\\\/\",\"url\":\"https:\\\/\\\/www.immobilienbusiness.ch\\\/en\\\/personalia\\\/2023-11-06\\\/stuehleruecken-in-der-procimmo-geschaeftsleitung\\\/\",\"name\":\"St\u00fchler\u00fccken in der Procimmo-Gesch\u00e4ftsleitung - IMMOBILIEN Business\",\"isPartOf\":{\"@id\":\"https:\\\/\\\/www.immobilienbusiness.ch\\\/#website\"},\"primaryImageOfPage\":{\"@id\":\"https:\\\/\\\/www.immobilienbusiness.ch\\\/en\\\/personalia\\\/2023-11-06\\\/stuehleruecken-in-der-procimmo-geschaeftsleitung\\\/#primaryimage\"},\"image\":{\"@id\":\"https:\\\/\\\/www.immobilienbusiness.ch\\\/en\\\/personalia\\\/2023-11-06\\\/stuehleruecken-in-der-procimmo-geschaeftsleitung\\\/#primaryimage\"},\"thumbnailUrl\":\"https:\\\/\\\/www.immobilienbusiness.ch\\\/wp-content\\\/uploads\\\/2019\\\/09\\\/Depositphotos_52470619_l-2015-1024x793-1.jpg\",\"datePublished\":\"2023-11-06T07:51:53+00:00\",\"dateModified\":\"2024-09-18T12:36:30+00:00\",\"description\":\"Michel Niklaus und C\u00e9dric Leimer treten aus der Konzernleitung der Procimmo Group zur\u00fcck. Sie bleiben als Berater t\u00e4tig.\",\"breadcrumb\":{\"@id\":\"https:\\\/\\\/www.immobilienbusiness.ch\\\/en\\\/personalia\\\/2023-11-06\\\/stuehleruecken-in-der-procimmo-geschaeftsleitung\\\/#breadcrumb\"},\"inLanguage\":\"en-US\",\"potentialAction\":[{\"@type\":\"ReadAction\",\"target\":[\"https:\\\/\\\/www.immobilienbusiness.ch\\\/en\\\/personalia\\\/2023-11-06\\\/stuehleruecken-in-der-procimmo-geschaeftsleitung\\\/\"]}]},{\"@type\":\"ImageObject\",\"inLanguage\":\"en-US\",\"@id\":\"https:\\\/\\\/www.immobilienbusiness.ch\\\/en\\\/personalia\\\/2023-11-06\\\/stuehleruecken-in-der-procimmo-geschaeftsleitung\\\/#primaryimage\",\"url\":\"https:\\\/\\\/www.immobilienbusiness.ch\\\/wp-content\\\/uploads\\\/2019\\\/09\\\/Depositphotos_52470619_l-2015-1024x793-1.jpg\",\"contentUrl\":\"https:\\\/\\\/www.immobilienbusiness.ch\\\/wp-content\\\/uploads\\\/2019\\\/09\\\/Depositphotos_52470619_l-2015-1024x793-1.jpg\",\"width\":1024,\"height\":793,\"caption\":\"Walter Eberle \u00fcbernimmt bei Investis die Verantwortung f\u00fcr die Facility Service (Bild: rawpixel - depositphotos)\"},{\"@type\":\"BreadcrumbList\",\"@id\":\"https:\\\/\\\/www.immobilienbusiness.ch\\\/en\\\/personalia\\\/2023-11-06\\\/stuehleruecken-in-der-procimmo-geschaeftsleitung\\\/#breadcrumb\",\"itemListElement\":[{\"@type\":\"ListItem\",\"position\":1,\"name\":\"Home\",\"item\":\"https:\\\/\\\/www.immobilienbusiness.ch\\\/\"},{\"@type\":\"ListItem\",\"position\":2,\"name\":\"St\u00fchler\u00fccken in der Procimmo-Gesch\u00e4ftsleitung\"}]},{\"@type\":\"WebSite\",\"@id\":\"https:\\\/\\\/www.immobilienbusiness.ch\\\/#website\",\"url\":\"https:\\\/\\\/www.immobilienbusiness.ch\\\/\",\"name\":\"IMMOBILIEN Business\",\"description\":\"Unabh\u00e4ngiges Schweizer Wirtschaftsmagazin mit Fokus auf Immobilien, Architektur- und Bau sowie Investment- und Finanzierung.\",\"publisher\":{\"@id\":\"https:\\\/\\\/www.immobilienbusiness.ch\\\/#organization\"},\"potentialAction\":[{\"@type\":\"SearchAction\",\"target\":{\"@type\":\"EntryPoint\",\"urlTemplate\":\"https:\\\/\\\/www.immobilienbusiness.ch\\\/?s={search_term_string}\"},\"query-input\":{\"@type\":\"PropertyValueSpecification\",\"valueRequired\":true,\"valueName\":\"search_term_string\"}}],\"inLanguage\":\"en-US\"},{\"@type\":\"Organization\",\"@id\":\"https:\\\/\\\/www.immobilienbusiness.ch\\\/#organization\",\"name\":\"IMMOBILIEN Business\",\"url\":\"https:\\\/\\\/www.immobilienbusiness.ch\\\/\",\"logo\":{\"@type\":\"ImageObject\",\"inLanguage\":\"en-US\",\"@id\":\"https:\\\/\\\/www.immobilienbusiness.ch\\\/#\\\/schema\\\/logo\\\/image\\\/\",\"url\":\"https:\\\/\\\/www.immobilienbusiness.ch\\\/wp-content\\\/uploads\\\/2021\\\/07\\\/logo_ib.png\",\"contentUrl\":\"https:\\\/\\\/www.immobilienbusiness.ch\\\/wp-content\\\/uploads\\\/2021\\\/07\\\/logo_ib.png\",\"width\":800,\"height\":181,\"caption\":\"IMMOBILIEN Business\"},\"image\":{\"@id\":\"https:\\\/\\\/www.immobilienbusiness.ch\\\/#\\\/schema\\\/logo\\\/image\\\/\"},\"sameAs\":[\"https:\\\/\\\/www.facebook.com\\\/immobilienbusiness\\\/\"]},{\"@type\":\"Person\",\"@id\":\"https:\\\/\\\/www.immobilienbusiness.ch\\\/#\\\/schema\\\/person\\\/3fc036297b10b9f42d6db5ee932af8c8\",\"name\":\"anja.hall\",\"image\":{\"@type\":\"ImageObject\",\"inLanguage\":\"en-US\",\"@id\":\"https:\\\/\\\/secure.gravatar.com\\\/avatar\\\/066b5a0d447013502c71a5782f4f3469f03cfe595cc2329fb94652fe47511bfb?s=96&d=mm&r=g\",\"url\":\"https:\\\/\\\/secure.gravatar.com\\\/avatar\\\/066b5a0d447013502c71a5782f4f3469f03cfe595cc2329fb94652fe47511bfb?s=96&d=mm&r=g\",\"contentUrl\":\"https:\\\/\\\/secure.gravatar.com\\\/avatar\\\/066b5a0d447013502c71a5782f4f3469f03cfe595cc2329fb94652fe47511bfb?s=96&d=mm&r=g\",\"caption\":\"anja.hall\"},\"url\":\"https:\\\/\\\/www.immobilienbusiness.ch\\\/en\\\/author\\\/anja-hall\\\/\"}]}<\/script>\n<!-- \/ Yoast SEO plugin. -->","yoast_head_json":{"title":"Change in the Procimmo management - IMMOBILIEN Business","description":"Michel Niklaus and C\u00e9dric Leimer are stepping down from the Group Executive Board of the Procimmo Group. They will remain active as consultants.","robots":{"index":"index","follow":"follow","max-snippet":"max-snippet:-1","max-image-preview":"max-image-preview:large","max-video-preview":"max-video-preview:-1"},"canonical":"https:\/\/www.immobilienbusiness.ch\/en\/personalia\/2023-11-06\/stuehleruecken-in-der-procimmo-geschaeftsleitung\/","og_locale":"en_US","og_type":"article","og_title":"St\u00fchler\u00fccken in der Procimmo-Gesch\u00e4ftsleitung - IMMOBILIEN Business","og_description":"Michel Niklaus und C\u00e9dric Leimer treten aus der Konzernleitung der Procimmo Group zur\u00fcck. Sie bleiben als Berater t\u00e4tig.","og_url":"https:\/\/www.immobilienbusiness.ch\/en\/personalia\/2023-11-06\/stuehleruecken-in-der-procimmo-geschaeftsleitung\/","og_site_name":"IMMOBILIEN Business","article_publisher":"https:\/\/www.facebook.com\/immobilienbusiness\/","article_published_time":"2023-11-06T07:51:53+00:00","article_modified_time":"2024-09-18T12:36:30+00:00","og_image":[{"width":1024,"height":793,"url":"https:\/\/www.immobilienbusiness.ch\/wp-content\/uploads\/2019\/09\/Depositphotos_52470619_l-2015-1024x793-1.jpg","type":"image\/jpeg"}],"author":"anja.hall","twitter_card":"summary_large_image","schema":{"@context":"https:\/\/schema.org","@graph":[{"@type":"Article","@id":"https:\/\/www.immobilienbusiness.ch\/en\/personalia\/2023-11-06\/stuehleruecken-in-der-procimmo-geschaeftsleitung\/#article","isPartOf":{"@id":"https:\/\/www.immobilienbusiness.ch\/en\/personalia\/2023-11-06\/stuehleruecken-in-der-procimmo-geschaeftsleitung\/"},"author":{"name":"anja.hall","@id":"https:\/\/www.immobilienbusiness.ch\/#\/schema\/person\/3fc036297b10b9f42d6db5ee932af8c8"},"headline":"St\u00fchler\u00fccken in der Procimmo-Gesch\u00e4ftsleitung","datePublished":"2023-11-06T07:51:53+00:00","dateModified":"2024-09-18T12:36:30+00:00","mainEntityOfPage":{"@id":"https:\/\/www.immobilienbusiness.ch\/en\/personalia\/2023-11-06\/stuehleruecken-in-der-procimmo-geschaeftsleitung\/"},"wordCount":200,"publisher":{"@id":"https:\/\/www.immobilienbusiness.ch\/#organization"},"image":{"@id":"https:\/\/www.immobilienbusiness.ch\/en\/personalia\/2023-11-06\/stuehleruecken-in-der-procimmo-geschaeftsleitung\/#primaryimage"},"thumbnailUrl":"https:\/\/www.immobilienbusiness.ch\/wp-content\/uploads\/2019\/09\/Depositphotos_52470619_l-2015-1024x793-1.jpg","keywords":["Personalia","Procimmo"],"articleSection":["PERSONALIA"],"inLanguage":"en-US"},{"@type":"WebPage","@id":"https:\/\/www.immobilienbusiness.ch\/en\/personalia\/2023-11-06\/stuehleruecken-in-der-procimmo-geschaeftsleitung\/","url":"https:\/\/www.immobilienbusiness.ch\/en\/personalia\/2023-11-06\/stuehleruecken-in-der-procimmo-geschaeftsleitung\/","name":"Change in the Procimmo management - IMMOBILIEN Business","isPartOf":{"@id":"https:\/\/www.immobilienbusiness.ch\/#website"},"primaryImageOfPage":{"@id":"https:\/\/www.immobilienbusiness.ch\/en\/personalia\/2023-11-06\/stuehleruecken-in-der-procimmo-geschaeftsleitung\/#primaryimage"},"image":{"@id":"https:\/\/www.immobilienbusiness.ch\/en\/personalia\/2023-11-06\/stuehleruecken-in-der-procimmo-geschaeftsleitung\/#primaryimage"},"thumbnailUrl":"https:\/\/www.immobilienbusiness.ch\/wp-content\/uploads\/2019\/09\/Depositphotos_52470619_l-2015-1024x793-1.jpg","datePublished":"2023-11-06T07:51:53+00:00","dateModified":"2024-09-18T12:36:30+00:00","description":"Michel Niklaus and C\u00e9dric Leimer are stepping down from the Group Executive Board of the Procimmo Group. They will remain active as consultants.","breadcrumb":{"@id":"https:\/\/www.immobilienbusiness.ch\/en\/personalia\/2023-11-06\/stuehleruecken-in-der-procimmo-geschaeftsleitung\/#breadcrumb"},"inLanguage":"en-US","potentialAction":[{"@type":"ReadAction","target":["https:\/\/www.immobilienbusiness.ch\/en\/personalia\/2023-11-06\/stuehleruecken-in-der-procimmo-geschaeftsleitung\/"]}]},{"@type":"ImageObject","inLanguage":"en-US","@id":"https:\/\/www.immobilienbusiness.ch\/en\/personalia\/2023-11-06\/stuehleruecken-in-der-procimmo-geschaeftsleitung\/#primaryimage","url":"https:\/\/www.immobilienbusiness.ch\/wp-content\/uploads\/2019\/09\/Depositphotos_52470619_l-2015-1024x793-1.jpg","contentUrl":"https:\/\/www.immobilienbusiness.ch\/wp-content\/uploads\/2019\/09\/Depositphotos_52470619_l-2015-1024x793-1.jpg","width":1024,"height":793,"caption":"Walter Eberle \u00fcbernimmt bei Investis die Verantwortung f\u00fcr die Facility Service (Bild: rawpixel - depositphotos)"},{"@type":"BreadcrumbList","@id":"https:\/\/www.immobilienbusiness.ch\/en\/personalia\/2023-11-06\/stuehleruecken-in-der-procimmo-geschaeftsleitung\/#breadcrumb","itemListElement":[{"@type":"ListItem","position":1,"name":"Home","item":"https:\/\/www.immobilienbusiness.ch\/"},{"@type":"ListItem","position":2,"name":"St\u00fchler\u00fccken in der Procimmo-Gesch\u00e4ftsleitung"}]},{"@type":"WebSite","@id":"https:\/\/www.immobilienbusiness.ch\/#website","url":"https:\/\/www.immobilienbusiness.ch\/","name":"REAL ESTATE Business","description":"Independent Swiss business magazine focusing on real estate, architecture and construction as well as investment and financing.","publisher":{"@id":"https:\/\/www.immobilienbusiness.ch\/#organization"},"potentialAction":[{"@type":"SearchAction","target":{"@type":"EntryPoint","urlTemplate":"https:\/\/www.immobilienbusiness.ch\/?s={search_term_string}"},"query-input":{"@type":"PropertyValueSpecification","valueRequired":true,"valueName":"search_term_string"}}],"inLanguage":"en-US"},{"@type":"Organization","@id":"https:\/\/www.immobilienbusiness.ch\/#organization","name":"REAL ESTATE Business","url":"https:\/\/www.immobilienbusiness.ch\/","logo":{"@type":"ImageObject","inLanguage":"en-US","@id":"https:\/\/www.immobilienbusiness.ch\/#\/schema\/logo\/image\/","url":"https:\/\/www.immobilienbusiness.ch\/wp-content\/uploads\/2021\/07\/logo_ib.png","contentUrl":"https:\/\/www.immobilienbusiness.ch\/wp-content\/uploads\/2021\/07\/logo_ib.png","width":800,"height":181,"caption":"IMMOBILIEN Business"},"image":{"@id":"https:\/\/www.immobilienbusiness.ch\/#\/schema\/logo\/image\/"},"sameAs":["https:\/\/www.facebook.com\/immobilienbusiness\/"]},{"@type":"Person","@id":"https:\/\/www.immobilienbusiness.ch\/#\/schema\/person\/3fc036297b10b9f42d6db5ee932af8c8","name":"anja.hall","image":{"@type":"ImageObject","inLanguage":"en-US","@id":"https:\/\/secure.gravatar.com\/avatar\/066b5a0d447013502c71a5782f4f3469f03cfe595cc2329fb94652fe47511bfb?s=96&d=mm&r=g","url":"https:\/\/secure.gravatar.com\/avatar\/066b5a0d447013502c71a5782f4f3469f03cfe595cc2329fb94652fe47511bfb?s=96&d=mm&r=g","contentUrl":"https:\/\/secure.gravatar.com\/avatar\/066b5a0d447013502c71a5782f4f3469f03cfe595cc2329fb94652fe47511bfb?s=96&d=mm&r=g","caption":"anja.hall"},"url":"https:\/\/www.immobilienbusiness.ch\/en\/author\/anja-hall\/"}]}},"_links":{"self":[{"href":"https:\/\/www.immobilienbusiness.ch\/en\/wp-json\/wp\/v2\/posts\/54236","targetHints":{"allow":["GET"]}}],"collection":[{"href":"https:\/\/www.immobilienbusiness.ch\/en\/wp-json\/wp\/v2\/posts"}],"about":[{"href":"https:\/\/www.immobilienbusiness.ch\/en\/wp-json\/wp\/v2\/types\/post"}],"author":[{"embeddable":true,"href":"https:\/\/www.immobilienbusiness.ch\/en\/wp-json\/wp\/v2\/users\/3"}],"replies":[{"embeddable":true,"href":"https:\/\/www.immobilienbusiness.ch\/en\/wp-json\/wp\/v2\/comments?post=54236"}],"version-history":[{"count":4,"href":"https:\/\/www.immobilienbusiness.ch\/en\/wp-json\/wp\/v2\/posts\/54236\/revisions"}],"predecessor-version":[{"id":54240,"href":"https:\/\/www.immobilienbusiness.ch\/en\/wp-json\/wp\/v2\/posts\/54236\/revisions\/54240"}],"wp:featuredmedia":[{"embeddable":true,"href":"https:\/\/www.immobilienbusiness.ch\/en\/wp-json\/wp\/v2\/media\/18544"}],"wp:attachment":[{"href":"https:\/\/www.immobilienbusiness.ch\/en\/wp-json\/wp\/v2\/media?parent=54236"}],"wp:term":[{"taxonomy":"category","embeddable":true,"href":"https:\/\/www.immobilienbusiness.ch\/en\/wp-json\/wp\/v2\/categories?post=54236"},{"taxonomy":"post_tag","embeddable":true,"href":"https:\/\/www.immobilienbusiness.ch\/en\/wp-json\/wp\/v2\/tags?post=54236"}],"curies":[{"name":"wp","href":"https:\/\/api.w.org\/{rel}","templated":true}]}}