{"id":537,"date":"2020-07-14T10:06:41","date_gmt":"2020-07-14T08:06:41","guid":{"rendered":"https:\/\/develop.immobilienbusiness.ch\/de\/allgemein\/2020-07-14\/kanton-genf-sonarsource-mietet-uber-5-000-quadratmeter-gewerbeflache\/"},"modified":"2023-07-19T18:37:22","modified_gmt":"2023-07-19T16:37:22","slug":"kanton-genf-sonarsource-mietet-uber-5-000-quadratmeter-gewerbeflache","status":"publish","type":"post","link":"https:\/\/www.immobilienbusiness.ch\/en\/ib\/2020-07-14\/kanton-genf-sonarsource-mietet-uber-5-000-quadratmeter-gewerbeflache\/","title":{"rendered":"Canton of Geneva: SonarSource leases over 5,000 square meters of commercial space"},"content":{"rendered":"<div class=\"swpm-post-not-logged-in-msg\">You need to be logged in to view this content. Please <a class=\"swpm-login-link\" href=\"https:\/\/www.immobilienbusiness.ch\/en\/login\/?swpm_redirect_to=https%3A%2F%2Fwww.immobilienbusiness.ch%2Fen%2Fwp-json%2Fwp%2Fv2%2Fposts%2F537\">Log In<\/a>. Not a member? <a href=\"https:\/\/www.immobilienbusiness.ch\/en\/registrieren\/\">Join Us<\/a><\/div>","protected":false},"excerpt":{"rendered":"<p>The Swedish furniture store chain Ikea has leased an area of 5,192 square meters in its building in the municipality of Vernier near Geneva. This is reported by SPG Intercity Geneva as the mediating company.<\/p>","protected":false},"author":4,"featured_media":0,"comment_status":"closed","ping_status":"closed","sticky":false,"template":"","format":"standard","meta":{"_acf_changed":false,"_yoast_wpseo_focuskw":"SonarSource","_yoast_wpseo_title":"","_yoast_wpseo_metadesc":"Der schwedische M\u00f6belhausfilialist Ikea hat in seinem Geb\u00e4ude in der Gemeinde Vernier bei Genf eine Fl\u00e4che von 5.192 Quadratmeter fremdvermietet. Dies meldet SPG Intercity Genf als vermittelnde Unternehmung.","_yoast_wpseo_linkdex":32,"pgc_sgb_lightbox_settings":"","footnotes":""},"categories":[1951],"tags":[1118,1988,1451,1460,1832],"class_list":["post-537","post","type-post","status-publish","format-standard","hentry","category-ib","tag-buero","tag-ge","tag-logistik","tag-makler","tag-vermietung"],"acf":[],"yoast_head":"<!-- This site is optimized with the Yoast SEO plugin v27.4 - https:\/\/yoast.com\/product\/yoast-seo-wordpress\/ -->\n<title>Kanton Genf: SonarSource mietet \u00fcber 5.000 Quadratmeter Gewerbefl\u00e4che - IMMOBILIEN Business<\/title>\n<meta name=\"description\" content=\"Der schwedische M\u00f6belhausfilialist Ikea hat in seinem Geb\u00e4ude in der Gemeinde Vernier bei Genf eine Fl\u00e4che von 5.192 Quadratmeter fremdvermietet. Dies meldet SPG Intercity Genf als vermittelnde Unternehmung.\" \/>\n<meta name=\"robots\" content=\"index, follow, max-snippet:-1, max-image-preview:large, max-video-preview:-1\" \/>\n<link rel=\"canonical\" href=\"https:\/\/www.immobilienbusiness.ch\/en\/ib\/2020-07-14\/kanton-genf-sonarsource-mietet-uber-5-000-quadratmeter-gewerbeflache\/\" \/>\n<meta property=\"og:locale\" content=\"en_US\" \/>\n<meta property=\"og:type\" content=\"article\" \/>\n<meta property=\"og:title\" content=\"Kanton Genf: SonarSource mietet \u00fcber 5.000 Quadratmeter Gewerbefl\u00e4che - IMMOBILIEN Business\" \/>\n<meta property=\"og:description\" content=\"Der schwedische M\u00f6belhausfilialist Ikea hat in seinem Geb\u00e4ude in der Gemeinde Vernier bei Genf eine Fl\u00e4che von 5.192 Quadratmeter fremdvermietet. Dies meldet SPG Intercity Genf als vermittelnde Unternehmung.\" \/>\n<meta property=\"og:url\" content=\"https:\/\/www.immobilienbusiness.ch\/en\/ib\/2020-07-14\/kanton-genf-sonarsource-mietet-uber-5-000-quadratmeter-gewerbeflache\/\" \/>\n<meta property=\"og:site_name\" content=\"IMMOBILIEN Business\" \/>\n<meta property=\"article:publisher\" content=\"https:\/\/www.facebook.com\/immobilienbusiness\/\" \/>\n<meta property=\"article:published_time\" content=\"2020-07-14T08:06:41+00:00\" \/>\n<meta property=\"article:modified_time\" content=\"2023-07-19T16:37:22+00:00\" \/>\n<meta name=\"author\" content=\"mathias.rinka\" \/>\n<meta name=\"twitter:card\" content=\"summary_large_image\" \/>\n<script type=\"application\/ld+json\" class=\"yoast-schema-graph\">{\"@context\":\"https:\\\/\\\/schema.org\",\"@graph\":[{\"@type\":\"Article\",\"@id\":\"https:\\\/\\\/www.immobilienbusiness.ch\\\/it\\\/ib\\\/2020-07-14\\\/kanton-genf-sonarsource-mietet-uber-5-000-quadratmeter-gewerbeflache\\\/#article\",\"isPartOf\":{\"@id\":\"https:\\\/\\\/www.immobilienbusiness.ch\\\/it\\\/ib\\\/2020-07-14\\\/kanton-genf-sonarsource-mietet-uber-5-000-quadratmeter-gewerbeflache\\\/\"},\"author\":{\"name\":\"mathias.rinka\",\"@id\":\"https:\\\/\\\/www.immobilienbusiness.ch\\\/#\\\/schema\\\/person\\\/31be7383261ea656cfe52cad71fdc211\"},\"headline\":\"Kanton Genf: SonarSource mietet \u00fcber 5.000 Quadratmeter Gewerbefl\u00e4che\",\"datePublished\":\"2020-07-14T08:06:41+00:00\",\"dateModified\":\"2023-07-19T16:37:22+00:00\",\"mainEntityOfPage\":{\"@id\":\"https:\\\/\\\/www.immobilienbusiness.ch\\\/it\\\/ib\\\/2020-07-14\\\/kanton-genf-sonarsource-mietet-uber-5-000-quadratmeter-gewerbeflache\\\/\"},\"wordCount\":91,\"publisher\":{\"@id\":\"https:\\\/\\\/www.immobilienbusiness.ch\\\/#organization\"},\"keywords\":[\"B\u00fcro\",\"GE\",\"Logistik\",\"Makler\",\"Vermietung\"],\"articleSection\":[\"IB+\"],\"inLanguage\":\"en-US\"},{\"@type\":\"WebPage\",\"@id\":\"https:\\\/\\\/www.immobilienbusiness.ch\\\/it\\\/ib\\\/2020-07-14\\\/kanton-genf-sonarsource-mietet-uber-5-000-quadratmeter-gewerbeflache\\\/\",\"url\":\"https:\\\/\\\/www.immobilienbusiness.ch\\\/it\\\/ib\\\/2020-07-14\\\/kanton-genf-sonarsource-mietet-uber-5-000-quadratmeter-gewerbeflache\\\/\",\"name\":\"Kanton Genf: SonarSource mietet \u00fcber 5.000 Quadratmeter Gewerbefl\u00e4che - IMMOBILIEN Business\",\"isPartOf\":{\"@id\":\"https:\\\/\\\/www.immobilienbusiness.ch\\\/#website\"},\"datePublished\":\"2020-07-14T08:06:41+00:00\",\"dateModified\":\"2023-07-19T16:37:22+00:00\",\"description\":\"Der schwedische M\u00f6belhausfilialist Ikea hat in seinem Geb\u00e4ude in der Gemeinde Vernier bei Genf eine Fl\u00e4che von 5.192 Quadratmeter fremdvermietet. Dies meldet SPG Intercity Genf als vermittelnde Unternehmung.\",\"breadcrumb\":{\"@id\":\"https:\\\/\\\/www.immobilienbusiness.ch\\\/it\\\/ib\\\/2020-07-14\\\/kanton-genf-sonarsource-mietet-uber-5-000-quadratmeter-gewerbeflache\\\/#breadcrumb\"},\"inLanguage\":\"en-US\",\"potentialAction\":[{\"@type\":\"ReadAction\",\"target\":[\"https:\\\/\\\/www.immobilienbusiness.ch\\\/it\\\/ib\\\/2020-07-14\\\/kanton-genf-sonarsource-mietet-uber-5-000-quadratmeter-gewerbeflache\\\/\"]}]},{\"@type\":\"BreadcrumbList\",\"@id\":\"https:\\\/\\\/www.immobilienbusiness.ch\\\/it\\\/ib\\\/2020-07-14\\\/kanton-genf-sonarsource-mietet-uber-5-000-quadratmeter-gewerbeflache\\\/#breadcrumb\",\"itemListElement\":[{\"@type\":\"ListItem\",\"position\":1,\"name\":\"Home\",\"item\":\"https:\\\/\\\/www.immobilienbusiness.ch\\\/\"},{\"@type\":\"ListItem\",\"position\":2,\"name\":\"Kanton Genf: SonarSource mietet \u00fcber 5.000 Quadratmeter Gewerbefl\u00e4che\"}]},{\"@type\":\"WebSite\",\"@id\":\"https:\\\/\\\/www.immobilienbusiness.ch\\\/#website\",\"url\":\"https:\\\/\\\/www.immobilienbusiness.ch\\\/\",\"name\":\"IMMOBILIEN Business\",\"description\":\"Unabh\u00e4ngiges Schweizer Wirtschaftsmagazin mit Fokus auf Immobilien, Architektur- und Bau sowie Investment- und Finanzierung.\",\"publisher\":{\"@id\":\"https:\\\/\\\/www.immobilienbusiness.ch\\\/#organization\"},\"potentialAction\":[{\"@type\":\"SearchAction\",\"target\":{\"@type\":\"EntryPoint\",\"urlTemplate\":\"https:\\\/\\\/www.immobilienbusiness.ch\\\/?s={search_term_string}\"},\"query-input\":{\"@type\":\"PropertyValueSpecification\",\"valueRequired\":true,\"valueName\":\"search_term_string\"}}],\"inLanguage\":\"en-US\"},{\"@type\":\"Organization\",\"@id\":\"https:\\\/\\\/www.immobilienbusiness.ch\\\/#organization\",\"name\":\"IMMOBILIEN Business\",\"url\":\"https:\\\/\\\/www.immobilienbusiness.ch\\\/\",\"logo\":{\"@type\":\"ImageObject\",\"inLanguage\":\"en-US\",\"@id\":\"https:\\\/\\\/www.immobilienbusiness.ch\\\/#\\\/schema\\\/logo\\\/image\\\/\",\"url\":\"https:\\\/\\\/www.immobilienbusiness.ch\\\/wp-content\\\/uploads\\\/2021\\\/07\\\/logo_ib.png\",\"contentUrl\":\"https:\\\/\\\/www.immobilienbusiness.ch\\\/wp-content\\\/uploads\\\/2021\\\/07\\\/logo_ib.png\",\"width\":800,\"height\":181,\"caption\":\"IMMOBILIEN Business\"},\"image\":{\"@id\":\"https:\\\/\\\/www.immobilienbusiness.ch\\\/#\\\/schema\\\/logo\\\/image\\\/\"},\"sameAs\":[\"https:\\\/\\\/www.facebook.com\\\/immobilienbusiness\\\/\"]},{\"@type\":\"Person\",\"@id\":\"https:\\\/\\\/www.immobilienbusiness.ch\\\/#\\\/schema\\\/person\\\/31be7383261ea656cfe52cad71fdc211\",\"name\":\"mathias.rinka\",\"image\":{\"@type\":\"ImageObject\",\"inLanguage\":\"en-US\",\"@id\":\"https:\\\/\\\/secure.gravatar.com\\\/avatar\\\/?s=96&d=mm&r=g\",\"url\":\"https:\\\/\\\/secure.gravatar.com\\\/avatar\\\/?s=96&d=mm&r=g\",\"contentUrl\":\"https:\\\/\\\/secure.gravatar.com\\\/avatar\\\/?s=96&d=mm&r=g\",\"caption\":\"mathias.rinka\"},\"url\":\"https:\\\/\\\/www.immobilienbusiness.ch\\\/en\\\/author\\\/mathias-rinka\\\/\"}]}<\/script>\n<!-- \/ Yoast SEO plugin. -->","yoast_head_json":{"title":"Kanton Genf: SonarSource mietet \u00fcber 5.000 Quadratmeter Gewerbefl\u00e4che - IMMOBILIEN Business","description":"The Swedish furniture store chain Ikea has leased an area of 5,192 square meters in its building in the municipality of Vernier near Geneva. This is reported by SPG Intercity Geneva as the mediating company.","robots":{"index":"index","follow":"follow","max-snippet":"max-snippet:-1","max-image-preview":"max-image-preview:large","max-video-preview":"max-video-preview:-1"},"canonical":"https:\/\/www.immobilienbusiness.ch\/en\/ib\/2020-07-14\/kanton-genf-sonarsource-mietet-uber-5-000-quadratmeter-gewerbeflache\/","og_locale":"en_US","og_type":"article","og_title":"Kanton Genf: SonarSource mietet \u00fcber 5.000 Quadratmeter Gewerbefl\u00e4che - IMMOBILIEN Business","og_description":"Der schwedische M\u00f6belhausfilialist Ikea hat in seinem Geb\u00e4ude in der Gemeinde Vernier bei Genf eine Fl\u00e4che von 5.192 Quadratmeter fremdvermietet. Dies meldet SPG Intercity Genf als vermittelnde Unternehmung.","og_url":"https:\/\/www.immobilienbusiness.ch\/en\/ib\/2020-07-14\/kanton-genf-sonarsource-mietet-uber-5-000-quadratmeter-gewerbeflache\/","og_site_name":"IMMOBILIEN Business","article_publisher":"https:\/\/www.facebook.com\/immobilienbusiness\/","article_published_time":"2020-07-14T08:06:41+00:00","article_modified_time":"2023-07-19T16:37:22+00:00","author":"mathias.rinka","twitter_card":"summary_large_image","schema":{"@context":"https:\/\/schema.org","@graph":[{"@type":"Article","@id":"https:\/\/www.immobilienbusiness.ch\/it\/ib\/2020-07-14\/kanton-genf-sonarsource-mietet-uber-5-000-quadratmeter-gewerbeflache\/#article","isPartOf":{"@id":"https:\/\/www.immobilienbusiness.ch\/it\/ib\/2020-07-14\/kanton-genf-sonarsource-mietet-uber-5-000-quadratmeter-gewerbeflache\/"},"author":{"name":"mathias.rinka","@id":"https:\/\/www.immobilienbusiness.ch\/#\/schema\/person\/31be7383261ea656cfe52cad71fdc211"},"headline":"Kanton Genf: SonarSource mietet \u00fcber 5.000 Quadratmeter Gewerbefl\u00e4che","datePublished":"2020-07-14T08:06:41+00:00","dateModified":"2023-07-19T16:37:22+00:00","mainEntityOfPage":{"@id":"https:\/\/www.immobilienbusiness.ch\/it\/ib\/2020-07-14\/kanton-genf-sonarsource-mietet-uber-5-000-quadratmeter-gewerbeflache\/"},"wordCount":91,"publisher":{"@id":"https:\/\/www.immobilienbusiness.ch\/#organization"},"keywords":["B\u00fcro","GE","Logistik","Makler","Vermietung"],"articleSection":["IB+"],"inLanguage":"en-US"},{"@type":"WebPage","@id":"https:\/\/www.immobilienbusiness.ch\/it\/ib\/2020-07-14\/kanton-genf-sonarsource-mietet-uber-5-000-quadratmeter-gewerbeflache\/","url":"https:\/\/www.immobilienbusiness.ch\/it\/ib\/2020-07-14\/kanton-genf-sonarsource-mietet-uber-5-000-quadratmeter-gewerbeflache\/","name":"Kanton Genf: SonarSource mietet \u00fcber 5.000 Quadratmeter Gewerbefl\u00e4che - IMMOBILIEN Business","isPartOf":{"@id":"https:\/\/www.immobilienbusiness.ch\/#website"},"datePublished":"2020-07-14T08:06:41+00:00","dateModified":"2023-07-19T16:37:22+00:00","description":"The Swedish furniture store chain Ikea has leased an area of 5,192 square meters in its building in the municipality of Vernier near Geneva. This is reported by SPG Intercity Geneva as the mediating company.","breadcrumb":{"@id":"https:\/\/www.immobilienbusiness.ch\/it\/ib\/2020-07-14\/kanton-genf-sonarsource-mietet-uber-5-000-quadratmeter-gewerbeflache\/#breadcrumb"},"inLanguage":"en-US","potentialAction":[{"@type":"ReadAction","target":["https:\/\/www.immobilienbusiness.ch\/it\/ib\/2020-07-14\/kanton-genf-sonarsource-mietet-uber-5-000-quadratmeter-gewerbeflache\/"]}]},{"@type":"BreadcrumbList","@id":"https:\/\/www.immobilienbusiness.ch\/it\/ib\/2020-07-14\/kanton-genf-sonarsource-mietet-uber-5-000-quadratmeter-gewerbeflache\/#breadcrumb","itemListElement":[{"@type":"ListItem","position":1,"name":"Home","item":"https:\/\/www.immobilienbusiness.ch\/"},{"@type":"ListItem","position":2,"name":"Kanton Genf: SonarSource mietet \u00fcber 5.000 Quadratmeter Gewerbefl\u00e4che"}]},{"@type":"WebSite","@id":"https:\/\/www.immobilienbusiness.ch\/#website","url":"https:\/\/www.immobilienbusiness.ch\/","name":"REAL ESTATE Business","description":"Independent Swiss business magazine focusing on real estate, architecture and construction as well as investment and financing.","publisher":{"@id":"https:\/\/www.immobilienbusiness.ch\/#organization"},"potentialAction":[{"@type":"SearchAction","target":{"@type":"EntryPoint","urlTemplate":"https:\/\/www.immobilienbusiness.ch\/?s={search_term_string}"},"query-input":{"@type":"PropertyValueSpecification","valueRequired":true,"valueName":"search_term_string"}}],"inLanguage":"en-US"},{"@type":"Organization","@id":"https:\/\/www.immobilienbusiness.ch\/#organization","name":"REAL ESTATE Business","url":"https:\/\/www.immobilienbusiness.ch\/","logo":{"@type":"ImageObject","inLanguage":"en-US","@id":"https:\/\/www.immobilienbusiness.ch\/#\/schema\/logo\/image\/","url":"https:\/\/www.immobilienbusiness.ch\/wp-content\/uploads\/2021\/07\/logo_ib.png","contentUrl":"https:\/\/www.immobilienbusiness.ch\/wp-content\/uploads\/2021\/07\/logo_ib.png","width":800,"height":181,"caption":"IMMOBILIEN Business"},"image":{"@id":"https:\/\/www.immobilienbusiness.ch\/#\/schema\/logo\/image\/"},"sameAs":["https:\/\/www.facebook.com\/immobilienbusiness\/"]},{"@type":"Person","@id":"https:\/\/www.immobilienbusiness.ch\/#\/schema\/person\/31be7383261ea656cfe52cad71fdc211","name":"mathias.rinka","image":{"@type":"ImageObject","inLanguage":"en-US","@id":"https:\/\/secure.gravatar.com\/avatar\/?s=96&d=mm&r=g","url":"https:\/\/secure.gravatar.com\/avatar\/?s=96&d=mm&r=g","contentUrl":"https:\/\/secure.gravatar.com\/avatar\/?s=96&d=mm&r=g","caption":"mathias.rinka"},"url":"https:\/\/www.immobilienbusiness.ch\/en\/author\/mathias-rinka\/"}]}},"_links":{"self":[{"href":"https:\/\/www.immobilienbusiness.ch\/en\/wp-json\/wp\/v2\/posts\/537","targetHints":{"allow":["GET"]}}],"collection":[{"href":"https:\/\/www.immobilienbusiness.ch\/en\/wp-json\/wp\/v2\/posts"}],"about":[{"href":"https:\/\/www.immobilienbusiness.ch\/en\/wp-json\/wp\/v2\/types\/post"}],"author":[{"embeddable":true,"href":"https:\/\/www.immobilienbusiness.ch\/en\/wp-json\/wp\/v2\/users\/4"}],"replies":[{"embeddable":true,"href":"https:\/\/www.immobilienbusiness.ch\/en\/wp-json\/wp\/v2\/comments?post=537"}],"version-history":[{"count":1,"href":"https:\/\/www.immobilienbusiness.ch\/en\/wp-json\/wp\/v2\/posts\/537\/revisions"}],"predecessor-version":[{"id":50734,"href":"https:\/\/www.immobilienbusiness.ch\/en\/wp-json\/wp\/v2\/posts\/537\/revisions\/50734"}],"wp:attachment":[{"href":"https:\/\/www.immobilienbusiness.ch\/en\/wp-json\/wp\/v2\/media?parent=537"}],"wp:term":[{"taxonomy":"category","embeddable":true,"href":"https:\/\/www.immobilienbusiness.ch\/en\/wp-json\/wp\/v2\/categories?post=537"},{"taxonomy":"post_tag","embeddable":true,"href":"https:\/\/www.immobilienbusiness.ch\/en\/wp-json\/wp\/v2\/tags?post=537"}],"curies":[{"name":"wp","href":"https:\/\/api.w.org\/{rel}","templated":true}]}}