{"id":53686,"date":"2023-10-03T08:38:29","date_gmt":"2023-10-03T06:38:29","guid":{"rendered":"https:\/\/www.immobilienbusiness.ch\/?p=53686"},"modified":"2023-10-03T08:38:29","modified_gmt":"2023-10-03T06:38:29","slug":"lausanne-la-fonciere-entscheidet-sich-fuer-neubau","status":"publish","type":"post","link":"https:\/\/www.immobilienbusiness.ch\/en\/ib\/2023-10-03\/lausanne-la-fonciere-entscheidet-sich-fuer-neubau\/","title":{"rendered":"Lausanne: La Fonci\u00e8re opts for new building"},"content":{"rendered":"<div class=\"swpm-post-not-logged-in-msg\">You need to be logged in to view this content. Please <a class=\"swpm-login-link\" href=\"https:\/\/www.immobilienbusiness.ch\/en\/login\/?swpm_redirect_to=https%3A%2F%2Fwww.immobilienbusiness.ch%2Fen%2Fwp-json%2Fwp%2Fv2%2Fposts%2F53686\">Log In<\/a>. Not a member? <a href=\"https:\/\/www.immobilienbusiness.ch\/en\/registrieren\/\">Join Us<\/a><\/div>","protected":false},"excerpt":{"rendered":"<p>Contrary to original plans, La Fonci\u00e8re does not want to renovate its building on Route D'Oron, but rather replace it. However, existing components are to be reused in order to reduce the CO2 footprint.<\/p>","protected":false},"author":102,"featured_media":0,"comment_status":"closed","ping_status":"closed","sticky":false,"template":"","format":"standard","meta":{"_acf_changed":false,"_yoast_wpseo_focuskw":"Lausanne","_yoast_wpseo_title":"","_yoast_wpseo_metadesc":"Entgegen urspr\u00fcnglichen Pl\u00e4nen will La Fonci\u00e8re ihr Geb\u00e4ude an der Route D'Oron nicht renovieren, sondern ersetzen. Dabei sollen aber bestehende Bauteile wiederverwendet werden, um den CO2-Footprint zu senken.","_yoast_wpseo_linkdex":40,"pgc_sgb_lightbox_settings":"","footnotes":""},"categories":[1951],"tags":[3287,1431,1438,1492,1515,1599],"class_list":["post-53686","post","type-post","status-publish","format-standard","hentry","category-ib","tag-aba-partenaires-sa","tag-la-fonciere","tag-lausanne","tag-mietwohnungen","tag-nachhaltigkeit","tag-projekt-in-bau"],"acf":[],"yoast_head":"<!-- This site is optimized with the Yoast SEO plugin v27.5 - https:\/\/yoast.com\/product\/yoast-seo-wordpress\/ -->\n<title>Lausanne: La Fonci\u00e8re entscheidet sich f\u00fcr Neubau - IMMOBILIEN Business<\/title>\n<meta name=\"description\" content=\"Entgegen urspr\u00fcnglichen Pl\u00e4nen will La Fonci\u00e8re ihr Geb\u00e4ude an der Route D&#039;Oron nicht renovieren, sondern ersetzen. Dabei sollen aber bestehende Bauteile wiederverwendet werden, um den CO2-Footprint zu senken.\" \/>\n<meta name=\"robots\" content=\"index, follow, max-snippet:-1, max-image-preview:large, max-video-preview:-1\" \/>\n<link rel=\"canonical\" href=\"https:\/\/www.immobilienbusiness.ch\/en\/ib\/2023-10-03\/lausanne-la-fonciere-entscheidet-sich-fuer-neubau\/\" \/>\n<meta property=\"og:locale\" content=\"en_US\" \/>\n<meta property=\"og:type\" content=\"article\" \/>\n<meta property=\"og:title\" content=\"Lausanne: La Fonci\u00e8re entscheidet sich f\u00fcr Neubau - IMMOBILIEN Business\" \/>\n<meta property=\"og:description\" content=\"Entgegen urspr\u00fcnglichen Pl\u00e4nen will La Fonci\u00e8re ihr Geb\u00e4ude an der Route D&#039;Oron nicht renovieren, sondern ersetzen. Dabei sollen aber bestehende Bauteile wiederverwendet werden, um den CO2-Footprint zu senken.\" \/>\n<meta property=\"og:url\" content=\"https:\/\/www.immobilienbusiness.ch\/en\/ib\/2023-10-03\/lausanne-la-fonciere-entscheidet-sich-fuer-neubau\/\" \/>\n<meta property=\"og:site_name\" content=\"IMMOBILIEN Business\" \/>\n<meta property=\"article:publisher\" content=\"https:\/\/www.facebook.com\/immobilienbusiness\/\" \/>\n<meta property=\"article:published_time\" content=\"2023-10-03T06:38:29+00:00\" \/>\n<meta name=\"author\" content=\"Alexander Wachter\" \/>\n<meta name=\"twitter:card\" content=\"summary_large_image\" \/>\n<script type=\"application\/ld+json\" class=\"yoast-schema-graph\">{\"@context\":\"https:\\\/\\\/schema.org\",\"@graph\":[{\"@type\":\"Article\",\"@id\":\"https:\\\/\\\/www.immobilienbusiness.ch\\\/en\\\/ib\\\/2023-10-03\\\/lausanne-la-fonciere-entscheidet-sich-fuer-neubau\\\/#article\",\"isPartOf\":{\"@id\":\"https:\\\/\\\/www.immobilienbusiness.ch\\\/en\\\/ib\\\/2023-10-03\\\/lausanne-la-fonciere-entscheidet-sich-fuer-neubau\\\/\"},\"author\":{\"name\":\"Alexander Wachter\",\"@id\":\"https:\\\/\\\/www.immobilienbusiness.ch\\\/#\\\/schema\\\/person\\\/aba8bea2db926aa0c24c08c43fe1fcd5\"},\"headline\":\"Lausanne: La Fonci\u00e8re entscheidet sich f\u00fcr Neubau\",\"datePublished\":\"2023-10-03T06:38:29+00:00\",\"mainEntityOfPage\":{\"@id\":\"https:\\\/\\\/www.immobilienbusiness.ch\\\/en\\\/ib\\\/2023-10-03\\\/lausanne-la-fonciere-entscheidet-sich-fuer-neubau\\\/\"},\"wordCount\":226,\"publisher\":{\"@id\":\"https:\\\/\\\/www.immobilienbusiness.ch\\\/#organization\"},\"keywords\":[\"Aba Partenaires SA\",\"La Fonci\u00e8re\",\"Lausanne\",\"Mietwohnungen\",\"Nachhaltigkeit\",\"Projekt in Bau\"],\"articleSection\":[\"IB+\"],\"inLanguage\":\"en-US\"},{\"@type\":\"WebPage\",\"@id\":\"https:\\\/\\\/www.immobilienbusiness.ch\\\/en\\\/ib\\\/2023-10-03\\\/lausanne-la-fonciere-entscheidet-sich-fuer-neubau\\\/\",\"url\":\"https:\\\/\\\/www.immobilienbusiness.ch\\\/en\\\/ib\\\/2023-10-03\\\/lausanne-la-fonciere-entscheidet-sich-fuer-neubau\\\/\",\"name\":\"Lausanne: La Fonci\u00e8re entscheidet sich f\u00fcr Neubau - IMMOBILIEN Business\",\"isPartOf\":{\"@id\":\"https:\\\/\\\/www.immobilienbusiness.ch\\\/#website\"},\"datePublished\":\"2023-10-03T06:38:29+00:00\",\"description\":\"Entgegen urspr\u00fcnglichen Pl\u00e4nen will La Fonci\u00e8re ihr Geb\u00e4ude an der Route D'Oron nicht renovieren, sondern ersetzen. Dabei sollen aber bestehende Bauteile wiederverwendet werden, um den CO2-Footprint zu senken.\",\"breadcrumb\":{\"@id\":\"https:\\\/\\\/www.immobilienbusiness.ch\\\/en\\\/ib\\\/2023-10-03\\\/lausanne-la-fonciere-entscheidet-sich-fuer-neubau\\\/#breadcrumb\"},\"inLanguage\":\"en-US\",\"potentialAction\":[{\"@type\":\"ReadAction\",\"target\":[\"https:\\\/\\\/www.immobilienbusiness.ch\\\/en\\\/ib\\\/2023-10-03\\\/lausanne-la-fonciere-entscheidet-sich-fuer-neubau\\\/\"]}]},{\"@type\":\"BreadcrumbList\",\"@id\":\"https:\\\/\\\/www.immobilienbusiness.ch\\\/en\\\/ib\\\/2023-10-03\\\/lausanne-la-fonciere-entscheidet-sich-fuer-neubau\\\/#breadcrumb\",\"itemListElement\":[{\"@type\":\"ListItem\",\"position\":1,\"name\":\"Home\",\"item\":\"https:\\\/\\\/www.immobilienbusiness.ch\\\/\"},{\"@type\":\"ListItem\",\"position\":2,\"name\":\"Lausanne: La Fonci\u00e8re entscheidet sich f\u00fcr Neubau\"}]},{\"@type\":\"WebSite\",\"@id\":\"https:\\\/\\\/www.immobilienbusiness.ch\\\/#website\",\"url\":\"https:\\\/\\\/www.immobilienbusiness.ch\\\/\",\"name\":\"IMMOBILIEN Business\",\"description\":\"Unabh\u00e4ngiges Schweizer Wirtschaftsmagazin mit Fokus auf Immobilien, Architektur- und Bau sowie Investment- und Finanzierung.\",\"publisher\":{\"@id\":\"https:\\\/\\\/www.immobilienbusiness.ch\\\/#organization\"},\"potentialAction\":[{\"@type\":\"SearchAction\",\"target\":{\"@type\":\"EntryPoint\",\"urlTemplate\":\"https:\\\/\\\/www.immobilienbusiness.ch\\\/?s={search_term_string}\"},\"query-input\":{\"@type\":\"PropertyValueSpecification\",\"valueRequired\":true,\"valueName\":\"search_term_string\"}}],\"inLanguage\":\"en-US\"},{\"@type\":\"Organization\",\"@id\":\"https:\\\/\\\/www.immobilienbusiness.ch\\\/#organization\",\"name\":\"IMMOBILIEN Business\",\"url\":\"https:\\\/\\\/www.immobilienbusiness.ch\\\/\",\"logo\":{\"@type\":\"ImageObject\",\"inLanguage\":\"en-US\",\"@id\":\"https:\\\/\\\/www.immobilienbusiness.ch\\\/#\\\/schema\\\/logo\\\/image\\\/\",\"url\":\"https:\\\/\\\/www.immobilienbusiness.ch\\\/wp-content\\\/uploads\\\/2021\\\/07\\\/logo_ib.png\",\"contentUrl\":\"https:\\\/\\\/www.immobilienbusiness.ch\\\/wp-content\\\/uploads\\\/2021\\\/07\\\/logo_ib.png\",\"width\":800,\"height\":181,\"caption\":\"IMMOBILIEN Business\"},\"image\":{\"@id\":\"https:\\\/\\\/www.immobilienbusiness.ch\\\/#\\\/schema\\\/logo\\\/image\\\/\"},\"sameAs\":[\"https:\\\/\\\/www.facebook.com\\\/immobilienbusiness\\\/\"]},{\"@type\":\"Person\",\"@id\":\"https:\\\/\\\/www.immobilienbusiness.ch\\\/#\\\/schema\\\/person\\\/aba8bea2db926aa0c24c08c43fe1fcd5\",\"name\":\"Alexander Wachter\",\"image\":{\"@type\":\"ImageObject\",\"inLanguage\":\"en-US\",\"@id\":\"https:\\\/\\\/secure.gravatar.com\\\/avatar\\\/1a09e471f5389b0e0a6416eac287e0927c7c97a7b77f9e787eba3af7aee281dd?s=96&d=mm&r=g\",\"url\":\"https:\\\/\\\/secure.gravatar.com\\\/avatar\\\/1a09e471f5389b0e0a6416eac287e0927c7c97a7b77f9e787eba3af7aee281dd?s=96&d=mm&r=g\",\"contentUrl\":\"https:\\\/\\\/secure.gravatar.com\\\/avatar\\\/1a09e471f5389b0e0a6416eac287e0927c7c97a7b77f9e787eba3af7aee281dd?s=96&d=mm&r=g\",\"caption\":\"Alexander Wachter\"},\"url\":\"https:\\\/\\\/www.immobilienbusiness.ch\\\/en\\\/author\\\/alexander-wachter\\\/\"}]}<\/script>\n<!-- \/ Yoast SEO plugin. -->","yoast_head_json":{"title":"Lausanne: La Fonci\u00e8re opts for new building - IMMOBILIEN Business","description":"Contrary to original plans, La Fonci\u00e8re does not want to renovate its building on Route D'Oron, but rather replace it. However, existing components are to be reused in order to reduce the CO2 footprint.","robots":{"index":"index","follow":"follow","max-snippet":"max-snippet:-1","max-image-preview":"max-image-preview:large","max-video-preview":"max-video-preview:-1"},"canonical":"https:\/\/www.immobilienbusiness.ch\/en\/ib\/2023-10-03\/lausanne-la-fonciere-entscheidet-sich-fuer-neubau\/","og_locale":"en_US","og_type":"article","og_title":"Lausanne: La Fonci\u00e8re entscheidet sich f\u00fcr Neubau - IMMOBILIEN Business","og_description":"Entgegen urspr\u00fcnglichen Pl\u00e4nen will La Fonci\u00e8re ihr Geb\u00e4ude an der Route D'Oron nicht renovieren, sondern ersetzen. Dabei sollen aber bestehende Bauteile wiederverwendet werden, um den CO2-Footprint zu senken.","og_url":"https:\/\/www.immobilienbusiness.ch\/en\/ib\/2023-10-03\/lausanne-la-fonciere-entscheidet-sich-fuer-neubau\/","og_site_name":"IMMOBILIEN Business","article_publisher":"https:\/\/www.facebook.com\/immobilienbusiness\/","article_published_time":"2023-10-03T06:38:29+00:00","author":"Alexander Wachter","twitter_card":"summary_large_image","schema":{"@context":"https:\/\/schema.org","@graph":[{"@type":"Article","@id":"https:\/\/www.immobilienbusiness.ch\/en\/ib\/2023-10-03\/lausanne-la-fonciere-entscheidet-sich-fuer-neubau\/#article","isPartOf":{"@id":"https:\/\/www.immobilienbusiness.ch\/en\/ib\/2023-10-03\/lausanne-la-fonciere-entscheidet-sich-fuer-neubau\/"},"author":{"name":"Alexander Wachter","@id":"https:\/\/www.immobilienbusiness.ch\/#\/schema\/person\/aba8bea2db926aa0c24c08c43fe1fcd5"},"headline":"Lausanne: La Fonci\u00e8re entscheidet sich f\u00fcr Neubau","datePublished":"2023-10-03T06:38:29+00:00","mainEntityOfPage":{"@id":"https:\/\/www.immobilienbusiness.ch\/en\/ib\/2023-10-03\/lausanne-la-fonciere-entscheidet-sich-fuer-neubau\/"},"wordCount":226,"publisher":{"@id":"https:\/\/www.immobilienbusiness.ch\/#organization"},"keywords":["Aba Partenaires SA","La Fonci\u00e8re","Lausanne","Mietwohnungen","Nachhaltigkeit","Projekt in Bau"],"articleSection":["IB+"],"inLanguage":"en-US"},{"@type":"WebPage","@id":"https:\/\/www.immobilienbusiness.ch\/en\/ib\/2023-10-03\/lausanne-la-fonciere-entscheidet-sich-fuer-neubau\/","url":"https:\/\/www.immobilienbusiness.ch\/en\/ib\/2023-10-03\/lausanne-la-fonciere-entscheidet-sich-fuer-neubau\/","name":"Lausanne: La Fonci\u00e8re opts for new building - IMMOBILIEN Business","isPartOf":{"@id":"https:\/\/www.immobilienbusiness.ch\/#website"},"datePublished":"2023-10-03T06:38:29+00:00","description":"Contrary to original plans, La Fonci\u00e8re does not want to renovate its building on Route D'Oron, but rather replace it. However, existing components are to be reused in order to reduce the CO2 footprint.","breadcrumb":{"@id":"https:\/\/www.immobilienbusiness.ch\/en\/ib\/2023-10-03\/lausanne-la-fonciere-entscheidet-sich-fuer-neubau\/#breadcrumb"},"inLanguage":"en-US","potentialAction":[{"@type":"ReadAction","target":["https:\/\/www.immobilienbusiness.ch\/en\/ib\/2023-10-03\/lausanne-la-fonciere-entscheidet-sich-fuer-neubau\/"]}]},{"@type":"BreadcrumbList","@id":"https:\/\/www.immobilienbusiness.ch\/en\/ib\/2023-10-03\/lausanne-la-fonciere-entscheidet-sich-fuer-neubau\/#breadcrumb","itemListElement":[{"@type":"ListItem","position":1,"name":"Home","item":"https:\/\/www.immobilienbusiness.ch\/"},{"@type":"ListItem","position":2,"name":"Lausanne: La Fonci\u00e8re entscheidet sich f\u00fcr Neubau"}]},{"@type":"WebSite","@id":"https:\/\/www.immobilienbusiness.ch\/#website","url":"https:\/\/www.immobilienbusiness.ch\/","name":"REAL ESTATE Business","description":"Independent Swiss business magazine focusing on real estate, architecture and construction as well as investment and financing.","publisher":{"@id":"https:\/\/www.immobilienbusiness.ch\/#organization"},"potentialAction":[{"@type":"SearchAction","target":{"@type":"EntryPoint","urlTemplate":"https:\/\/www.immobilienbusiness.ch\/?s={search_term_string}"},"query-input":{"@type":"PropertyValueSpecification","valueRequired":true,"valueName":"search_term_string"}}],"inLanguage":"en-US"},{"@type":"Organization","@id":"https:\/\/www.immobilienbusiness.ch\/#organization","name":"REAL ESTATE Business","url":"https:\/\/www.immobilienbusiness.ch\/","logo":{"@type":"ImageObject","inLanguage":"en-US","@id":"https:\/\/www.immobilienbusiness.ch\/#\/schema\/logo\/image\/","url":"https:\/\/www.immobilienbusiness.ch\/wp-content\/uploads\/2021\/07\/logo_ib.png","contentUrl":"https:\/\/www.immobilienbusiness.ch\/wp-content\/uploads\/2021\/07\/logo_ib.png","width":800,"height":181,"caption":"IMMOBILIEN Business"},"image":{"@id":"https:\/\/www.immobilienbusiness.ch\/#\/schema\/logo\/image\/"},"sameAs":["https:\/\/www.facebook.com\/immobilienbusiness\/"]},{"@type":"Person","@id":"https:\/\/www.immobilienbusiness.ch\/#\/schema\/person\/aba8bea2db926aa0c24c08c43fe1fcd5","name":"Alexander Wachter","image":{"@type":"ImageObject","inLanguage":"en-US","@id":"https:\/\/secure.gravatar.com\/avatar\/1a09e471f5389b0e0a6416eac287e0927c7c97a7b77f9e787eba3af7aee281dd?s=96&d=mm&r=g","url":"https:\/\/secure.gravatar.com\/avatar\/1a09e471f5389b0e0a6416eac287e0927c7c97a7b77f9e787eba3af7aee281dd?s=96&d=mm&r=g","contentUrl":"https:\/\/secure.gravatar.com\/avatar\/1a09e471f5389b0e0a6416eac287e0927c7c97a7b77f9e787eba3af7aee281dd?s=96&d=mm&r=g","caption":"Alexander Wachter"},"url":"https:\/\/www.immobilienbusiness.ch\/en\/author\/alexander-wachter\/"}]}},"_links":{"self":[{"href":"https:\/\/www.immobilienbusiness.ch\/en\/wp-json\/wp\/v2\/posts\/53686","targetHints":{"allow":["GET"]}}],"collection":[{"href":"https:\/\/www.immobilienbusiness.ch\/en\/wp-json\/wp\/v2\/posts"}],"about":[{"href":"https:\/\/www.immobilienbusiness.ch\/en\/wp-json\/wp\/v2\/types\/post"}],"author":[{"embeddable":true,"href":"https:\/\/www.immobilienbusiness.ch\/en\/wp-json\/wp\/v2\/users\/102"}],"replies":[{"embeddable":true,"href":"https:\/\/www.immobilienbusiness.ch\/en\/wp-json\/wp\/v2\/comments?post=53686"}],"version-history":[{"count":1,"href":"https:\/\/www.immobilienbusiness.ch\/en\/wp-json\/wp\/v2\/posts\/53686\/revisions"}],"predecessor-version":[{"id":53687,"href":"https:\/\/www.immobilienbusiness.ch\/en\/wp-json\/wp\/v2\/posts\/53686\/revisions\/53687"}],"wp:attachment":[{"href":"https:\/\/www.immobilienbusiness.ch\/en\/wp-json\/wp\/v2\/media?parent=53686"}],"wp:term":[{"taxonomy":"category","embeddable":true,"href":"https:\/\/www.immobilienbusiness.ch\/en\/wp-json\/wp\/v2\/categories?post=53686"},{"taxonomy":"post_tag","embeddable":true,"href":"https:\/\/www.immobilienbusiness.ch\/en\/wp-json\/wp\/v2\/tags?post=53686"}],"curies":[{"name":"wp","href":"https:\/\/api.w.org\/{rel}","templated":true}]}}