{"id":53294,"date":"2023-09-13T08:49:20","date_gmt":"2023-09-13T06:49:20","guid":{"rendered":"https:\/\/www.immobilienbusiness.ch\/?p=53294"},"modified":"2023-09-14T10:17:49","modified_gmt":"2023-09-14T08:17:49","slug":"investissements-fonciers-mit-neuem-vr-mitglied","status":"publish","type":"post","link":"https:\/\/www.immobilienbusiness.ch\/en\/personalia\/2023-09-13\/investissements-fonciers-mit-neuem-vr-mitglied\/","title":{"rendered":"Investissements Fonciers with new Vice Chairman of the Board of Directors"},"content":{"rendered":"<figure id=\"attachment_53295\" aria-describedby=\"caption-attachment-53295\" style=\"width: 531px\" class=\"wp-caption alignnone\"><a href=\"https:\/\/www.immobilienbusiness.ch\/wp-content\/uploads\/2023\/09\/Daniel-Wenger.png\"><img loading=\"lazy\" decoding=\"async\" class=\"size-full wp-image-53295\" src=\"https:\/\/www.immobilienbusiness.ch\/wp-content\/uploads\/2023\/09\/Daniel-Wenger.png\" alt=\"\" width=\"531\" height=\"348\" srcset=\"https:\/\/www.immobilienbusiness.ch\/wp-content\/uploads\/2023\/09\/Daniel-Wenger.png 531w, https:\/\/www.immobilienbusiness.ch\/wp-content\/uploads\/2023\/09\/Daniel-Wenger-300x197.png 300w, https:\/\/www.immobilienbusiness.ch\/wp-content\/uploads\/2023\/09\/Daniel-Wenger-18x12.png 18w, https:\/\/www.immobilienbusiness.ch\/wp-content\/uploads\/2023\/09\/Daniel-Wenger-375x246.png 375w\" sizes=\"auto, (max-width: 531px) 100vw, 531px\" \/><\/a><figcaption id=\"caption-attachment-53295\" class=\"wp-caption-text\">Daniel Wenger (Image: zVg)<\/figcaption><\/figure>\n<p>Daniel Wenger is to become Vice-Chairman of the Board of Directors of Investissements Fonciers SA, the fund management company of the Swiss real estate fund La Fonci\u00e8re. Wenger has been Chairman of the Executive Board of Fribourg Cantonal Bank (BCF) since January 2021. He previously held various positions at Credit Suisse in Switzerland and abroad, from 2017 to 2020 as Chief Risk Officer International Coverage of the International Wealth Management division in Zurich and from 2014 to 2016 as Chief Operating Officer at Credit Suisse Luxembourg SA. Prior to that, he worked at Credit Suisse in various positions in Zurich and New York.<\/p>\n<p>In addition to Wenger, Christian Donz\u00e9, CEO of Valais Cantonal Bank, Blaise Goetschin, CEO of Geneva Cantonal Bank, Jean-Philippe Rochat, lawyer at Kellerhals Carrard, and Michael Bloch, member of the Board of Directors of various companies, sit on the company's Board of Directors.<\/p>\n<p>\"We are delighted that Daniel Wenger has been elected to the Board of Directors,\" says Chairman Christian Donz\u00e9. \"He brings many years of experience in the financial services sector, particularly in risk management, to the fund management company.\" <em>(aw)<\/em><\/p>","protected":false},"excerpt":{"rendered":"<p>Daniel Wenger is appointed to the Board of Directors of the La Fonci\u00e8re real estate fund management company.<\/p>","protected":false},"author":102,"featured_media":53295,"comment_status":"closed","ping_status":"closed","sticky":false,"template":"","format":"standard","meta":{"_acf_changed":false,"_yoast_wpseo_focuskw":"La Fonci\u00e8re","_yoast_wpseo_title":"","_yoast_wpseo_metadesc":"Daniel Wenger wird Vizepr\u00e4sident des Verwaltungsrats von Investissements Fonciers SA, der Fondsleitung des Schweizer Immobilienfonds La Fonci\u00e8re.","_yoast_wpseo_linkdex":43,"pgc_sgb_lightbox_settings":"","footnotes":""},"categories":[1912],"tags":[1344,1431,1563],"class_list":["post-53294","post","type-post","status-publish","format-standard","has-post-thumbnail","hentry","category-personalia","tag-immobilienfonds","tag-la-fonciere","tag-personalia"],"acf":[],"yoast_head":"<!-- This site is optimized with the Yoast SEO plugin v27.5 - https:\/\/yoast.com\/product\/yoast-seo-wordpress\/ -->\n<title>Investissements Fonciers mit neuem VR-Vizepr\u00e4sidenten - IMMOBILIEN Business<\/title>\n<meta name=\"description\" content=\"Daniel Wenger wird Vizepr\u00e4sident des Verwaltungsrats von Investissements Fonciers SA, der Fondsleitung des Schweizer Immobilienfonds La Fonci\u00e8re.\" \/>\n<meta name=\"robots\" content=\"index, follow, max-snippet:-1, max-image-preview:large, max-video-preview:-1\" \/>\n<link rel=\"canonical\" href=\"https:\/\/www.immobilienbusiness.ch\/en\/personalia\/2023-09-13\/investissements-fonciers-mit-neuem-vr-mitglied\/\" \/>\n<meta property=\"og:locale\" content=\"en_US\" \/>\n<meta property=\"og:type\" content=\"article\" \/>\n<meta property=\"og:title\" content=\"Investissements Fonciers mit neuem VR-Vizepr\u00e4sidenten - IMMOBILIEN Business\" \/>\n<meta property=\"og:description\" content=\"Daniel Wenger wird Vizepr\u00e4sident des Verwaltungsrats von Investissements Fonciers SA, der Fondsleitung des Schweizer Immobilienfonds La Fonci\u00e8re.\" \/>\n<meta property=\"og:url\" content=\"https:\/\/www.immobilienbusiness.ch\/en\/personalia\/2023-09-13\/investissements-fonciers-mit-neuem-vr-mitglied\/\" \/>\n<meta property=\"og:site_name\" content=\"IMMOBILIEN Business\" \/>\n<meta property=\"article:publisher\" content=\"https:\/\/www.facebook.com\/immobilienbusiness\/\" \/>\n<meta property=\"article:published_time\" content=\"2023-09-13T06:49:20+00:00\" \/>\n<meta property=\"article:modified_time\" content=\"2023-09-14T08:17:49+00:00\" \/>\n<meta property=\"og:image\" content=\"https:\/\/www.immobilienbusiness.ch\/wp-content\/uploads\/2023\/09\/Daniel-Wenger.png\" \/>\n\t<meta property=\"og:image:width\" content=\"531\" \/>\n\t<meta property=\"og:image:height\" content=\"348\" \/>\n\t<meta property=\"og:image:type\" content=\"image\/png\" \/>\n<meta name=\"author\" content=\"Alexander Wachter\" \/>\n<meta name=\"twitter:card\" content=\"summary_large_image\" \/>\n<script type=\"application\/ld+json\" class=\"yoast-schema-graph\">{\"@context\":\"https:\\\/\\\/schema.org\",\"@graph\":[{\"@type\":\"Article\",\"@id\":\"https:\\\/\\\/www.immobilienbusiness.ch\\\/de\\\/personalia\\\/2023-09-13\\\/investissements-fonciers-mit-neuem-vr-mitglied\\\/#article\",\"isPartOf\":{\"@id\":\"https:\\\/\\\/www.immobilienbusiness.ch\\\/de\\\/personalia\\\/2023-09-13\\\/investissements-fonciers-mit-neuem-vr-mitglied\\\/\"},\"author\":{\"name\":\"Alexander Wachter\",\"@id\":\"https:\\\/\\\/www.immobilienbusiness.ch\\\/#\\\/schema\\\/person\\\/aba8bea2db926aa0c24c08c43fe1fcd5\"},\"headline\":\"Investissements Fonciers mit neuem VR-Vizepr\u00e4sidenten\",\"datePublished\":\"2023-09-13T06:49:20+00:00\",\"dateModified\":\"2023-09-14T08:17:49+00:00\",\"mainEntityOfPage\":{\"@id\":\"https:\\\/\\\/www.immobilienbusiness.ch\\\/de\\\/personalia\\\/2023-09-13\\\/investissements-fonciers-mit-neuem-vr-mitglied\\\/\"},\"wordCount\":179,\"publisher\":{\"@id\":\"https:\\\/\\\/www.immobilienbusiness.ch\\\/#organization\"},\"image\":{\"@id\":\"https:\\\/\\\/www.immobilienbusiness.ch\\\/de\\\/personalia\\\/2023-09-13\\\/investissements-fonciers-mit-neuem-vr-mitglied\\\/#primaryimage\"},\"thumbnailUrl\":\"https:\\\/\\\/www.immobilienbusiness.ch\\\/wp-content\\\/uploads\\\/2023\\\/09\\\/Daniel-Wenger.png\",\"keywords\":[\"Immobilienfonds\",\"La Fonci\u00e8re\",\"Personalia\"],\"articleSection\":[\"PERSONALIA\"],\"inLanguage\":\"en-US\"},{\"@type\":\"WebPage\",\"@id\":\"https:\\\/\\\/www.immobilienbusiness.ch\\\/de\\\/personalia\\\/2023-09-13\\\/investissements-fonciers-mit-neuem-vr-mitglied\\\/\",\"url\":\"https:\\\/\\\/www.immobilienbusiness.ch\\\/de\\\/personalia\\\/2023-09-13\\\/investissements-fonciers-mit-neuem-vr-mitglied\\\/\",\"name\":\"Investissements Fonciers mit neuem VR-Vizepr\u00e4sidenten - IMMOBILIEN Business\",\"isPartOf\":{\"@id\":\"https:\\\/\\\/www.immobilienbusiness.ch\\\/#website\"},\"primaryImageOfPage\":{\"@id\":\"https:\\\/\\\/www.immobilienbusiness.ch\\\/de\\\/personalia\\\/2023-09-13\\\/investissements-fonciers-mit-neuem-vr-mitglied\\\/#primaryimage\"},\"image\":{\"@id\":\"https:\\\/\\\/www.immobilienbusiness.ch\\\/de\\\/personalia\\\/2023-09-13\\\/investissements-fonciers-mit-neuem-vr-mitglied\\\/#primaryimage\"},\"thumbnailUrl\":\"https:\\\/\\\/www.immobilienbusiness.ch\\\/wp-content\\\/uploads\\\/2023\\\/09\\\/Daniel-Wenger.png\",\"datePublished\":\"2023-09-13T06:49:20+00:00\",\"dateModified\":\"2023-09-14T08:17:49+00:00\",\"description\":\"Daniel Wenger wird Vizepr\u00e4sident des Verwaltungsrats von Investissements Fonciers SA, der Fondsleitung des Schweizer Immobilienfonds La Fonci\u00e8re.\",\"breadcrumb\":{\"@id\":\"https:\\\/\\\/www.immobilienbusiness.ch\\\/de\\\/personalia\\\/2023-09-13\\\/investissements-fonciers-mit-neuem-vr-mitglied\\\/#breadcrumb\"},\"inLanguage\":\"en-US\",\"potentialAction\":[{\"@type\":\"ReadAction\",\"target\":[\"https:\\\/\\\/www.immobilienbusiness.ch\\\/de\\\/personalia\\\/2023-09-13\\\/investissements-fonciers-mit-neuem-vr-mitglied\\\/\"]}]},{\"@type\":\"ImageObject\",\"inLanguage\":\"en-US\",\"@id\":\"https:\\\/\\\/www.immobilienbusiness.ch\\\/de\\\/personalia\\\/2023-09-13\\\/investissements-fonciers-mit-neuem-vr-mitglied\\\/#primaryimage\",\"url\":\"https:\\\/\\\/www.immobilienbusiness.ch\\\/wp-content\\\/uploads\\\/2023\\\/09\\\/Daniel-Wenger.png\",\"contentUrl\":\"https:\\\/\\\/www.immobilienbusiness.ch\\\/wp-content\\\/uploads\\\/2023\\\/09\\\/Daniel-Wenger.png\",\"width\":531,\"height\":348,\"caption\":\"Daniel Wenger (Bild: zVg)\"},{\"@type\":\"BreadcrumbList\",\"@id\":\"https:\\\/\\\/www.immobilienbusiness.ch\\\/de\\\/personalia\\\/2023-09-13\\\/investissements-fonciers-mit-neuem-vr-mitglied\\\/#breadcrumb\",\"itemListElement\":[{\"@type\":\"ListItem\",\"position\":1,\"name\":\"Home\",\"item\":\"https:\\\/\\\/www.immobilienbusiness.ch\\\/\"},{\"@type\":\"ListItem\",\"position\":2,\"name\":\"Investissements Fonciers mit neuem VR-Vizepr\u00e4sidenten\"}]},{\"@type\":\"WebSite\",\"@id\":\"https:\\\/\\\/www.immobilienbusiness.ch\\\/#website\",\"url\":\"https:\\\/\\\/www.immobilienbusiness.ch\\\/\",\"name\":\"IMMOBILIEN Business\",\"description\":\"Unabh\u00e4ngiges Schweizer Wirtschaftsmagazin mit Fokus auf Immobilien, Architektur- und Bau sowie Investment- und Finanzierung.\",\"publisher\":{\"@id\":\"https:\\\/\\\/www.immobilienbusiness.ch\\\/#organization\"},\"potentialAction\":[{\"@type\":\"SearchAction\",\"target\":{\"@type\":\"EntryPoint\",\"urlTemplate\":\"https:\\\/\\\/www.immobilienbusiness.ch\\\/?s={search_term_string}\"},\"query-input\":{\"@type\":\"PropertyValueSpecification\",\"valueRequired\":true,\"valueName\":\"search_term_string\"}}],\"inLanguage\":\"en-US\"},{\"@type\":\"Organization\",\"@id\":\"https:\\\/\\\/www.immobilienbusiness.ch\\\/#organization\",\"name\":\"IMMOBILIEN Business\",\"url\":\"https:\\\/\\\/www.immobilienbusiness.ch\\\/\",\"logo\":{\"@type\":\"ImageObject\",\"inLanguage\":\"en-US\",\"@id\":\"https:\\\/\\\/www.immobilienbusiness.ch\\\/#\\\/schema\\\/logo\\\/image\\\/\",\"url\":\"https:\\\/\\\/www.immobilienbusiness.ch\\\/wp-content\\\/uploads\\\/2021\\\/07\\\/logo_ib.png\",\"contentUrl\":\"https:\\\/\\\/www.immobilienbusiness.ch\\\/wp-content\\\/uploads\\\/2021\\\/07\\\/logo_ib.png\",\"width\":800,\"height\":181,\"caption\":\"IMMOBILIEN Business\"},\"image\":{\"@id\":\"https:\\\/\\\/www.immobilienbusiness.ch\\\/#\\\/schema\\\/logo\\\/image\\\/\"},\"sameAs\":[\"https:\\\/\\\/www.facebook.com\\\/immobilienbusiness\\\/\"]},{\"@type\":\"Person\",\"@id\":\"https:\\\/\\\/www.immobilienbusiness.ch\\\/#\\\/schema\\\/person\\\/aba8bea2db926aa0c24c08c43fe1fcd5\",\"name\":\"Alexander Wachter\",\"image\":{\"@type\":\"ImageObject\",\"inLanguage\":\"en-US\",\"@id\":\"https:\\\/\\\/secure.gravatar.com\\\/avatar\\\/1a09e471f5389b0e0a6416eac287e0927c7c97a7b77f9e787eba3af7aee281dd?s=96&d=mm&r=g\",\"url\":\"https:\\\/\\\/secure.gravatar.com\\\/avatar\\\/1a09e471f5389b0e0a6416eac287e0927c7c97a7b77f9e787eba3af7aee281dd?s=96&d=mm&r=g\",\"contentUrl\":\"https:\\\/\\\/secure.gravatar.com\\\/avatar\\\/1a09e471f5389b0e0a6416eac287e0927c7c97a7b77f9e787eba3af7aee281dd?s=96&d=mm&r=g\",\"caption\":\"Alexander Wachter\"},\"url\":\"https:\\\/\\\/www.immobilienbusiness.ch\\\/en\\\/author\\\/alexander-wachter\\\/\"}]}<\/script>\n<!-- \/ Yoast SEO plugin. -->","yoast_head_json":{"title":"Investissements Fonciers mit neuem VR-Vizepr\u00e4sidenten - IMMOBILIEN Business","description":"Daniel Wenger wird Vizepr\u00e4sident des Verwaltungsrats von Investissements Fonciers SA, der Fondsleitung des Schweizer Immobilienfonds La Fonci\u00e8re.","robots":{"index":"index","follow":"follow","max-snippet":"max-snippet:-1","max-image-preview":"max-image-preview:large","max-video-preview":"max-video-preview:-1"},"canonical":"https:\/\/www.immobilienbusiness.ch\/en\/personalia\/2023-09-13\/investissements-fonciers-mit-neuem-vr-mitglied\/","og_locale":"en_US","og_type":"article","og_title":"Investissements Fonciers mit neuem VR-Vizepr\u00e4sidenten - IMMOBILIEN Business","og_description":"Daniel Wenger wird Vizepr\u00e4sident des Verwaltungsrats von Investissements Fonciers SA, der Fondsleitung des Schweizer Immobilienfonds La Fonci\u00e8re.","og_url":"https:\/\/www.immobilienbusiness.ch\/en\/personalia\/2023-09-13\/investissements-fonciers-mit-neuem-vr-mitglied\/","og_site_name":"IMMOBILIEN Business","article_publisher":"https:\/\/www.facebook.com\/immobilienbusiness\/","article_published_time":"2023-09-13T06:49:20+00:00","article_modified_time":"2023-09-14T08:17:49+00:00","og_image":[{"width":531,"height":348,"url":"https:\/\/www.immobilienbusiness.ch\/wp-content\/uploads\/2023\/09\/Daniel-Wenger.png","type":"image\/png"}],"author":"Alexander Wachter","twitter_card":"summary_large_image","schema":{"@context":"https:\/\/schema.org","@graph":[{"@type":"Article","@id":"https:\/\/www.immobilienbusiness.ch\/de\/personalia\/2023-09-13\/investissements-fonciers-mit-neuem-vr-mitglied\/#article","isPartOf":{"@id":"https:\/\/www.immobilienbusiness.ch\/de\/personalia\/2023-09-13\/investissements-fonciers-mit-neuem-vr-mitglied\/"},"author":{"name":"Alexander Wachter","@id":"https:\/\/www.immobilienbusiness.ch\/#\/schema\/person\/aba8bea2db926aa0c24c08c43fe1fcd5"},"headline":"Investissements Fonciers mit neuem VR-Vizepr\u00e4sidenten","datePublished":"2023-09-13T06:49:20+00:00","dateModified":"2023-09-14T08:17:49+00:00","mainEntityOfPage":{"@id":"https:\/\/www.immobilienbusiness.ch\/de\/personalia\/2023-09-13\/investissements-fonciers-mit-neuem-vr-mitglied\/"},"wordCount":179,"publisher":{"@id":"https:\/\/www.immobilienbusiness.ch\/#organization"},"image":{"@id":"https:\/\/www.immobilienbusiness.ch\/de\/personalia\/2023-09-13\/investissements-fonciers-mit-neuem-vr-mitglied\/#primaryimage"},"thumbnailUrl":"https:\/\/www.immobilienbusiness.ch\/wp-content\/uploads\/2023\/09\/Daniel-Wenger.png","keywords":["Immobilienfonds","La Fonci\u00e8re","Personalia"],"articleSection":["PERSONALIA"],"inLanguage":"en-US"},{"@type":"WebPage","@id":"https:\/\/www.immobilienbusiness.ch\/de\/personalia\/2023-09-13\/investissements-fonciers-mit-neuem-vr-mitglied\/","url":"https:\/\/www.immobilienbusiness.ch\/de\/personalia\/2023-09-13\/investissements-fonciers-mit-neuem-vr-mitglied\/","name":"Investissements Fonciers mit neuem VR-Vizepr\u00e4sidenten - IMMOBILIEN Business","isPartOf":{"@id":"https:\/\/www.immobilienbusiness.ch\/#website"},"primaryImageOfPage":{"@id":"https:\/\/www.immobilienbusiness.ch\/de\/personalia\/2023-09-13\/investissements-fonciers-mit-neuem-vr-mitglied\/#primaryimage"},"image":{"@id":"https:\/\/www.immobilienbusiness.ch\/de\/personalia\/2023-09-13\/investissements-fonciers-mit-neuem-vr-mitglied\/#primaryimage"},"thumbnailUrl":"https:\/\/www.immobilienbusiness.ch\/wp-content\/uploads\/2023\/09\/Daniel-Wenger.png","datePublished":"2023-09-13T06:49:20+00:00","dateModified":"2023-09-14T08:17:49+00:00","description":"Daniel Wenger wird Vizepr\u00e4sident des Verwaltungsrats von Investissements Fonciers SA, der Fondsleitung des Schweizer Immobilienfonds La Fonci\u00e8re.","breadcrumb":{"@id":"https:\/\/www.immobilienbusiness.ch\/de\/personalia\/2023-09-13\/investissements-fonciers-mit-neuem-vr-mitglied\/#breadcrumb"},"inLanguage":"en-US","potentialAction":[{"@type":"ReadAction","target":["https:\/\/www.immobilienbusiness.ch\/de\/personalia\/2023-09-13\/investissements-fonciers-mit-neuem-vr-mitglied\/"]}]},{"@type":"ImageObject","inLanguage":"en-US","@id":"https:\/\/www.immobilienbusiness.ch\/de\/personalia\/2023-09-13\/investissements-fonciers-mit-neuem-vr-mitglied\/#primaryimage","url":"https:\/\/www.immobilienbusiness.ch\/wp-content\/uploads\/2023\/09\/Daniel-Wenger.png","contentUrl":"https:\/\/www.immobilienbusiness.ch\/wp-content\/uploads\/2023\/09\/Daniel-Wenger.png","width":531,"height":348,"caption":"Daniel Wenger (Bild: zVg)"},{"@type":"BreadcrumbList","@id":"https:\/\/www.immobilienbusiness.ch\/de\/personalia\/2023-09-13\/investissements-fonciers-mit-neuem-vr-mitglied\/#breadcrumb","itemListElement":[{"@type":"ListItem","position":1,"name":"Home","item":"https:\/\/www.immobilienbusiness.ch\/"},{"@type":"ListItem","position":2,"name":"Investissements Fonciers mit neuem VR-Vizepr\u00e4sidenten"}]},{"@type":"WebSite","@id":"https:\/\/www.immobilienbusiness.ch\/#website","url":"https:\/\/www.immobilienbusiness.ch\/","name":"REAL ESTATE Business","description":"Independent Swiss business magazine focusing on real estate, architecture and construction as well as investment and financing.","publisher":{"@id":"https:\/\/www.immobilienbusiness.ch\/#organization"},"potentialAction":[{"@type":"SearchAction","target":{"@type":"EntryPoint","urlTemplate":"https:\/\/www.immobilienbusiness.ch\/?s={search_term_string}"},"query-input":{"@type":"PropertyValueSpecification","valueRequired":true,"valueName":"search_term_string"}}],"inLanguage":"en-US"},{"@type":"Organization","@id":"https:\/\/www.immobilienbusiness.ch\/#organization","name":"REAL ESTATE Business","url":"https:\/\/www.immobilienbusiness.ch\/","logo":{"@type":"ImageObject","inLanguage":"en-US","@id":"https:\/\/www.immobilienbusiness.ch\/#\/schema\/logo\/image\/","url":"https:\/\/www.immobilienbusiness.ch\/wp-content\/uploads\/2021\/07\/logo_ib.png","contentUrl":"https:\/\/www.immobilienbusiness.ch\/wp-content\/uploads\/2021\/07\/logo_ib.png","width":800,"height":181,"caption":"IMMOBILIEN Business"},"image":{"@id":"https:\/\/www.immobilienbusiness.ch\/#\/schema\/logo\/image\/"},"sameAs":["https:\/\/www.facebook.com\/immobilienbusiness\/"]},{"@type":"Person","@id":"https:\/\/www.immobilienbusiness.ch\/#\/schema\/person\/aba8bea2db926aa0c24c08c43fe1fcd5","name":"Alexander Wachter","image":{"@type":"ImageObject","inLanguage":"en-US","@id":"https:\/\/secure.gravatar.com\/avatar\/1a09e471f5389b0e0a6416eac287e0927c7c97a7b77f9e787eba3af7aee281dd?s=96&d=mm&r=g","url":"https:\/\/secure.gravatar.com\/avatar\/1a09e471f5389b0e0a6416eac287e0927c7c97a7b77f9e787eba3af7aee281dd?s=96&d=mm&r=g","contentUrl":"https:\/\/secure.gravatar.com\/avatar\/1a09e471f5389b0e0a6416eac287e0927c7c97a7b77f9e787eba3af7aee281dd?s=96&d=mm&r=g","caption":"Alexander Wachter"},"url":"https:\/\/www.immobilienbusiness.ch\/en\/author\/alexander-wachter\/"}]}},"_links":{"self":[{"href":"https:\/\/www.immobilienbusiness.ch\/en\/wp-json\/wp\/v2\/posts\/53294","targetHints":{"allow":["GET"]}}],"collection":[{"href":"https:\/\/www.immobilienbusiness.ch\/en\/wp-json\/wp\/v2\/posts"}],"about":[{"href":"https:\/\/www.immobilienbusiness.ch\/en\/wp-json\/wp\/v2\/types\/post"}],"author":[{"embeddable":true,"href":"https:\/\/www.immobilienbusiness.ch\/en\/wp-json\/wp\/v2\/users\/102"}],"replies":[{"embeddable":true,"href":"https:\/\/www.immobilienbusiness.ch\/en\/wp-json\/wp\/v2\/comments?post=53294"}],"version-history":[{"count":3,"href":"https:\/\/www.immobilienbusiness.ch\/en\/wp-json\/wp\/v2\/posts\/53294\/revisions"}],"predecessor-version":[{"id":53357,"href":"https:\/\/www.immobilienbusiness.ch\/en\/wp-json\/wp\/v2\/posts\/53294\/revisions\/53357"}],"wp:featuredmedia":[{"embeddable":true,"href":"https:\/\/www.immobilienbusiness.ch\/en\/wp-json\/wp\/v2\/media\/53295"}],"wp:attachment":[{"href":"https:\/\/www.immobilienbusiness.ch\/en\/wp-json\/wp\/v2\/media?parent=53294"}],"wp:term":[{"taxonomy":"category","embeddable":true,"href":"https:\/\/www.immobilienbusiness.ch\/en\/wp-json\/wp\/v2\/categories?post=53294"},{"taxonomy":"post_tag","embeddable":true,"href":"https:\/\/www.immobilienbusiness.ch\/en\/wp-json\/wp\/v2\/tags?post=53294"}],"curies":[{"name":"wp","href":"https:\/\/api.w.org\/{rel}","templated":true}]}}