{"id":520,"date":"2016-11-22T08:00:52","date_gmt":"2016-11-22T07:00:52","guid":{"rendered":"http:\/\/dev.immobilienbusiness.ch\/?p=520"},"modified":"2016-11-22T08:00:52","modified_gmt":"2016-11-22T07:00:52","slug":"savills-im-neuer-head-of-bd-fuer-die-dach-region","status":"publish","type":"post","link":"https:\/\/www.immobilienbusiness.ch\/en\/allgemein\/2016-11-22\/savills-im-neuer-head-of-bd-fuer-die-dach-region\/","title":{"rendered":"Savills IM: New Head of BD for the DACH region"},"content":{"rendered":"<figure id=\"attachment_5086\" aria-describedby=\"caption-attachment-5086\" style=\"width: 667px\" class=\"wp-caption alignnone\"><img loading=\"lazy\" decoding=\"async\" class=\"wp-image-5086 size-medium\" src=\"https:\/\/immobilienbusiness.ch\/wp-content\/uploads\/2016\/11\/Savills-IM-Neuer-Head-of-BD-f\u00fcr-die-DACH-Region-immobilien-business.jpg\" width=\"667\" height=\"1000\" \/><figcaption id=\"caption-attachment-5086\" class=\"wp-caption-text\">Rena K\u00f6pke, Head of BD at Savills IM (Photo: Savills IM)<\/figcaption><\/figure>\n<p>Rena Kn\u00f6pke has worked in investment management for more than 16 years. Before joining Savills IM, Kn\u00f6pke worked for Corpus Sireo Real Estate as Director National Institutions. Prior to that, she worked for 15 years for Warburg - HIH Invest Real Estate and Henderson Global Investors in Hamburg, Frankfurt and London as Director of Institutional Business and Head of Marketing, Client Services &amp; Distribution. In her various positions, she was responsible for the support of existing investors and marketing activities of the companies and raised capital for funds and projects.<\/p>\n<p>Kn\u00f6pke will work from Hamburg and report directly to Justin O'Connor, Chief Executive Officer of Savills IM. Her main focus will be to develop relationships with institutional investors in Germany, Austria and Switzerland and to raise capital for new funds.<\/p>\n<p>Savills IM in Europe currently employs more than 250 people and manages real estate assets of around 14 billion euros (CHF 15 billion).  (ah)<\/p>","protected":false},"excerpt":{"rendered":"<p>Savills Investment Management (Savills IM) has appointed Rena Kn\u00f6pke as Head of Business Development for German-speaking countries in Europe.<\/p>","protected":false},"author":1,"featured_media":5086,"comment_status":"open","ping_status":"open","sticky":false,"template":"","format":"standard","meta":{"_acf_changed":false,"_yoast_wpseo_focuskw":"DACH-Region","_yoast_wpseo_title":"","_yoast_wpseo_metadesc":"Savills Investment Management (Savills IM) hat Rena Kn\u00f6pke zum Head of Business Development f\u00fcr die deutschsprachigen L\u00e4nder in Europa ernannt.","_yoast_wpseo_linkdex":50,"pgc_sgb_lightbox_settings":"","footnotes":""},"categories":[1],"tags":[1563,1564],"class_list":["post-520","post","type-post","status-publish","format-standard","has-post-thumbnail","hentry","category-allgemein","tag-personalia","tag-personalien"],"acf":[],"yoast_head":"<!-- This site is optimized with the Yoast SEO plugin v27.5 - https:\/\/yoast.com\/product\/yoast-seo-wordpress\/ -->\n<title>Savills IM: Neuer Head of BD f\u00fcr die DACH-Region - IMMOBILIEN Business<\/title>\n<meta name=\"description\" content=\"Savills Investment Management (Savills IM) hat Rena Kn\u00f6pke zum Head of Business Development f\u00fcr die deutschsprachigen L\u00e4nder in Europa ernannt.\" \/>\n<meta name=\"robots\" content=\"index, follow, max-snippet:-1, max-image-preview:large, max-video-preview:-1\" \/>\n<link rel=\"canonical\" href=\"https:\/\/www.immobilienbusiness.ch\/en\/allgemein\/2016-11-22\/savills-im-neuer-head-of-bd-fuer-die-dach-region\/\" \/>\n<meta property=\"og:locale\" content=\"en_US\" \/>\n<meta property=\"og:type\" content=\"article\" \/>\n<meta property=\"og:title\" content=\"Savills IM: Neuer Head of BD f\u00fcr die DACH-Region\" \/>\n<meta property=\"og:description\" content=\"Savills Investment Management (Savills IM) hat Rena Kn\u00f6pke zum Head of Business Development f\u00fcr die deutschsprachigen L\u00e4nder in Europa ernannt.\" \/>\n<meta property=\"og:url\" content=\"https:\/\/www.immobilienbusiness.ch\/en\/allgemein\/2016-11-22\/savills-im-neuer-head-of-bd-fuer-die-dach-region\/\" \/>\n<meta property=\"og:site_name\" content=\"IMMOBILIEN Business\" \/>\n<meta property=\"article:publisher\" content=\"https:\/\/www.facebook.com\/immobilienbusiness\/\" \/>\n<meta property=\"article:published_time\" content=\"2016-11-22T07:00:52+00:00\" \/>\n<meta name=\"author\" content=\"Redaktion\" \/>\n<meta name=\"twitter:card\" content=\"summary_large_image\" \/>\n<meta name=\"twitter:image\" content=\"https:\/\/www.immobilienbusiness.ch\/wp-content\/uploads\/2016\/11\/Savills-IM-Neuer-Head-of-BD-fuer-die-DACH-Region-immobilien-business.jpg\" \/>\n<script type=\"application\/ld+json\" class=\"yoast-schema-graph\">{\"@context\":\"https:\\\/\\\/schema.org\",\"@graph\":[{\"@type\":\"Article\",\"@id\":\"https:\\\/\\\/www.immobilienbusiness.ch\\\/allgemein\\\/2016-11-22\\\/savills-im-neuer-head-of-bd-fuer-die-dach-region\\\/#article\",\"isPartOf\":{\"@id\":\"https:\\\/\\\/www.immobilienbusiness.ch\\\/allgemein\\\/2016-11-22\\\/savills-im-neuer-head-of-bd-fuer-die-dach-region\\\/\"},\"author\":{\"name\":\"Redaktion\",\"@id\":\"https:\\\/\\\/www.immobilienbusiness.ch\\\/#\\\/schema\\\/person\\\/aa2bace6c5c5aad60102004a50c4eb1c\"},\"headline\":\"Savills IM: Neuer Head of BD f\u00fcr die DACH-Region\",\"datePublished\":\"2016-11-22T07:00:52+00:00\",\"mainEntityOfPage\":{\"@id\":\"https:\\\/\\\/www.immobilienbusiness.ch\\\/allgemein\\\/2016-11-22\\\/savills-im-neuer-head-of-bd-fuer-die-dach-region\\\/\"},\"wordCount\":185,\"commentCount\":0,\"publisher\":{\"@id\":\"https:\\\/\\\/www.immobilienbusiness.ch\\\/#organization\"},\"image\":{\"@id\":\"https:\\\/\\\/www.immobilienbusiness.ch\\\/allgemein\\\/2016-11-22\\\/savills-im-neuer-head-of-bd-fuer-die-dach-region\\\/#primaryimage\"},\"thumbnailUrl\":\"https:\\\/\\\/www.immobilienbusiness.ch\\\/wp-content\\\/uploads\\\/2016\\\/11\\\/Savills-IM-Neuer-Head-of-BD-fuer-die-DACH-Region-immobilien-business.jpg\",\"keywords\":[\"Personalia\",\"Personalien\"],\"articleSection\":[\"Allgemein\"],\"inLanguage\":\"en-US\"},{\"@type\":\"WebPage\",\"@id\":\"https:\\\/\\\/www.immobilienbusiness.ch\\\/allgemein\\\/2016-11-22\\\/savills-im-neuer-head-of-bd-fuer-die-dach-region\\\/\",\"url\":\"https:\\\/\\\/www.immobilienbusiness.ch\\\/allgemein\\\/2016-11-22\\\/savills-im-neuer-head-of-bd-fuer-die-dach-region\\\/\",\"name\":\"Savills IM: Neuer Head of BD f\u00fcr die DACH-Region - IMMOBILIEN Business\",\"isPartOf\":{\"@id\":\"https:\\\/\\\/www.immobilienbusiness.ch\\\/#website\"},\"primaryImageOfPage\":{\"@id\":\"https:\\\/\\\/www.immobilienbusiness.ch\\\/allgemein\\\/2016-11-22\\\/savills-im-neuer-head-of-bd-fuer-die-dach-region\\\/#primaryimage\"},\"image\":{\"@id\":\"https:\\\/\\\/www.immobilienbusiness.ch\\\/allgemein\\\/2016-11-22\\\/savills-im-neuer-head-of-bd-fuer-die-dach-region\\\/#primaryimage\"},\"thumbnailUrl\":\"https:\\\/\\\/www.immobilienbusiness.ch\\\/wp-content\\\/uploads\\\/2016\\\/11\\\/Savills-IM-Neuer-Head-of-BD-fuer-die-DACH-Region-immobilien-business.jpg\",\"datePublished\":\"2016-11-22T07:00:52+00:00\",\"description\":\"Savills Investment Management (Savills IM) hat Rena Kn\u00f6pke zum Head of Business Development f\u00fcr die deutschsprachigen L\u00e4nder in Europa ernannt.\",\"breadcrumb\":{\"@id\":\"https:\\\/\\\/www.immobilienbusiness.ch\\\/allgemein\\\/2016-11-22\\\/savills-im-neuer-head-of-bd-fuer-die-dach-region\\\/#breadcrumb\"},\"inLanguage\":\"en-US\",\"potentialAction\":[{\"@type\":\"ReadAction\",\"target\":[\"https:\\\/\\\/www.immobilienbusiness.ch\\\/allgemein\\\/2016-11-22\\\/savills-im-neuer-head-of-bd-fuer-die-dach-region\\\/\"]}]},{\"@type\":\"ImageObject\",\"inLanguage\":\"en-US\",\"@id\":\"https:\\\/\\\/www.immobilienbusiness.ch\\\/allgemein\\\/2016-11-22\\\/savills-im-neuer-head-of-bd-fuer-die-dach-region\\\/#primaryimage\",\"url\":\"https:\\\/\\\/www.immobilienbusiness.ch\\\/wp-content\\\/uploads\\\/2016\\\/11\\\/Savills-IM-Neuer-Head-of-BD-fuer-die-DACH-Region-immobilien-business.jpg\",\"contentUrl\":\"https:\\\/\\\/www.immobilienbusiness.ch\\\/wp-content\\\/uploads\\\/2016\\\/11\\\/Savills-IM-Neuer-Head-of-BD-fuer-die-DACH-Region-immobilien-business.jpg\",\"width\":709,\"height\":1063,\"caption\":\"Rena K\u00f6pke, Head of BD bei Savills IM (Foto: Savills IM)\"},{\"@type\":\"BreadcrumbList\",\"@id\":\"https:\\\/\\\/www.immobilienbusiness.ch\\\/allgemein\\\/2016-11-22\\\/savills-im-neuer-head-of-bd-fuer-die-dach-region\\\/#breadcrumb\",\"itemListElement\":[{\"@type\":\"ListItem\",\"position\":1,\"name\":\"Home\",\"item\":\"https:\\\/\\\/www.immobilienbusiness.ch\\\/\"},{\"@type\":\"ListItem\",\"position\":2,\"name\":\"Savills IM: Neuer Head of BD f\u00fcr die DACH-Region\"}]},{\"@type\":\"WebSite\",\"@id\":\"https:\\\/\\\/www.immobilienbusiness.ch\\\/#website\",\"url\":\"https:\\\/\\\/www.immobilienbusiness.ch\\\/\",\"name\":\"IMMOBILIEN Business\",\"description\":\"Unabh\u00e4ngiges Schweizer Wirtschaftsmagazin mit Fokus auf Immobilien, Architektur- und Bau sowie Investment- und Finanzierung.\",\"publisher\":{\"@id\":\"https:\\\/\\\/www.immobilienbusiness.ch\\\/#organization\"},\"potentialAction\":[{\"@type\":\"SearchAction\",\"target\":{\"@type\":\"EntryPoint\",\"urlTemplate\":\"https:\\\/\\\/www.immobilienbusiness.ch\\\/?s={search_term_string}\"},\"query-input\":{\"@type\":\"PropertyValueSpecification\",\"valueRequired\":true,\"valueName\":\"search_term_string\"}}],\"inLanguage\":\"en-US\"},{\"@type\":\"Organization\",\"@id\":\"https:\\\/\\\/www.immobilienbusiness.ch\\\/#organization\",\"name\":\"IMMOBILIEN Business\",\"url\":\"https:\\\/\\\/www.immobilienbusiness.ch\\\/\",\"logo\":{\"@type\":\"ImageObject\",\"inLanguage\":\"en-US\",\"@id\":\"https:\\\/\\\/www.immobilienbusiness.ch\\\/#\\\/schema\\\/logo\\\/image\\\/\",\"url\":\"https:\\\/\\\/www.immobilienbusiness.ch\\\/wp-content\\\/uploads\\\/2021\\\/07\\\/logo_ib.png\",\"contentUrl\":\"https:\\\/\\\/www.immobilienbusiness.ch\\\/wp-content\\\/uploads\\\/2021\\\/07\\\/logo_ib.png\",\"width\":800,\"height\":181,\"caption\":\"IMMOBILIEN Business\"},\"image\":{\"@id\":\"https:\\\/\\\/www.immobilienbusiness.ch\\\/#\\\/schema\\\/logo\\\/image\\\/\"},\"sameAs\":[\"https:\\\/\\\/www.facebook.com\\\/immobilienbusiness\\\/\"]},{\"@type\":\"Person\",\"@id\":\"https:\\\/\\\/www.immobilienbusiness.ch\\\/#\\\/schema\\\/person\\\/aa2bace6c5c5aad60102004a50c4eb1c\",\"name\":\"Redaktion\",\"image\":{\"@type\":\"ImageObject\",\"inLanguage\":\"en-US\",\"@id\":\"https:\\\/\\\/secure.gravatar.com\\\/avatar\\\/ae2f4d718e6c49043e314ce431e7e645d646302a24a5ef5a8bc8e3f5a032e319?s=96&d=mm&r=g\",\"url\":\"https:\\\/\\\/secure.gravatar.com\\\/avatar\\\/ae2f4d718e6c49043e314ce431e7e645d646302a24a5ef5a8bc8e3f5a032e319?s=96&d=mm&r=g\",\"contentUrl\":\"https:\\\/\\\/secure.gravatar.com\\\/avatar\\\/ae2f4d718e6c49043e314ce431e7e645d646302a24a5ef5a8bc8e3f5a032e319?s=96&d=mm&r=g\",\"caption\":\"Redaktion\"},\"sameAs\":[\"http:\\\/\\\/develop.organisator.galledia.ch\"],\"url\":\"https:\\\/\\\/www.immobilienbusiness.ch\\\/en\\\/author\\\/admin\\\/\"}]}<\/script>\n<!-- \/ Yoast SEO plugin. -->","yoast_head_json":{"title":"Savills IM: Neuer Head of BD f\u00fcr die DACH-Region - IMMOBILIEN Business","description":"Savills Investment Management (Savills IM) has appointed Rena Kn\u00f6pke as Head of Business Development for German-speaking countries in Europe.","robots":{"index":"index","follow":"follow","max-snippet":"max-snippet:-1","max-image-preview":"max-image-preview:large","max-video-preview":"max-video-preview:-1"},"canonical":"https:\/\/www.immobilienbusiness.ch\/en\/allgemein\/2016-11-22\/savills-im-neuer-head-of-bd-fuer-die-dach-region\/","og_locale":"en_US","og_type":"article","og_title":"Savills IM: Neuer Head of BD f\u00fcr die DACH-Region","og_description":"Savills Investment Management (Savills IM) hat Rena Kn\u00f6pke zum Head of Business Development f\u00fcr die deutschsprachigen L\u00e4nder in Europa ernannt.","og_url":"https:\/\/www.immobilienbusiness.ch\/en\/allgemein\/2016-11-22\/savills-im-neuer-head-of-bd-fuer-die-dach-region\/","og_site_name":"IMMOBILIEN Business","article_publisher":"https:\/\/www.facebook.com\/immobilienbusiness\/","article_published_time":"2016-11-22T07:00:52+00:00","author":"Redaktion","twitter_card":"summary_large_image","twitter_image":"https:\/\/www.immobilienbusiness.ch\/wp-content\/uploads\/2016\/11\/Savills-IM-Neuer-Head-of-BD-fuer-die-DACH-Region-immobilien-business.jpg","schema":{"@context":"https:\/\/schema.org","@graph":[{"@type":"Article","@id":"https:\/\/www.immobilienbusiness.ch\/allgemein\/2016-11-22\/savills-im-neuer-head-of-bd-fuer-die-dach-region\/#article","isPartOf":{"@id":"https:\/\/www.immobilienbusiness.ch\/allgemein\/2016-11-22\/savills-im-neuer-head-of-bd-fuer-die-dach-region\/"},"author":{"name":"Redaktion","@id":"https:\/\/www.immobilienbusiness.ch\/#\/schema\/person\/aa2bace6c5c5aad60102004a50c4eb1c"},"headline":"Savills IM: Neuer Head of BD f\u00fcr die DACH-Region","datePublished":"2016-11-22T07:00:52+00:00","mainEntityOfPage":{"@id":"https:\/\/www.immobilienbusiness.ch\/allgemein\/2016-11-22\/savills-im-neuer-head-of-bd-fuer-die-dach-region\/"},"wordCount":185,"commentCount":0,"publisher":{"@id":"https:\/\/www.immobilienbusiness.ch\/#organization"},"image":{"@id":"https:\/\/www.immobilienbusiness.ch\/allgemein\/2016-11-22\/savills-im-neuer-head-of-bd-fuer-die-dach-region\/#primaryimage"},"thumbnailUrl":"https:\/\/www.immobilienbusiness.ch\/wp-content\/uploads\/2016\/11\/Savills-IM-Neuer-Head-of-BD-fuer-die-DACH-Region-immobilien-business.jpg","keywords":["Personalia","Personalien"],"articleSection":["Allgemein"],"inLanguage":"en-US"},{"@type":"WebPage","@id":"https:\/\/www.immobilienbusiness.ch\/allgemein\/2016-11-22\/savills-im-neuer-head-of-bd-fuer-die-dach-region\/","url":"https:\/\/www.immobilienbusiness.ch\/allgemein\/2016-11-22\/savills-im-neuer-head-of-bd-fuer-die-dach-region\/","name":"Savills IM: Neuer Head of BD f\u00fcr die DACH-Region - IMMOBILIEN Business","isPartOf":{"@id":"https:\/\/www.immobilienbusiness.ch\/#website"},"primaryImageOfPage":{"@id":"https:\/\/www.immobilienbusiness.ch\/allgemein\/2016-11-22\/savills-im-neuer-head-of-bd-fuer-die-dach-region\/#primaryimage"},"image":{"@id":"https:\/\/www.immobilienbusiness.ch\/allgemein\/2016-11-22\/savills-im-neuer-head-of-bd-fuer-die-dach-region\/#primaryimage"},"thumbnailUrl":"https:\/\/www.immobilienbusiness.ch\/wp-content\/uploads\/2016\/11\/Savills-IM-Neuer-Head-of-BD-fuer-die-DACH-Region-immobilien-business.jpg","datePublished":"2016-11-22T07:00:52+00:00","description":"Savills Investment Management (Savills IM) has appointed Rena Kn\u00f6pke as Head of Business Development for German-speaking countries in Europe.","breadcrumb":{"@id":"https:\/\/www.immobilienbusiness.ch\/allgemein\/2016-11-22\/savills-im-neuer-head-of-bd-fuer-die-dach-region\/#breadcrumb"},"inLanguage":"en-US","potentialAction":[{"@type":"ReadAction","target":["https:\/\/www.immobilienbusiness.ch\/allgemein\/2016-11-22\/savills-im-neuer-head-of-bd-fuer-die-dach-region\/"]}]},{"@type":"ImageObject","inLanguage":"en-US","@id":"https:\/\/www.immobilienbusiness.ch\/allgemein\/2016-11-22\/savills-im-neuer-head-of-bd-fuer-die-dach-region\/#primaryimage","url":"https:\/\/www.immobilienbusiness.ch\/wp-content\/uploads\/2016\/11\/Savills-IM-Neuer-Head-of-BD-fuer-die-DACH-Region-immobilien-business.jpg","contentUrl":"https:\/\/www.immobilienbusiness.ch\/wp-content\/uploads\/2016\/11\/Savills-IM-Neuer-Head-of-BD-fuer-die-DACH-Region-immobilien-business.jpg","width":709,"height":1063,"caption":"Rena K\u00f6pke, Head of BD bei Savills IM (Foto: Savills IM)"},{"@type":"BreadcrumbList","@id":"https:\/\/www.immobilienbusiness.ch\/allgemein\/2016-11-22\/savills-im-neuer-head-of-bd-fuer-die-dach-region\/#breadcrumb","itemListElement":[{"@type":"ListItem","position":1,"name":"Home","item":"https:\/\/www.immobilienbusiness.ch\/"},{"@type":"ListItem","position":2,"name":"Savills IM: Neuer Head of BD f\u00fcr die DACH-Region"}]},{"@type":"WebSite","@id":"https:\/\/www.immobilienbusiness.ch\/#website","url":"https:\/\/www.immobilienbusiness.ch\/","name":"REAL ESTATE Business","description":"Independent Swiss business magazine focusing on real estate, architecture and construction as well as investment and financing.","publisher":{"@id":"https:\/\/www.immobilienbusiness.ch\/#organization"},"potentialAction":[{"@type":"SearchAction","target":{"@type":"EntryPoint","urlTemplate":"https:\/\/www.immobilienbusiness.ch\/?s={search_term_string}"},"query-input":{"@type":"PropertyValueSpecification","valueRequired":true,"valueName":"search_term_string"}}],"inLanguage":"en-US"},{"@type":"Organization","@id":"https:\/\/www.immobilienbusiness.ch\/#organization","name":"REAL ESTATE Business","url":"https:\/\/www.immobilienbusiness.ch\/","logo":{"@type":"ImageObject","inLanguage":"en-US","@id":"https:\/\/www.immobilienbusiness.ch\/#\/schema\/logo\/image\/","url":"https:\/\/www.immobilienbusiness.ch\/wp-content\/uploads\/2021\/07\/logo_ib.png","contentUrl":"https:\/\/www.immobilienbusiness.ch\/wp-content\/uploads\/2021\/07\/logo_ib.png","width":800,"height":181,"caption":"IMMOBILIEN Business"},"image":{"@id":"https:\/\/www.immobilienbusiness.ch\/#\/schema\/logo\/image\/"},"sameAs":["https:\/\/www.facebook.com\/immobilienbusiness\/"]},{"@type":"Person","@id":"https:\/\/www.immobilienbusiness.ch\/#\/schema\/person\/aa2bace6c5c5aad60102004a50c4eb1c","name":"Editorial","image":{"@type":"ImageObject","inLanguage":"en-US","@id":"https:\/\/secure.gravatar.com\/avatar\/ae2f4d718e6c49043e314ce431e7e645d646302a24a5ef5a8bc8e3f5a032e319?s=96&d=mm&r=g","url":"https:\/\/secure.gravatar.com\/avatar\/ae2f4d718e6c49043e314ce431e7e645d646302a24a5ef5a8bc8e3f5a032e319?s=96&d=mm&r=g","contentUrl":"https:\/\/secure.gravatar.com\/avatar\/ae2f4d718e6c49043e314ce431e7e645d646302a24a5ef5a8bc8e3f5a032e319?s=96&d=mm&r=g","caption":"Redaktion"},"sameAs":["http:\/\/develop.organisator.galledia.ch"],"url":"https:\/\/www.immobilienbusiness.ch\/en\/author\/admin\/"}]}},"_links":{"self":[{"href":"https:\/\/www.immobilienbusiness.ch\/en\/wp-json\/wp\/v2\/posts\/520","targetHints":{"allow":["GET"]}}],"collection":[{"href":"https:\/\/www.immobilienbusiness.ch\/en\/wp-json\/wp\/v2\/posts"}],"about":[{"href":"https:\/\/www.immobilienbusiness.ch\/en\/wp-json\/wp\/v2\/types\/post"}],"author":[{"embeddable":true,"href":"https:\/\/www.immobilienbusiness.ch\/en\/wp-json\/wp\/v2\/users\/1"}],"replies":[{"embeddable":true,"href":"https:\/\/www.immobilienbusiness.ch\/en\/wp-json\/wp\/v2\/comments?post=520"}],"version-history":[{"count":0,"href":"https:\/\/www.immobilienbusiness.ch\/en\/wp-json\/wp\/v2\/posts\/520\/revisions"}],"wp:featuredmedia":[{"embeddable":true,"href":"https:\/\/www.immobilienbusiness.ch\/en\/wp-json\/wp\/v2\/media\/5086"}],"wp:attachment":[{"href":"https:\/\/www.immobilienbusiness.ch\/en\/wp-json\/wp\/v2\/media?parent=520"}],"wp:term":[{"taxonomy":"category","embeddable":true,"href":"https:\/\/www.immobilienbusiness.ch\/en\/wp-json\/wp\/v2\/categories?post=520"},{"taxonomy":"post_tag","embeddable":true,"href":"https:\/\/www.immobilienbusiness.ch\/en\/wp-json\/wp\/v2\/tags?post=520"}],"curies":[{"name":"wp","href":"https:\/\/api.w.org\/{rel}","templated":true}]}}