{"id":514,"date":"2016-11-22T08:56:59","date_gmt":"2016-11-22T07:56:59","guid":{"rendered":"http:\/\/dev.immobilienbusiness.ch\/?p=514"},"modified":"2016-11-22T08:56:59","modified_gmt":"2016-11-22T07:56:59","slug":"baustart-fuer-gesundheitszentrum-in-adligenswil","status":"publish","type":"post","link":"https:\/\/www.immobilienbusiness.ch\/en\/residential\/2016-11-22\/baustart-fuer-gesundheitszentrum-in-adligenswil\/","title":{"rendered":"Start of construction for health centre in Adligenswil"},"content":{"rendered":"<figure id=\"attachment_5082\" aria-describedby=\"caption-attachment-5082\" style=\"width: 254px\" class=\"wp-caption alignnone\"><img loading=\"lazy\" decoding=\"async\" class=\"wp-image-5082 size-full\" src=\"https:\/\/immobilienbusiness.ch\/wp-content\/uploads\/2016\/11\/Baustart-f\u00fcr-Gesundheitszentrum-in-Adligenswil-immobilien-business.png\" width=\"254\" height=\"254\" \/><figcaption id=\"caption-attachment-5082\" class=\"wp-caption-text\">(\u00a9 Alpenfahnen AGGewerbering 265610 Wohlen via Wikimedia Commons, CC BY 3.0)<\/figcaption><\/figure>\n<p>By 2019, two apartment buildings with 46 wheelchair-accessible apartments (1.5 to 3.5 rooms) will be built on the Riedbach site, as well as a care center with 56 inpatient places. The investment volume amounts to CHF 52.66 million.<\/p>\n<p>The developer of the center is the \"Wohnen und Leben am Riedbach\" cooperative, which was founded in March of this year. It is realizing the construction project and will subsequently be responsible for renting out the retirement apartments. The general contractor is Anliker AG. (ah)<\/p>","protected":false},"excerpt":{"rendered":"<p>The ground-breaking ceremony for the new retirement and health center in the Lucerne municipality of Adligenswil took place on November 17. A development with 100 apartments and care places is being built.<\/p>","protected":false},"author":1,"featured_media":5082,"comment_status":"open","ping_status":"open","sticky":false,"template":"","format":"standard","meta":{"_acf_changed":false,"_yoast_wpseo_focuskw":"Gesundheitszentrum","_yoast_wpseo_title":"","_yoast_wpseo_metadesc":"Spatenstich f\u00fcr das Alters- und Gesundheitszentrum in der Luzerner Gemeinde Adligenswil: Es entsteht eine \u00dcberbauung mit 100 Wohnungen und Pflegepl\u00e4tzen.","_yoast_wpseo_linkdex":49,"pgc_sgb_lightbox_settings":"","footnotes":""},"categories":[986],"tags":[1459,1639,1714,1862],"class_list":["post-514","post","type-post","status-publish","format-standard","has-post-thumbnail","hentry","category-residential","tag-luzern","tag-residential","tag-spezial-immobilien","tag-wohnen"],"acf":[],"yoast_head":"<!-- This site is optimized with the Yoast SEO plugin v27.4 - https:\/\/yoast.com\/product\/yoast-seo-wordpress\/ -->\n<title>Baustart f\u00fcr Gesundheitszentrum in Adligenswil - IMMOBILIEN Business<\/title>\n<meta name=\"description\" content=\"Spatenstich f\u00fcr das Alters- und Gesundheitszentrum in der Luzerner Gemeinde Adligenswil: Es entsteht eine \u00dcberbauung mit 100 Wohnungen und Pflegepl\u00e4tzen.\" \/>\n<meta name=\"robots\" content=\"index, follow, max-snippet:-1, max-image-preview:large, max-video-preview:-1\" \/>\n<link rel=\"canonical\" href=\"https:\/\/www.immobilienbusiness.ch\/en\/residential\/2016-11-22\/baustart-fuer-gesundheitszentrum-in-adligenswil\/\" \/>\n<meta property=\"og:locale\" content=\"en_US\" \/>\n<meta property=\"og:type\" content=\"article\" \/>\n<meta property=\"og:title\" content=\"Baustart f\u00fcr Gesundheitszentrum in Adligenswil\" \/>\n<meta property=\"og:description\" content=\"Am 17. November ist der Spatenstich f\u00fcr das neue Alters- und Gesundheitszentrum in der Luzerner Gemeinde Adligenswil gefeiert worden. Es entsteht eine \u00dcberbauung mit 100 Wohnungen und Pflegepl\u00e4tzen.\" \/>\n<meta property=\"og:url\" content=\"https:\/\/www.immobilienbusiness.ch\/en\/residential\/2016-11-22\/baustart-fuer-gesundheitszentrum-in-adligenswil\/\" \/>\n<meta property=\"og:site_name\" content=\"IMMOBILIEN Business\" \/>\n<meta property=\"article:publisher\" content=\"https:\/\/www.facebook.com\/immobilienbusiness\/\" \/>\n<meta property=\"article:published_time\" content=\"2016-11-22T07:56:59+00:00\" \/>\n<meta name=\"author\" content=\"Redaktion\" \/>\n<meta name=\"twitter:card\" content=\"summary_large_image\" \/>\n<meta name=\"twitter:image\" content=\"https:\/\/www.immobilienbusiness.ch\/wp-content\/uploads\/2016\/11\/Baustart-fuer-Gesundheitszentrum-in-Adligenswil-immobilien-business.png\" \/>\n<script type=\"application\/ld+json\" class=\"yoast-schema-graph\">{\"@context\":\"https:\\\/\\\/schema.org\",\"@graph\":[{\"@type\":\"Article\",\"@id\":\"https:\\\/\\\/www.immobilienbusiness.ch\\\/residential\\\/2016-11-22\\\/baustart-fuer-gesundheitszentrum-in-adligenswil\\\/#article\",\"isPartOf\":{\"@id\":\"https:\\\/\\\/www.immobilienbusiness.ch\\\/residential\\\/2016-11-22\\\/baustart-fuer-gesundheitszentrum-in-adligenswil\\\/\"},\"author\":{\"name\":\"Redaktion\",\"@id\":\"https:\\\/\\\/www.immobilienbusiness.ch\\\/#\\\/schema\\\/person\\\/aa2bace6c5c5aad60102004a50c4eb1c\"},\"headline\":\"Baustart f\u00fcr Gesundheitszentrum in Adligenswil\",\"datePublished\":\"2016-11-22T07:56:59+00:00\",\"mainEntityOfPage\":{\"@id\":\"https:\\\/\\\/www.immobilienbusiness.ch\\\/residential\\\/2016-11-22\\\/baustart-fuer-gesundheitszentrum-in-adligenswil\\\/\"},\"wordCount\":90,\"commentCount\":0,\"publisher\":{\"@id\":\"https:\\\/\\\/www.immobilienbusiness.ch\\\/#organization\"},\"image\":{\"@id\":\"https:\\\/\\\/www.immobilienbusiness.ch\\\/residential\\\/2016-11-22\\\/baustart-fuer-gesundheitszentrum-in-adligenswil\\\/#primaryimage\"},\"thumbnailUrl\":\"https:\\\/\\\/www.immobilienbusiness.ch\\\/wp-content\\\/uploads\\\/2016\\\/11\\\/Baustart-fuer-Gesundheitszentrum-in-Adligenswil-immobilien-business.png\",\"keywords\":[\"Luzern\",\"Residential\",\"Spezial Immobilien\",\"Wohnen\"],\"articleSection\":[\"RESIDENTIAL\"],\"inLanguage\":\"en-US\"},{\"@type\":\"WebPage\",\"@id\":\"https:\\\/\\\/www.immobilienbusiness.ch\\\/residential\\\/2016-11-22\\\/baustart-fuer-gesundheitszentrum-in-adligenswil\\\/\",\"url\":\"https:\\\/\\\/www.immobilienbusiness.ch\\\/residential\\\/2016-11-22\\\/baustart-fuer-gesundheitszentrum-in-adligenswil\\\/\",\"name\":\"Baustart f\u00fcr Gesundheitszentrum in Adligenswil - IMMOBILIEN Business\",\"isPartOf\":{\"@id\":\"https:\\\/\\\/www.immobilienbusiness.ch\\\/#website\"},\"primaryImageOfPage\":{\"@id\":\"https:\\\/\\\/www.immobilienbusiness.ch\\\/residential\\\/2016-11-22\\\/baustart-fuer-gesundheitszentrum-in-adligenswil\\\/#primaryimage\"},\"image\":{\"@id\":\"https:\\\/\\\/www.immobilienbusiness.ch\\\/residential\\\/2016-11-22\\\/baustart-fuer-gesundheitszentrum-in-adligenswil\\\/#primaryimage\"},\"thumbnailUrl\":\"https:\\\/\\\/www.immobilienbusiness.ch\\\/wp-content\\\/uploads\\\/2016\\\/11\\\/Baustart-fuer-Gesundheitszentrum-in-Adligenswil-immobilien-business.png\",\"datePublished\":\"2016-11-22T07:56:59+00:00\",\"description\":\"Spatenstich f\u00fcr das Alters- und Gesundheitszentrum in der Luzerner Gemeinde Adligenswil: Es entsteht eine \u00dcberbauung mit 100 Wohnungen und Pflegepl\u00e4tzen.\",\"breadcrumb\":{\"@id\":\"https:\\\/\\\/www.immobilienbusiness.ch\\\/residential\\\/2016-11-22\\\/baustart-fuer-gesundheitszentrum-in-adligenswil\\\/#breadcrumb\"},\"inLanguage\":\"en-US\",\"potentialAction\":[{\"@type\":\"ReadAction\",\"target\":[\"https:\\\/\\\/www.immobilienbusiness.ch\\\/residential\\\/2016-11-22\\\/baustart-fuer-gesundheitszentrum-in-adligenswil\\\/\"]}]},{\"@type\":\"ImageObject\",\"inLanguage\":\"en-US\",\"@id\":\"https:\\\/\\\/www.immobilienbusiness.ch\\\/residential\\\/2016-11-22\\\/baustart-fuer-gesundheitszentrum-in-adligenswil\\\/#primaryimage\",\"url\":\"https:\\\/\\\/www.immobilienbusiness.ch\\\/wp-content\\\/uploads\\\/2016\\\/11\\\/Baustart-fuer-Gesundheitszentrum-in-Adligenswil-immobilien-business.png\",\"contentUrl\":\"https:\\\/\\\/www.immobilienbusiness.ch\\\/wp-content\\\/uploads\\\/2016\\\/11\\\/Baustart-fuer-Gesundheitszentrum-in-Adligenswil-immobilien-business.png\",\"width\":254,\"height\":254,\"caption\":\"(\u00a9 Alpenfahnen AGGewerbering 265610 Wohlen via Wikimedia Commons, CC BY 3.0)\"},{\"@type\":\"BreadcrumbList\",\"@id\":\"https:\\\/\\\/www.immobilienbusiness.ch\\\/residential\\\/2016-11-22\\\/baustart-fuer-gesundheitszentrum-in-adligenswil\\\/#breadcrumb\",\"itemListElement\":[{\"@type\":\"ListItem\",\"position\":1,\"name\":\"Home\",\"item\":\"https:\\\/\\\/www.immobilienbusiness.ch\\\/\"},{\"@type\":\"ListItem\",\"position\":2,\"name\":\"Baustart f\u00fcr Gesundheitszentrum in Adligenswil\"}]},{\"@type\":\"WebSite\",\"@id\":\"https:\\\/\\\/www.immobilienbusiness.ch\\\/#website\",\"url\":\"https:\\\/\\\/www.immobilienbusiness.ch\\\/\",\"name\":\"IMMOBILIEN Business\",\"description\":\"Unabh\u00e4ngiges Schweizer Wirtschaftsmagazin mit Fokus auf Immobilien, Architektur- und Bau sowie Investment- und Finanzierung.\",\"publisher\":{\"@id\":\"https:\\\/\\\/www.immobilienbusiness.ch\\\/#organization\"},\"potentialAction\":[{\"@type\":\"SearchAction\",\"target\":{\"@type\":\"EntryPoint\",\"urlTemplate\":\"https:\\\/\\\/www.immobilienbusiness.ch\\\/?s={search_term_string}\"},\"query-input\":{\"@type\":\"PropertyValueSpecification\",\"valueRequired\":true,\"valueName\":\"search_term_string\"}}],\"inLanguage\":\"en-US\"},{\"@type\":\"Organization\",\"@id\":\"https:\\\/\\\/www.immobilienbusiness.ch\\\/#organization\",\"name\":\"IMMOBILIEN Business\",\"url\":\"https:\\\/\\\/www.immobilienbusiness.ch\\\/\",\"logo\":{\"@type\":\"ImageObject\",\"inLanguage\":\"en-US\",\"@id\":\"https:\\\/\\\/www.immobilienbusiness.ch\\\/#\\\/schema\\\/logo\\\/image\\\/\",\"url\":\"https:\\\/\\\/www.immobilienbusiness.ch\\\/wp-content\\\/uploads\\\/2021\\\/07\\\/logo_ib.png\",\"contentUrl\":\"https:\\\/\\\/www.immobilienbusiness.ch\\\/wp-content\\\/uploads\\\/2021\\\/07\\\/logo_ib.png\",\"width\":800,\"height\":181,\"caption\":\"IMMOBILIEN Business\"},\"image\":{\"@id\":\"https:\\\/\\\/www.immobilienbusiness.ch\\\/#\\\/schema\\\/logo\\\/image\\\/\"},\"sameAs\":[\"https:\\\/\\\/www.facebook.com\\\/immobilienbusiness\\\/\"]},{\"@type\":\"Person\",\"@id\":\"https:\\\/\\\/www.immobilienbusiness.ch\\\/#\\\/schema\\\/person\\\/aa2bace6c5c5aad60102004a50c4eb1c\",\"name\":\"Redaktion\",\"image\":{\"@type\":\"ImageObject\",\"inLanguage\":\"en-US\",\"@id\":\"https:\\\/\\\/secure.gravatar.com\\\/avatar\\\/ae2f4d718e6c49043e314ce431e7e645d646302a24a5ef5a8bc8e3f5a032e319?s=96&d=mm&r=g\",\"url\":\"https:\\\/\\\/secure.gravatar.com\\\/avatar\\\/ae2f4d718e6c49043e314ce431e7e645d646302a24a5ef5a8bc8e3f5a032e319?s=96&d=mm&r=g\",\"contentUrl\":\"https:\\\/\\\/secure.gravatar.com\\\/avatar\\\/ae2f4d718e6c49043e314ce431e7e645d646302a24a5ef5a8bc8e3f5a032e319?s=96&d=mm&r=g\",\"caption\":\"Redaktion\"},\"sameAs\":[\"http:\\\/\\\/develop.organisator.galledia.ch\"],\"url\":\"https:\\\/\\\/www.immobilienbusiness.ch\\\/en\\\/author\\\/admin\\\/\"}]}<\/script>\n<!-- \/ Yoast SEO plugin. -->","yoast_head_json":{"title":"Baustart f\u00fcr Gesundheitszentrum in Adligenswil - IMMOBILIEN Business","description":"Spatenstich f\u00fcr das Alters- und Gesundheitszentrum in der Luzerner Gemeinde Adligenswil: Es entsteht eine \u00dcberbauung mit 100 Wohnungen und Pflegepl\u00e4tzen.","robots":{"index":"index","follow":"follow","max-snippet":"max-snippet:-1","max-image-preview":"max-image-preview:large","max-video-preview":"max-video-preview:-1"},"canonical":"https:\/\/www.immobilienbusiness.ch\/en\/residential\/2016-11-22\/baustart-fuer-gesundheitszentrum-in-adligenswil\/","og_locale":"en_US","og_type":"article","og_title":"Baustart f\u00fcr Gesundheitszentrum in Adligenswil","og_description":"Am 17. November ist der Spatenstich f\u00fcr das neue Alters- und Gesundheitszentrum in der Luzerner Gemeinde Adligenswil gefeiert worden. Es entsteht eine \u00dcberbauung mit 100 Wohnungen und Pflegepl\u00e4tzen.","og_url":"https:\/\/www.immobilienbusiness.ch\/en\/residential\/2016-11-22\/baustart-fuer-gesundheitszentrum-in-adligenswil\/","og_site_name":"IMMOBILIEN Business","article_publisher":"https:\/\/www.facebook.com\/immobilienbusiness\/","article_published_time":"2016-11-22T07:56:59+00:00","author":"Redaktion","twitter_card":"summary_large_image","twitter_image":"https:\/\/www.immobilienbusiness.ch\/wp-content\/uploads\/2016\/11\/Baustart-fuer-Gesundheitszentrum-in-Adligenswil-immobilien-business.png","schema":{"@context":"https:\/\/schema.org","@graph":[{"@type":"Article","@id":"https:\/\/www.immobilienbusiness.ch\/residential\/2016-11-22\/baustart-fuer-gesundheitszentrum-in-adligenswil\/#article","isPartOf":{"@id":"https:\/\/www.immobilienbusiness.ch\/residential\/2016-11-22\/baustart-fuer-gesundheitszentrum-in-adligenswil\/"},"author":{"name":"Redaktion","@id":"https:\/\/www.immobilienbusiness.ch\/#\/schema\/person\/aa2bace6c5c5aad60102004a50c4eb1c"},"headline":"Baustart f\u00fcr Gesundheitszentrum in Adligenswil","datePublished":"2016-11-22T07:56:59+00:00","mainEntityOfPage":{"@id":"https:\/\/www.immobilienbusiness.ch\/residential\/2016-11-22\/baustart-fuer-gesundheitszentrum-in-adligenswil\/"},"wordCount":90,"commentCount":0,"publisher":{"@id":"https:\/\/www.immobilienbusiness.ch\/#organization"},"image":{"@id":"https:\/\/www.immobilienbusiness.ch\/residential\/2016-11-22\/baustart-fuer-gesundheitszentrum-in-adligenswil\/#primaryimage"},"thumbnailUrl":"https:\/\/www.immobilienbusiness.ch\/wp-content\/uploads\/2016\/11\/Baustart-fuer-Gesundheitszentrum-in-Adligenswil-immobilien-business.png","keywords":["Luzern","Residential","Spezial Immobilien","Wohnen"],"articleSection":["RESIDENTIAL"],"inLanguage":"en-US"},{"@type":"WebPage","@id":"https:\/\/www.immobilienbusiness.ch\/residential\/2016-11-22\/baustart-fuer-gesundheitszentrum-in-adligenswil\/","url":"https:\/\/www.immobilienbusiness.ch\/residential\/2016-11-22\/baustart-fuer-gesundheitszentrum-in-adligenswil\/","name":"Baustart f\u00fcr Gesundheitszentrum in Adligenswil - IMMOBILIEN Business","isPartOf":{"@id":"https:\/\/www.immobilienbusiness.ch\/#website"},"primaryImageOfPage":{"@id":"https:\/\/www.immobilienbusiness.ch\/residential\/2016-11-22\/baustart-fuer-gesundheitszentrum-in-adligenswil\/#primaryimage"},"image":{"@id":"https:\/\/www.immobilienbusiness.ch\/residential\/2016-11-22\/baustart-fuer-gesundheitszentrum-in-adligenswil\/#primaryimage"},"thumbnailUrl":"https:\/\/www.immobilienbusiness.ch\/wp-content\/uploads\/2016\/11\/Baustart-fuer-Gesundheitszentrum-in-Adligenswil-immobilien-business.png","datePublished":"2016-11-22T07:56:59+00:00","description":"Spatenstich f\u00fcr das Alters- und Gesundheitszentrum in der Luzerner Gemeinde Adligenswil: Es entsteht eine \u00dcberbauung mit 100 Wohnungen und Pflegepl\u00e4tzen.","breadcrumb":{"@id":"https:\/\/www.immobilienbusiness.ch\/residential\/2016-11-22\/baustart-fuer-gesundheitszentrum-in-adligenswil\/#breadcrumb"},"inLanguage":"en-US","potentialAction":[{"@type":"ReadAction","target":["https:\/\/www.immobilienbusiness.ch\/residential\/2016-11-22\/baustart-fuer-gesundheitszentrum-in-adligenswil\/"]}]},{"@type":"ImageObject","inLanguage":"en-US","@id":"https:\/\/www.immobilienbusiness.ch\/residential\/2016-11-22\/baustart-fuer-gesundheitszentrum-in-adligenswil\/#primaryimage","url":"https:\/\/www.immobilienbusiness.ch\/wp-content\/uploads\/2016\/11\/Baustart-fuer-Gesundheitszentrum-in-Adligenswil-immobilien-business.png","contentUrl":"https:\/\/www.immobilienbusiness.ch\/wp-content\/uploads\/2016\/11\/Baustart-fuer-Gesundheitszentrum-in-Adligenswil-immobilien-business.png","width":254,"height":254,"caption":"(\u00a9 Alpenfahnen AGGewerbering 265610 Wohlen via Wikimedia Commons, CC BY 3.0)"},{"@type":"BreadcrumbList","@id":"https:\/\/www.immobilienbusiness.ch\/residential\/2016-11-22\/baustart-fuer-gesundheitszentrum-in-adligenswil\/#breadcrumb","itemListElement":[{"@type":"ListItem","position":1,"name":"Home","item":"https:\/\/www.immobilienbusiness.ch\/"},{"@type":"ListItem","position":2,"name":"Baustart f\u00fcr Gesundheitszentrum in Adligenswil"}]},{"@type":"WebSite","@id":"https:\/\/www.immobilienbusiness.ch\/#website","url":"https:\/\/www.immobilienbusiness.ch\/","name":"REAL ESTATE Business","description":"Independent Swiss business magazine focusing on real estate, architecture and construction as well as investment and financing.","publisher":{"@id":"https:\/\/www.immobilienbusiness.ch\/#organization"},"potentialAction":[{"@type":"SearchAction","target":{"@type":"EntryPoint","urlTemplate":"https:\/\/www.immobilienbusiness.ch\/?s={search_term_string}"},"query-input":{"@type":"PropertyValueSpecification","valueRequired":true,"valueName":"search_term_string"}}],"inLanguage":"en-US"},{"@type":"Organization","@id":"https:\/\/www.immobilienbusiness.ch\/#organization","name":"REAL ESTATE Business","url":"https:\/\/www.immobilienbusiness.ch\/","logo":{"@type":"ImageObject","inLanguage":"en-US","@id":"https:\/\/www.immobilienbusiness.ch\/#\/schema\/logo\/image\/","url":"https:\/\/www.immobilienbusiness.ch\/wp-content\/uploads\/2021\/07\/logo_ib.png","contentUrl":"https:\/\/www.immobilienbusiness.ch\/wp-content\/uploads\/2021\/07\/logo_ib.png","width":800,"height":181,"caption":"IMMOBILIEN Business"},"image":{"@id":"https:\/\/www.immobilienbusiness.ch\/#\/schema\/logo\/image\/"},"sameAs":["https:\/\/www.facebook.com\/immobilienbusiness\/"]},{"@type":"Person","@id":"https:\/\/www.immobilienbusiness.ch\/#\/schema\/person\/aa2bace6c5c5aad60102004a50c4eb1c","name":"Editorial","image":{"@type":"ImageObject","inLanguage":"en-US","@id":"https:\/\/secure.gravatar.com\/avatar\/ae2f4d718e6c49043e314ce431e7e645d646302a24a5ef5a8bc8e3f5a032e319?s=96&d=mm&r=g","url":"https:\/\/secure.gravatar.com\/avatar\/ae2f4d718e6c49043e314ce431e7e645d646302a24a5ef5a8bc8e3f5a032e319?s=96&d=mm&r=g","contentUrl":"https:\/\/secure.gravatar.com\/avatar\/ae2f4d718e6c49043e314ce431e7e645d646302a24a5ef5a8bc8e3f5a032e319?s=96&d=mm&r=g","caption":"Redaktion"},"sameAs":["http:\/\/develop.organisator.galledia.ch"],"url":"https:\/\/www.immobilienbusiness.ch\/en\/author\/admin\/"}]}},"_links":{"self":[{"href":"https:\/\/www.immobilienbusiness.ch\/en\/wp-json\/wp\/v2\/posts\/514","targetHints":{"allow":["GET"]}}],"collection":[{"href":"https:\/\/www.immobilienbusiness.ch\/en\/wp-json\/wp\/v2\/posts"}],"about":[{"href":"https:\/\/www.immobilienbusiness.ch\/en\/wp-json\/wp\/v2\/types\/post"}],"author":[{"embeddable":true,"href":"https:\/\/www.immobilienbusiness.ch\/en\/wp-json\/wp\/v2\/users\/1"}],"replies":[{"embeddable":true,"href":"https:\/\/www.immobilienbusiness.ch\/en\/wp-json\/wp\/v2\/comments?post=514"}],"version-history":[{"count":0,"href":"https:\/\/www.immobilienbusiness.ch\/en\/wp-json\/wp\/v2\/posts\/514\/revisions"}],"wp:featuredmedia":[{"embeddable":true,"href":"https:\/\/www.immobilienbusiness.ch\/en\/wp-json\/wp\/v2\/media\/5082"}],"wp:attachment":[{"href":"https:\/\/www.immobilienbusiness.ch\/en\/wp-json\/wp\/v2\/media?parent=514"}],"wp:term":[{"taxonomy":"category","embeddable":true,"href":"https:\/\/www.immobilienbusiness.ch\/en\/wp-json\/wp\/v2\/categories?post=514"},{"taxonomy":"post_tag","embeddable":true,"href":"https:\/\/www.immobilienbusiness.ch\/en\/wp-json\/wp\/v2\/tags?post=514"}],"curies":[{"name":"wp","href":"https:\/\/api.w.org\/{rel}","templated":true}]}}