{"id":47445,"date":"2023-06-21T06:26:25","date_gmt":"2023-06-21T04:26:25","guid":{"rendered":"https:\/\/www.immobilienbusiness.ch\/?p=47445"},"modified":"2023-06-22T19:00:26","modified_gmt":"2023-06-22T17:00:26","slug":"electra-expansion-mit-schnell-ladestationen-in-die-schweiz","status":"publish","type":"post","link":"https:\/\/www.immobilienbusiness.ch\/en\/unternehmen\/2023-06-21\/electra-expansion-mit-schnell-ladestationen-in-die-schweiz\/","title":{"rendered":"Electra: Expansion with fast-charging stations in Switzerland"},"content":{"rendered":"<figure id=\"attachment_47446\" aria-describedby=\"caption-attachment-47446\" style=\"width: 776px\" class=\"wp-caption alignnone\"><a href=\"https:\/\/www.immobilienbusiness.ch\/wp-content\/uploads\/2023\/06\/Elektra.png\"><img loading=\"lazy\" decoding=\"async\" class=\"wp-image-47446 size-full\" src=\"https:\/\/www.immobilienbusiness.ch\/wp-content\/uploads\/2023\/06\/Elektra.png\" alt=\"Electra\" width=\"776\" height=\"492\" srcset=\"https:\/\/www.immobilienbusiness.ch\/wp-content\/uploads\/2023\/06\/Elektra.png 776w, https:\/\/www.immobilienbusiness.ch\/wp-content\/uploads\/2023\/06\/Elektra-300x190.png 300w, https:\/\/www.immobilienbusiness.ch\/wp-content\/uploads\/2023\/06\/Elektra-768x487.png 768w, https:\/\/www.immobilienbusiness.ch\/wp-content\/uploads\/2023\/06\/Elektra-18x12.png 18w, https:\/\/www.immobilienbusiness.ch\/wp-content\/uploads\/2023\/06\/Elektra-375x238.png 375w, https:\/\/www.immobilienbusiness.ch\/wp-content\/uploads\/2023\/06\/Elektra-552x350.png 552w\" sizes=\"auto, (max-width: 776px) 100vw, 776px\" \/><\/a><figcaption id=\"caption-attachment-47446\" class=\"wp-caption-text\">The Swiss market for charging stations still offers a lot of potential, says French specialist Electra (Image: zVg)<\/figcaption><\/figure>\n<p>According to Electra, the aim is to put the first stations into operation after the summer vacations and to open 100 locations in Switzerland and Austria by 2026. According to the French start-up, the potential for fast-charging infrastructure has not been exhausted in these two countries. It already operates 260 charging points and is currently installing several hundred in larger urban areas, freeways and airports.<\/p>\n<p>In Belgium, the company equips the parking lots of large corporations such as the hotel giant Accor, Louvre Hotels and Primonial REIM France with charging stations. To finance the expansion, 175 million euros have been raised over the past two years and several hundred million euros have been secured. The aim is to offer a network of over 8,000 fast-charging points throughout Europe by 2030. <i>(aw)<\/i><\/p>","protected":false},"excerpt":{"rendered":"<p>Electra, a French specialist for fast charging of electric vehicles, wants to expand its network to Switzerland and Austria.<\/p>","protected":false},"author":102,"featured_media":47446,"comment_status":"closed","ping_status":"closed","sticky":false,"template":"","format":"standard","meta":{"_acf_changed":false,"_yoast_wpseo_focuskw":"Electra","_yoast_wpseo_title":"","_yoast_wpseo_metadesc":"Electra, der franz\u00f6sische Spezialist f\u00fcr das schnelle Aufladen von Elektrofahrzeugen, will nun sein Netz auf die Schweiz und \u00d6sterreich ausdehnen.","_yoast_wpseo_linkdex":60,"pgc_sgb_lightbox_settings":"","footnotes":""},"categories":[988],"tags":[2244,2245,1365],"class_list":["post-47445","post","type-post","status-publish","format-standard","has-post-thumbnail","hentry","category-unternehmen","tag-electra","tag-elektro-mobilitaet","tag-infrastruktur"],"acf":[],"yoast_head":"<!-- This site is optimized with the Yoast SEO plugin v27.4 - https:\/\/yoast.com\/product\/yoast-seo-wordpress\/ -->\n<title>Electra: Expansion mit Schnell-Ladestationen in die Schweiz - IMMOBILIEN Business<\/title>\n<meta name=\"description\" content=\"Electra, der franz\u00f6sische Spezialist f\u00fcr das schnelle Aufladen von Elektrofahrzeugen, will nun sein Netz auf die Schweiz und \u00d6sterreich ausdehnen.\" \/>\n<meta name=\"robots\" content=\"index, follow, max-snippet:-1, max-image-preview:large, max-video-preview:-1\" \/>\n<link rel=\"canonical\" href=\"https:\/\/www.immobilienbusiness.ch\/en\/unternehmen\/2023-06-21\/electra-expansion-mit-schnell-ladestationen-in-die-schweiz\/\" \/>\n<meta property=\"og:locale\" content=\"en_US\" \/>\n<meta property=\"og:type\" content=\"article\" \/>\n<meta property=\"og:title\" content=\"Electra: Expansion mit Schnell-Ladestationen in die Schweiz - IMMOBILIEN Business\" \/>\n<meta property=\"og:description\" content=\"Electra, der franz\u00f6sische Spezialist f\u00fcr das schnelle Aufladen von Elektrofahrzeugen, will nun sein Netz auf die Schweiz und \u00d6sterreich ausdehnen.\" \/>\n<meta property=\"og:url\" content=\"https:\/\/www.immobilienbusiness.ch\/en\/unternehmen\/2023-06-21\/electra-expansion-mit-schnell-ladestationen-in-die-schweiz\/\" \/>\n<meta property=\"og:site_name\" content=\"IMMOBILIEN Business\" \/>\n<meta property=\"article:publisher\" content=\"https:\/\/www.facebook.com\/immobilienbusiness\/\" \/>\n<meta property=\"article:published_time\" content=\"2023-06-21T04:26:25+00:00\" \/>\n<meta property=\"article:modified_time\" content=\"2023-06-22T17:00:26+00:00\" \/>\n<meta property=\"og:image\" content=\"https:\/\/www.immobilienbusiness.ch\/wp-content\/uploads\/2023\/06\/Elektra.png\" \/>\n\t<meta property=\"og:image:width\" content=\"776\" \/>\n\t<meta property=\"og:image:height\" content=\"492\" \/>\n\t<meta property=\"og:image:type\" content=\"image\/png\" \/>\n<meta name=\"author\" content=\"Alexander Wachter\" \/>\n<meta name=\"twitter:card\" content=\"summary_large_image\" \/>\n<script type=\"application\/ld+json\" class=\"yoast-schema-graph\">{\"@context\":\"https:\\\/\\\/schema.org\",\"@graph\":[{\"@type\":\"Article\",\"@id\":\"https:\\\/\\\/www.immobilienbusiness.ch\\\/fr\\\/unternehmen\\\/2023-06-21\\\/electra-expansion-mit-schnell-ladestationen-in-die-schweiz\\\/#article\",\"isPartOf\":{\"@id\":\"https:\\\/\\\/www.immobilienbusiness.ch\\\/fr\\\/unternehmen\\\/2023-06-21\\\/electra-expansion-mit-schnell-ladestationen-in-die-schweiz\\\/\"},\"author\":{\"name\":\"Alexander Wachter\",\"@id\":\"https:\\\/\\\/www.immobilienbusiness.ch\\\/#\\\/schema\\\/person\\\/aba8bea2db926aa0c24c08c43fe1fcd5\"},\"headline\":\"Electra: Expansion mit Schnell-Ladestationen in die Schweiz\",\"datePublished\":\"2023-06-21T04:26:25+00:00\",\"dateModified\":\"2023-06-22T17:00:26+00:00\",\"mainEntityOfPage\":{\"@id\":\"https:\\\/\\\/www.immobilienbusiness.ch\\\/fr\\\/unternehmen\\\/2023-06-21\\\/electra-expansion-mit-schnell-ladestationen-in-die-schweiz\\\/\"},\"wordCount\":162,\"publisher\":{\"@id\":\"https:\\\/\\\/www.immobilienbusiness.ch\\\/#organization\"},\"image\":{\"@id\":\"https:\\\/\\\/www.immobilienbusiness.ch\\\/fr\\\/unternehmen\\\/2023-06-21\\\/electra-expansion-mit-schnell-ladestationen-in-die-schweiz\\\/#primaryimage\"},\"thumbnailUrl\":\"https:\\\/\\\/www.immobilienbusiness.ch\\\/wp-content\\\/uploads\\\/2023\\\/06\\\/Elektra.png\",\"keywords\":[\"Electra\",\"Elektro-Mobilit\u00e4t\",\"Infrastruktur\"],\"articleSection\":[\"UNTERNEHMEN\"],\"inLanguage\":\"en-US\"},{\"@type\":\"WebPage\",\"@id\":\"https:\\\/\\\/www.immobilienbusiness.ch\\\/fr\\\/unternehmen\\\/2023-06-21\\\/electra-expansion-mit-schnell-ladestationen-in-die-schweiz\\\/\",\"url\":\"https:\\\/\\\/www.immobilienbusiness.ch\\\/fr\\\/unternehmen\\\/2023-06-21\\\/electra-expansion-mit-schnell-ladestationen-in-die-schweiz\\\/\",\"name\":\"Electra: Expansion mit Schnell-Ladestationen in die Schweiz - IMMOBILIEN Business\",\"isPartOf\":{\"@id\":\"https:\\\/\\\/www.immobilienbusiness.ch\\\/#website\"},\"primaryImageOfPage\":{\"@id\":\"https:\\\/\\\/www.immobilienbusiness.ch\\\/fr\\\/unternehmen\\\/2023-06-21\\\/electra-expansion-mit-schnell-ladestationen-in-die-schweiz\\\/#primaryimage\"},\"image\":{\"@id\":\"https:\\\/\\\/www.immobilienbusiness.ch\\\/fr\\\/unternehmen\\\/2023-06-21\\\/electra-expansion-mit-schnell-ladestationen-in-die-schweiz\\\/#primaryimage\"},\"thumbnailUrl\":\"https:\\\/\\\/www.immobilienbusiness.ch\\\/wp-content\\\/uploads\\\/2023\\\/06\\\/Elektra.png\",\"datePublished\":\"2023-06-21T04:26:25+00:00\",\"dateModified\":\"2023-06-22T17:00:26+00:00\",\"description\":\"Electra, der franz\u00f6sische Spezialist f\u00fcr das schnelle Aufladen von Elektrofahrzeugen, will nun sein Netz auf die Schweiz und \u00d6sterreich ausdehnen.\",\"breadcrumb\":{\"@id\":\"https:\\\/\\\/www.immobilienbusiness.ch\\\/fr\\\/unternehmen\\\/2023-06-21\\\/electra-expansion-mit-schnell-ladestationen-in-die-schweiz\\\/#breadcrumb\"},\"inLanguage\":\"en-US\",\"potentialAction\":[{\"@type\":\"ReadAction\",\"target\":[\"https:\\\/\\\/www.immobilienbusiness.ch\\\/fr\\\/unternehmen\\\/2023-06-21\\\/electra-expansion-mit-schnell-ladestationen-in-die-schweiz\\\/\"]}]},{\"@type\":\"ImageObject\",\"inLanguage\":\"en-US\",\"@id\":\"https:\\\/\\\/www.immobilienbusiness.ch\\\/fr\\\/unternehmen\\\/2023-06-21\\\/electra-expansion-mit-schnell-ladestationen-in-die-schweiz\\\/#primaryimage\",\"url\":\"https:\\\/\\\/www.immobilienbusiness.ch\\\/wp-content\\\/uploads\\\/2023\\\/06\\\/Elektra.png\",\"contentUrl\":\"https:\\\/\\\/www.immobilienbusiness.ch\\\/wp-content\\\/uploads\\\/2023\\\/06\\\/Elektra.png\",\"width\":776,\"height\":492,\"caption\":\"Der Schweizer Markt f\u00fcr Ladestationen bietet noch viel Potenzial, sagt der franz\u00f6sische Spezialist Electra (Bild: zVg)\"},{\"@type\":\"BreadcrumbList\",\"@id\":\"https:\\\/\\\/www.immobilienbusiness.ch\\\/fr\\\/unternehmen\\\/2023-06-21\\\/electra-expansion-mit-schnell-ladestationen-in-die-schweiz\\\/#breadcrumb\",\"itemListElement\":[{\"@type\":\"ListItem\",\"position\":1,\"name\":\"Home\",\"item\":\"https:\\\/\\\/www.immobilienbusiness.ch\\\/\"},{\"@type\":\"ListItem\",\"position\":2,\"name\":\"Electra: Expansion mit Schnell-Ladestationen in die Schweiz\"}]},{\"@type\":\"WebSite\",\"@id\":\"https:\\\/\\\/www.immobilienbusiness.ch\\\/#website\",\"url\":\"https:\\\/\\\/www.immobilienbusiness.ch\\\/\",\"name\":\"IMMOBILIEN Business\",\"description\":\"Unabh\u00e4ngiges Schweizer Wirtschaftsmagazin mit Fokus auf Immobilien, Architektur- und Bau sowie Investment- und Finanzierung.\",\"publisher\":{\"@id\":\"https:\\\/\\\/www.immobilienbusiness.ch\\\/#organization\"},\"potentialAction\":[{\"@type\":\"SearchAction\",\"target\":{\"@type\":\"EntryPoint\",\"urlTemplate\":\"https:\\\/\\\/www.immobilienbusiness.ch\\\/?s={search_term_string}\"},\"query-input\":{\"@type\":\"PropertyValueSpecification\",\"valueRequired\":true,\"valueName\":\"search_term_string\"}}],\"inLanguage\":\"en-US\"},{\"@type\":\"Organization\",\"@id\":\"https:\\\/\\\/www.immobilienbusiness.ch\\\/#organization\",\"name\":\"IMMOBILIEN Business\",\"url\":\"https:\\\/\\\/www.immobilienbusiness.ch\\\/\",\"logo\":{\"@type\":\"ImageObject\",\"inLanguage\":\"en-US\",\"@id\":\"https:\\\/\\\/www.immobilienbusiness.ch\\\/#\\\/schema\\\/logo\\\/image\\\/\",\"url\":\"https:\\\/\\\/www.immobilienbusiness.ch\\\/wp-content\\\/uploads\\\/2021\\\/07\\\/logo_ib.png\",\"contentUrl\":\"https:\\\/\\\/www.immobilienbusiness.ch\\\/wp-content\\\/uploads\\\/2021\\\/07\\\/logo_ib.png\",\"width\":800,\"height\":181,\"caption\":\"IMMOBILIEN Business\"},\"image\":{\"@id\":\"https:\\\/\\\/www.immobilienbusiness.ch\\\/#\\\/schema\\\/logo\\\/image\\\/\"},\"sameAs\":[\"https:\\\/\\\/www.facebook.com\\\/immobilienbusiness\\\/\"]},{\"@type\":\"Person\",\"@id\":\"https:\\\/\\\/www.immobilienbusiness.ch\\\/#\\\/schema\\\/person\\\/aba8bea2db926aa0c24c08c43fe1fcd5\",\"name\":\"Alexander Wachter\",\"image\":{\"@type\":\"ImageObject\",\"inLanguage\":\"en-US\",\"@id\":\"https:\\\/\\\/secure.gravatar.com\\\/avatar\\\/1a09e471f5389b0e0a6416eac287e0927c7c97a7b77f9e787eba3af7aee281dd?s=96&d=mm&r=g\",\"url\":\"https:\\\/\\\/secure.gravatar.com\\\/avatar\\\/1a09e471f5389b0e0a6416eac287e0927c7c97a7b77f9e787eba3af7aee281dd?s=96&d=mm&r=g\",\"contentUrl\":\"https:\\\/\\\/secure.gravatar.com\\\/avatar\\\/1a09e471f5389b0e0a6416eac287e0927c7c97a7b77f9e787eba3af7aee281dd?s=96&d=mm&r=g\",\"caption\":\"Alexander Wachter\"},\"url\":\"https:\\\/\\\/www.immobilienbusiness.ch\\\/en\\\/author\\\/alexander-wachter\\\/\"}]}<\/script>\n<!-- \/ Yoast SEO plugin. -->","yoast_head_json":{"title":"Electra: Expansion with fast-charging stations in Switzerland - IMMOBILIEN Business","description":"Electra, the French specialist for fast charging of electric vehicles, now wants to expand its network to Switzerland and Austria.","robots":{"index":"index","follow":"follow","max-snippet":"max-snippet:-1","max-image-preview":"max-image-preview:large","max-video-preview":"max-video-preview:-1"},"canonical":"https:\/\/www.immobilienbusiness.ch\/en\/unternehmen\/2023-06-21\/electra-expansion-mit-schnell-ladestationen-in-die-schweiz\/","og_locale":"en_US","og_type":"article","og_title":"Electra: Expansion mit Schnell-Ladestationen in die Schweiz - IMMOBILIEN Business","og_description":"Electra, der franz\u00f6sische Spezialist f\u00fcr das schnelle Aufladen von Elektrofahrzeugen, will nun sein Netz auf die Schweiz und \u00d6sterreich ausdehnen.","og_url":"https:\/\/www.immobilienbusiness.ch\/en\/unternehmen\/2023-06-21\/electra-expansion-mit-schnell-ladestationen-in-die-schweiz\/","og_site_name":"IMMOBILIEN Business","article_publisher":"https:\/\/www.facebook.com\/immobilienbusiness\/","article_published_time":"2023-06-21T04:26:25+00:00","article_modified_time":"2023-06-22T17:00:26+00:00","og_image":[{"width":776,"height":492,"url":"https:\/\/www.immobilienbusiness.ch\/wp-content\/uploads\/2023\/06\/Elektra.png","type":"image\/png"}],"author":"Alexander Wachter","twitter_card":"summary_large_image","schema":{"@context":"https:\/\/schema.org","@graph":[{"@type":"Article","@id":"https:\/\/www.immobilienbusiness.ch\/fr\/unternehmen\/2023-06-21\/electra-expansion-mit-schnell-ladestationen-in-die-schweiz\/#article","isPartOf":{"@id":"https:\/\/www.immobilienbusiness.ch\/fr\/unternehmen\/2023-06-21\/electra-expansion-mit-schnell-ladestationen-in-die-schweiz\/"},"author":{"name":"Alexander Wachter","@id":"https:\/\/www.immobilienbusiness.ch\/#\/schema\/person\/aba8bea2db926aa0c24c08c43fe1fcd5"},"headline":"Electra: Expansion mit Schnell-Ladestationen in die Schweiz","datePublished":"2023-06-21T04:26:25+00:00","dateModified":"2023-06-22T17:00:26+00:00","mainEntityOfPage":{"@id":"https:\/\/www.immobilienbusiness.ch\/fr\/unternehmen\/2023-06-21\/electra-expansion-mit-schnell-ladestationen-in-die-schweiz\/"},"wordCount":162,"publisher":{"@id":"https:\/\/www.immobilienbusiness.ch\/#organization"},"image":{"@id":"https:\/\/www.immobilienbusiness.ch\/fr\/unternehmen\/2023-06-21\/electra-expansion-mit-schnell-ladestationen-in-die-schweiz\/#primaryimage"},"thumbnailUrl":"https:\/\/www.immobilienbusiness.ch\/wp-content\/uploads\/2023\/06\/Elektra.png","keywords":["Electra","Elektro-Mobilit\u00e4t","Infrastruktur"],"articleSection":["UNTERNEHMEN"],"inLanguage":"en-US"},{"@type":"WebPage","@id":"https:\/\/www.immobilienbusiness.ch\/fr\/unternehmen\/2023-06-21\/electra-expansion-mit-schnell-ladestationen-in-die-schweiz\/","url":"https:\/\/www.immobilienbusiness.ch\/fr\/unternehmen\/2023-06-21\/electra-expansion-mit-schnell-ladestationen-in-die-schweiz\/","name":"Electra: Expansion with fast-charging stations in Switzerland - IMMOBILIEN Business","isPartOf":{"@id":"https:\/\/www.immobilienbusiness.ch\/#website"},"primaryImageOfPage":{"@id":"https:\/\/www.immobilienbusiness.ch\/fr\/unternehmen\/2023-06-21\/electra-expansion-mit-schnell-ladestationen-in-die-schweiz\/#primaryimage"},"image":{"@id":"https:\/\/www.immobilienbusiness.ch\/fr\/unternehmen\/2023-06-21\/electra-expansion-mit-schnell-ladestationen-in-die-schweiz\/#primaryimage"},"thumbnailUrl":"https:\/\/www.immobilienbusiness.ch\/wp-content\/uploads\/2023\/06\/Elektra.png","datePublished":"2023-06-21T04:26:25+00:00","dateModified":"2023-06-22T17:00:26+00:00","description":"Electra, the French specialist for fast charging of electric vehicles, now wants to expand its network to Switzerland and Austria.","breadcrumb":{"@id":"https:\/\/www.immobilienbusiness.ch\/fr\/unternehmen\/2023-06-21\/electra-expansion-mit-schnell-ladestationen-in-die-schweiz\/#breadcrumb"},"inLanguage":"en-US","potentialAction":[{"@type":"ReadAction","target":["https:\/\/www.immobilienbusiness.ch\/fr\/unternehmen\/2023-06-21\/electra-expansion-mit-schnell-ladestationen-in-die-schweiz\/"]}]},{"@type":"ImageObject","inLanguage":"en-US","@id":"https:\/\/www.immobilienbusiness.ch\/fr\/unternehmen\/2023-06-21\/electra-expansion-mit-schnell-ladestationen-in-die-schweiz\/#primaryimage","url":"https:\/\/www.immobilienbusiness.ch\/wp-content\/uploads\/2023\/06\/Elektra.png","contentUrl":"https:\/\/www.immobilienbusiness.ch\/wp-content\/uploads\/2023\/06\/Elektra.png","width":776,"height":492,"caption":"Der Schweizer Markt f\u00fcr Ladestationen bietet noch viel Potenzial, sagt der franz\u00f6sische Spezialist Electra (Bild: zVg)"},{"@type":"BreadcrumbList","@id":"https:\/\/www.immobilienbusiness.ch\/fr\/unternehmen\/2023-06-21\/electra-expansion-mit-schnell-ladestationen-in-die-schweiz\/#breadcrumb","itemListElement":[{"@type":"ListItem","position":1,"name":"Home","item":"https:\/\/www.immobilienbusiness.ch\/"},{"@type":"ListItem","position":2,"name":"Electra: Expansion mit Schnell-Ladestationen in die Schweiz"}]},{"@type":"WebSite","@id":"https:\/\/www.immobilienbusiness.ch\/#website","url":"https:\/\/www.immobilienbusiness.ch\/","name":"REAL ESTATE Business","description":"Independent Swiss business magazine focusing on real estate, architecture and construction as well as investment and financing.","publisher":{"@id":"https:\/\/www.immobilienbusiness.ch\/#organization"},"potentialAction":[{"@type":"SearchAction","target":{"@type":"EntryPoint","urlTemplate":"https:\/\/www.immobilienbusiness.ch\/?s={search_term_string}"},"query-input":{"@type":"PropertyValueSpecification","valueRequired":true,"valueName":"search_term_string"}}],"inLanguage":"en-US"},{"@type":"Organization","@id":"https:\/\/www.immobilienbusiness.ch\/#organization","name":"REAL ESTATE Business","url":"https:\/\/www.immobilienbusiness.ch\/","logo":{"@type":"ImageObject","inLanguage":"en-US","@id":"https:\/\/www.immobilienbusiness.ch\/#\/schema\/logo\/image\/","url":"https:\/\/www.immobilienbusiness.ch\/wp-content\/uploads\/2021\/07\/logo_ib.png","contentUrl":"https:\/\/www.immobilienbusiness.ch\/wp-content\/uploads\/2021\/07\/logo_ib.png","width":800,"height":181,"caption":"IMMOBILIEN Business"},"image":{"@id":"https:\/\/www.immobilienbusiness.ch\/#\/schema\/logo\/image\/"},"sameAs":["https:\/\/www.facebook.com\/immobilienbusiness\/"]},{"@type":"Person","@id":"https:\/\/www.immobilienbusiness.ch\/#\/schema\/person\/aba8bea2db926aa0c24c08c43fe1fcd5","name":"Alexander Wachter","image":{"@type":"ImageObject","inLanguage":"en-US","@id":"https:\/\/secure.gravatar.com\/avatar\/1a09e471f5389b0e0a6416eac287e0927c7c97a7b77f9e787eba3af7aee281dd?s=96&d=mm&r=g","url":"https:\/\/secure.gravatar.com\/avatar\/1a09e471f5389b0e0a6416eac287e0927c7c97a7b77f9e787eba3af7aee281dd?s=96&d=mm&r=g","contentUrl":"https:\/\/secure.gravatar.com\/avatar\/1a09e471f5389b0e0a6416eac287e0927c7c97a7b77f9e787eba3af7aee281dd?s=96&d=mm&r=g","caption":"Alexander Wachter"},"url":"https:\/\/www.immobilienbusiness.ch\/en\/author\/alexander-wachter\/"}]}},"_links":{"self":[{"href":"https:\/\/www.immobilienbusiness.ch\/en\/wp-json\/wp\/v2\/posts\/47445","targetHints":{"allow":["GET"]}}],"collection":[{"href":"https:\/\/www.immobilienbusiness.ch\/en\/wp-json\/wp\/v2\/posts"}],"about":[{"href":"https:\/\/www.immobilienbusiness.ch\/en\/wp-json\/wp\/v2\/types\/post"}],"author":[{"embeddable":true,"href":"https:\/\/www.immobilienbusiness.ch\/en\/wp-json\/wp\/v2\/users\/102"}],"replies":[{"embeddable":true,"href":"https:\/\/www.immobilienbusiness.ch\/en\/wp-json\/wp\/v2\/comments?post=47445"}],"version-history":[{"count":4,"href":"https:\/\/www.immobilienbusiness.ch\/en\/wp-json\/wp\/v2\/posts\/47445\/revisions"}],"predecessor-version":[{"id":47642,"href":"https:\/\/www.immobilienbusiness.ch\/en\/wp-json\/wp\/v2\/posts\/47445\/revisions\/47642"}],"wp:featuredmedia":[{"embeddable":true,"href":"https:\/\/www.immobilienbusiness.ch\/en\/wp-json\/wp\/v2\/media\/47446"}],"wp:attachment":[{"href":"https:\/\/www.immobilienbusiness.ch\/en\/wp-json\/wp\/v2\/media?parent=47445"}],"wp:term":[{"taxonomy":"category","embeddable":true,"href":"https:\/\/www.immobilienbusiness.ch\/en\/wp-json\/wp\/v2\/categories?post=47445"},{"taxonomy":"post_tag","embeddable":true,"href":"https:\/\/www.immobilienbusiness.ch\/en\/wp-json\/wp\/v2\/tags?post=47445"}],"curies":[{"name":"wp","href":"https:\/\/api.w.org\/{rel}","templated":true}]}}