{"id":47020,"date":"2023-05-17T08:02:20","date_gmt":"2023-05-17T06:02:20","guid":{"rendered":"https:\/\/www.immobilienbusiness.ch\/?p=47020"},"modified":"2023-06-22T17:08:33","modified_gmt":"2023-06-22T15:08:33","slug":"sfp-funds-ag-co-ceo-remo-thomas-marti-hoert-auf","status":"publish","type":"post","link":"https:\/\/www.immobilienbusiness.ch\/en\/personalia\/2023-05-17\/sfp-funds-ag-co-ceo-remo-thomas-marti-hoert-auf\/","title":{"rendered":"SFP Funds AG: Co-CEO Remo Thomas Marti steps down"},"content":{"rendered":"<p><a href=\"https:\/\/www.immobilienbusiness.ch\/wp-content\/uploads\/2023\/05\/2023-05-17_sfp-group_mm_de.pdf\">2023-05-17_sfp-group_mm_de<\/a><\/p>\n<figure id=\"attachment_47025\" aria-describedby=\"caption-attachment-47025\" style=\"width: 486px\" class=\"wp-caption alignnone\"><a href=\"https:\/\/www.immobilienbusiness.ch\/wp-content\/uploads\/2023\/05\/Thomas-Marti.png\"><img loading=\"lazy\" decoding=\"async\" class=\"wp-image-47025 size-full\" src=\"https:\/\/www.immobilienbusiness.ch\/wp-content\/uploads\/2023\/05\/Thomas-Marti.png\" alt=\"SFP Funds AG\" width=\"486\" height=\"392\" srcset=\"https:\/\/www.immobilienbusiness.ch\/wp-content\/uploads\/2023\/05\/Thomas-Marti.png 486w, https:\/\/www.immobilienbusiness.ch\/wp-content\/uploads\/2023\/05\/Thomas-Marti-300x242.png 300w, https:\/\/www.immobilienbusiness.ch\/wp-content\/uploads\/2023\/05\/Thomas-Marti-15x12.png 15w, https:\/\/www.immobilienbusiness.ch\/wp-content\/uploads\/2023\/05\/Thomas-Marti-372x300.png 372w, https:\/\/www.immobilienbusiness.ch\/wp-content\/uploads\/2023\/05\/Thomas-Marti-434x350.png 434w\" sizes=\"auto, (max-width: 486px) 100vw, 486px\" \/><\/a><figcaption id=\"caption-attachment-47025\" class=\"wp-caption-text\">Remo Thomas Marti (Image: SFP Funds AG)<\/figcaption><\/figure>\n<p>Remo Thomas Marti has been working for SFP Funds AG for eight years. He initially worked as a Portfolio Manager and later as Head of Direct Real Estate Funds. His promotion to Co-CEO was announced in mid-April <a href=\"https:\/\/www.immobilienbusiness.ch\/en\/personalia\/2023-04-13\/sfp-group-aenderungen-im-vr-und-neue-co-ceos-der-sfp-funds-ag\/\" target=\"_blank\" rel=\"noopener\">(IB reported)<\/a>. With his departure, the company's management will be reorganized: From September 1, the current Co-CEO Bruno Kurz will manage SFP Funds alone as sole CEO, subject to approval by Finma. Remo Thomas Marti's successor as Head of Division and member of the Executive Board will be announced at a later date, according to a press release. <em>(aw)<\/em><\/p>","protected":false},"excerpt":{"rendered":"<p>Remo Thomas Marti is leaving Swiss Finance &amp; Property Funds AG at the end of August. He was only recently promoted to Co-CEO of the company.<\/p>","protected":false},"author":102,"featured_media":47025,"comment_status":"closed","ping_status":"closed","sticky":false,"template":"","format":"standard","meta":{"_acf_changed":false,"_yoast_wpseo_focuskw":"SFP Funds AG","_yoast_wpseo_title":"","_yoast_wpseo_metadesc":"Remo Thomas Marti verl\u00e4sst Ende August die Swiss Finance & Property Funds AG. Erst vor kurzem war er zum Co-CEO des Unternehmens bef\u00f6rdert worden.","_yoast_wpseo_linkdex":56,"pgc_sgb_lightbox_settings":"","footnotes":""},"categories":[1912],"tags":[1563,1754],"class_list":["post-47020","post","type-post","status-publish","format-standard","has-post-thumbnail","hentry","category-personalia","tag-personalia","tag-swiss-finance-property-funds"],"acf":[],"yoast_head":"<!-- This site is optimized with the Yoast SEO plugin v27.4 - https:\/\/yoast.com\/product\/yoast-seo-wordpress\/ -->\n<title>SFP Funds AG: Co-CEO Remo Thomas Marti h\u00f6rt auf - IMMOBILIEN Business<\/title>\n<meta name=\"description\" content=\"Remo Thomas Marti verl\u00e4sst Ende August die Swiss Finance &amp; Property Funds AG. Erst vor kurzem war er zum Co-CEO des Unternehmens bef\u00f6rdert worden.\" \/>\n<meta name=\"robots\" content=\"index, follow, max-snippet:-1, max-image-preview:large, max-video-preview:-1\" \/>\n<link rel=\"canonical\" href=\"https:\/\/www.immobilienbusiness.ch\/en\/personalia\/2023-05-17\/sfp-funds-ag-co-ceo-remo-thomas-marti-hoert-auf\/\" \/>\n<meta property=\"og:locale\" content=\"en_US\" \/>\n<meta property=\"og:type\" content=\"article\" \/>\n<meta property=\"og:title\" content=\"SFP Funds AG: Co-CEO Remo Thomas Marti h\u00f6rt auf - IMMOBILIEN Business\" \/>\n<meta property=\"og:description\" content=\"Remo Thomas Marti verl\u00e4sst Ende August die Swiss Finance &amp; Property Funds AG. Erst vor kurzem war er zum Co-CEO des Unternehmens bef\u00f6rdert worden.\" \/>\n<meta property=\"og:url\" content=\"https:\/\/www.immobilienbusiness.ch\/en\/personalia\/2023-05-17\/sfp-funds-ag-co-ceo-remo-thomas-marti-hoert-auf\/\" \/>\n<meta property=\"og:site_name\" content=\"IMMOBILIEN Business\" \/>\n<meta property=\"article:publisher\" content=\"https:\/\/www.facebook.com\/immobilienbusiness\/\" \/>\n<meta property=\"article:published_time\" content=\"2023-05-17T06:02:20+00:00\" \/>\n<meta property=\"article:modified_time\" content=\"2023-06-22T15:08:33+00:00\" \/>\n<meta property=\"og:image\" content=\"https:\/\/www.immobilienbusiness.ch\/wp-content\/uploads\/2023\/05\/Thomas-Marti.png\" \/>\n\t<meta property=\"og:image:width\" content=\"486\" \/>\n\t<meta property=\"og:image:height\" content=\"392\" \/>\n\t<meta property=\"og:image:type\" content=\"image\/png\" \/>\n<meta name=\"author\" content=\"Alexander Wachter\" \/>\n<meta name=\"twitter:card\" content=\"summary_large_image\" \/>\n<script type=\"application\/ld+json\" class=\"yoast-schema-graph\">{\"@context\":\"https:\\\/\\\/schema.org\",\"@graph\":[{\"@type\":\"Article\",\"@id\":\"https:\\\/\\\/www.immobilienbusiness.ch\\\/de\\\/personalia\\\/2023-05-17\\\/sfp-funds-ag-co-ceo-remo-thomas-marti-hoert-auf\\\/#article\",\"isPartOf\":{\"@id\":\"https:\\\/\\\/www.immobilienbusiness.ch\\\/de\\\/personalia\\\/2023-05-17\\\/sfp-funds-ag-co-ceo-remo-thomas-marti-hoert-auf\\\/\"},\"author\":{\"name\":\"Alexander Wachter\",\"@id\":\"https:\\\/\\\/www.immobilienbusiness.ch\\\/#\\\/schema\\\/person\\\/aba8bea2db926aa0c24c08c43fe1fcd5\"},\"headline\":\"SFP Funds AG: Co-CEO Remo Thomas Marti h\u00f6rt auf\",\"datePublished\":\"2023-05-17T06:02:20+00:00\",\"dateModified\":\"2023-06-22T15:08:33+00:00\",\"mainEntityOfPage\":{\"@id\":\"https:\\\/\\\/www.immobilienbusiness.ch\\\/de\\\/personalia\\\/2023-05-17\\\/sfp-funds-ag-co-ceo-remo-thomas-marti-hoert-auf\\\/\"},\"wordCount\":134,\"publisher\":{\"@id\":\"https:\\\/\\\/www.immobilienbusiness.ch\\\/#organization\"},\"image\":{\"@id\":\"https:\\\/\\\/www.immobilienbusiness.ch\\\/de\\\/personalia\\\/2023-05-17\\\/sfp-funds-ag-co-ceo-remo-thomas-marti-hoert-auf\\\/#primaryimage\"},\"thumbnailUrl\":\"https:\\\/\\\/www.immobilienbusiness.ch\\\/wp-content\\\/uploads\\\/2023\\\/05\\\/Thomas-Marti.png\",\"keywords\":[\"Personalia\",\"Swiss Finance &amp; Property Funds\"],\"articleSection\":[\"PERSONALIA\"],\"inLanguage\":\"en-US\"},{\"@type\":\"WebPage\",\"@id\":\"https:\\\/\\\/www.immobilienbusiness.ch\\\/de\\\/personalia\\\/2023-05-17\\\/sfp-funds-ag-co-ceo-remo-thomas-marti-hoert-auf\\\/\",\"url\":\"https:\\\/\\\/www.immobilienbusiness.ch\\\/de\\\/personalia\\\/2023-05-17\\\/sfp-funds-ag-co-ceo-remo-thomas-marti-hoert-auf\\\/\",\"name\":\"SFP Funds AG: Co-CEO Remo Thomas Marti h\u00f6rt auf - IMMOBILIEN Business\",\"isPartOf\":{\"@id\":\"https:\\\/\\\/www.immobilienbusiness.ch\\\/#website\"},\"primaryImageOfPage\":{\"@id\":\"https:\\\/\\\/www.immobilienbusiness.ch\\\/de\\\/personalia\\\/2023-05-17\\\/sfp-funds-ag-co-ceo-remo-thomas-marti-hoert-auf\\\/#primaryimage\"},\"image\":{\"@id\":\"https:\\\/\\\/www.immobilienbusiness.ch\\\/de\\\/personalia\\\/2023-05-17\\\/sfp-funds-ag-co-ceo-remo-thomas-marti-hoert-auf\\\/#primaryimage\"},\"thumbnailUrl\":\"https:\\\/\\\/www.immobilienbusiness.ch\\\/wp-content\\\/uploads\\\/2023\\\/05\\\/Thomas-Marti.png\",\"datePublished\":\"2023-05-17T06:02:20+00:00\",\"dateModified\":\"2023-06-22T15:08:33+00:00\",\"description\":\"Remo Thomas Marti verl\u00e4sst Ende August die Swiss Finance & Property Funds AG. Erst vor kurzem war er zum Co-CEO des Unternehmens bef\u00f6rdert worden.\",\"breadcrumb\":{\"@id\":\"https:\\\/\\\/www.immobilienbusiness.ch\\\/de\\\/personalia\\\/2023-05-17\\\/sfp-funds-ag-co-ceo-remo-thomas-marti-hoert-auf\\\/#breadcrumb\"},\"inLanguage\":\"en-US\",\"potentialAction\":[{\"@type\":\"ReadAction\",\"target\":[\"https:\\\/\\\/www.immobilienbusiness.ch\\\/de\\\/personalia\\\/2023-05-17\\\/sfp-funds-ag-co-ceo-remo-thomas-marti-hoert-auf\\\/\"]}]},{\"@type\":\"ImageObject\",\"inLanguage\":\"en-US\",\"@id\":\"https:\\\/\\\/www.immobilienbusiness.ch\\\/de\\\/personalia\\\/2023-05-17\\\/sfp-funds-ag-co-ceo-remo-thomas-marti-hoert-auf\\\/#primaryimage\",\"url\":\"https:\\\/\\\/www.immobilienbusiness.ch\\\/wp-content\\\/uploads\\\/2023\\\/05\\\/Thomas-Marti.png\",\"contentUrl\":\"https:\\\/\\\/www.immobilienbusiness.ch\\\/wp-content\\\/uploads\\\/2023\\\/05\\\/Thomas-Marti.png\",\"width\":486,\"height\":392,\"caption\":\"Remo Thomas Marti (Bild: SFP Funds AG)\"},{\"@type\":\"BreadcrumbList\",\"@id\":\"https:\\\/\\\/www.immobilienbusiness.ch\\\/de\\\/personalia\\\/2023-05-17\\\/sfp-funds-ag-co-ceo-remo-thomas-marti-hoert-auf\\\/#breadcrumb\",\"itemListElement\":[{\"@type\":\"ListItem\",\"position\":1,\"name\":\"Home\",\"item\":\"https:\\\/\\\/www.immobilienbusiness.ch\\\/\"},{\"@type\":\"ListItem\",\"position\":2,\"name\":\"SFP Funds AG: Co-CEO Remo Thomas Marti h\u00f6rt auf\"}]},{\"@type\":\"WebSite\",\"@id\":\"https:\\\/\\\/www.immobilienbusiness.ch\\\/#website\",\"url\":\"https:\\\/\\\/www.immobilienbusiness.ch\\\/\",\"name\":\"IMMOBILIEN Business\",\"description\":\"Unabh\u00e4ngiges Schweizer Wirtschaftsmagazin mit Fokus auf Immobilien, Architektur- und Bau sowie Investment- und Finanzierung.\",\"publisher\":{\"@id\":\"https:\\\/\\\/www.immobilienbusiness.ch\\\/#organization\"},\"potentialAction\":[{\"@type\":\"SearchAction\",\"target\":{\"@type\":\"EntryPoint\",\"urlTemplate\":\"https:\\\/\\\/www.immobilienbusiness.ch\\\/?s={search_term_string}\"},\"query-input\":{\"@type\":\"PropertyValueSpecification\",\"valueRequired\":true,\"valueName\":\"search_term_string\"}}],\"inLanguage\":\"en-US\"},{\"@type\":\"Organization\",\"@id\":\"https:\\\/\\\/www.immobilienbusiness.ch\\\/#organization\",\"name\":\"IMMOBILIEN Business\",\"url\":\"https:\\\/\\\/www.immobilienbusiness.ch\\\/\",\"logo\":{\"@type\":\"ImageObject\",\"inLanguage\":\"en-US\",\"@id\":\"https:\\\/\\\/www.immobilienbusiness.ch\\\/#\\\/schema\\\/logo\\\/image\\\/\",\"url\":\"https:\\\/\\\/www.immobilienbusiness.ch\\\/wp-content\\\/uploads\\\/2021\\\/07\\\/logo_ib.png\",\"contentUrl\":\"https:\\\/\\\/www.immobilienbusiness.ch\\\/wp-content\\\/uploads\\\/2021\\\/07\\\/logo_ib.png\",\"width\":800,\"height\":181,\"caption\":\"IMMOBILIEN Business\"},\"image\":{\"@id\":\"https:\\\/\\\/www.immobilienbusiness.ch\\\/#\\\/schema\\\/logo\\\/image\\\/\"},\"sameAs\":[\"https:\\\/\\\/www.facebook.com\\\/immobilienbusiness\\\/\"]},{\"@type\":\"Person\",\"@id\":\"https:\\\/\\\/www.immobilienbusiness.ch\\\/#\\\/schema\\\/person\\\/aba8bea2db926aa0c24c08c43fe1fcd5\",\"name\":\"Alexander Wachter\",\"image\":{\"@type\":\"ImageObject\",\"inLanguage\":\"en-US\",\"@id\":\"https:\\\/\\\/secure.gravatar.com\\\/avatar\\\/1a09e471f5389b0e0a6416eac287e0927c7c97a7b77f9e787eba3af7aee281dd?s=96&d=mm&r=g\",\"url\":\"https:\\\/\\\/secure.gravatar.com\\\/avatar\\\/1a09e471f5389b0e0a6416eac287e0927c7c97a7b77f9e787eba3af7aee281dd?s=96&d=mm&r=g\",\"contentUrl\":\"https:\\\/\\\/secure.gravatar.com\\\/avatar\\\/1a09e471f5389b0e0a6416eac287e0927c7c97a7b77f9e787eba3af7aee281dd?s=96&d=mm&r=g\",\"caption\":\"Alexander Wachter\"},\"url\":\"https:\\\/\\\/www.immobilienbusiness.ch\\\/en\\\/author\\\/alexander-wachter\\\/\"}]}<\/script>\n<!-- \/ Yoast SEO plugin. -->","yoast_head_json":{"title":"SFP Funds AG: Co-CEO Remo Thomas Marti h\u00f6rt auf - IMMOBILIEN Business","description":"Remo Thomas Marti verl\u00e4sst Ende August die Swiss Finance & Property Funds AG. Erst vor kurzem war er zum Co-CEO des Unternehmens bef\u00f6rdert worden.","robots":{"index":"index","follow":"follow","max-snippet":"max-snippet:-1","max-image-preview":"max-image-preview:large","max-video-preview":"max-video-preview:-1"},"canonical":"https:\/\/www.immobilienbusiness.ch\/en\/personalia\/2023-05-17\/sfp-funds-ag-co-ceo-remo-thomas-marti-hoert-auf\/","og_locale":"en_US","og_type":"article","og_title":"SFP Funds AG: Co-CEO Remo Thomas Marti h\u00f6rt auf - IMMOBILIEN Business","og_description":"Remo Thomas Marti verl\u00e4sst Ende August die Swiss Finance & Property Funds AG. Erst vor kurzem war er zum Co-CEO des Unternehmens bef\u00f6rdert worden.","og_url":"https:\/\/www.immobilienbusiness.ch\/en\/personalia\/2023-05-17\/sfp-funds-ag-co-ceo-remo-thomas-marti-hoert-auf\/","og_site_name":"IMMOBILIEN Business","article_publisher":"https:\/\/www.facebook.com\/immobilienbusiness\/","article_published_time":"2023-05-17T06:02:20+00:00","article_modified_time":"2023-06-22T15:08:33+00:00","og_image":[{"width":486,"height":392,"url":"https:\/\/www.immobilienbusiness.ch\/wp-content\/uploads\/2023\/05\/Thomas-Marti.png","type":"image\/png"}],"author":"Alexander Wachter","twitter_card":"summary_large_image","schema":{"@context":"https:\/\/schema.org","@graph":[{"@type":"Article","@id":"https:\/\/www.immobilienbusiness.ch\/de\/personalia\/2023-05-17\/sfp-funds-ag-co-ceo-remo-thomas-marti-hoert-auf\/#article","isPartOf":{"@id":"https:\/\/www.immobilienbusiness.ch\/de\/personalia\/2023-05-17\/sfp-funds-ag-co-ceo-remo-thomas-marti-hoert-auf\/"},"author":{"name":"Alexander Wachter","@id":"https:\/\/www.immobilienbusiness.ch\/#\/schema\/person\/aba8bea2db926aa0c24c08c43fe1fcd5"},"headline":"SFP Funds AG: Co-CEO Remo Thomas Marti h\u00f6rt auf","datePublished":"2023-05-17T06:02:20+00:00","dateModified":"2023-06-22T15:08:33+00:00","mainEntityOfPage":{"@id":"https:\/\/www.immobilienbusiness.ch\/de\/personalia\/2023-05-17\/sfp-funds-ag-co-ceo-remo-thomas-marti-hoert-auf\/"},"wordCount":134,"publisher":{"@id":"https:\/\/www.immobilienbusiness.ch\/#organization"},"image":{"@id":"https:\/\/www.immobilienbusiness.ch\/de\/personalia\/2023-05-17\/sfp-funds-ag-co-ceo-remo-thomas-marti-hoert-auf\/#primaryimage"},"thumbnailUrl":"https:\/\/www.immobilienbusiness.ch\/wp-content\/uploads\/2023\/05\/Thomas-Marti.png","keywords":["Personalia","Swiss Finance &amp; Property Funds"],"articleSection":["PERSONALIA"],"inLanguage":"en-US"},{"@type":"WebPage","@id":"https:\/\/www.immobilienbusiness.ch\/de\/personalia\/2023-05-17\/sfp-funds-ag-co-ceo-remo-thomas-marti-hoert-auf\/","url":"https:\/\/www.immobilienbusiness.ch\/de\/personalia\/2023-05-17\/sfp-funds-ag-co-ceo-remo-thomas-marti-hoert-auf\/","name":"SFP Funds AG: Co-CEO Remo Thomas Marti h\u00f6rt auf - IMMOBILIEN Business","isPartOf":{"@id":"https:\/\/www.immobilienbusiness.ch\/#website"},"primaryImageOfPage":{"@id":"https:\/\/www.immobilienbusiness.ch\/de\/personalia\/2023-05-17\/sfp-funds-ag-co-ceo-remo-thomas-marti-hoert-auf\/#primaryimage"},"image":{"@id":"https:\/\/www.immobilienbusiness.ch\/de\/personalia\/2023-05-17\/sfp-funds-ag-co-ceo-remo-thomas-marti-hoert-auf\/#primaryimage"},"thumbnailUrl":"https:\/\/www.immobilienbusiness.ch\/wp-content\/uploads\/2023\/05\/Thomas-Marti.png","datePublished":"2023-05-17T06:02:20+00:00","dateModified":"2023-06-22T15:08:33+00:00","description":"Remo Thomas Marti verl\u00e4sst Ende August die Swiss Finance & Property Funds AG. Erst vor kurzem war er zum Co-CEO des Unternehmens bef\u00f6rdert worden.","breadcrumb":{"@id":"https:\/\/www.immobilienbusiness.ch\/de\/personalia\/2023-05-17\/sfp-funds-ag-co-ceo-remo-thomas-marti-hoert-auf\/#breadcrumb"},"inLanguage":"en-US","potentialAction":[{"@type":"ReadAction","target":["https:\/\/www.immobilienbusiness.ch\/de\/personalia\/2023-05-17\/sfp-funds-ag-co-ceo-remo-thomas-marti-hoert-auf\/"]}]},{"@type":"ImageObject","inLanguage":"en-US","@id":"https:\/\/www.immobilienbusiness.ch\/de\/personalia\/2023-05-17\/sfp-funds-ag-co-ceo-remo-thomas-marti-hoert-auf\/#primaryimage","url":"https:\/\/www.immobilienbusiness.ch\/wp-content\/uploads\/2023\/05\/Thomas-Marti.png","contentUrl":"https:\/\/www.immobilienbusiness.ch\/wp-content\/uploads\/2023\/05\/Thomas-Marti.png","width":486,"height":392,"caption":"Remo Thomas Marti (Bild: SFP Funds AG)"},{"@type":"BreadcrumbList","@id":"https:\/\/www.immobilienbusiness.ch\/de\/personalia\/2023-05-17\/sfp-funds-ag-co-ceo-remo-thomas-marti-hoert-auf\/#breadcrumb","itemListElement":[{"@type":"ListItem","position":1,"name":"Home","item":"https:\/\/www.immobilienbusiness.ch\/"},{"@type":"ListItem","position":2,"name":"SFP Funds AG: Co-CEO Remo Thomas Marti h\u00f6rt auf"}]},{"@type":"WebSite","@id":"https:\/\/www.immobilienbusiness.ch\/#website","url":"https:\/\/www.immobilienbusiness.ch\/","name":"REAL ESTATE Business","description":"Independent Swiss business magazine focusing on real estate, architecture and construction as well as investment and financing.","publisher":{"@id":"https:\/\/www.immobilienbusiness.ch\/#organization"},"potentialAction":[{"@type":"SearchAction","target":{"@type":"EntryPoint","urlTemplate":"https:\/\/www.immobilienbusiness.ch\/?s={search_term_string}"},"query-input":{"@type":"PropertyValueSpecification","valueRequired":true,"valueName":"search_term_string"}}],"inLanguage":"en-US"},{"@type":"Organization","@id":"https:\/\/www.immobilienbusiness.ch\/#organization","name":"REAL ESTATE Business","url":"https:\/\/www.immobilienbusiness.ch\/","logo":{"@type":"ImageObject","inLanguage":"en-US","@id":"https:\/\/www.immobilienbusiness.ch\/#\/schema\/logo\/image\/","url":"https:\/\/www.immobilienbusiness.ch\/wp-content\/uploads\/2021\/07\/logo_ib.png","contentUrl":"https:\/\/www.immobilienbusiness.ch\/wp-content\/uploads\/2021\/07\/logo_ib.png","width":800,"height":181,"caption":"IMMOBILIEN Business"},"image":{"@id":"https:\/\/www.immobilienbusiness.ch\/#\/schema\/logo\/image\/"},"sameAs":["https:\/\/www.facebook.com\/immobilienbusiness\/"]},{"@type":"Person","@id":"https:\/\/www.immobilienbusiness.ch\/#\/schema\/person\/aba8bea2db926aa0c24c08c43fe1fcd5","name":"Alexander Wachter","image":{"@type":"ImageObject","inLanguage":"en-US","@id":"https:\/\/secure.gravatar.com\/avatar\/1a09e471f5389b0e0a6416eac287e0927c7c97a7b77f9e787eba3af7aee281dd?s=96&d=mm&r=g","url":"https:\/\/secure.gravatar.com\/avatar\/1a09e471f5389b0e0a6416eac287e0927c7c97a7b77f9e787eba3af7aee281dd?s=96&d=mm&r=g","contentUrl":"https:\/\/secure.gravatar.com\/avatar\/1a09e471f5389b0e0a6416eac287e0927c7c97a7b77f9e787eba3af7aee281dd?s=96&d=mm&r=g","caption":"Alexander Wachter"},"url":"https:\/\/www.immobilienbusiness.ch\/en\/author\/alexander-wachter\/"}]}},"_links":{"self":[{"href":"https:\/\/www.immobilienbusiness.ch\/en\/wp-json\/wp\/v2\/posts\/47020","targetHints":{"allow":["GET"]}}],"collection":[{"href":"https:\/\/www.immobilienbusiness.ch\/en\/wp-json\/wp\/v2\/posts"}],"about":[{"href":"https:\/\/www.immobilienbusiness.ch\/en\/wp-json\/wp\/v2\/types\/post"}],"author":[{"embeddable":true,"href":"https:\/\/www.immobilienbusiness.ch\/en\/wp-json\/wp\/v2\/users\/102"}],"replies":[{"embeddable":true,"href":"https:\/\/www.immobilienbusiness.ch\/en\/wp-json\/wp\/v2\/comments?post=47020"}],"version-history":[{"count":5,"href":"https:\/\/www.immobilienbusiness.ch\/en\/wp-json\/wp\/v2\/posts\/47020\/revisions"}],"predecessor-version":[{"id":47585,"href":"https:\/\/www.immobilienbusiness.ch\/en\/wp-json\/wp\/v2\/posts\/47020\/revisions\/47585"}],"wp:featuredmedia":[{"embeddable":true,"href":"https:\/\/www.immobilienbusiness.ch\/en\/wp-json\/wp\/v2\/media\/47025"}],"wp:attachment":[{"href":"https:\/\/www.immobilienbusiness.ch\/en\/wp-json\/wp\/v2\/media?parent=47020"}],"wp:term":[{"taxonomy":"category","embeddable":true,"href":"https:\/\/www.immobilienbusiness.ch\/en\/wp-json\/wp\/v2\/categories?post=47020"},{"taxonomy":"post_tag","embeddable":true,"href":"https:\/\/www.immobilienbusiness.ch\/en\/wp-json\/wp\/v2\/tags?post=47020"}],"curies":[{"name":"wp","href":"https:\/\/api.w.org\/{rel}","templated":true}]}}