{"id":46769,"date":"2023-04-25T06:06:48","date_gmt":"2023-04-25T04:06:48","guid":{"rendered":"https:\/\/www.immobilienbusiness.ch\/?p=46769"},"modified":"2023-06-23T04:04:14","modified_gmt":"2023-06-23T02:04:14","slug":"ubs-immobililienfonds-sima-investiert-40-millionen-in-wohnungsprojekt","status":"publish","type":"post","link":"https:\/\/www.immobilienbusiness.ch\/en\/regionen\/2023-04-25\/ubs-immobililienfonds-sima-investiert-40-millionen-in-wohnungsprojekt\/","title":{"rendered":"Zurich: UBS fund invests 40 million in residential project"},"content":{"rendered":"<figure id=\"attachment_4784\" aria-describedby=\"caption-attachment-4784\" style=\"width: 640px\" class=\"wp-caption alignnone\"><a href=\"https:\/\/www.immobilienbusiness.ch\/wp-content\/uploads\/2015\/09\/Baustart-fuer-Genossenschafts-Wohnungen-in-der-Greencity-immobilien-business.jpg\"><img loading=\"lazy\" decoding=\"async\" class=\"wp-image-4784 size-full\" src=\"https:\/\/www.immobilienbusiness.ch\/wp-content\/uploads\/2015\/09\/Baustart-fuer-Genossenschafts-Wohnungen-in-der-Greencity-immobilien-business.jpg\" alt=\"UBS-Immobilienfonds Sima\" width=\"640\" height=\"426\" srcset=\"https:\/\/www.immobilienbusiness.ch\/wp-content\/uploads\/2015\/09\/Baustart-fuer-Genossenschafts-Wohnungen-in-der-Greencity-immobilien-business.jpg 640w, https:\/\/www.immobilienbusiness.ch\/wp-content\/uploads\/2015\/09\/Baustart-fuer-Genossenschafts-Wohnungen-in-der-Greencity-immobilien-business-300x200.jpg 300w, https:\/\/www.immobilienbusiness.ch\/wp-content\/uploads\/2015\/09\/Baustart-fuer-Genossenschafts-Wohnungen-in-der-Greencity-immobilien-business-16x12.jpg 16w, https:\/\/www.immobilienbusiness.ch\/wp-content\/uploads\/2015\/09\/Baustart-fuer-Genossenschafts-Wohnungen-in-der-Greencity-immobilien-business-263x175.jpg 263w, https:\/\/www.immobilienbusiness.ch\/wp-content\/uploads\/2015\/09\/Baustart-fuer-Genossenschafts-Wohnungen-in-der-Greencity-immobilien-business-526x350.jpg 526w\" sizes=\"auto, (max-width: 640px) 100vw, 640px\" \/><\/a><figcaption id=\"caption-attachment-4784\" class=\"wp-caption-text\">In Zurich's Kreis 6, the Sima Fund is realizing a replacement building with apartments (Image: pixabay)<\/figcaption><\/figure>\n<p>The complex is located on Anna-Heer-Strasse in district 6. The buildings will be SGNI Gold certified and the landscaping will receive a Biodiversity Plus certificate from the Nature and Economy Foundation. The heating system and hot water will be powered by 100% renewable energy using geothermal probes, heat pump and photovoltaic system on the roof.<\/p>\n<p>Construction is scheduled to start in the third quarter and the investment sum amounts to around CHF 40 million. According to fund documents, rental income after completion will amount to CHF 2.7 million per annum. <i>(aw)<\/i><\/p>","protected":false},"excerpt":{"rendered":"<p>The UBS real estate fund Sima is planning a replacement building in Zurich with three structures in timber construction. The residential property will have a total of 81 apartments.<\/p>","protected":false},"author":102,"featured_media":4784,"comment_status":"closed","ping_status":"closed","sticky":false,"template":"","format":"standard","meta":{"_acf_changed":false,"_yoast_wpseo_focuskw":"UBS-Immobilienfonds Sima","_yoast_wpseo_title":"","_yoast_wpseo_metadesc":"Der UBS-Immobilienfonds Sima plant in Z\u00fcrich einen Ersatzneubau mit drei Bauk\u00f6rpern in Holzbauweise. Die reine Wohnimmobilie wird \u00fcber insgesamt 81 Wohnungen verf\u00fcgen.","_yoast_wpseo_linkdex":42,"pgc_sgb_lightbox_settings":"","footnotes":""},"categories":[985],"tags":[1492,1600,2209,1796,1888],"class_list":["post-46769","post","type-post","status-publish","format-standard","has-post-thumbnail","hentry","category-regionen","tag-mietwohnungen","tag-projekt-in-planung","tag-sima","tag-ubs","tag-zuerich"],"acf":[],"yoast_head":"<!-- This site is optimized with the Yoast SEO plugin v27.4 - https:\/\/yoast.com\/product\/yoast-seo-wordpress\/ -->\n<title>Z\u00fcrich: UBS-Fonds investiert 40 Millionen in Wohnungsprojekt - IMMOBILIEN Business<\/title>\n<meta name=\"description\" content=\"Der UBS-Immobilienfonds Sima plant in Z\u00fcrich einen Ersatzneubau mit drei Bauk\u00f6rpern in Holzbauweise. Die reine Wohnimmobilie wird \u00fcber insgesamt 81 Wohnungen verf\u00fcgen.\" \/>\n<meta name=\"robots\" content=\"index, follow, max-snippet:-1, max-image-preview:large, max-video-preview:-1\" \/>\n<link rel=\"canonical\" href=\"https:\/\/www.immobilienbusiness.ch\/en\/regionen\/2023-04-25\/ubs-immobililienfonds-sima-investiert-40-millionen-in-wohnungsprojekt\/\" \/>\n<meta property=\"og:locale\" content=\"en_US\" \/>\n<meta property=\"og:type\" content=\"article\" \/>\n<meta property=\"og:title\" content=\"Z\u00fcrich: UBS-Fonds investiert 40 Millionen in Wohnungsprojekt - IMMOBILIEN Business\" \/>\n<meta property=\"og:description\" content=\"Der UBS-Immobilienfonds Sima plant in Z\u00fcrich einen Ersatzneubau mit drei Bauk\u00f6rpern in Holzbauweise. Die reine Wohnimmobilie wird \u00fcber insgesamt 81 Wohnungen verf\u00fcgen.\" \/>\n<meta property=\"og:url\" content=\"https:\/\/www.immobilienbusiness.ch\/en\/regionen\/2023-04-25\/ubs-immobililienfonds-sima-investiert-40-millionen-in-wohnungsprojekt\/\" \/>\n<meta property=\"og:site_name\" content=\"IMMOBILIEN Business\" \/>\n<meta property=\"article:publisher\" content=\"https:\/\/www.facebook.com\/immobilienbusiness\/\" \/>\n<meta property=\"article:published_time\" content=\"2023-04-25T04:06:48+00:00\" \/>\n<meta property=\"article:modified_time\" content=\"2023-06-23T02:04:14+00:00\" \/>\n<meta property=\"og:image\" content=\"https:\/\/www.immobilienbusiness.ch\/wp-content\/uploads\/2015\/09\/Baustart-fuer-Genossenschafts-Wohnungen-in-der-Greencity-immobilien-business.jpg\" \/>\n\t<meta property=\"og:image:width\" content=\"640\" \/>\n\t<meta property=\"og:image:height\" content=\"426\" \/>\n\t<meta property=\"og:image:type\" content=\"image\/jpeg\" \/>\n<meta name=\"author\" content=\"Alexander Wachter\" \/>\n<meta name=\"twitter:card\" content=\"summary_large_image\" \/>\n<script type=\"application\/ld+json\" class=\"yoast-schema-graph\">{\"@context\":\"https:\\\/\\\/schema.org\",\"@graph\":[{\"@type\":\"Article\",\"@id\":\"https:\\\/\\\/www.immobilienbusiness.ch\\\/de\\\/regionen\\\/2023-04-25\\\/ubs-immobililienfonds-sima-investiert-40-millionen-in-wohnungsprojekt\\\/#article\",\"isPartOf\":{\"@id\":\"https:\\\/\\\/www.immobilienbusiness.ch\\\/de\\\/regionen\\\/2023-04-25\\\/ubs-immobililienfonds-sima-investiert-40-millionen-in-wohnungsprojekt\\\/\"},\"author\":{\"name\":\"Alexander Wachter\",\"@id\":\"https:\\\/\\\/www.immobilienbusiness.ch\\\/#\\\/schema\\\/person\\\/aba8bea2db926aa0c24c08c43fe1fcd5\"},\"headline\":\"Z\u00fcrich: UBS-Fonds investiert 40 Millionen in Wohnungsprojekt\",\"datePublished\":\"2023-04-25T04:06:48+00:00\",\"dateModified\":\"2023-06-23T02:04:14+00:00\",\"mainEntityOfPage\":{\"@id\":\"https:\\\/\\\/www.immobilienbusiness.ch\\\/de\\\/regionen\\\/2023-04-25\\\/ubs-immobililienfonds-sima-investiert-40-millionen-in-wohnungsprojekt\\\/\"},\"wordCount\":109,\"publisher\":{\"@id\":\"https:\\\/\\\/www.immobilienbusiness.ch\\\/#organization\"},\"image\":{\"@id\":\"https:\\\/\\\/www.immobilienbusiness.ch\\\/de\\\/regionen\\\/2023-04-25\\\/ubs-immobililienfonds-sima-investiert-40-millionen-in-wohnungsprojekt\\\/#primaryimage\"},\"thumbnailUrl\":\"https:\\\/\\\/www.immobilienbusiness.ch\\\/wp-content\\\/uploads\\\/2015\\\/09\\\/Baustart-fuer-Genossenschafts-Wohnungen-in-der-Greencity-immobilien-business.jpg\",\"keywords\":[\"Mietwohnungen\",\"Projekt in Planung\",\"Sima\",\"UBS\",\"Z\u00fcrich\"],\"articleSection\":[\"REGIONEN\"],\"inLanguage\":\"en-US\"},{\"@type\":\"WebPage\",\"@id\":\"https:\\\/\\\/www.immobilienbusiness.ch\\\/de\\\/regionen\\\/2023-04-25\\\/ubs-immobililienfonds-sima-investiert-40-millionen-in-wohnungsprojekt\\\/\",\"url\":\"https:\\\/\\\/www.immobilienbusiness.ch\\\/de\\\/regionen\\\/2023-04-25\\\/ubs-immobililienfonds-sima-investiert-40-millionen-in-wohnungsprojekt\\\/\",\"name\":\"Z\u00fcrich: UBS-Fonds investiert 40 Millionen in Wohnungsprojekt - IMMOBILIEN Business\",\"isPartOf\":{\"@id\":\"https:\\\/\\\/www.immobilienbusiness.ch\\\/#website\"},\"primaryImageOfPage\":{\"@id\":\"https:\\\/\\\/www.immobilienbusiness.ch\\\/de\\\/regionen\\\/2023-04-25\\\/ubs-immobililienfonds-sima-investiert-40-millionen-in-wohnungsprojekt\\\/#primaryimage\"},\"image\":{\"@id\":\"https:\\\/\\\/www.immobilienbusiness.ch\\\/de\\\/regionen\\\/2023-04-25\\\/ubs-immobililienfonds-sima-investiert-40-millionen-in-wohnungsprojekt\\\/#primaryimage\"},\"thumbnailUrl\":\"https:\\\/\\\/www.immobilienbusiness.ch\\\/wp-content\\\/uploads\\\/2015\\\/09\\\/Baustart-fuer-Genossenschafts-Wohnungen-in-der-Greencity-immobilien-business.jpg\",\"datePublished\":\"2023-04-25T04:06:48+00:00\",\"dateModified\":\"2023-06-23T02:04:14+00:00\",\"description\":\"Der UBS-Immobilienfonds Sima plant in Z\u00fcrich einen Ersatzneubau mit drei Bauk\u00f6rpern in Holzbauweise. Die reine Wohnimmobilie wird \u00fcber insgesamt 81 Wohnungen verf\u00fcgen.\",\"breadcrumb\":{\"@id\":\"https:\\\/\\\/www.immobilienbusiness.ch\\\/de\\\/regionen\\\/2023-04-25\\\/ubs-immobililienfonds-sima-investiert-40-millionen-in-wohnungsprojekt\\\/#breadcrumb\"},\"inLanguage\":\"en-US\",\"potentialAction\":[{\"@type\":\"ReadAction\",\"target\":[\"https:\\\/\\\/www.immobilienbusiness.ch\\\/de\\\/regionen\\\/2023-04-25\\\/ubs-immobililienfonds-sima-investiert-40-millionen-in-wohnungsprojekt\\\/\"]}]},{\"@type\":\"ImageObject\",\"inLanguage\":\"en-US\",\"@id\":\"https:\\\/\\\/www.immobilienbusiness.ch\\\/de\\\/regionen\\\/2023-04-25\\\/ubs-immobililienfonds-sima-investiert-40-millionen-in-wohnungsprojekt\\\/#primaryimage\",\"url\":\"https:\\\/\\\/www.immobilienbusiness.ch\\\/wp-content\\\/uploads\\\/2015\\\/09\\\/Baustart-fuer-Genossenschafts-Wohnungen-in-der-Greencity-immobilien-business.jpg\",\"contentUrl\":\"https:\\\/\\\/www.immobilienbusiness.ch\\\/wp-content\\\/uploads\\\/2015\\\/09\\\/Baustart-fuer-Genossenschafts-Wohnungen-in-der-Greencity-immobilien-business.jpg\",\"width\":640,\"height\":426,\"caption\":\"Im Z\u00fcrcher Kreis 6 realisiert der Fonds Sima einen Ersatzbau mit Wohnungen (Bild: pixabay)\"},{\"@type\":\"BreadcrumbList\",\"@id\":\"https:\\\/\\\/www.immobilienbusiness.ch\\\/de\\\/regionen\\\/2023-04-25\\\/ubs-immobililienfonds-sima-investiert-40-millionen-in-wohnungsprojekt\\\/#breadcrumb\",\"itemListElement\":[{\"@type\":\"ListItem\",\"position\":1,\"name\":\"Home\",\"item\":\"https:\\\/\\\/www.immobilienbusiness.ch\\\/\"},{\"@type\":\"ListItem\",\"position\":2,\"name\":\"Z\u00fcrich: UBS-Fonds investiert 40 Millionen in Wohnungsprojekt\"}]},{\"@type\":\"WebSite\",\"@id\":\"https:\\\/\\\/www.immobilienbusiness.ch\\\/#website\",\"url\":\"https:\\\/\\\/www.immobilienbusiness.ch\\\/\",\"name\":\"IMMOBILIEN Business\",\"description\":\"Unabh\u00e4ngiges Schweizer Wirtschaftsmagazin mit Fokus auf Immobilien, Architektur- und Bau sowie Investment- und Finanzierung.\",\"publisher\":{\"@id\":\"https:\\\/\\\/www.immobilienbusiness.ch\\\/#organization\"},\"potentialAction\":[{\"@type\":\"SearchAction\",\"target\":{\"@type\":\"EntryPoint\",\"urlTemplate\":\"https:\\\/\\\/www.immobilienbusiness.ch\\\/?s={search_term_string}\"},\"query-input\":{\"@type\":\"PropertyValueSpecification\",\"valueRequired\":true,\"valueName\":\"search_term_string\"}}],\"inLanguage\":\"en-US\"},{\"@type\":\"Organization\",\"@id\":\"https:\\\/\\\/www.immobilienbusiness.ch\\\/#organization\",\"name\":\"IMMOBILIEN Business\",\"url\":\"https:\\\/\\\/www.immobilienbusiness.ch\\\/\",\"logo\":{\"@type\":\"ImageObject\",\"inLanguage\":\"en-US\",\"@id\":\"https:\\\/\\\/www.immobilienbusiness.ch\\\/#\\\/schema\\\/logo\\\/image\\\/\",\"url\":\"https:\\\/\\\/www.immobilienbusiness.ch\\\/wp-content\\\/uploads\\\/2021\\\/07\\\/logo_ib.png\",\"contentUrl\":\"https:\\\/\\\/www.immobilienbusiness.ch\\\/wp-content\\\/uploads\\\/2021\\\/07\\\/logo_ib.png\",\"width\":800,\"height\":181,\"caption\":\"IMMOBILIEN Business\"},\"image\":{\"@id\":\"https:\\\/\\\/www.immobilienbusiness.ch\\\/#\\\/schema\\\/logo\\\/image\\\/\"},\"sameAs\":[\"https:\\\/\\\/www.facebook.com\\\/immobilienbusiness\\\/\"]},{\"@type\":\"Person\",\"@id\":\"https:\\\/\\\/www.immobilienbusiness.ch\\\/#\\\/schema\\\/person\\\/aba8bea2db926aa0c24c08c43fe1fcd5\",\"name\":\"Alexander Wachter\",\"image\":{\"@type\":\"ImageObject\",\"inLanguage\":\"en-US\",\"@id\":\"https:\\\/\\\/secure.gravatar.com\\\/avatar\\\/1a09e471f5389b0e0a6416eac287e0927c7c97a7b77f9e787eba3af7aee281dd?s=96&d=mm&r=g\",\"url\":\"https:\\\/\\\/secure.gravatar.com\\\/avatar\\\/1a09e471f5389b0e0a6416eac287e0927c7c97a7b77f9e787eba3af7aee281dd?s=96&d=mm&r=g\",\"contentUrl\":\"https:\\\/\\\/secure.gravatar.com\\\/avatar\\\/1a09e471f5389b0e0a6416eac287e0927c7c97a7b77f9e787eba3af7aee281dd?s=96&d=mm&r=g\",\"caption\":\"Alexander Wachter\"},\"url\":\"https:\\\/\\\/www.immobilienbusiness.ch\\\/en\\\/author\\\/alexander-wachter\\\/\"}]}<\/script>\n<!-- \/ Yoast SEO plugin. -->","yoast_head_json":{"title":"Zurich: UBS fund invests 40 million in residential project - IMMOBILIEN Business","description":"UBS real estate fund Sima is planning a replacement building in Zurich with three structures in timber construction. The purely residential property will have a total of 81 apartments.","robots":{"index":"index","follow":"follow","max-snippet":"max-snippet:-1","max-image-preview":"max-image-preview:large","max-video-preview":"max-video-preview:-1"},"canonical":"https:\/\/www.immobilienbusiness.ch\/en\/regionen\/2023-04-25\/ubs-immobililienfonds-sima-investiert-40-millionen-in-wohnungsprojekt\/","og_locale":"en_US","og_type":"article","og_title":"Z\u00fcrich: UBS-Fonds investiert 40 Millionen in Wohnungsprojekt - IMMOBILIEN Business","og_description":"Der UBS-Immobilienfonds Sima plant in Z\u00fcrich einen Ersatzneubau mit drei Bauk\u00f6rpern in Holzbauweise. Die reine Wohnimmobilie wird \u00fcber insgesamt 81 Wohnungen verf\u00fcgen.","og_url":"https:\/\/www.immobilienbusiness.ch\/en\/regionen\/2023-04-25\/ubs-immobililienfonds-sima-investiert-40-millionen-in-wohnungsprojekt\/","og_site_name":"IMMOBILIEN Business","article_publisher":"https:\/\/www.facebook.com\/immobilienbusiness\/","article_published_time":"2023-04-25T04:06:48+00:00","article_modified_time":"2023-06-23T02:04:14+00:00","og_image":[{"width":640,"height":426,"url":"https:\/\/www.immobilienbusiness.ch\/wp-content\/uploads\/2015\/09\/Baustart-fuer-Genossenschafts-Wohnungen-in-der-Greencity-immobilien-business.jpg","type":"image\/jpeg"}],"author":"Alexander Wachter","twitter_card":"summary_large_image","schema":{"@context":"https:\/\/schema.org","@graph":[{"@type":"Article","@id":"https:\/\/www.immobilienbusiness.ch\/de\/regionen\/2023-04-25\/ubs-immobililienfonds-sima-investiert-40-millionen-in-wohnungsprojekt\/#article","isPartOf":{"@id":"https:\/\/www.immobilienbusiness.ch\/de\/regionen\/2023-04-25\/ubs-immobililienfonds-sima-investiert-40-millionen-in-wohnungsprojekt\/"},"author":{"name":"Alexander Wachter","@id":"https:\/\/www.immobilienbusiness.ch\/#\/schema\/person\/aba8bea2db926aa0c24c08c43fe1fcd5"},"headline":"Z\u00fcrich: UBS-Fonds investiert 40 Millionen in Wohnungsprojekt","datePublished":"2023-04-25T04:06:48+00:00","dateModified":"2023-06-23T02:04:14+00:00","mainEntityOfPage":{"@id":"https:\/\/www.immobilienbusiness.ch\/de\/regionen\/2023-04-25\/ubs-immobililienfonds-sima-investiert-40-millionen-in-wohnungsprojekt\/"},"wordCount":109,"publisher":{"@id":"https:\/\/www.immobilienbusiness.ch\/#organization"},"image":{"@id":"https:\/\/www.immobilienbusiness.ch\/de\/regionen\/2023-04-25\/ubs-immobililienfonds-sima-investiert-40-millionen-in-wohnungsprojekt\/#primaryimage"},"thumbnailUrl":"https:\/\/www.immobilienbusiness.ch\/wp-content\/uploads\/2015\/09\/Baustart-fuer-Genossenschafts-Wohnungen-in-der-Greencity-immobilien-business.jpg","keywords":["Mietwohnungen","Projekt in Planung","Sima","UBS","Z\u00fcrich"],"articleSection":["REGIONEN"],"inLanguage":"en-US"},{"@type":"WebPage","@id":"https:\/\/www.immobilienbusiness.ch\/de\/regionen\/2023-04-25\/ubs-immobililienfonds-sima-investiert-40-millionen-in-wohnungsprojekt\/","url":"https:\/\/www.immobilienbusiness.ch\/de\/regionen\/2023-04-25\/ubs-immobililienfonds-sima-investiert-40-millionen-in-wohnungsprojekt\/","name":"Zurich: UBS fund invests 40 million in residential project - IMMOBILIEN Business","isPartOf":{"@id":"https:\/\/www.immobilienbusiness.ch\/#website"},"primaryImageOfPage":{"@id":"https:\/\/www.immobilienbusiness.ch\/de\/regionen\/2023-04-25\/ubs-immobililienfonds-sima-investiert-40-millionen-in-wohnungsprojekt\/#primaryimage"},"image":{"@id":"https:\/\/www.immobilienbusiness.ch\/de\/regionen\/2023-04-25\/ubs-immobililienfonds-sima-investiert-40-millionen-in-wohnungsprojekt\/#primaryimage"},"thumbnailUrl":"https:\/\/www.immobilienbusiness.ch\/wp-content\/uploads\/2015\/09\/Baustart-fuer-Genossenschafts-Wohnungen-in-der-Greencity-immobilien-business.jpg","datePublished":"2023-04-25T04:06:48+00:00","dateModified":"2023-06-23T02:04:14+00:00","description":"UBS real estate fund Sima is planning a replacement building in Zurich with three structures in timber construction. The purely residential property will have a total of 81 apartments.","breadcrumb":{"@id":"https:\/\/www.immobilienbusiness.ch\/de\/regionen\/2023-04-25\/ubs-immobililienfonds-sima-investiert-40-millionen-in-wohnungsprojekt\/#breadcrumb"},"inLanguage":"en-US","potentialAction":[{"@type":"ReadAction","target":["https:\/\/www.immobilienbusiness.ch\/de\/regionen\/2023-04-25\/ubs-immobililienfonds-sima-investiert-40-millionen-in-wohnungsprojekt\/"]}]},{"@type":"ImageObject","inLanguage":"en-US","@id":"https:\/\/www.immobilienbusiness.ch\/de\/regionen\/2023-04-25\/ubs-immobililienfonds-sima-investiert-40-millionen-in-wohnungsprojekt\/#primaryimage","url":"https:\/\/www.immobilienbusiness.ch\/wp-content\/uploads\/2015\/09\/Baustart-fuer-Genossenschafts-Wohnungen-in-der-Greencity-immobilien-business.jpg","contentUrl":"https:\/\/www.immobilienbusiness.ch\/wp-content\/uploads\/2015\/09\/Baustart-fuer-Genossenschafts-Wohnungen-in-der-Greencity-immobilien-business.jpg","width":640,"height":426,"caption":"Im Z\u00fcrcher Kreis 6 realisiert der Fonds Sima einen Ersatzbau mit Wohnungen (Bild: pixabay)"},{"@type":"BreadcrumbList","@id":"https:\/\/www.immobilienbusiness.ch\/de\/regionen\/2023-04-25\/ubs-immobililienfonds-sima-investiert-40-millionen-in-wohnungsprojekt\/#breadcrumb","itemListElement":[{"@type":"ListItem","position":1,"name":"Home","item":"https:\/\/www.immobilienbusiness.ch\/"},{"@type":"ListItem","position":2,"name":"Z\u00fcrich: UBS-Fonds investiert 40 Millionen in Wohnungsprojekt"}]},{"@type":"WebSite","@id":"https:\/\/www.immobilienbusiness.ch\/#website","url":"https:\/\/www.immobilienbusiness.ch\/","name":"REAL ESTATE Business","description":"Independent Swiss business magazine focusing on real estate, architecture and construction as well as investment and financing.","publisher":{"@id":"https:\/\/www.immobilienbusiness.ch\/#organization"},"potentialAction":[{"@type":"SearchAction","target":{"@type":"EntryPoint","urlTemplate":"https:\/\/www.immobilienbusiness.ch\/?s={search_term_string}"},"query-input":{"@type":"PropertyValueSpecification","valueRequired":true,"valueName":"search_term_string"}}],"inLanguage":"en-US"},{"@type":"Organization","@id":"https:\/\/www.immobilienbusiness.ch\/#organization","name":"REAL ESTATE Business","url":"https:\/\/www.immobilienbusiness.ch\/","logo":{"@type":"ImageObject","inLanguage":"en-US","@id":"https:\/\/www.immobilienbusiness.ch\/#\/schema\/logo\/image\/","url":"https:\/\/www.immobilienbusiness.ch\/wp-content\/uploads\/2021\/07\/logo_ib.png","contentUrl":"https:\/\/www.immobilienbusiness.ch\/wp-content\/uploads\/2021\/07\/logo_ib.png","width":800,"height":181,"caption":"IMMOBILIEN Business"},"image":{"@id":"https:\/\/www.immobilienbusiness.ch\/#\/schema\/logo\/image\/"},"sameAs":["https:\/\/www.facebook.com\/immobilienbusiness\/"]},{"@type":"Person","@id":"https:\/\/www.immobilienbusiness.ch\/#\/schema\/person\/aba8bea2db926aa0c24c08c43fe1fcd5","name":"Alexander Wachter","image":{"@type":"ImageObject","inLanguage":"en-US","@id":"https:\/\/secure.gravatar.com\/avatar\/1a09e471f5389b0e0a6416eac287e0927c7c97a7b77f9e787eba3af7aee281dd?s=96&d=mm&r=g","url":"https:\/\/secure.gravatar.com\/avatar\/1a09e471f5389b0e0a6416eac287e0927c7c97a7b77f9e787eba3af7aee281dd?s=96&d=mm&r=g","contentUrl":"https:\/\/secure.gravatar.com\/avatar\/1a09e471f5389b0e0a6416eac287e0927c7c97a7b77f9e787eba3af7aee281dd?s=96&d=mm&r=g","caption":"Alexander Wachter"},"url":"https:\/\/www.immobilienbusiness.ch\/en\/author\/alexander-wachter\/"}]}},"_links":{"self":[{"href":"https:\/\/www.immobilienbusiness.ch\/en\/wp-json\/wp\/v2\/posts\/46769","targetHints":{"allow":["GET"]}}],"collection":[{"href":"https:\/\/www.immobilienbusiness.ch\/en\/wp-json\/wp\/v2\/posts"}],"about":[{"href":"https:\/\/www.immobilienbusiness.ch\/en\/wp-json\/wp\/v2\/types\/post"}],"author":[{"embeddable":true,"href":"https:\/\/www.immobilienbusiness.ch\/en\/wp-json\/wp\/v2\/users\/102"}],"replies":[{"embeddable":true,"href":"https:\/\/www.immobilienbusiness.ch\/en\/wp-json\/wp\/v2\/comments?post=46769"}],"version-history":[{"count":8,"href":"https:\/\/www.immobilienbusiness.ch\/en\/wp-json\/wp\/v2\/posts\/46769\/revisions"}],"predecessor-version":[{"id":47699,"href":"https:\/\/www.immobilienbusiness.ch\/en\/wp-json\/wp\/v2\/posts\/46769\/revisions\/47699"}],"wp:featuredmedia":[{"embeddable":true,"href":"https:\/\/www.immobilienbusiness.ch\/en\/wp-json\/wp\/v2\/media\/4784"}],"wp:attachment":[{"href":"https:\/\/www.immobilienbusiness.ch\/en\/wp-json\/wp\/v2\/media?parent=46769"}],"wp:term":[{"taxonomy":"category","embeddable":true,"href":"https:\/\/www.immobilienbusiness.ch\/en\/wp-json\/wp\/v2\/categories?post=46769"},{"taxonomy":"post_tag","embeddable":true,"href":"https:\/\/www.immobilienbusiness.ch\/en\/wp-json\/wp\/v2\/tags?post=46769"}],"curies":[{"name":"wp","href":"https:\/\/api.w.org\/{rel}","templated":true}]}}