{"id":46192,"date":"2023-03-16T09:48:34","date_gmt":"2023-03-16T08:48:34","guid":{"rendered":"https:\/\/www.immobilienbusiness.ch\/?p=46192"},"modified":"2023-03-16T09:48:34","modified_gmt":"2023-03-16T08:48:34","slug":"zuerich-swiss-life-meldet-vollvermietung-des-brannhof","status":"publish","type":"post","link":"https:\/\/www.immobilienbusiness.ch\/en\/regionen\/2023-03-16\/zuerich-swiss-life-meldet-vollvermietung-des-brannhof\/","title":{"rendered":"Zurich: Swiss Life reports full occupancy of Brannhof"},"content":{"rendered":"<figure id=\"attachment_24531\" aria-describedby=\"caption-attachment-24531\" style=\"width: 2560px\" class=\"wp-caption alignnone\"><a href=\"https:\/\/www.immobilienbusiness.ch\/wp-content\/uploads\/2021\/06\/Swiss-Life-Brannhof_Aussensicht-Uraniaastrasse.jpg\"><img loading=\"lazy\" decoding=\"async\" class=\"wp-image-24531 size-full\" src=\"https:\/\/www.immobilienbusiness.ch\/wp-content\/uploads\/2021\/06\/Swiss-Life-Brannhof_Aussensicht-Uraniaastrasse.jpg\" alt=\"Swiss Life Brannhof_Aussensicht Uraniaastrasse\" width=\"2560\" height=\"1592\" srcset=\"https:\/\/www.immobilienbusiness.ch\/wp-content\/uploads\/2021\/06\/Swiss-Life-Brannhof_Aussensicht-Uraniaastrasse.jpg 2560w, https:\/\/www.immobilienbusiness.ch\/wp-content\/uploads\/2021\/06\/Swiss-Life-Brannhof_Aussensicht-Uraniaastrasse-300x187.jpg 300w, https:\/\/www.immobilienbusiness.ch\/wp-content\/uploads\/2021\/06\/Swiss-Life-Brannhof_Aussensicht-Uraniaastrasse-1024x637.jpg 1024w, https:\/\/www.immobilienbusiness.ch\/wp-content\/uploads\/2021\/06\/Swiss-Life-Brannhof_Aussensicht-Uraniaastrasse-768x478.jpg 768w, https:\/\/www.immobilienbusiness.ch\/wp-content\/uploads\/2021\/06\/Swiss-Life-Brannhof_Aussensicht-Uraniaastrasse-1536x955.jpg 1536w, https:\/\/www.immobilienbusiness.ch\/wp-content\/uploads\/2021\/06\/Swiss-Life-Brannhof_Aussensicht-Uraniaastrasse-2048x1274.jpg 2048w, https:\/\/www.immobilienbusiness.ch\/wp-content\/uploads\/2021\/06\/Swiss-Life-Brannhof_Aussensicht-Uraniaastrasse-16x10.jpg 16w, https:\/\/www.immobilienbusiness.ch\/wp-content\/uploads\/2021\/06\/Swiss-Life-Brannhof_Aussensicht-Uraniaastrasse-281x175.jpg 281w, https:\/\/www.immobilienbusiness.ch\/wp-content\/uploads\/2021\/06\/Swiss-Life-Brannhof_Aussensicht-Uraniaastrasse-563x350.jpg 563w, https:\/\/www.immobilienbusiness.ch\/wp-content\/uploads\/2021\/06\/Swiss-Life-Brannhof_Aussensicht-Uraniaastrasse-1286x800.jpg 1286w, https:\/\/www.immobilienbusiness.ch\/wp-content\/uploads\/2021\/06\/Swiss-Life-Brannhof_Aussensicht-Uraniaastrasse-920x572.jpg 920w, https:\/\/www.immobilienbusiness.ch\/wp-content\/uploads\/2021\/06\/Swiss-Life-Brannhof_Aussensicht-Uraniaastrasse-1400x871.jpg 1400w\" sizes=\"auto, (max-width: 2560px) 100vw, 2560px\" \/><\/a><figcaption id=\"caption-attachment-24531\" class=\"wp-caption-text\">The future \"Swiss Life Brannhof\" as seen from Uraniastrasse (Architecture: SPPA Zurich; Visualisation: maaars)<\/figcaption><\/figure>\n<p>Renovation work on the Bahnhofstrasse 75 and 79 properties in Zurich has been underway for two years. Users have now been found for all retail and office space, according to Swiss Life Asset Managers. The retail space comprises around 4,600 sqm over three levels up to the second floor, while modern workplaces are being created on around 5,600 sqm on the second to fifth floors.<\/p>\n<p>Among others, Teuscher and Caf\u00e9 Felix will move into the Brannhof, and the fashion chain Massimo Dutti and the cosmetics brand Lush are among the tenants. General Motors will also be represented at Brannhof, as part of the company's retail strategy for electric vehicles. Japanese insurance group Sompo International has been secured as one of the two office tenants. It will occupy the second floor. The names of other tenants will be announced \"in due course,\" Swiss Life Asset Managers said.<\/p>\n<p>\"We are very pleased that the Brannhof is already fully leased more than half a year before the planned opening,\" says Giorgio Engeli, Head Real Estate Portfolio Management Switzerland at Swiss Life Asset Managers. \"The high demand reinforces our future-oriented utilization concept, and we are convinced that the new tenants will enliven the building on all four sides and enrich the city center.\"<\/p>\n<p>The basic fit-out of the retail space from the first basement to the second floor has been completed, according to Swiss Life Asset Managers. Most of the new tenants took over the space at the beginning of March, and initial tenant fit-out work has already begun. The retail spaces are scheduled to open gradually from October. Construction work on the floors and chilled ceilings is still underway on the office floors. The space is scheduled to be handed over to tenants for further fit-out at the end of June. The first workplaces are expected to be occupied in early 2024.<\/p>\n<p>Swiss Life is investing a total of over CHF 100 million in the refurbishment and revitalization of the two historic properties on Bahnhofstrasse. Construction will take a total of around three years. <em>(ah)<\/em><\/p>","protected":false},"excerpt":{"rendered":"<p>The former Manor department store on Bahnhofstrasse in Zurich, which Swiss Life is currently refurbishing and converting, is now fully let - six months before the planned opening.<\/p>","protected":false},"author":3,"featured_media":24531,"comment_status":"closed","ping_status":"closed","sticky":false,"template":"","format":"standard","meta":{"_acf_changed":false,"_yoast_wpseo_focuskw":"Brannhof","_yoast_wpseo_title":"","_yoast_wpseo_metadesc":"","_yoast_wpseo_linkdex":54,"pgc_sgb_lightbox_settings":"","footnotes":""},"categories":[985],"tags":[2081,1645,1757,1832,1888],"class_list":["post-46192","post","type-post","status-publish","format-standard","has-post-thumbnail","hentry","category-regionen","tag-bueros","tag-retailflaechen","tag-swiss-life-am","tag-vermietung","tag-zuerich"],"acf":[],"yoast_head":"<!-- This site is optimized with the Yoast SEO plugin v27.4 - https:\/\/yoast.com\/product\/yoast-seo-wordpress\/ -->\n<title>Z\u00fcrich: Swiss Life meldet Vollvermietung des Brannhof - IMMOBILIEN Business<\/title>\n<meta name=\"robots\" content=\"index, follow, max-snippet:-1, max-image-preview:large, max-video-preview:-1\" \/>\n<link rel=\"canonical\" href=\"https:\/\/www.immobilienbusiness.ch\/en\/regionen\/2023-03-16\/zuerich-swiss-life-meldet-vollvermietung-des-brannhof\/\" \/>\n<meta property=\"og:locale\" content=\"en_US\" \/>\n<meta property=\"og:type\" content=\"article\" \/>\n<meta property=\"og:title\" content=\"Z\u00fcrich: Swiss Life meldet Vollvermietung des Brannhof - IMMOBILIEN Business\" \/>\n<meta property=\"og:description\" content=\"Das ehemalige Manor-Warenhaus an der Bahnhofstrasse in Z\u00fcrich, das Swiss Life derzeit saniert und umbaut, ist jetzt \u2013 ein halbes Jahr vor der geplanten Er\u00f6ffnung \u2013 vollvermietet.\" \/>\n<meta property=\"og:url\" content=\"https:\/\/www.immobilienbusiness.ch\/en\/regionen\/2023-03-16\/zuerich-swiss-life-meldet-vollvermietung-des-brannhof\/\" \/>\n<meta property=\"og:site_name\" content=\"IMMOBILIEN Business\" \/>\n<meta property=\"article:publisher\" content=\"https:\/\/www.facebook.com\/immobilienbusiness\/\" \/>\n<meta property=\"article:published_time\" content=\"2023-03-16T08:48:34+00:00\" \/>\n<meta property=\"og:image\" content=\"https:\/\/www.immobilienbusiness.ch\/wp-content\/uploads\/2021\/06\/Swiss-Life-Brannhof_Aussensicht-Uraniaastrasse.jpg\" \/>\n\t<meta property=\"og:image:width\" content=\"2560\" \/>\n\t<meta property=\"og:image:height\" content=\"1592\" \/>\n\t<meta property=\"og:image:type\" content=\"image\/jpeg\" \/>\n<meta name=\"author\" content=\"anja.hall\" \/>\n<meta name=\"twitter:card\" content=\"summary_large_image\" \/>\n<meta name=\"twitter:image\" content=\"https:\/\/www.immobilienbusiness.ch\/wp-content\/uploads\/2021\/06\/Swiss-Life-Brannhof_Aussensicht-Uraniaastrasse.jpg\" \/>\n<script type=\"application\/ld+json\" class=\"yoast-schema-graph\">{\"@context\":\"https:\\\/\\\/schema.org\",\"@graph\":[{\"@type\":\"Article\",\"@id\":\"https:\\\/\\\/www.immobilienbusiness.ch\\\/fr\\\/regionen\\\/2023-03-16\\\/zuerich-swiss-life-meldet-vollvermietung-des-brannhof\\\/#article\",\"isPartOf\":{\"@id\":\"https:\\\/\\\/www.immobilienbusiness.ch\\\/fr\\\/regionen\\\/2023-03-16\\\/zuerich-swiss-life-meldet-vollvermietung-des-brannhof\\\/\"},\"author\":{\"name\":\"anja.hall\",\"@id\":\"https:\\\/\\\/www.immobilienbusiness.ch\\\/#\\\/schema\\\/person\\\/3fc036297b10b9f42d6db5ee932af8c8\"},\"headline\":\"Z\u00fcrich: Swiss Life meldet Vollvermietung des Brannhof\",\"datePublished\":\"2023-03-16T08:48:34+00:00\",\"mainEntityOfPage\":{\"@id\":\"https:\\\/\\\/www.immobilienbusiness.ch\\\/fr\\\/regionen\\\/2023-03-16\\\/zuerich-swiss-life-meldet-vollvermietung-des-brannhof\\\/\"},\"wordCount\":357,\"publisher\":{\"@id\":\"https:\\\/\\\/www.immobilienbusiness.ch\\\/#organization\"},\"image\":{\"@id\":\"https:\\\/\\\/www.immobilienbusiness.ch\\\/fr\\\/regionen\\\/2023-03-16\\\/zuerich-swiss-life-meldet-vollvermietung-des-brannhof\\\/#primaryimage\"},\"thumbnailUrl\":\"https:\\\/\\\/www.immobilienbusiness.ch\\\/wp-content\\\/uploads\\\/2021\\\/06\\\/Swiss-Life-Brannhof_Aussensicht-Uraniaastrasse.jpg\",\"keywords\":[\"B\u00fcros\",\"Retailfl\u00e4chen\",\"Swiss Life AM\",\"Vermietung\",\"Z\u00fcrich\"],\"articleSection\":[\"REGIONEN\"],\"inLanguage\":\"en-US\"},{\"@type\":\"WebPage\",\"@id\":\"https:\\\/\\\/www.immobilienbusiness.ch\\\/fr\\\/regionen\\\/2023-03-16\\\/zuerich-swiss-life-meldet-vollvermietung-des-brannhof\\\/\",\"url\":\"https:\\\/\\\/www.immobilienbusiness.ch\\\/fr\\\/regionen\\\/2023-03-16\\\/zuerich-swiss-life-meldet-vollvermietung-des-brannhof\\\/\",\"name\":\"Z\u00fcrich: Swiss Life meldet Vollvermietung des Brannhof - IMMOBILIEN Business\",\"isPartOf\":{\"@id\":\"https:\\\/\\\/www.immobilienbusiness.ch\\\/#website\"},\"primaryImageOfPage\":{\"@id\":\"https:\\\/\\\/www.immobilienbusiness.ch\\\/fr\\\/regionen\\\/2023-03-16\\\/zuerich-swiss-life-meldet-vollvermietung-des-brannhof\\\/#primaryimage\"},\"image\":{\"@id\":\"https:\\\/\\\/www.immobilienbusiness.ch\\\/fr\\\/regionen\\\/2023-03-16\\\/zuerich-swiss-life-meldet-vollvermietung-des-brannhof\\\/#primaryimage\"},\"thumbnailUrl\":\"https:\\\/\\\/www.immobilienbusiness.ch\\\/wp-content\\\/uploads\\\/2021\\\/06\\\/Swiss-Life-Brannhof_Aussensicht-Uraniaastrasse.jpg\",\"datePublished\":\"2023-03-16T08:48:34+00:00\",\"breadcrumb\":{\"@id\":\"https:\\\/\\\/www.immobilienbusiness.ch\\\/fr\\\/regionen\\\/2023-03-16\\\/zuerich-swiss-life-meldet-vollvermietung-des-brannhof\\\/#breadcrumb\"},\"inLanguage\":\"en-US\",\"potentialAction\":[{\"@type\":\"ReadAction\",\"target\":[\"https:\\\/\\\/www.immobilienbusiness.ch\\\/fr\\\/regionen\\\/2023-03-16\\\/zuerich-swiss-life-meldet-vollvermietung-des-brannhof\\\/\"]}]},{\"@type\":\"ImageObject\",\"inLanguage\":\"en-US\",\"@id\":\"https:\\\/\\\/www.immobilienbusiness.ch\\\/fr\\\/regionen\\\/2023-03-16\\\/zuerich-swiss-life-meldet-vollvermietung-des-brannhof\\\/#primaryimage\",\"url\":\"https:\\\/\\\/www.immobilienbusiness.ch\\\/wp-content\\\/uploads\\\/2021\\\/06\\\/Swiss-Life-Brannhof_Aussensicht-Uraniaastrasse.jpg\",\"contentUrl\":\"https:\\\/\\\/www.immobilienbusiness.ch\\\/wp-content\\\/uploads\\\/2021\\\/06\\\/Swiss-Life-Brannhof_Aussensicht-Uraniaastrasse.jpg\",\"width\":2560,\"height\":1592,\"caption\":\"Die Ansicht der Liegenschaft \u00abBrannhof\u00bb zur Uraniastrasse hin (Bild: Swiss Life)\"},{\"@type\":\"BreadcrumbList\",\"@id\":\"https:\\\/\\\/www.immobilienbusiness.ch\\\/fr\\\/regionen\\\/2023-03-16\\\/zuerich-swiss-life-meldet-vollvermietung-des-brannhof\\\/#breadcrumb\",\"itemListElement\":[{\"@type\":\"ListItem\",\"position\":1,\"name\":\"Home\",\"item\":\"https:\\\/\\\/www.immobilienbusiness.ch\\\/\"},{\"@type\":\"ListItem\",\"position\":2,\"name\":\"Z\u00fcrich: Swiss Life meldet Vollvermietung des Brannhof\"}]},{\"@type\":\"WebSite\",\"@id\":\"https:\\\/\\\/www.immobilienbusiness.ch\\\/#website\",\"url\":\"https:\\\/\\\/www.immobilienbusiness.ch\\\/\",\"name\":\"IMMOBILIEN Business\",\"description\":\"Unabh\u00e4ngiges Schweizer Wirtschaftsmagazin mit Fokus auf Immobilien, Architektur- und Bau sowie Investment- und Finanzierung.\",\"publisher\":{\"@id\":\"https:\\\/\\\/www.immobilienbusiness.ch\\\/#organization\"},\"potentialAction\":[{\"@type\":\"SearchAction\",\"target\":{\"@type\":\"EntryPoint\",\"urlTemplate\":\"https:\\\/\\\/www.immobilienbusiness.ch\\\/?s={search_term_string}\"},\"query-input\":{\"@type\":\"PropertyValueSpecification\",\"valueRequired\":true,\"valueName\":\"search_term_string\"}}],\"inLanguage\":\"en-US\"},{\"@type\":\"Organization\",\"@id\":\"https:\\\/\\\/www.immobilienbusiness.ch\\\/#organization\",\"name\":\"IMMOBILIEN Business\",\"url\":\"https:\\\/\\\/www.immobilienbusiness.ch\\\/\",\"logo\":{\"@type\":\"ImageObject\",\"inLanguage\":\"en-US\",\"@id\":\"https:\\\/\\\/www.immobilienbusiness.ch\\\/#\\\/schema\\\/logo\\\/image\\\/\",\"url\":\"https:\\\/\\\/www.immobilienbusiness.ch\\\/wp-content\\\/uploads\\\/2021\\\/07\\\/logo_ib.png\",\"contentUrl\":\"https:\\\/\\\/www.immobilienbusiness.ch\\\/wp-content\\\/uploads\\\/2021\\\/07\\\/logo_ib.png\",\"width\":800,\"height\":181,\"caption\":\"IMMOBILIEN Business\"},\"image\":{\"@id\":\"https:\\\/\\\/www.immobilienbusiness.ch\\\/#\\\/schema\\\/logo\\\/image\\\/\"},\"sameAs\":[\"https:\\\/\\\/www.facebook.com\\\/immobilienbusiness\\\/\"]},{\"@type\":\"Person\",\"@id\":\"https:\\\/\\\/www.immobilienbusiness.ch\\\/#\\\/schema\\\/person\\\/3fc036297b10b9f42d6db5ee932af8c8\",\"name\":\"anja.hall\",\"image\":{\"@type\":\"ImageObject\",\"inLanguage\":\"en-US\",\"@id\":\"https:\\\/\\\/secure.gravatar.com\\\/avatar\\\/066b5a0d447013502c71a5782f4f3469f03cfe595cc2329fb94652fe47511bfb?s=96&d=mm&r=g\",\"url\":\"https:\\\/\\\/secure.gravatar.com\\\/avatar\\\/066b5a0d447013502c71a5782f4f3469f03cfe595cc2329fb94652fe47511bfb?s=96&d=mm&r=g\",\"contentUrl\":\"https:\\\/\\\/secure.gravatar.com\\\/avatar\\\/066b5a0d447013502c71a5782f4f3469f03cfe595cc2329fb94652fe47511bfb?s=96&d=mm&r=g\",\"caption\":\"anja.hall\"},\"url\":\"https:\\\/\\\/www.immobilienbusiness.ch\\\/en\\\/author\\\/anja-hall\\\/\"}]}<\/script>\n<!-- \/ Yoast SEO plugin. -->","yoast_head_json":{"title":"Zurich: Swiss Life announces full letting of Brannhof - IMMOBILIEN Business","robots":{"index":"index","follow":"follow","max-snippet":"max-snippet:-1","max-image-preview":"max-image-preview:large","max-video-preview":"max-video-preview:-1"},"canonical":"https:\/\/www.immobilienbusiness.ch\/en\/regionen\/2023-03-16\/zuerich-swiss-life-meldet-vollvermietung-des-brannhof\/","og_locale":"en_US","og_type":"article","og_title":"Z\u00fcrich: Swiss Life meldet Vollvermietung des Brannhof - IMMOBILIEN Business","og_description":"Das ehemalige Manor-Warenhaus an der Bahnhofstrasse in Z\u00fcrich, das Swiss Life derzeit saniert und umbaut, ist jetzt \u2013 ein halbes Jahr vor der geplanten Er\u00f6ffnung \u2013 vollvermietet.","og_url":"https:\/\/www.immobilienbusiness.ch\/en\/regionen\/2023-03-16\/zuerich-swiss-life-meldet-vollvermietung-des-brannhof\/","og_site_name":"IMMOBILIEN Business","article_publisher":"https:\/\/www.facebook.com\/immobilienbusiness\/","article_published_time":"2023-03-16T08:48:34+00:00","og_image":[{"width":2560,"height":1592,"url":"https:\/\/www.immobilienbusiness.ch\/wp-content\/uploads\/2021\/06\/Swiss-Life-Brannhof_Aussensicht-Uraniaastrasse.jpg","type":"image\/jpeg"}],"author":"anja.hall","twitter_card":"summary_large_image","twitter_image":"https:\/\/www.immobilienbusiness.ch\/wp-content\/uploads\/2021\/06\/Swiss-Life-Brannhof_Aussensicht-Uraniaastrasse.jpg","schema":{"@context":"https:\/\/schema.org","@graph":[{"@type":"Article","@id":"https:\/\/www.immobilienbusiness.ch\/fr\/regionen\/2023-03-16\/zuerich-swiss-life-meldet-vollvermietung-des-brannhof\/#article","isPartOf":{"@id":"https:\/\/www.immobilienbusiness.ch\/fr\/regionen\/2023-03-16\/zuerich-swiss-life-meldet-vollvermietung-des-brannhof\/"},"author":{"name":"anja.hall","@id":"https:\/\/www.immobilienbusiness.ch\/#\/schema\/person\/3fc036297b10b9f42d6db5ee932af8c8"},"headline":"Z\u00fcrich: Swiss Life meldet Vollvermietung des Brannhof","datePublished":"2023-03-16T08:48:34+00:00","mainEntityOfPage":{"@id":"https:\/\/www.immobilienbusiness.ch\/fr\/regionen\/2023-03-16\/zuerich-swiss-life-meldet-vollvermietung-des-brannhof\/"},"wordCount":357,"publisher":{"@id":"https:\/\/www.immobilienbusiness.ch\/#organization"},"image":{"@id":"https:\/\/www.immobilienbusiness.ch\/fr\/regionen\/2023-03-16\/zuerich-swiss-life-meldet-vollvermietung-des-brannhof\/#primaryimage"},"thumbnailUrl":"https:\/\/www.immobilienbusiness.ch\/wp-content\/uploads\/2021\/06\/Swiss-Life-Brannhof_Aussensicht-Uraniaastrasse.jpg","keywords":["B\u00fcros","Retailfl\u00e4chen","Swiss Life AM","Vermietung","Z\u00fcrich"],"articleSection":["REGIONEN"],"inLanguage":"en-US"},{"@type":"WebPage","@id":"https:\/\/www.immobilienbusiness.ch\/fr\/regionen\/2023-03-16\/zuerich-swiss-life-meldet-vollvermietung-des-brannhof\/","url":"https:\/\/www.immobilienbusiness.ch\/fr\/regionen\/2023-03-16\/zuerich-swiss-life-meldet-vollvermietung-des-brannhof\/","name":"Zurich: Swiss Life announces full letting of Brannhof - IMMOBILIEN Business","isPartOf":{"@id":"https:\/\/www.immobilienbusiness.ch\/#website"},"primaryImageOfPage":{"@id":"https:\/\/www.immobilienbusiness.ch\/fr\/regionen\/2023-03-16\/zuerich-swiss-life-meldet-vollvermietung-des-brannhof\/#primaryimage"},"image":{"@id":"https:\/\/www.immobilienbusiness.ch\/fr\/regionen\/2023-03-16\/zuerich-swiss-life-meldet-vollvermietung-des-brannhof\/#primaryimage"},"thumbnailUrl":"https:\/\/www.immobilienbusiness.ch\/wp-content\/uploads\/2021\/06\/Swiss-Life-Brannhof_Aussensicht-Uraniaastrasse.jpg","datePublished":"2023-03-16T08:48:34+00:00","breadcrumb":{"@id":"https:\/\/www.immobilienbusiness.ch\/fr\/regionen\/2023-03-16\/zuerich-swiss-life-meldet-vollvermietung-des-brannhof\/#breadcrumb"},"inLanguage":"en-US","potentialAction":[{"@type":"ReadAction","target":["https:\/\/www.immobilienbusiness.ch\/fr\/regionen\/2023-03-16\/zuerich-swiss-life-meldet-vollvermietung-des-brannhof\/"]}]},{"@type":"ImageObject","inLanguage":"en-US","@id":"https:\/\/www.immobilienbusiness.ch\/fr\/regionen\/2023-03-16\/zuerich-swiss-life-meldet-vollvermietung-des-brannhof\/#primaryimage","url":"https:\/\/www.immobilienbusiness.ch\/wp-content\/uploads\/2021\/06\/Swiss-Life-Brannhof_Aussensicht-Uraniaastrasse.jpg","contentUrl":"https:\/\/www.immobilienbusiness.ch\/wp-content\/uploads\/2021\/06\/Swiss-Life-Brannhof_Aussensicht-Uraniaastrasse.jpg","width":2560,"height":1592,"caption":"Die Ansicht der Liegenschaft \u00abBrannhof\u00bb zur Uraniastrasse hin (Bild: Swiss Life)"},{"@type":"BreadcrumbList","@id":"https:\/\/www.immobilienbusiness.ch\/fr\/regionen\/2023-03-16\/zuerich-swiss-life-meldet-vollvermietung-des-brannhof\/#breadcrumb","itemListElement":[{"@type":"ListItem","position":1,"name":"Home","item":"https:\/\/www.immobilienbusiness.ch\/"},{"@type":"ListItem","position":2,"name":"Z\u00fcrich: Swiss Life meldet Vollvermietung des Brannhof"}]},{"@type":"WebSite","@id":"https:\/\/www.immobilienbusiness.ch\/#website","url":"https:\/\/www.immobilienbusiness.ch\/","name":"REAL ESTATE Business","description":"Independent Swiss business magazine focusing on real estate, architecture and construction as well as investment and financing.","publisher":{"@id":"https:\/\/www.immobilienbusiness.ch\/#organization"},"potentialAction":[{"@type":"SearchAction","target":{"@type":"EntryPoint","urlTemplate":"https:\/\/www.immobilienbusiness.ch\/?s={search_term_string}"},"query-input":{"@type":"PropertyValueSpecification","valueRequired":true,"valueName":"search_term_string"}}],"inLanguage":"en-US"},{"@type":"Organization","@id":"https:\/\/www.immobilienbusiness.ch\/#organization","name":"REAL ESTATE Business","url":"https:\/\/www.immobilienbusiness.ch\/","logo":{"@type":"ImageObject","inLanguage":"en-US","@id":"https:\/\/www.immobilienbusiness.ch\/#\/schema\/logo\/image\/","url":"https:\/\/www.immobilienbusiness.ch\/wp-content\/uploads\/2021\/07\/logo_ib.png","contentUrl":"https:\/\/www.immobilienbusiness.ch\/wp-content\/uploads\/2021\/07\/logo_ib.png","width":800,"height":181,"caption":"IMMOBILIEN Business"},"image":{"@id":"https:\/\/www.immobilienbusiness.ch\/#\/schema\/logo\/image\/"},"sameAs":["https:\/\/www.facebook.com\/immobilienbusiness\/"]},{"@type":"Person","@id":"https:\/\/www.immobilienbusiness.ch\/#\/schema\/person\/3fc036297b10b9f42d6db5ee932af8c8","name":"anja.hall","image":{"@type":"ImageObject","inLanguage":"en-US","@id":"https:\/\/secure.gravatar.com\/avatar\/066b5a0d447013502c71a5782f4f3469f03cfe595cc2329fb94652fe47511bfb?s=96&d=mm&r=g","url":"https:\/\/secure.gravatar.com\/avatar\/066b5a0d447013502c71a5782f4f3469f03cfe595cc2329fb94652fe47511bfb?s=96&d=mm&r=g","contentUrl":"https:\/\/secure.gravatar.com\/avatar\/066b5a0d447013502c71a5782f4f3469f03cfe595cc2329fb94652fe47511bfb?s=96&d=mm&r=g","caption":"anja.hall"},"url":"https:\/\/www.immobilienbusiness.ch\/en\/author\/anja-hall\/"}]}},"_links":{"self":[{"href":"https:\/\/www.immobilienbusiness.ch\/en\/wp-json\/wp\/v2\/posts\/46192","targetHints":{"allow":["GET"]}}],"collection":[{"href":"https:\/\/www.immobilienbusiness.ch\/en\/wp-json\/wp\/v2\/posts"}],"about":[{"href":"https:\/\/www.immobilienbusiness.ch\/en\/wp-json\/wp\/v2\/types\/post"}],"author":[{"embeddable":true,"href":"https:\/\/www.immobilienbusiness.ch\/en\/wp-json\/wp\/v2\/users\/3"}],"replies":[{"embeddable":true,"href":"https:\/\/www.immobilienbusiness.ch\/en\/wp-json\/wp\/v2\/comments?post=46192"}],"version-history":[{"count":1,"href":"https:\/\/www.immobilienbusiness.ch\/en\/wp-json\/wp\/v2\/posts\/46192\/revisions"}],"predecessor-version":[{"id":46193,"href":"https:\/\/www.immobilienbusiness.ch\/en\/wp-json\/wp\/v2\/posts\/46192\/revisions\/46193"}],"wp:featuredmedia":[{"embeddable":true,"href":"https:\/\/www.immobilienbusiness.ch\/en\/wp-json\/wp\/v2\/media\/24531"}],"wp:attachment":[{"href":"https:\/\/www.immobilienbusiness.ch\/en\/wp-json\/wp\/v2\/media?parent=46192"}],"wp:term":[{"taxonomy":"category","embeddable":true,"href":"https:\/\/www.immobilienbusiness.ch\/en\/wp-json\/wp\/v2\/categories?post=46192"},{"taxonomy":"post_tag","embeddable":true,"href":"https:\/\/www.immobilienbusiness.ch\/en\/wp-json\/wp\/v2\/tags?post=46192"}],"curies":[{"name":"wp","href":"https:\/\/api.w.org\/{rel}","templated":true}]}}