{"id":45775,"date":"2023-02-14T05:00:07","date_gmt":"2023-02-14T04:00:07","guid":{"rendered":"https:\/\/www.immobilienbusiness.ch\/?p=45775"},"modified":"2023-02-16T21:25:00","modified_gmt":"2023-02-16T20:25:00","slug":"bern-bahnbetreiber-bls-zuegelt-mit-900-arbeitsplaetzen-an-den-europaplatz","status":"publish","type":"post","link":"https:\/\/www.immobilienbusiness.ch\/en\/regionen\/2023-02-14\/bern-bahnbetreiber-bls-zuegelt-mit-900-arbeitsplaetzen-an-den-europaplatz\/","title":{"rendered":"Bern: Rail operator BLS moves 900 jobs to Europaplatz"},"content":{"rendered":"<figure id=\"attachment_45776\" aria-describedby=\"caption-attachment-45776\" style=\"width: 870px\" class=\"wp-caption alignnone\"><a href=\"https:\/\/www.immobilienbusiness.ch\/wp-content\/uploads\/2023\/02\/BLS.png\"><img loading=\"lazy\" decoding=\"async\" class=\"size-full wp-image-45776\" src=\"https:\/\/www.immobilienbusiness.ch\/wp-content\/uploads\/2023\/02\/BLS.png\" alt=\"\" width=\"870\" height=\"453\" srcset=\"https:\/\/www.immobilienbusiness.ch\/wp-content\/uploads\/2023\/02\/BLS.png 870w, https:\/\/www.immobilienbusiness.ch\/wp-content\/uploads\/2023\/02\/BLS-300x156.png 300w, https:\/\/www.immobilienbusiness.ch\/wp-content\/uploads\/2023\/02\/BLS-768x400.png 768w, https:\/\/www.immobilienbusiness.ch\/wp-content\/uploads\/2023\/02\/BLS-18x9.png 18w, https:\/\/www.immobilienbusiness.ch\/wp-content\/uploads\/2023\/02\/BLS-375x195.png 375w, https:\/\/www.immobilienbusiness.ch\/wp-content\/uploads\/2023\/02\/BLS-672x350.png 672w\" sizes=\"auto, (max-width: 870px) 100vw, 870px\" \/><\/a><figcaption id=\"caption-attachment-45776\" class=\"wp-caption-text\">The \"Forum West\" at Europaplatz (Image: BLS)<\/figcaption><\/figure>\n<p>BLS plans to move into its new space in mid-2025. The main motive for the move is to reduce rental costs, especially by taking up less space at the new location, the company says. Today, the railroad's office employees work in buildings on the Bollwerk, Genfergasse and S\u00e4gemattstrasse in K\u00f6niz. The property on Genfergasse belongs to BLS and is expected to be rented out after the railroad employees move out. At Bollwerk, the lease expires at the end of 2025 anyway.<\/p>\n<p>The previous tenant at Europaplatz, the Swiss Agency for Development and Cooperation (SDC), is moving into a new federal administration building in Zollikofen.<\/p>\n<p>In a statement, BLS emphasizes that the Ausserholligen area is considered a development focus of the city of Bern. The Bern University of Applied Sciences, for example, is planning its new campus for several departments there. The city's energy supplier EWB is also building three high-rise buildings in the area and locating its headquarters in one of them. Residential buildings are also being constructed. <i>(aw)<\/i><\/p>","protected":false},"excerpt":{"rendered":"<p>The railroad company BLS is merging its three office locations in Bern at Europaplatz. The approximately 900 employees are moving to the \"Forum West\".<\/p>","protected":false},"author":102,"featured_media":45776,"comment_status":"closed","ping_status":"closed","sticky":false,"template":"","format":"standard","meta":{"_acf_changed":false,"_yoast_wpseo_focuskw":"Bern","_yoast_wpseo_title":"","_yoast_wpseo_metadesc":"Das Bahn-Unternehmen BLS legt seine drei B\u00fcrostandorte in Bern am Europaplatz zusammen. Die rund 900 BLS-Mitarbeiter ziehen ins \u00abForum West\u00bb.","_yoast_wpseo_linkdex":48,"pgc_sgb_lightbox_settings":"","footnotes":""},"categories":[985],"tags":[1091,1118,1832],"class_list":["post-45775","post","type-post","status-publish","format-standard","has-post-thumbnail","hentry","category-regionen","tag-bern","tag-buero","tag-vermietung"],"acf":[],"yoast_head":"<!-- This site is optimized with the Yoast SEO plugin v27.5 - https:\/\/yoast.com\/product\/yoast-seo-wordpress\/ -->\n<title>Bern: Bahnbetreiber BLS z\u00fcgelt mit 900 Arbeitspl\u00e4tzen an den Europaplatz - IMMOBILIEN Business<\/title>\n<meta name=\"description\" content=\"Das Bahn-Unternehmen BLS legt seine drei B\u00fcrostandorte in Bern am Europaplatz zusammen. Die rund 900 BLS-Mitarbeiter ziehen ins \u00abForum West\u00bb.\" \/>\n<meta name=\"robots\" content=\"index, follow, max-snippet:-1, max-image-preview:large, max-video-preview:-1\" \/>\n<link rel=\"canonical\" href=\"https:\/\/www.immobilienbusiness.ch\/en\/regionen\/2023-02-14\/bern-bahnbetreiber-bls-zuegelt-mit-900-arbeitsplaetzen-an-den-europaplatz\/\" \/>\n<meta property=\"og:locale\" content=\"en_US\" \/>\n<meta property=\"og:type\" content=\"article\" \/>\n<meta property=\"og:title\" content=\"Bern: Bahnbetreiber BLS z\u00fcgelt mit 900 Arbeitspl\u00e4tzen an den Europaplatz - IMMOBILIEN Business\" \/>\n<meta property=\"og:description\" content=\"Das Bahn-Unternehmen BLS legt seine drei B\u00fcrostandorte in Bern am Europaplatz zusammen. Die rund 900 BLS-Mitarbeiter ziehen ins \u00abForum West\u00bb.\" \/>\n<meta property=\"og:url\" content=\"https:\/\/www.immobilienbusiness.ch\/en\/regionen\/2023-02-14\/bern-bahnbetreiber-bls-zuegelt-mit-900-arbeitsplaetzen-an-den-europaplatz\/\" \/>\n<meta property=\"og:site_name\" content=\"IMMOBILIEN Business\" \/>\n<meta property=\"article:publisher\" content=\"https:\/\/www.facebook.com\/immobilienbusiness\/\" \/>\n<meta property=\"article:published_time\" content=\"2023-02-14T04:00:07+00:00\" \/>\n<meta property=\"article:modified_time\" content=\"2023-02-16T20:25:00+00:00\" \/>\n<meta property=\"og:image\" content=\"https:\/\/www.immobilienbusiness.ch\/wp-content\/uploads\/2023\/02\/BLS.png\" \/>\n\t<meta property=\"og:image:width\" content=\"870\" \/>\n\t<meta property=\"og:image:height\" content=\"453\" \/>\n\t<meta property=\"og:image:type\" content=\"image\/png\" \/>\n<meta name=\"author\" content=\"Alexander Wachter\" \/>\n<meta name=\"twitter:card\" content=\"summary_large_image\" \/>\n<script type=\"application\/ld+json\" class=\"yoast-schema-graph\">{\"@context\":\"https:\\\/\\\/schema.org\",\"@graph\":[{\"@type\":\"Article\",\"@id\":\"https:\\\/\\\/www.immobilienbusiness.ch\\\/it\\\/regionen\\\/2023-02-14\\\/bern-bahnbetreiber-bls-zuegelt-mit-900-arbeitsplaetzen-an-den-europaplatz\\\/#article\",\"isPartOf\":{\"@id\":\"https:\\\/\\\/www.immobilienbusiness.ch\\\/it\\\/regionen\\\/2023-02-14\\\/bern-bahnbetreiber-bls-zuegelt-mit-900-arbeitsplaetzen-an-den-europaplatz\\\/\"},\"author\":{\"name\":\"Alexander Wachter\",\"@id\":\"https:\\\/\\\/www.immobilienbusiness.ch\\\/#\\\/schema\\\/person\\\/aba8bea2db926aa0c24c08c43fe1fcd5\"},\"headline\":\"Bern: Bahnbetreiber BLS z\u00fcgelt mit 900 Arbeitspl\u00e4tzen an den Europaplatz\",\"datePublished\":\"2023-02-14T04:00:07+00:00\",\"dateModified\":\"2023-02-16T20:25:00+00:00\",\"mainEntityOfPage\":{\"@id\":\"https:\\\/\\\/www.immobilienbusiness.ch\\\/it\\\/regionen\\\/2023-02-14\\\/bern-bahnbetreiber-bls-zuegelt-mit-900-arbeitsplaetzen-an-den-europaplatz\\\/\"},\"wordCount\":183,\"publisher\":{\"@id\":\"https:\\\/\\\/www.immobilienbusiness.ch\\\/#organization\"},\"image\":{\"@id\":\"https:\\\/\\\/www.immobilienbusiness.ch\\\/it\\\/regionen\\\/2023-02-14\\\/bern-bahnbetreiber-bls-zuegelt-mit-900-arbeitsplaetzen-an-den-europaplatz\\\/#primaryimage\"},\"thumbnailUrl\":\"https:\\\/\\\/www.immobilienbusiness.ch\\\/wp-content\\\/uploads\\\/2023\\\/02\\\/BLS.png\",\"keywords\":[\"Bern\",\"B\u00fcro\",\"Vermietung\"],\"articleSection\":[\"REGIONEN\"],\"inLanguage\":\"en-US\"},{\"@type\":\"WebPage\",\"@id\":\"https:\\\/\\\/www.immobilienbusiness.ch\\\/it\\\/regionen\\\/2023-02-14\\\/bern-bahnbetreiber-bls-zuegelt-mit-900-arbeitsplaetzen-an-den-europaplatz\\\/\",\"url\":\"https:\\\/\\\/www.immobilienbusiness.ch\\\/it\\\/regionen\\\/2023-02-14\\\/bern-bahnbetreiber-bls-zuegelt-mit-900-arbeitsplaetzen-an-den-europaplatz\\\/\",\"name\":\"Bern: Bahnbetreiber BLS z\u00fcgelt mit 900 Arbeitspl\u00e4tzen an den Europaplatz - IMMOBILIEN Business\",\"isPartOf\":{\"@id\":\"https:\\\/\\\/www.immobilienbusiness.ch\\\/#website\"},\"primaryImageOfPage\":{\"@id\":\"https:\\\/\\\/www.immobilienbusiness.ch\\\/it\\\/regionen\\\/2023-02-14\\\/bern-bahnbetreiber-bls-zuegelt-mit-900-arbeitsplaetzen-an-den-europaplatz\\\/#primaryimage\"},\"image\":{\"@id\":\"https:\\\/\\\/www.immobilienbusiness.ch\\\/it\\\/regionen\\\/2023-02-14\\\/bern-bahnbetreiber-bls-zuegelt-mit-900-arbeitsplaetzen-an-den-europaplatz\\\/#primaryimage\"},\"thumbnailUrl\":\"https:\\\/\\\/www.immobilienbusiness.ch\\\/wp-content\\\/uploads\\\/2023\\\/02\\\/BLS.png\",\"datePublished\":\"2023-02-14T04:00:07+00:00\",\"dateModified\":\"2023-02-16T20:25:00+00:00\",\"description\":\"Das Bahn-Unternehmen BLS legt seine drei B\u00fcrostandorte in Bern am Europaplatz zusammen. Die rund 900 BLS-Mitarbeiter ziehen ins \u00abForum West\u00bb.\",\"breadcrumb\":{\"@id\":\"https:\\\/\\\/www.immobilienbusiness.ch\\\/it\\\/regionen\\\/2023-02-14\\\/bern-bahnbetreiber-bls-zuegelt-mit-900-arbeitsplaetzen-an-den-europaplatz\\\/#breadcrumb\"},\"inLanguage\":\"en-US\",\"potentialAction\":[{\"@type\":\"ReadAction\",\"target\":[\"https:\\\/\\\/www.immobilienbusiness.ch\\\/it\\\/regionen\\\/2023-02-14\\\/bern-bahnbetreiber-bls-zuegelt-mit-900-arbeitsplaetzen-an-den-europaplatz\\\/\"]}]},{\"@type\":\"ImageObject\",\"inLanguage\":\"en-US\",\"@id\":\"https:\\\/\\\/www.immobilienbusiness.ch\\\/it\\\/regionen\\\/2023-02-14\\\/bern-bahnbetreiber-bls-zuegelt-mit-900-arbeitsplaetzen-an-den-europaplatz\\\/#primaryimage\",\"url\":\"https:\\\/\\\/www.immobilienbusiness.ch\\\/wp-content\\\/uploads\\\/2023\\\/02\\\/BLS.png\",\"contentUrl\":\"https:\\\/\\\/www.immobilienbusiness.ch\\\/wp-content\\\/uploads\\\/2023\\\/02\\\/BLS.png\",\"width\":870,\"height\":453,\"caption\":\"Das \u00abForum West\u00bb am Europaplatz (Bild: BLS)\"},{\"@type\":\"BreadcrumbList\",\"@id\":\"https:\\\/\\\/www.immobilienbusiness.ch\\\/it\\\/regionen\\\/2023-02-14\\\/bern-bahnbetreiber-bls-zuegelt-mit-900-arbeitsplaetzen-an-den-europaplatz\\\/#breadcrumb\",\"itemListElement\":[{\"@type\":\"ListItem\",\"position\":1,\"name\":\"Home\",\"item\":\"https:\\\/\\\/www.immobilienbusiness.ch\\\/\"},{\"@type\":\"ListItem\",\"position\":2,\"name\":\"Bern: Bahnbetreiber BLS z\u00fcgelt mit 900 Arbeitspl\u00e4tzen an den Europaplatz\"}]},{\"@type\":\"WebSite\",\"@id\":\"https:\\\/\\\/www.immobilienbusiness.ch\\\/#website\",\"url\":\"https:\\\/\\\/www.immobilienbusiness.ch\\\/\",\"name\":\"IMMOBILIEN Business\",\"description\":\"Unabh\u00e4ngiges Schweizer Wirtschaftsmagazin mit Fokus auf Immobilien, Architektur- und Bau sowie Investment- und Finanzierung.\",\"publisher\":{\"@id\":\"https:\\\/\\\/www.immobilienbusiness.ch\\\/#organization\"},\"potentialAction\":[{\"@type\":\"SearchAction\",\"target\":{\"@type\":\"EntryPoint\",\"urlTemplate\":\"https:\\\/\\\/www.immobilienbusiness.ch\\\/?s={search_term_string}\"},\"query-input\":{\"@type\":\"PropertyValueSpecification\",\"valueRequired\":true,\"valueName\":\"search_term_string\"}}],\"inLanguage\":\"en-US\"},{\"@type\":\"Organization\",\"@id\":\"https:\\\/\\\/www.immobilienbusiness.ch\\\/#organization\",\"name\":\"IMMOBILIEN Business\",\"url\":\"https:\\\/\\\/www.immobilienbusiness.ch\\\/\",\"logo\":{\"@type\":\"ImageObject\",\"inLanguage\":\"en-US\",\"@id\":\"https:\\\/\\\/www.immobilienbusiness.ch\\\/#\\\/schema\\\/logo\\\/image\\\/\",\"url\":\"https:\\\/\\\/www.immobilienbusiness.ch\\\/wp-content\\\/uploads\\\/2021\\\/07\\\/logo_ib.png\",\"contentUrl\":\"https:\\\/\\\/www.immobilienbusiness.ch\\\/wp-content\\\/uploads\\\/2021\\\/07\\\/logo_ib.png\",\"width\":800,\"height\":181,\"caption\":\"IMMOBILIEN Business\"},\"image\":{\"@id\":\"https:\\\/\\\/www.immobilienbusiness.ch\\\/#\\\/schema\\\/logo\\\/image\\\/\"},\"sameAs\":[\"https:\\\/\\\/www.facebook.com\\\/immobilienbusiness\\\/\"]},{\"@type\":\"Person\",\"@id\":\"https:\\\/\\\/www.immobilienbusiness.ch\\\/#\\\/schema\\\/person\\\/aba8bea2db926aa0c24c08c43fe1fcd5\",\"name\":\"Alexander Wachter\",\"image\":{\"@type\":\"ImageObject\",\"inLanguage\":\"en-US\",\"@id\":\"https:\\\/\\\/secure.gravatar.com\\\/avatar\\\/1a09e471f5389b0e0a6416eac287e0927c7c97a7b77f9e787eba3af7aee281dd?s=96&d=mm&r=g\",\"url\":\"https:\\\/\\\/secure.gravatar.com\\\/avatar\\\/1a09e471f5389b0e0a6416eac287e0927c7c97a7b77f9e787eba3af7aee281dd?s=96&d=mm&r=g\",\"contentUrl\":\"https:\\\/\\\/secure.gravatar.com\\\/avatar\\\/1a09e471f5389b0e0a6416eac287e0927c7c97a7b77f9e787eba3af7aee281dd?s=96&d=mm&r=g\",\"caption\":\"Alexander Wachter\"},\"url\":\"https:\\\/\\\/www.immobilienbusiness.ch\\\/en\\\/author\\\/alexander-wachter\\\/\"}]}<\/script>\n<!-- \/ Yoast SEO plugin. -->","yoast_head_json":{"title":"Bern: Bahnbetreiber BLS z\u00fcgelt mit 900 Arbeitspl\u00e4tzen an den Europaplatz - IMMOBILIEN Business","description":"The railroad company BLS is merging its three office locations in Bern at Europaplatz. The approximately 900 BLS employees are moving to the \"Forum West\".","robots":{"index":"index","follow":"follow","max-snippet":"max-snippet:-1","max-image-preview":"max-image-preview:large","max-video-preview":"max-video-preview:-1"},"canonical":"https:\/\/www.immobilienbusiness.ch\/en\/regionen\/2023-02-14\/bern-bahnbetreiber-bls-zuegelt-mit-900-arbeitsplaetzen-an-den-europaplatz\/","og_locale":"en_US","og_type":"article","og_title":"Bern: Bahnbetreiber BLS z\u00fcgelt mit 900 Arbeitspl\u00e4tzen an den Europaplatz - IMMOBILIEN Business","og_description":"Das Bahn-Unternehmen BLS legt seine drei B\u00fcrostandorte in Bern am Europaplatz zusammen. Die rund 900 BLS-Mitarbeiter ziehen ins \u00abForum West\u00bb.","og_url":"https:\/\/www.immobilienbusiness.ch\/en\/regionen\/2023-02-14\/bern-bahnbetreiber-bls-zuegelt-mit-900-arbeitsplaetzen-an-den-europaplatz\/","og_site_name":"IMMOBILIEN Business","article_publisher":"https:\/\/www.facebook.com\/immobilienbusiness\/","article_published_time":"2023-02-14T04:00:07+00:00","article_modified_time":"2023-02-16T20:25:00+00:00","og_image":[{"width":870,"height":453,"url":"https:\/\/www.immobilienbusiness.ch\/wp-content\/uploads\/2023\/02\/BLS.png","type":"image\/png"}],"author":"Alexander Wachter","twitter_card":"summary_large_image","schema":{"@context":"https:\/\/schema.org","@graph":[{"@type":"Article","@id":"https:\/\/www.immobilienbusiness.ch\/it\/regionen\/2023-02-14\/bern-bahnbetreiber-bls-zuegelt-mit-900-arbeitsplaetzen-an-den-europaplatz\/#article","isPartOf":{"@id":"https:\/\/www.immobilienbusiness.ch\/it\/regionen\/2023-02-14\/bern-bahnbetreiber-bls-zuegelt-mit-900-arbeitsplaetzen-an-den-europaplatz\/"},"author":{"name":"Alexander Wachter","@id":"https:\/\/www.immobilienbusiness.ch\/#\/schema\/person\/aba8bea2db926aa0c24c08c43fe1fcd5"},"headline":"Bern: Bahnbetreiber BLS z\u00fcgelt mit 900 Arbeitspl\u00e4tzen an den Europaplatz","datePublished":"2023-02-14T04:00:07+00:00","dateModified":"2023-02-16T20:25:00+00:00","mainEntityOfPage":{"@id":"https:\/\/www.immobilienbusiness.ch\/it\/regionen\/2023-02-14\/bern-bahnbetreiber-bls-zuegelt-mit-900-arbeitsplaetzen-an-den-europaplatz\/"},"wordCount":183,"publisher":{"@id":"https:\/\/www.immobilienbusiness.ch\/#organization"},"image":{"@id":"https:\/\/www.immobilienbusiness.ch\/it\/regionen\/2023-02-14\/bern-bahnbetreiber-bls-zuegelt-mit-900-arbeitsplaetzen-an-den-europaplatz\/#primaryimage"},"thumbnailUrl":"https:\/\/www.immobilienbusiness.ch\/wp-content\/uploads\/2023\/02\/BLS.png","keywords":["Bern","B\u00fcro","Vermietung"],"articleSection":["REGIONEN"],"inLanguage":"en-US"},{"@type":"WebPage","@id":"https:\/\/www.immobilienbusiness.ch\/it\/regionen\/2023-02-14\/bern-bahnbetreiber-bls-zuegelt-mit-900-arbeitsplaetzen-an-den-europaplatz\/","url":"https:\/\/www.immobilienbusiness.ch\/it\/regionen\/2023-02-14\/bern-bahnbetreiber-bls-zuegelt-mit-900-arbeitsplaetzen-an-den-europaplatz\/","name":"Bern: Bahnbetreiber BLS z\u00fcgelt mit 900 Arbeitspl\u00e4tzen an den Europaplatz - IMMOBILIEN Business","isPartOf":{"@id":"https:\/\/www.immobilienbusiness.ch\/#website"},"primaryImageOfPage":{"@id":"https:\/\/www.immobilienbusiness.ch\/it\/regionen\/2023-02-14\/bern-bahnbetreiber-bls-zuegelt-mit-900-arbeitsplaetzen-an-den-europaplatz\/#primaryimage"},"image":{"@id":"https:\/\/www.immobilienbusiness.ch\/it\/regionen\/2023-02-14\/bern-bahnbetreiber-bls-zuegelt-mit-900-arbeitsplaetzen-an-den-europaplatz\/#primaryimage"},"thumbnailUrl":"https:\/\/www.immobilienbusiness.ch\/wp-content\/uploads\/2023\/02\/BLS.png","datePublished":"2023-02-14T04:00:07+00:00","dateModified":"2023-02-16T20:25:00+00:00","description":"The railroad company BLS is merging its three office locations in Bern at Europaplatz. The approximately 900 BLS employees are moving to the \"Forum West\".","breadcrumb":{"@id":"https:\/\/www.immobilienbusiness.ch\/it\/regionen\/2023-02-14\/bern-bahnbetreiber-bls-zuegelt-mit-900-arbeitsplaetzen-an-den-europaplatz\/#breadcrumb"},"inLanguage":"en-US","potentialAction":[{"@type":"ReadAction","target":["https:\/\/www.immobilienbusiness.ch\/it\/regionen\/2023-02-14\/bern-bahnbetreiber-bls-zuegelt-mit-900-arbeitsplaetzen-an-den-europaplatz\/"]}]},{"@type":"ImageObject","inLanguage":"en-US","@id":"https:\/\/www.immobilienbusiness.ch\/it\/regionen\/2023-02-14\/bern-bahnbetreiber-bls-zuegelt-mit-900-arbeitsplaetzen-an-den-europaplatz\/#primaryimage","url":"https:\/\/www.immobilienbusiness.ch\/wp-content\/uploads\/2023\/02\/BLS.png","contentUrl":"https:\/\/www.immobilienbusiness.ch\/wp-content\/uploads\/2023\/02\/BLS.png","width":870,"height":453,"caption":"Das \u00abForum West\u00bb am Europaplatz (Bild: BLS)"},{"@type":"BreadcrumbList","@id":"https:\/\/www.immobilienbusiness.ch\/it\/regionen\/2023-02-14\/bern-bahnbetreiber-bls-zuegelt-mit-900-arbeitsplaetzen-an-den-europaplatz\/#breadcrumb","itemListElement":[{"@type":"ListItem","position":1,"name":"Home","item":"https:\/\/www.immobilienbusiness.ch\/"},{"@type":"ListItem","position":2,"name":"Bern: Bahnbetreiber BLS z\u00fcgelt mit 900 Arbeitspl\u00e4tzen an den Europaplatz"}]},{"@type":"WebSite","@id":"https:\/\/www.immobilienbusiness.ch\/#website","url":"https:\/\/www.immobilienbusiness.ch\/","name":"REAL ESTATE Business","description":"Independent Swiss business magazine focusing on real estate, architecture and construction as well as investment and financing.","publisher":{"@id":"https:\/\/www.immobilienbusiness.ch\/#organization"},"potentialAction":[{"@type":"SearchAction","target":{"@type":"EntryPoint","urlTemplate":"https:\/\/www.immobilienbusiness.ch\/?s={search_term_string}"},"query-input":{"@type":"PropertyValueSpecification","valueRequired":true,"valueName":"search_term_string"}}],"inLanguage":"en-US"},{"@type":"Organization","@id":"https:\/\/www.immobilienbusiness.ch\/#organization","name":"REAL ESTATE Business","url":"https:\/\/www.immobilienbusiness.ch\/","logo":{"@type":"ImageObject","inLanguage":"en-US","@id":"https:\/\/www.immobilienbusiness.ch\/#\/schema\/logo\/image\/","url":"https:\/\/www.immobilienbusiness.ch\/wp-content\/uploads\/2021\/07\/logo_ib.png","contentUrl":"https:\/\/www.immobilienbusiness.ch\/wp-content\/uploads\/2021\/07\/logo_ib.png","width":800,"height":181,"caption":"IMMOBILIEN Business"},"image":{"@id":"https:\/\/www.immobilienbusiness.ch\/#\/schema\/logo\/image\/"},"sameAs":["https:\/\/www.facebook.com\/immobilienbusiness\/"]},{"@type":"Person","@id":"https:\/\/www.immobilienbusiness.ch\/#\/schema\/person\/aba8bea2db926aa0c24c08c43fe1fcd5","name":"Alexander Wachter","image":{"@type":"ImageObject","inLanguage":"en-US","@id":"https:\/\/secure.gravatar.com\/avatar\/1a09e471f5389b0e0a6416eac287e0927c7c97a7b77f9e787eba3af7aee281dd?s=96&d=mm&r=g","url":"https:\/\/secure.gravatar.com\/avatar\/1a09e471f5389b0e0a6416eac287e0927c7c97a7b77f9e787eba3af7aee281dd?s=96&d=mm&r=g","contentUrl":"https:\/\/secure.gravatar.com\/avatar\/1a09e471f5389b0e0a6416eac287e0927c7c97a7b77f9e787eba3af7aee281dd?s=96&d=mm&r=g","caption":"Alexander Wachter"},"url":"https:\/\/www.immobilienbusiness.ch\/en\/author\/alexander-wachter\/"}]}},"_links":{"self":[{"href":"https:\/\/www.immobilienbusiness.ch\/en\/wp-json\/wp\/v2\/posts\/45775","targetHints":{"allow":["GET"]}}],"collection":[{"href":"https:\/\/www.immobilienbusiness.ch\/en\/wp-json\/wp\/v2\/posts"}],"about":[{"href":"https:\/\/www.immobilienbusiness.ch\/en\/wp-json\/wp\/v2\/types\/post"}],"author":[{"embeddable":true,"href":"https:\/\/www.immobilienbusiness.ch\/en\/wp-json\/wp\/v2\/users\/102"}],"replies":[{"embeddable":true,"href":"https:\/\/www.immobilienbusiness.ch\/en\/wp-json\/wp\/v2\/comments?post=45775"}],"version-history":[{"count":4,"href":"https:\/\/www.immobilienbusiness.ch\/en\/wp-json\/wp\/v2\/posts\/45775\/revisions"}],"predecessor-version":[{"id":45830,"href":"https:\/\/www.immobilienbusiness.ch\/en\/wp-json\/wp\/v2\/posts\/45775\/revisions\/45830"}],"wp:featuredmedia":[{"embeddable":true,"href":"https:\/\/www.immobilienbusiness.ch\/en\/wp-json\/wp\/v2\/media\/45776"}],"wp:attachment":[{"href":"https:\/\/www.immobilienbusiness.ch\/en\/wp-json\/wp\/v2\/media?parent=45775"}],"wp:term":[{"taxonomy":"category","embeddable":true,"href":"https:\/\/www.immobilienbusiness.ch\/en\/wp-json\/wp\/v2\/categories?post=45775"},{"taxonomy":"post_tag","embeddable":true,"href":"https:\/\/www.immobilienbusiness.ch\/en\/wp-json\/wp\/v2\/tags?post=45775"}],"curies":[{"name":"wp","href":"https:\/\/api.w.org\/{rel}","templated":true}]}}