{"id":44909,"date":"2022-11-28T07:35:12","date_gmt":"2022-11-28T06:35:12","guid":{"rendered":"https:\/\/www.immobilienbusiness.ch\/?p=44909"},"modified":"2022-11-30T06:06:16","modified_gmt":"2022-11-30T05:06:16","slug":"generationenwechsel-bei-herzog-de-meuron","status":"publish","type":"post","link":"https:\/\/www.immobilienbusiness.ch\/en\/unternehmen\/2022-11-28\/generationenwechsel-bei-herzog-de-meuron\/","title":{"rendered":"Generation change at Herzog &amp; de Meuron"},"content":{"rendered":"<figure id=\"attachment_10656\" aria-describedby=\"caption-attachment-10656\" style=\"width: 1035px\" class=\"wp-caption alignnone\"><a href=\"https:\/\/www.immobilienbusiness.ch\/wp-content\/uploads\/2017\/12\/IB-News-20171215-Visualisierung-Basel-Dreispitz-Hochhaeuser-c-Herzog-de-Meuron.jpg\"><img loading=\"lazy\" decoding=\"async\" class=\"size-full wp-image-10656\" src=\"https:\/\/www.immobilienbusiness.ch\/wp-content\/uploads\/2017\/12\/IB-News-20171215-Visualisierung-Basel-Dreispitz-Hochhaeuser-c-Herzog-de-Meuron.jpg\" alt=\"\" width=\"1035\" height=\"690\" srcset=\"https:\/\/www.immobilienbusiness.ch\/wp-content\/uploads\/2017\/12\/IB-News-20171215-Visualisierung-Basel-Dreispitz-Hochhaeuser-c-Herzog-de-Meuron.jpg 1035w, https:\/\/www.immobilienbusiness.ch\/wp-content\/uploads\/2017\/12\/IB-News-20171215-Visualisierung-Basel-Dreispitz-Hochhaeuser-c-Herzog-de-Meuron-300x200.jpg 300w, https:\/\/www.immobilienbusiness.ch\/wp-content\/uploads\/2017\/12\/IB-News-20171215-Visualisierung-Basel-Dreispitz-Hochhaeuser-c-Herzog-de-Meuron-1024x683.jpg 1024w, https:\/\/www.immobilienbusiness.ch\/wp-content\/uploads\/2017\/12\/IB-News-20171215-Visualisierung-Basel-Dreispitz-Hochhaeuser-c-Herzog-de-Meuron-768x512.jpg 768w, https:\/\/www.immobilienbusiness.ch\/wp-content\/uploads\/2017\/12\/IB-News-20171215-Visualisierung-Basel-Dreispitz-Hochhaeuser-c-Herzog-de-Meuron-16x12.jpg 16w, https:\/\/www.immobilienbusiness.ch\/wp-content\/uploads\/2017\/12\/IB-News-20171215-Visualisierung-Basel-Dreispitz-Hochhaeuser-c-Herzog-de-Meuron-263x175.jpg 263w, https:\/\/www.immobilienbusiness.ch\/wp-content\/uploads\/2017\/12\/IB-News-20171215-Visualisierung-Basel-Dreispitz-Hochhaeuser-c-Herzog-de-Meuron-525x350.jpg 525w, https:\/\/www.immobilienbusiness.ch\/wp-content\/uploads\/2017\/12\/IB-News-20171215-Visualisierung-Basel-Dreispitz-Hochhaeuser-c-Herzog-de-Meuron-920x613.jpg 920w\" sizes=\"auto, (max-width: 1035px) 100vw, 1035px\" \/><\/a><figcaption id=\"caption-attachment-10656\" class=\"wp-caption-text\">High density, lots of open space - Herzog &amp; de Meuron's proposal for the northern tip of Basel's Dreispitz site (Visualization: Herzog &amp; de Meuron)<\/figcaption><\/figure>\n<p>Architects Jacques Herzog and Pierre de Meuron are selling their architecture firm: As the business magazine <a href=\"https:\/\/www.handelszeitung.ch\/bilanz\/herzog-de-meuron-verkaufen-die-firma-an-ihre-schlusselmitarbeiter-547905\">\"Balance\"<\/a> first reported, a shareholders' agreement has been concluded with 15 partners of the company. This will regulate how the well-known architecture firm will be sold step by step from the two founders to the key employees. Adrian Keller will remain responsible for operations as Chief Executive Officer, according to the report.<\/p>\n<p>\"This concrete and binding plan gives all other employees and our customers a clear perspective and commitment,\" the paper quotes founder Pierre de Meuron as saying.<\/p>\n<p>Jacques Herzog and Pierre de Meuron founded their office in 1978 and converted it into a stock corporation in 1997. In addition to its headquarters in Basel, the company has offices in Hong Kong, Berlin, Munich, London, New York and San Francisco and employs around 600 people. As \"Bilanz\" further reports, industry experts estimate the market value of the company at well over CHF 100 million.<\/p>\n<p>The architects' best-known projects include the Tate Gallery in London, the Elbe Philharmonic Hall in Hamburg and the Olympic Stadium in Beijing. But they are also making their mark in their hometown of Basel, where they are responsible for projects such as the Bau 1 high-rise of the Roche pharmaceutical group, the Helvetia Campus, and the Meret Oppenheim high-rise of SBB Immobilien. <a href=\"https:\/\/www.immobilienbusiness.ch\/en\/regionen\/2017-12-15\/basel-drei-hochhaeuser-fuer-den-dreispitz\/\">Five years ago, they won the study commission with their concept for a spectacular overbuilding of the Dreispitz site.<\/a> In Zurich, the office is currently planning, among other things, the <a href=\"https:\/\/www.immobilienbusiness.ch\/en\/regionen\/2020-12-15\/zuerich-herzog-de-meuron-bauen-am-paradeplatz\/\">Conversion of the UBS building on Paradeplatz,<\/a> In addition, it is working with the project developer Senn <a href=\"https:\/\/www.immobilienbusiness.ch\/en\/regionen\/2021-04-20\/zuerich-herzog-de-meuron-entwirft-wohnprojekt-fuer-altstetten\/\">a residential quarter in Altstetten<\/a> and a <a href=\"https:\/\/www.immobilienbusiness.ch\/en\/regionen\/2021-08-31\/allschwil-nachhaltiger-buerobau-fuer-das-baselink-areal\/\">sustainable office building in Allschwil.<\/a> <em>(ah)<\/em><\/p>","protected":false},"excerpt":{"rendered":"<p>The founders of the renowned Basel-based architecture firm have sold the company to key employees, thereby arranging their succession.<\/p>","protected":false},"author":3,"featured_media":10597,"comment_status":"closed","ping_status":"closed","sticky":false,"template":"","format":"standard","meta":{"_acf_changed":false,"_yoast_wpseo_focuskw":"meuron","_yoast_wpseo_title":"","_yoast_wpseo_metadesc":"Die Gr\u00fcnder des renommierten Basler Architekturb\u00fcros Jacques Herzog und Pierre de Meuron haben die Firma an Schl\u00fcsselmitarbeitende verkauft.","_yoast_wpseo_linkdex":76,"pgc_sgb_lightbox_settings":"","footnotes":""},"categories":[988],"tags":[1039,1300],"class_list":["post-44909","post","type-post","status-publish","format-standard","has-post-thumbnail","hentry","category-unternehmen","tag-architektur","tag-herzog-de-meuron"],"acf":[],"yoast_head":"<!-- This site is optimized with the Yoast SEO plugin v27.5 - https:\/\/yoast.com\/product\/yoast-seo-wordpress\/ -->\n<title>Generationenwechsel bei Herzog &amp; de Meuron - IMMOBILIEN Business<\/title>\n<meta name=\"description\" content=\"Die Gr\u00fcnder des renommierten Basler Architekturb\u00fcros Jacques Herzog und Pierre de Meuron haben die Firma an Schl\u00fcsselmitarbeitende verkauft.\" \/>\n<meta name=\"robots\" content=\"index, follow, max-snippet:-1, max-image-preview:large, max-video-preview:-1\" \/>\n<link rel=\"canonical\" href=\"https:\/\/www.immobilienbusiness.ch\/en\/unternehmen\/2022-11-28\/generationenwechsel-bei-herzog-de-meuron\/\" \/>\n<meta property=\"og:locale\" content=\"en_US\" \/>\n<meta property=\"og:type\" content=\"article\" \/>\n<meta property=\"og:title\" content=\"Generationenwechsel bei Herzog &amp; de Meuron - IMMOBILIEN Business\" \/>\n<meta property=\"og:description\" content=\"Die Gr\u00fcnder des renommierten Basler Architekturb\u00fcros Jacques Herzog und Pierre de Meuron haben die Firma an Schl\u00fcsselmitarbeitende verkauft.\" \/>\n<meta property=\"og:url\" content=\"https:\/\/www.immobilienbusiness.ch\/en\/unternehmen\/2022-11-28\/generationenwechsel-bei-herzog-de-meuron\/\" \/>\n<meta property=\"og:site_name\" content=\"IMMOBILIEN Business\" \/>\n<meta property=\"article:publisher\" content=\"https:\/\/www.facebook.com\/immobilienbusiness\/\" \/>\n<meta property=\"article:published_time\" content=\"2022-11-28T06:35:12+00:00\" \/>\n<meta property=\"article:modified_time\" content=\"2022-11-30T05:06:16+00:00\" \/>\n<meta property=\"og:image\" content=\"https:\/\/www.immobilienbusiness.ch\/wp-content\/uploads\/2017\/12\/IB-News-20171215-Visualisierung-Basel-Dreispitz-Hochhaeuser-c-Herzog-de-Meuron.jpg\" \/>\n\t<meta property=\"og:image:width\" content=\"1035\" \/>\n\t<meta property=\"og:image:height\" content=\"690\" \/>\n\t<meta property=\"og:image:type\" content=\"image\/jpeg\" \/>\n<meta name=\"author\" content=\"anja.hall\" \/>\n<meta name=\"twitter:card\" content=\"summary_large_image\" \/>\n<meta name=\"twitter:image\" content=\"https:\/\/www.immobilienbusiness.ch\/wp-content\/uploads\/2017\/12\/IB-News-20171215-Visualisierung-Basel-Dreispitz-Hochhaeuser-c-Herzog-de-Meuron.jpg\" \/>\n<script type=\"application\/ld+json\" class=\"yoast-schema-graph\">{\"@context\":\"https:\\\/\\\/schema.org\",\"@graph\":[{\"@type\":\"Article\",\"@id\":\"https:\\\/\\\/www.immobilienbusiness.ch\\\/en\\\/unternehmen\\\/2022-11-28\\\/generationenwechsel-bei-herzog-de-meuron\\\/#article\",\"isPartOf\":{\"@id\":\"https:\\\/\\\/www.immobilienbusiness.ch\\\/en\\\/unternehmen\\\/2022-11-28\\\/generationenwechsel-bei-herzog-de-meuron\\\/\"},\"author\":{\"name\":\"anja.hall\",\"@id\":\"https:\\\/\\\/www.immobilienbusiness.ch\\\/#\\\/schema\\\/person\\\/3fc036297b10b9f42d6db5ee932af8c8\"},\"headline\":\"Generationenwechsel bei Herzog &#038; de Meuron\",\"datePublished\":\"2022-11-28T06:35:12+00:00\",\"dateModified\":\"2022-11-30T05:06:16+00:00\",\"mainEntityOfPage\":{\"@id\":\"https:\\\/\\\/www.immobilienbusiness.ch\\\/en\\\/unternehmen\\\/2022-11-28\\\/generationenwechsel-bei-herzog-de-meuron\\\/\"},\"wordCount\":303,\"publisher\":{\"@id\":\"https:\\\/\\\/www.immobilienbusiness.ch\\\/#organization\"},\"image\":{\"@id\":\"https:\\\/\\\/www.immobilienbusiness.ch\\\/en\\\/unternehmen\\\/2022-11-28\\\/generationenwechsel-bei-herzog-de-meuron\\\/#primaryimage\"},\"thumbnailUrl\":\"https:\\\/\\\/www.immobilienbusiness.ch\\\/wp-content\\\/uploads\\\/2017\\\/12\\\/Visualisierung_1_Copyright_Herzog_de_Meuron.jpg\",\"keywords\":[\"Architektur\",\"Herzog &amp; de Meuron\"],\"articleSection\":[\"UNTERNEHMEN\"],\"inLanguage\":\"en-US\"},{\"@type\":\"WebPage\",\"@id\":\"https:\\\/\\\/www.immobilienbusiness.ch\\\/en\\\/unternehmen\\\/2022-11-28\\\/generationenwechsel-bei-herzog-de-meuron\\\/\",\"url\":\"https:\\\/\\\/www.immobilienbusiness.ch\\\/en\\\/unternehmen\\\/2022-11-28\\\/generationenwechsel-bei-herzog-de-meuron\\\/\",\"name\":\"Generationenwechsel bei Herzog & de Meuron - IMMOBILIEN Business\",\"isPartOf\":{\"@id\":\"https:\\\/\\\/www.immobilienbusiness.ch\\\/#website\"},\"primaryImageOfPage\":{\"@id\":\"https:\\\/\\\/www.immobilienbusiness.ch\\\/en\\\/unternehmen\\\/2022-11-28\\\/generationenwechsel-bei-herzog-de-meuron\\\/#primaryimage\"},\"image\":{\"@id\":\"https:\\\/\\\/www.immobilienbusiness.ch\\\/en\\\/unternehmen\\\/2022-11-28\\\/generationenwechsel-bei-herzog-de-meuron\\\/#primaryimage\"},\"thumbnailUrl\":\"https:\\\/\\\/www.immobilienbusiness.ch\\\/wp-content\\\/uploads\\\/2017\\\/12\\\/Visualisierung_1_Copyright_Herzog_de_Meuron.jpg\",\"datePublished\":\"2022-11-28T06:35:12+00:00\",\"dateModified\":\"2022-11-30T05:06:16+00:00\",\"description\":\"Die Gr\u00fcnder des renommierten Basler Architekturb\u00fcros Jacques Herzog und Pierre de Meuron haben die Firma an Schl\u00fcsselmitarbeitende verkauft.\",\"breadcrumb\":{\"@id\":\"https:\\\/\\\/www.immobilienbusiness.ch\\\/en\\\/unternehmen\\\/2022-11-28\\\/generationenwechsel-bei-herzog-de-meuron\\\/#breadcrumb\"},\"inLanguage\":\"en-US\",\"potentialAction\":[{\"@type\":\"ReadAction\",\"target\":[\"https:\\\/\\\/www.immobilienbusiness.ch\\\/en\\\/unternehmen\\\/2022-11-28\\\/generationenwechsel-bei-herzog-de-meuron\\\/\"]}]},{\"@type\":\"ImageObject\",\"inLanguage\":\"en-US\",\"@id\":\"https:\\\/\\\/www.immobilienbusiness.ch\\\/en\\\/unternehmen\\\/2022-11-28\\\/generationenwechsel-bei-herzog-de-meuron\\\/#primaryimage\",\"url\":\"https:\\\/\\\/www.immobilienbusiness.ch\\\/wp-content\\\/uploads\\\/2017\\\/12\\\/Visualisierung_1_Copyright_Herzog_de_Meuron.jpg\",\"contentUrl\":\"https:\\\/\\\/www.immobilienbusiness.ch\\\/wp-content\\\/uploads\\\/2017\\\/12\\\/Visualisierung_1_Copyright_Herzog_de_Meuron.jpg\",\"width\":2560,\"height\":1441,\"caption\":\"(Visualisierung: Herzog & de Meuron)\"},{\"@type\":\"BreadcrumbList\",\"@id\":\"https:\\\/\\\/www.immobilienbusiness.ch\\\/en\\\/unternehmen\\\/2022-11-28\\\/generationenwechsel-bei-herzog-de-meuron\\\/#breadcrumb\",\"itemListElement\":[{\"@type\":\"ListItem\",\"position\":1,\"name\":\"Home\",\"item\":\"https:\\\/\\\/www.immobilienbusiness.ch\\\/\"},{\"@type\":\"ListItem\",\"position\":2,\"name\":\"Generationenwechsel bei Herzog &#038; de Meuron\"}]},{\"@type\":\"WebSite\",\"@id\":\"https:\\\/\\\/www.immobilienbusiness.ch\\\/#website\",\"url\":\"https:\\\/\\\/www.immobilienbusiness.ch\\\/\",\"name\":\"IMMOBILIEN Business\",\"description\":\"Unabh\u00e4ngiges Schweizer Wirtschaftsmagazin mit Fokus auf Immobilien, Architektur- und Bau sowie Investment- und Finanzierung.\",\"publisher\":{\"@id\":\"https:\\\/\\\/www.immobilienbusiness.ch\\\/#organization\"},\"potentialAction\":[{\"@type\":\"SearchAction\",\"target\":{\"@type\":\"EntryPoint\",\"urlTemplate\":\"https:\\\/\\\/www.immobilienbusiness.ch\\\/?s={search_term_string}\"},\"query-input\":{\"@type\":\"PropertyValueSpecification\",\"valueRequired\":true,\"valueName\":\"search_term_string\"}}],\"inLanguage\":\"en-US\"},{\"@type\":\"Organization\",\"@id\":\"https:\\\/\\\/www.immobilienbusiness.ch\\\/#organization\",\"name\":\"IMMOBILIEN Business\",\"url\":\"https:\\\/\\\/www.immobilienbusiness.ch\\\/\",\"logo\":{\"@type\":\"ImageObject\",\"inLanguage\":\"en-US\",\"@id\":\"https:\\\/\\\/www.immobilienbusiness.ch\\\/#\\\/schema\\\/logo\\\/image\\\/\",\"url\":\"https:\\\/\\\/www.immobilienbusiness.ch\\\/wp-content\\\/uploads\\\/2021\\\/07\\\/logo_ib.png\",\"contentUrl\":\"https:\\\/\\\/www.immobilienbusiness.ch\\\/wp-content\\\/uploads\\\/2021\\\/07\\\/logo_ib.png\",\"width\":800,\"height\":181,\"caption\":\"IMMOBILIEN Business\"},\"image\":{\"@id\":\"https:\\\/\\\/www.immobilienbusiness.ch\\\/#\\\/schema\\\/logo\\\/image\\\/\"},\"sameAs\":[\"https:\\\/\\\/www.facebook.com\\\/immobilienbusiness\\\/\"]},{\"@type\":\"Person\",\"@id\":\"https:\\\/\\\/www.immobilienbusiness.ch\\\/#\\\/schema\\\/person\\\/3fc036297b10b9f42d6db5ee932af8c8\",\"name\":\"anja.hall\",\"image\":{\"@type\":\"ImageObject\",\"inLanguage\":\"en-US\",\"@id\":\"https:\\\/\\\/secure.gravatar.com\\\/avatar\\\/066b5a0d447013502c71a5782f4f3469f03cfe595cc2329fb94652fe47511bfb?s=96&d=mm&r=g\",\"url\":\"https:\\\/\\\/secure.gravatar.com\\\/avatar\\\/066b5a0d447013502c71a5782f4f3469f03cfe595cc2329fb94652fe47511bfb?s=96&d=mm&r=g\",\"contentUrl\":\"https:\\\/\\\/secure.gravatar.com\\\/avatar\\\/066b5a0d447013502c71a5782f4f3469f03cfe595cc2329fb94652fe47511bfb?s=96&d=mm&r=g\",\"caption\":\"anja.hall\"},\"url\":\"https:\\\/\\\/www.immobilienbusiness.ch\\\/en\\\/author\\\/anja-hall\\\/\"}]}<\/script>\n<!-- \/ Yoast SEO plugin. -->","yoast_head_json":{"title":"Generationenwechsel bei Herzog & de Meuron - IMMOBILIEN Business","description":"Die Gr\u00fcnder des renommierten Basler Architekturb\u00fcros Jacques Herzog und Pierre de Meuron haben die Firma an Schl\u00fcsselmitarbeitende verkauft.","robots":{"index":"index","follow":"follow","max-snippet":"max-snippet:-1","max-image-preview":"max-image-preview:large","max-video-preview":"max-video-preview:-1"},"canonical":"https:\/\/www.immobilienbusiness.ch\/en\/unternehmen\/2022-11-28\/generationenwechsel-bei-herzog-de-meuron\/","og_locale":"en_US","og_type":"article","og_title":"Generationenwechsel bei Herzog & de Meuron - IMMOBILIEN Business","og_description":"Die Gr\u00fcnder des renommierten Basler Architekturb\u00fcros Jacques Herzog und Pierre de Meuron haben die Firma an Schl\u00fcsselmitarbeitende verkauft.","og_url":"https:\/\/www.immobilienbusiness.ch\/en\/unternehmen\/2022-11-28\/generationenwechsel-bei-herzog-de-meuron\/","og_site_name":"IMMOBILIEN Business","article_publisher":"https:\/\/www.facebook.com\/immobilienbusiness\/","article_published_time":"2022-11-28T06:35:12+00:00","article_modified_time":"2022-11-30T05:06:16+00:00","og_image":[{"width":1035,"height":690,"url":"https:\/\/www.immobilienbusiness.ch\/wp-content\/uploads\/2017\/12\/IB-News-20171215-Visualisierung-Basel-Dreispitz-Hochhaeuser-c-Herzog-de-Meuron.jpg","type":"image\/jpeg"}],"author":"anja.hall","twitter_card":"summary_large_image","twitter_image":"https:\/\/www.immobilienbusiness.ch\/wp-content\/uploads\/2017\/12\/IB-News-20171215-Visualisierung-Basel-Dreispitz-Hochhaeuser-c-Herzog-de-Meuron.jpg","schema":{"@context":"https:\/\/schema.org","@graph":[{"@type":"Article","@id":"https:\/\/www.immobilienbusiness.ch\/en\/unternehmen\/2022-11-28\/generationenwechsel-bei-herzog-de-meuron\/#article","isPartOf":{"@id":"https:\/\/www.immobilienbusiness.ch\/en\/unternehmen\/2022-11-28\/generationenwechsel-bei-herzog-de-meuron\/"},"author":{"name":"anja.hall","@id":"https:\/\/www.immobilienbusiness.ch\/#\/schema\/person\/3fc036297b10b9f42d6db5ee932af8c8"},"headline":"Generationenwechsel bei Herzog &#038; de Meuron","datePublished":"2022-11-28T06:35:12+00:00","dateModified":"2022-11-30T05:06:16+00:00","mainEntityOfPage":{"@id":"https:\/\/www.immobilienbusiness.ch\/en\/unternehmen\/2022-11-28\/generationenwechsel-bei-herzog-de-meuron\/"},"wordCount":303,"publisher":{"@id":"https:\/\/www.immobilienbusiness.ch\/#organization"},"image":{"@id":"https:\/\/www.immobilienbusiness.ch\/en\/unternehmen\/2022-11-28\/generationenwechsel-bei-herzog-de-meuron\/#primaryimage"},"thumbnailUrl":"https:\/\/www.immobilienbusiness.ch\/wp-content\/uploads\/2017\/12\/Visualisierung_1_Copyright_Herzog_de_Meuron.jpg","keywords":["Architektur","Herzog &amp; de Meuron"],"articleSection":["UNTERNEHMEN"],"inLanguage":"en-US"},{"@type":"WebPage","@id":"https:\/\/www.immobilienbusiness.ch\/en\/unternehmen\/2022-11-28\/generationenwechsel-bei-herzog-de-meuron\/","url":"https:\/\/www.immobilienbusiness.ch\/en\/unternehmen\/2022-11-28\/generationenwechsel-bei-herzog-de-meuron\/","name":"Generationenwechsel bei Herzog & de Meuron - IMMOBILIEN Business","isPartOf":{"@id":"https:\/\/www.immobilienbusiness.ch\/#website"},"primaryImageOfPage":{"@id":"https:\/\/www.immobilienbusiness.ch\/en\/unternehmen\/2022-11-28\/generationenwechsel-bei-herzog-de-meuron\/#primaryimage"},"image":{"@id":"https:\/\/www.immobilienbusiness.ch\/en\/unternehmen\/2022-11-28\/generationenwechsel-bei-herzog-de-meuron\/#primaryimage"},"thumbnailUrl":"https:\/\/www.immobilienbusiness.ch\/wp-content\/uploads\/2017\/12\/Visualisierung_1_Copyright_Herzog_de_Meuron.jpg","datePublished":"2022-11-28T06:35:12+00:00","dateModified":"2022-11-30T05:06:16+00:00","description":"Die Gr\u00fcnder des renommierten Basler Architekturb\u00fcros Jacques Herzog und Pierre de Meuron haben die Firma an Schl\u00fcsselmitarbeitende verkauft.","breadcrumb":{"@id":"https:\/\/www.immobilienbusiness.ch\/en\/unternehmen\/2022-11-28\/generationenwechsel-bei-herzog-de-meuron\/#breadcrumb"},"inLanguage":"en-US","potentialAction":[{"@type":"ReadAction","target":["https:\/\/www.immobilienbusiness.ch\/en\/unternehmen\/2022-11-28\/generationenwechsel-bei-herzog-de-meuron\/"]}]},{"@type":"ImageObject","inLanguage":"en-US","@id":"https:\/\/www.immobilienbusiness.ch\/en\/unternehmen\/2022-11-28\/generationenwechsel-bei-herzog-de-meuron\/#primaryimage","url":"https:\/\/www.immobilienbusiness.ch\/wp-content\/uploads\/2017\/12\/Visualisierung_1_Copyright_Herzog_de_Meuron.jpg","contentUrl":"https:\/\/www.immobilienbusiness.ch\/wp-content\/uploads\/2017\/12\/Visualisierung_1_Copyright_Herzog_de_Meuron.jpg","width":2560,"height":1441,"caption":"(Visualisierung: Herzog & de Meuron)"},{"@type":"BreadcrumbList","@id":"https:\/\/www.immobilienbusiness.ch\/en\/unternehmen\/2022-11-28\/generationenwechsel-bei-herzog-de-meuron\/#breadcrumb","itemListElement":[{"@type":"ListItem","position":1,"name":"Home","item":"https:\/\/www.immobilienbusiness.ch\/"},{"@type":"ListItem","position":2,"name":"Generationenwechsel bei Herzog &#038; de Meuron"}]},{"@type":"WebSite","@id":"https:\/\/www.immobilienbusiness.ch\/#website","url":"https:\/\/www.immobilienbusiness.ch\/","name":"REAL ESTATE Business","description":"Independent Swiss business magazine focusing on real estate, architecture and construction as well as investment and financing.","publisher":{"@id":"https:\/\/www.immobilienbusiness.ch\/#organization"},"potentialAction":[{"@type":"SearchAction","target":{"@type":"EntryPoint","urlTemplate":"https:\/\/www.immobilienbusiness.ch\/?s={search_term_string}"},"query-input":{"@type":"PropertyValueSpecification","valueRequired":true,"valueName":"search_term_string"}}],"inLanguage":"en-US"},{"@type":"Organization","@id":"https:\/\/www.immobilienbusiness.ch\/#organization","name":"REAL ESTATE Business","url":"https:\/\/www.immobilienbusiness.ch\/","logo":{"@type":"ImageObject","inLanguage":"en-US","@id":"https:\/\/www.immobilienbusiness.ch\/#\/schema\/logo\/image\/","url":"https:\/\/www.immobilienbusiness.ch\/wp-content\/uploads\/2021\/07\/logo_ib.png","contentUrl":"https:\/\/www.immobilienbusiness.ch\/wp-content\/uploads\/2021\/07\/logo_ib.png","width":800,"height":181,"caption":"IMMOBILIEN Business"},"image":{"@id":"https:\/\/www.immobilienbusiness.ch\/#\/schema\/logo\/image\/"},"sameAs":["https:\/\/www.facebook.com\/immobilienbusiness\/"]},{"@type":"Person","@id":"https:\/\/www.immobilienbusiness.ch\/#\/schema\/person\/3fc036297b10b9f42d6db5ee932af8c8","name":"anja.hall","image":{"@type":"ImageObject","inLanguage":"en-US","@id":"https:\/\/secure.gravatar.com\/avatar\/066b5a0d447013502c71a5782f4f3469f03cfe595cc2329fb94652fe47511bfb?s=96&d=mm&r=g","url":"https:\/\/secure.gravatar.com\/avatar\/066b5a0d447013502c71a5782f4f3469f03cfe595cc2329fb94652fe47511bfb?s=96&d=mm&r=g","contentUrl":"https:\/\/secure.gravatar.com\/avatar\/066b5a0d447013502c71a5782f4f3469f03cfe595cc2329fb94652fe47511bfb?s=96&d=mm&r=g","caption":"anja.hall"},"url":"https:\/\/www.immobilienbusiness.ch\/en\/author\/anja-hall\/"}]}},"_links":{"self":[{"href":"https:\/\/www.immobilienbusiness.ch\/en\/wp-json\/wp\/v2\/posts\/44909","targetHints":{"allow":["GET"]}}],"collection":[{"href":"https:\/\/www.immobilienbusiness.ch\/en\/wp-json\/wp\/v2\/posts"}],"about":[{"href":"https:\/\/www.immobilienbusiness.ch\/en\/wp-json\/wp\/v2\/types\/post"}],"author":[{"embeddable":true,"href":"https:\/\/www.immobilienbusiness.ch\/en\/wp-json\/wp\/v2\/users\/3"}],"replies":[{"embeddable":true,"href":"https:\/\/www.immobilienbusiness.ch\/en\/wp-json\/wp\/v2\/comments?post=44909"}],"version-history":[{"count":5,"href":"https:\/\/www.immobilienbusiness.ch\/en\/wp-json\/wp\/v2\/posts\/44909\/revisions"}],"predecessor-version":[{"id":44952,"href":"https:\/\/www.immobilienbusiness.ch\/en\/wp-json\/wp\/v2\/posts\/44909\/revisions\/44952"}],"wp:featuredmedia":[{"embeddable":true,"href":"https:\/\/www.immobilienbusiness.ch\/en\/wp-json\/wp\/v2\/media\/10597"}],"wp:attachment":[{"href":"https:\/\/www.immobilienbusiness.ch\/en\/wp-json\/wp\/v2\/media?parent=44909"}],"wp:term":[{"taxonomy":"category","embeddable":true,"href":"https:\/\/www.immobilienbusiness.ch\/en\/wp-json\/wp\/v2\/categories?post=44909"},{"taxonomy":"post_tag","embeddable":true,"href":"https:\/\/www.immobilienbusiness.ch\/en\/wp-json\/wp\/v2\/tags?post=44909"}],"curies":[{"name":"wp","href":"https:\/\/api.w.org\/{rel}","templated":true}]}}