{"id":43913,"date":"2022-09-13T07:00:12","date_gmt":"2022-09-13T05:00:12","guid":{"rendered":"https:\/\/www.immobilienbusiness.ch\/?p=43913"},"modified":"2022-09-15T09:24:33","modified_gmt":"2022-09-15T07:24:33","slug":"zuerich-flughafen-erweitert-retailflaechen-um-ein-drittel","status":"publish","type":"post","link":"https:\/\/www.immobilienbusiness.ch\/en\/regionen\/2022-09-13\/zuerich-flughafen-erweitert-retailflaechen-um-ein-drittel\/","title":{"rendered":"Zurich Airport expands retail space by one third"},"content":{"rendered":"<figure id=\"attachment_43914\" aria-describedby=\"caption-attachment-43914\" style=\"width: 1256px\" class=\"wp-caption alignnone\"><a href=\"https:\/\/www.immobilienbusiness.ch\/wp-content\/uploads\/2022\/09\/Foodhall.png\"><img loading=\"lazy\" decoding=\"async\" class=\"size-full wp-image-43914\" src=\"https:\/\/www.immobilienbusiness.ch\/wp-content\/uploads\/2022\/09\/Foodhall.png\" alt=\"\" width=\"1256\" height=\"694\" srcset=\"https:\/\/www.immobilienbusiness.ch\/wp-content\/uploads\/2022\/09\/Foodhall.png 1200w, https:\/\/www.immobilienbusiness.ch\/wp-content\/uploads\/2022\/09\/Foodhall-300x166.png 300w, https:\/\/www.immobilienbusiness.ch\/wp-content\/uploads\/2022\/09\/Foodhall-1024x566.png 1024w, https:\/\/www.immobilienbusiness.ch\/wp-content\/uploads\/2022\/09\/Foodhall-768x424.png 768w, https:\/\/www.immobilienbusiness.ch\/wp-content\/uploads\/2022\/09\/Foodhall-18x10.png 18w, https:\/\/www.immobilienbusiness.ch\/wp-content\/uploads\/2022\/09\/Foodhall-375x207.png 375w, https:\/\/www.immobilienbusiness.ch\/wp-content\/uploads\/2022\/09\/Foodhall-633x350.png 633w, https:\/\/www.immobilienbusiness.ch\/wp-content\/uploads\/2022\/09\/Foodhall-1000x553.png 1000w\" sizes=\"auto, (max-width: 1256px) 100vw, 1256px\" \/><\/a><figcaption id=\"caption-attachment-43914\" class=\"wp-caption-text\">The 2000 sqm Foodhall is a centerpiece of the expansion plans (Image: Flughafen Z\u00fcrich AG)<\/figcaption><\/figure>\n<p>By 2026, generous store areas will be built along new passenger routes, expanding the existing offering by a third. Between the P1 and P2 parking garages, a two-level hall with a 2,000-square-meter food hall is being built on the level of the bus station. It is also planned that the Circle will be seamlessly connected to the airport shopping and can then be reached on dry feet.<\/p>\n<p>The project is based on a project competition announced in 2014. Civil engineering work on the project was started at the beginning of 2020. Due to the corona pandemic, the building construction project was delayed and will now be resumed with preparatory work from November 2022. <i>(aw)<\/i><\/p>","protected":false},"excerpt":{"rendered":"<p>Zurich Airport is investing CHF 250 million in its public areas and is renewing airport shopping in several stages.<\/p>","protected":false},"author":102,"featured_media":43914,"comment_status":"closed","ping_status":"closed","sticky":false,"template":"","format":"standard","meta":{"_acf_changed":false,"_yoast_wpseo_focuskw":"Flughafen Z\u00fcrich","_yoast_wpseo_title":"","_yoast_wpseo_metadesc":"Der Flughafen Z\u00fcrich investiert 250 Mio. CHF in seine \u00f6ffentlichen Fl\u00e4chen und erneuert das Airport-Shopping in mehreren Etappen.","_yoast_wpseo_linkdex":48,"pgc_sgb_lightbox_settings":"","footnotes":""},"categories":[985],"tags":[1254,1600,1643],"class_list":["post-43913","post","type-post","status-publish","format-standard","has-post-thumbnail","hentry","category-regionen","tag-gastronomie","tag-projekt-in-planung","tag-retail"],"acf":[],"yoast_head":"<!-- This site is optimized with the Yoast SEO plugin v27.4 - https:\/\/yoast.com\/product\/yoast-seo-wordpress\/ -->\n<title>Flughafen Z\u00fcrich erweitert Retailfl\u00e4chen um ein Drittel - IMMOBILIEN Business<\/title>\n<meta name=\"description\" content=\"Der Flughafen Z\u00fcrich investiert 250 Mio. CHF in seine \u00f6ffentlichen Fl\u00e4chen und erneuert das Airport-Shopping in mehreren Etappen.\" \/>\n<meta name=\"robots\" content=\"index, follow, max-snippet:-1, max-image-preview:large, max-video-preview:-1\" \/>\n<link rel=\"canonical\" href=\"https:\/\/www.immobilienbusiness.ch\/en\/regionen\/2022-09-13\/zuerich-flughafen-erweitert-retailflaechen-um-ein-drittel\/\" \/>\n<meta property=\"og:locale\" content=\"en_US\" \/>\n<meta property=\"og:type\" content=\"article\" \/>\n<meta property=\"og:title\" content=\"Flughafen Z\u00fcrich erweitert Retailfl\u00e4chen um ein Drittel - IMMOBILIEN Business\" \/>\n<meta property=\"og:description\" content=\"Der Flughafen Z\u00fcrich investiert 250 Mio. CHF in seine \u00f6ffentlichen Fl\u00e4chen und erneuert das Airport-Shopping in mehreren Etappen.\" \/>\n<meta property=\"og:url\" content=\"https:\/\/www.immobilienbusiness.ch\/en\/regionen\/2022-09-13\/zuerich-flughafen-erweitert-retailflaechen-um-ein-drittel\/\" \/>\n<meta property=\"og:site_name\" content=\"IMMOBILIEN Business\" \/>\n<meta property=\"article:publisher\" content=\"https:\/\/www.facebook.com\/immobilienbusiness\/\" \/>\n<meta property=\"article:published_time\" content=\"2022-09-13T05:00:12+00:00\" \/>\n<meta property=\"article:modified_time\" content=\"2022-09-15T07:24:33+00:00\" \/>\n<meta property=\"og:image\" content=\"https:\/\/www.immobilienbusiness.ch\/wp-content\/uploads\/2022\/09\/Foodhall.png\" \/>\n\t<meta property=\"og:image:width\" content=\"1200\" \/>\n\t<meta property=\"og:image:height\" content=\"663\" \/>\n\t<meta property=\"og:image:type\" content=\"image\/png\" \/>\n<meta name=\"author\" content=\"Alexander Wachter\" \/>\n<meta name=\"twitter:card\" content=\"summary_large_image\" \/>\n<script type=\"application\/ld+json\" class=\"yoast-schema-graph\">{\"@context\":\"https:\\\/\\\/schema.org\",\"@graph\":[{\"@type\":\"Article\",\"@id\":\"https:\\\/\\\/www.immobilienbusiness.ch\\\/en\\\/regionen\\\/2022-09-13\\\/zuerich-flughafen-erweitert-retailflaechen-um-ein-drittel\\\/#article\",\"isPartOf\":{\"@id\":\"https:\\\/\\\/www.immobilienbusiness.ch\\\/en\\\/regionen\\\/2022-09-13\\\/zuerich-flughafen-erweitert-retailflaechen-um-ein-drittel\\\/\"},\"author\":{\"name\":\"Alexander Wachter\",\"@id\":\"https:\\\/\\\/www.immobilienbusiness.ch\\\/#\\\/schema\\\/person\\\/aba8bea2db926aa0c24c08c43fe1fcd5\"},\"headline\":\"Flughafen Z\u00fcrich erweitert Retailfl\u00e4chen um ein Drittel\",\"datePublished\":\"2022-09-13T05:00:12+00:00\",\"dateModified\":\"2022-09-15T07:24:33+00:00\",\"mainEntityOfPage\":{\"@id\":\"https:\\\/\\\/www.immobilienbusiness.ch\\\/en\\\/regionen\\\/2022-09-13\\\/zuerich-flughafen-erweitert-retailflaechen-um-ein-drittel\\\/\"},\"wordCount\":131,\"publisher\":{\"@id\":\"https:\\\/\\\/www.immobilienbusiness.ch\\\/#organization\"},\"image\":{\"@id\":\"https:\\\/\\\/www.immobilienbusiness.ch\\\/en\\\/regionen\\\/2022-09-13\\\/zuerich-flughafen-erweitert-retailflaechen-um-ein-drittel\\\/#primaryimage\"},\"thumbnailUrl\":\"https:\\\/\\\/www.immobilienbusiness.ch\\\/wp-content\\\/uploads\\\/2022\\\/09\\\/Foodhall.png\",\"keywords\":[\"Gastronomie\",\"Projekt in Planung\",\"Retail\"],\"articleSection\":[\"REGIONEN\"],\"inLanguage\":\"en-US\"},{\"@type\":\"WebPage\",\"@id\":\"https:\\\/\\\/www.immobilienbusiness.ch\\\/en\\\/regionen\\\/2022-09-13\\\/zuerich-flughafen-erweitert-retailflaechen-um-ein-drittel\\\/\",\"url\":\"https:\\\/\\\/www.immobilienbusiness.ch\\\/en\\\/regionen\\\/2022-09-13\\\/zuerich-flughafen-erweitert-retailflaechen-um-ein-drittel\\\/\",\"name\":\"Flughafen Z\u00fcrich erweitert Retailfl\u00e4chen um ein Drittel - IMMOBILIEN Business\",\"isPartOf\":{\"@id\":\"https:\\\/\\\/www.immobilienbusiness.ch\\\/#website\"},\"primaryImageOfPage\":{\"@id\":\"https:\\\/\\\/www.immobilienbusiness.ch\\\/en\\\/regionen\\\/2022-09-13\\\/zuerich-flughafen-erweitert-retailflaechen-um-ein-drittel\\\/#primaryimage\"},\"image\":{\"@id\":\"https:\\\/\\\/www.immobilienbusiness.ch\\\/en\\\/regionen\\\/2022-09-13\\\/zuerich-flughafen-erweitert-retailflaechen-um-ein-drittel\\\/#primaryimage\"},\"thumbnailUrl\":\"https:\\\/\\\/www.immobilienbusiness.ch\\\/wp-content\\\/uploads\\\/2022\\\/09\\\/Foodhall.png\",\"datePublished\":\"2022-09-13T05:00:12+00:00\",\"dateModified\":\"2022-09-15T07:24:33+00:00\",\"description\":\"Der Flughafen Z\u00fcrich investiert 250 Mio. CHF in seine \u00f6ffentlichen Fl\u00e4chen und erneuert das Airport-Shopping in mehreren Etappen.\",\"breadcrumb\":{\"@id\":\"https:\\\/\\\/www.immobilienbusiness.ch\\\/en\\\/regionen\\\/2022-09-13\\\/zuerich-flughafen-erweitert-retailflaechen-um-ein-drittel\\\/#breadcrumb\"},\"inLanguage\":\"en-US\",\"potentialAction\":[{\"@type\":\"ReadAction\",\"target\":[\"https:\\\/\\\/www.immobilienbusiness.ch\\\/en\\\/regionen\\\/2022-09-13\\\/zuerich-flughafen-erweitert-retailflaechen-um-ein-drittel\\\/\"]}]},{\"@type\":\"ImageObject\",\"inLanguage\":\"en-US\",\"@id\":\"https:\\\/\\\/www.immobilienbusiness.ch\\\/en\\\/regionen\\\/2022-09-13\\\/zuerich-flughafen-erweitert-retailflaechen-um-ein-drittel\\\/#primaryimage\",\"url\":\"https:\\\/\\\/www.immobilienbusiness.ch\\\/wp-content\\\/uploads\\\/2022\\\/09\\\/Foodhall.png\",\"contentUrl\":\"https:\\\/\\\/www.immobilienbusiness.ch\\\/wp-content\\\/uploads\\\/2022\\\/09\\\/Foodhall.png\",\"width\":1200,\"height\":663,\"caption\":\"Die 2000 qm grosse Foodhall ist ein Kernst\u00fcck der Erweiterungspl\u00e4ne (Bild: Flughafen Z\u00fcrich AG)\"},{\"@type\":\"BreadcrumbList\",\"@id\":\"https:\\\/\\\/www.immobilienbusiness.ch\\\/en\\\/regionen\\\/2022-09-13\\\/zuerich-flughafen-erweitert-retailflaechen-um-ein-drittel\\\/#breadcrumb\",\"itemListElement\":[{\"@type\":\"ListItem\",\"position\":1,\"name\":\"Home\",\"item\":\"https:\\\/\\\/www.immobilienbusiness.ch\\\/\"},{\"@type\":\"ListItem\",\"position\":2,\"name\":\"Flughafen Z\u00fcrich erweitert Retailfl\u00e4chen um ein Drittel\"}]},{\"@type\":\"WebSite\",\"@id\":\"https:\\\/\\\/www.immobilienbusiness.ch\\\/#website\",\"url\":\"https:\\\/\\\/www.immobilienbusiness.ch\\\/\",\"name\":\"IMMOBILIEN Business\",\"description\":\"Unabh\u00e4ngiges Schweizer Wirtschaftsmagazin mit Fokus auf Immobilien, Architektur- und Bau sowie Investment- und Finanzierung.\",\"publisher\":{\"@id\":\"https:\\\/\\\/www.immobilienbusiness.ch\\\/#organization\"},\"potentialAction\":[{\"@type\":\"SearchAction\",\"target\":{\"@type\":\"EntryPoint\",\"urlTemplate\":\"https:\\\/\\\/www.immobilienbusiness.ch\\\/?s={search_term_string}\"},\"query-input\":{\"@type\":\"PropertyValueSpecification\",\"valueRequired\":true,\"valueName\":\"search_term_string\"}}],\"inLanguage\":\"en-US\"},{\"@type\":\"Organization\",\"@id\":\"https:\\\/\\\/www.immobilienbusiness.ch\\\/#organization\",\"name\":\"IMMOBILIEN Business\",\"url\":\"https:\\\/\\\/www.immobilienbusiness.ch\\\/\",\"logo\":{\"@type\":\"ImageObject\",\"inLanguage\":\"en-US\",\"@id\":\"https:\\\/\\\/www.immobilienbusiness.ch\\\/#\\\/schema\\\/logo\\\/image\\\/\",\"url\":\"https:\\\/\\\/www.immobilienbusiness.ch\\\/wp-content\\\/uploads\\\/2021\\\/07\\\/logo_ib.png\",\"contentUrl\":\"https:\\\/\\\/www.immobilienbusiness.ch\\\/wp-content\\\/uploads\\\/2021\\\/07\\\/logo_ib.png\",\"width\":800,\"height\":181,\"caption\":\"IMMOBILIEN Business\"},\"image\":{\"@id\":\"https:\\\/\\\/www.immobilienbusiness.ch\\\/#\\\/schema\\\/logo\\\/image\\\/\"},\"sameAs\":[\"https:\\\/\\\/www.facebook.com\\\/immobilienbusiness\\\/\"]},{\"@type\":\"Person\",\"@id\":\"https:\\\/\\\/www.immobilienbusiness.ch\\\/#\\\/schema\\\/person\\\/aba8bea2db926aa0c24c08c43fe1fcd5\",\"name\":\"Alexander Wachter\",\"image\":{\"@type\":\"ImageObject\",\"inLanguage\":\"en-US\",\"@id\":\"https:\\\/\\\/secure.gravatar.com\\\/avatar\\\/1a09e471f5389b0e0a6416eac287e0927c7c97a7b77f9e787eba3af7aee281dd?s=96&d=mm&r=g\",\"url\":\"https:\\\/\\\/secure.gravatar.com\\\/avatar\\\/1a09e471f5389b0e0a6416eac287e0927c7c97a7b77f9e787eba3af7aee281dd?s=96&d=mm&r=g\",\"contentUrl\":\"https:\\\/\\\/secure.gravatar.com\\\/avatar\\\/1a09e471f5389b0e0a6416eac287e0927c7c97a7b77f9e787eba3af7aee281dd?s=96&d=mm&r=g\",\"caption\":\"Alexander Wachter\"},\"url\":\"https:\\\/\\\/www.immobilienbusiness.ch\\\/en\\\/author\\\/alexander-wachter\\\/\"}]}<\/script>\n<!-- \/ Yoast SEO plugin. -->","yoast_head_json":{"title":"Flughafen Z\u00fcrich erweitert Retailfl\u00e4chen um ein Drittel - IMMOBILIEN Business","description":"Zurich Airport is investing CHF 250 million in its public areas and is renewing airport shopping in several stages.","robots":{"index":"index","follow":"follow","max-snippet":"max-snippet:-1","max-image-preview":"max-image-preview:large","max-video-preview":"max-video-preview:-1"},"canonical":"https:\/\/www.immobilienbusiness.ch\/en\/regionen\/2022-09-13\/zuerich-flughafen-erweitert-retailflaechen-um-ein-drittel\/","og_locale":"en_US","og_type":"article","og_title":"Flughafen Z\u00fcrich erweitert Retailfl\u00e4chen um ein Drittel - IMMOBILIEN Business","og_description":"Der Flughafen Z\u00fcrich investiert 250 Mio. CHF in seine \u00f6ffentlichen Fl\u00e4chen und erneuert das Airport-Shopping in mehreren Etappen.","og_url":"https:\/\/www.immobilienbusiness.ch\/en\/regionen\/2022-09-13\/zuerich-flughafen-erweitert-retailflaechen-um-ein-drittel\/","og_site_name":"IMMOBILIEN Business","article_publisher":"https:\/\/www.facebook.com\/immobilienbusiness\/","article_published_time":"2022-09-13T05:00:12+00:00","article_modified_time":"2022-09-15T07:24:33+00:00","og_image":[{"width":1200,"height":663,"url":"https:\/\/www.immobilienbusiness.ch\/wp-content\/uploads\/2022\/09\/Foodhall.png","type":"image\/png"}],"author":"Alexander Wachter","twitter_card":"summary_large_image","schema":{"@context":"https:\/\/schema.org","@graph":[{"@type":"Article","@id":"https:\/\/www.immobilienbusiness.ch\/en\/regionen\/2022-09-13\/zuerich-flughafen-erweitert-retailflaechen-um-ein-drittel\/#article","isPartOf":{"@id":"https:\/\/www.immobilienbusiness.ch\/en\/regionen\/2022-09-13\/zuerich-flughafen-erweitert-retailflaechen-um-ein-drittel\/"},"author":{"name":"Alexander Wachter","@id":"https:\/\/www.immobilienbusiness.ch\/#\/schema\/person\/aba8bea2db926aa0c24c08c43fe1fcd5"},"headline":"Flughafen Z\u00fcrich erweitert Retailfl\u00e4chen um ein Drittel","datePublished":"2022-09-13T05:00:12+00:00","dateModified":"2022-09-15T07:24:33+00:00","mainEntityOfPage":{"@id":"https:\/\/www.immobilienbusiness.ch\/en\/regionen\/2022-09-13\/zuerich-flughafen-erweitert-retailflaechen-um-ein-drittel\/"},"wordCount":131,"publisher":{"@id":"https:\/\/www.immobilienbusiness.ch\/#organization"},"image":{"@id":"https:\/\/www.immobilienbusiness.ch\/en\/regionen\/2022-09-13\/zuerich-flughafen-erweitert-retailflaechen-um-ein-drittel\/#primaryimage"},"thumbnailUrl":"https:\/\/www.immobilienbusiness.ch\/wp-content\/uploads\/2022\/09\/Foodhall.png","keywords":["Gastronomie","Projekt in Planung","Retail"],"articleSection":["REGIONEN"],"inLanguage":"en-US"},{"@type":"WebPage","@id":"https:\/\/www.immobilienbusiness.ch\/en\/regionen\/2022-09-13\/zuerich-flughafen-erweitert-retailflaechen-um-ein-drittel\/","url":"https:\/\/www.immobilienbusiness.ch\/en\/regionen\/2022-09-13\/zuerich-flughafen-erweitert-retailflaechen-um-ein-drittel\/","name":"Flughafen Z\u00fcrich erweitert Retailfl\u00e4chen um ein Drittel - IMMOBILIEN Business","isPartOf":{"@id":"https:\/\/www.immobilienbusiness.ch\/#website"},"primaryImageOfPage":{"@id":"https:\/\/www.immobilienbusiness.ch\/en\/regionen\/2022-09-13\/zuerich-flughafen-erweitert-retailflaechen-um-ein-drittel\/#primaryimage"},"image":{"@id":"https:\/\/www.immobilienbusiness.ch\/en\/regionen\/2022-09-13\/zuerich-flughafen-erweitert-retailflaechen-um-ein-drittel\/#primaryimage"},"thumbnailUrl":"https:\/\/www.immobilienbusiness.ch\/wp-content\/uploads\/2022\/09\/Foodhall.png","datePublished":"2022-09-13T05:00:12+00:00","dateModified":"2022-09-15T07:24:33+00:00","description":"Zurich Airport is investing CHF 250 million in its public areas and is renewing airport shopping in several stages.","breadcrumb":{"@id":"https:\/\/www.immobilienbusiness.ch\/en\/regionen\/2022-09-13\/zuerich-flughafen-erweitert-retailflaechen-um-ein-drittel\/#breadcrumb"},"inLanguage":"en-US","potentialAction":[{"@type":"ReadAction","target":["https:\/\/www.immobilienbusiness.ch\/en\/regionen\/2022-09-13\/zuerich-flughafen-erweitert-retailflaechen-um-ein-drittel\/"]}]},{"@type":"ImageObject","inLanguage":"en-US","@id":"https:\/\/www.immobilienbusiness.ch\/en\/regionen\/2022-09-13\/zuerich-flughafen-erweitert-retailflaechen-um-ein-drittel\/#primaryimage","url":"https:\/\/www.immobilienbusiness.ch\/wp-content\/uploads\/2022\/09\/Foodhall.png","contentUrl":"https:\/\/www.immobilienbusiness.ch\/wp-content\/uploads\/2022\/09\/Foodhall.png","width":1200,"height":663,"caption":"Die 2000 qm grosse Foodhall ist ein Kernst\u00fcck der Erweiterungspl\u00e4ne (Bild: Flughafen Z\u00fcrich AG)"},{"@type":"BreadcrumbList","@id":"https:\/\/www.immobilienbusiness.ch\/en\/regionen\/2022-09-13\/zuerich-flughafen-erweitert-retailflaechen-um-ein-drittel\/#breadcrumb","itemListElement":[{"@type":"ListItem","position":1,"name":"Home","item":"https:\/\/www.immobilienbusiness.ch\/"},{"@type":"ListItem","position":2,"name":"Flughafen Z\u00fcrich erweitert Retailfl\u00e4chen um ein Drittel"}]},{"@type":"WebSite","@id":"https:\/\/www.immobilienbusiness.ch\/#website","url":"https:\/\/www.immobilienbusiness.ch\/","name":"REAL ESTATE Business","description":"Independent Swiss business magazine focusing on real estate, architecture and construction as well as investment and financing.","publisher":{"@id":"https:\/\/www.immobilienbusiness.ch\/#organization"},"potentialAction":[{"@type":"SearchAction","target":{"@type":"EntryPoint","urlTemplate":"https:\/\/www.immobilienbusiness.ch\/?s={search_term_string}"},"query-input":{"@type":"PropertyValueSpecification","valueRequired":true,"valueName":"search_term_string"}}],"inLanguage":"en-US"},{"@type":"Organization","@id":"https:\/\/www.immobilienbusiness.ch\/#organization","name":"REAL ESTATE Business","url":"https:\/\/www.immobilienbusiness.ch\/","logo":{"@type":"ImageObject","inLanguage":"en-US","@id":"https:\/\/www.immobilienbusiness.ch\/#\/schema\/logo\/image\/","url":"https:\/\/www.immobilienbusiness.ch\/wp-content\/uploads\/2021\/07\/logo_ib.png","contentUrl":"https:\/\/www.immobilienbusiness.ch\/wp-content\/uploads\/2021\/07\/logo_ib.png","width":800,"height":181,"caption":"IMMOBILIEN Business"},"image":{"@id":"https:\/\/www.immobilienbusiness.ch\/#\/schema\/logo\/image\/"},"sameAs":["https:\/\/www.facebook.com\/immobilienbusiness\/"]},{"@type":"Person","@id":"https:\/\/www.immobilienbusiness.ch\/#\/schema\/person\/aba8bea2db926aa0c24c08c43fe1fcd5","name":"Alexander Wachter","image":{"@type":"ImageObject","inLanguage":"en-US","@id":"https:\/\/secure.gravatar.com\/avatar\/1a09e471f5389b0e0a6416eac287e0927c7c97a7b77f9e787eba3af7aee281dd?s=96&d=mm&r=g","url":"https:\/\/secure.gravatar.com\/avatar\/1a09e471f5389b0e0a6416eac287e0927c7c97a7b77f9e787eba3af7aee281dd?s=96&d=mm&r=g","contentUrl":"https:\/\/secure.gravatar.com\/avatar\/1a09e471f5389b0e0a6416eac287e0927c7c97a7b77f9e787eba3af7aee281dd?s=96&d=mm&r=g","caption":"Alexander Wachter"},"url":"https:\/\/www.immobilienbusiness.ch\/en\/author\/alexander-wachter\/"}]}},"_links":{"self":[{"href":"https:\/\/www.immobilienbusiness.ch\/en\/wp-json\/wp\/v2\/posts\/43913","targetHints":{"allow":["GET"]}}],"collection":[{"href":"https:\/\/www.immobilienbusiness.ch\/en\/wp-json\/wp\/v2\/posts"}],"about":[{"href":"https:\/\/www.immobilienbusiness.ch\/en\/wp-json\/wp\/v2\/types\/post"}],"author":[{"embeddable":true,"href":"https:\/\/www.immobilienbusiness.ch\/en\/wp-json\/wp\/v2\/users\/102"}],"replies":[{"embeddable":true,"href":"https:\/\/www.immobilienbusiness.ch\/en\/wp-json\/wp\/v2\/comments?post=43913"}],"version-history":[{"count":3,"href":"https:\/\/www.immobilienbusiness.ch\/en\/wp-json\/wp\/v2\/posts\/43913\/revisions"}],"predecessor-version":[{"id":43952,"href":"https:\/\/www.immobilienbusiness.ch\/en\/wp-json\/wp\/v2\/posts\/43913\/revisions\/43952"}],"wp:featuredmedia":[{"embeddable":true,"href":"https:\/\/www.immobilienbusiness.ch\/en\/wp-json\/wp\/v2\/media\/43914"}],"wp:attachment":[{"href":"https:\/\/www.immobilienbusiness.ch\/en\/wp-json\/wp\/v2\/media?parent=43913"}],"wp:term":[{"taxonomy":"category","embeddable":true,"href":"https:\/\/www.immobilienbusiness.ch\/en\/wp-json\/wp\/v2\/categories?post=43913"},{"taxonomy":"post_tag","embeddable":true,"href":"https:\/\/www.immobilienbusiness.ch\/en\/wp-json\/wp\/v2\/tags?post=43913"}],"curies":[{"name":"wp","href":"https:\/\/api.w.org\/{rel}","templated":true}]}}