{"id":43518,"date":"2022-08-10T08:04:10","date_gmt":"2022-08-10T06:04:10","guid":{"rendered":"https:\/\/www.immobilienbusiness.ch\/?p=43518"},"modified":"2023-07-31T13:47:21","modified_gmt":"2023-07-31T11:47:21","slug":"hotels-zahl-der-logiernaechte-steigt-um-fast-die-haelfte","status":"publish","type":"post","link":"https:\/\/www.immobilienbusiness.ch\/en\/allgemein\/2022-08-10\/hotels-zahl-der-logiernaechte-steigt-um-fast-die-haelfte\/","title":{"rendered":"Hotels: Number of overnight stays rises by almost half"},"content":{"rendered":"<figure id=\"attachment_18745\" aria-describedby=\"caption-attachment-18745\" style=\"width: 1000px\" class=\"wp-caption alignnone\"><a href=\"https:\/\/www.immobilienbusiness.ch\/wp-content\/uploads\/2019\/10\/Depositphotos_24553989_m-2015.jpg\"><img loading=\"lazy\" decoding=\"async\" class=\"size-full wp-image-18745\" src=\"https:\/\/www.immobilienbusiness.ch\/wp-content\/uploads\/2019\/10\/Depositphotos_24553989_m-2015.jpg\" alt=\"\" width=\"1000\" height=\"667\" srcset=\"https:\/\/www.immobilienbusiness.ch\/wp-content\/uploads\/2019\/10\/Depositphotos_24553989_m-2015.jpg 1000w, https:\/\/www.immobilienbusiness.ch\/wp-content\/uploads\/2019\/10\/Depositphotos_24553989_m-2015-300x200.jpg 300w, https:\/\/www.immobilienbusiness.ch\/wp-content\/uploads\/2019\/10\/Depositphotos_24553989_m-2015-768x512.jpg 768w, https:\/\/www.immobilienbusiness.ch\/wp-content\/uploads\/2019\/10\/Depositphotos_24553989_m-2015-16x12.jpg 16w, https:\/\/www.immobilienbusiness.ch\/wp-content\/uploads\/2019\/10\/Depositphotos_24553989_m-2015-262x175.jpg 262w, https:\/\/www.immobilienbusiness.ch\/wp-content\/uploads\/2019\/10\/Depositphotos_24553989_m-2015-525x350.jpg 525w, https:\/\/www.immobilienbusiness.ch\/wp-content\/uploads\/2019\/10\/Depositphotos_24553989_m-2015-920x614.jpg 920w\" sizes=\"auto, (max-width: 1000px) 100vw, 1000px\" \/><\/a><figcaption id=\"caption-attachment-18745\" class=\"wp-caption-text\">The hotel industry can be pleased about increasing overnight stays (\u00a9 BrianAJackson - depositphotos<\/figcaption><\/figure>\n<p>The number of overnight stays increased by over 47 % in the 1st half of the year. According to the Federal Statistical Office, the increase was mainly due to more international demand: overnight stays by foreign visitors rose by 212% to 6.9 million. However, domestic demand also grew strongly (by 8.0%). Despite the increases, the pre-pandemic level was not reached. In H1 2019, the number of overnight stays had been 10.0% higher.<\/p>\n<h3>Increases mainly in the cities<\/h3>\n<p>Twelve of the 13 tourism regions registered an increase in overnight stays in H1 2022 compared to the same period last year. The largest relative increases were recorded in Geneva (+175.2%), the Zurich region (+155.8%) and the Basel region (+96.8%). Ticino recorded a decrease (-13.3%) compared to H1 2021. Domestic demand was strongest in urban regions (Zurich: +71.2%; Geneva: +58.3%; Basel: +42.0%). The strongest relative increase in foreign guests was recorded in the Bern region (+359.6%). <em>(aw)<\/em><\/p>","protected":false},"excerpt":{"rendered":"<p> Although there was a very strong increase in the number of overnight stays in H1, they remain below pre-crisis levels. Hotels in cities in particular are benefiting.<\/p>","protected":false},"author":102,"featured_media":18745,"comment_status":"closed","ping_status":"closed","sticky":false,"template":"","format":"standard","meta":{"_acf_changed":false,"_yoast_wpseo_focuskw":"Hotels","_yoast_wpseo_title":"","_yoast_wpseo_metadesc":"","_yoast_wpseo_linkdex":46,"pgc_sgb_lightbox_settings":"","footnotes":""},"categories":[1],"tags":[1069,1260,1317,1471,1888],"class_list":["post-43518","post","type-post","status-publish","format-standard","has-post-thumbnail","hentry","category-allgemein","tag-basel","tag-genf","tag-hotels","tag-marktbericht","tag-zuerich"],"acf":[],"yoast_head":"<!-- This site is optimized with the Yoast SEO plugin v27.4 - https:\/\/yoast.com\/product\/yoast-seo-wordpress\/ -->\n<title>Hotels: Zahl der Logiern\u00e4chte steigt um fast die H\u00e4lfte - IMMOBILIEN Business<\/title>\n<meta name=\"robots\" content=\"index, follow, max-snippet:-1, max-image-preview:large, max-video-preview:-1\" \/>\n<link rel=\"canonical\" href=\"https:\/\/www.immobilienbusiness.ch\/en\/allgemein\/2022-08-10\/hotels-zahl-der-logiernaechte-steigt-um-fast-die-haelfte\/\" \/>\n<meta property=\"og:locale\" content=\"en_US\" \/>\n<meta property=\"og:type\" content=\"article\" \/>\n<meta property=\"og:title\" content=\"Hotels: Zahl der Logiern\u00e4chte steigt um fast die H\u00e4lfte - IMMOBILIEN Business\" \/>\n<meta property=\"og:description\" content=\"Zwar haben sich die \u00dcbernachtungszahlen in H1 sehr kr\u00e4ftig \u00fcberh\u00f6ht, sie bleiben aber unter dem Vorkrisenniveau. Vor allem Hotels in St\u00e4dten profitieren.\" \/>\n<meta property=\"og:url\" content=\"https:\/\/www.immobilienbusiness.ch\/en\/allgemein\/2022-08-10\/hotels-zahl-der-logiernaechte-steigt-um-fast-die-haelfte\/\" \/>\n<meta property=\"og:site_name\" content=\"IMMOBILIEN Business\" \/>\n<meta property=\"article:publisher\" content=\"https:\/\/www.facebook.com\/immobilienbusiness\/\" \/>\n<meta property=\"article:published_time\" content=\"2022-08-10T06:04:10+00:00\" \/>\n<meta property=\"article:modified_time\" content=\"2023-07-31T11:47:21+00:00\" \/>\n<meta property=\"og:image\" content=\"https:\/\/www.immobilienbusiness.ch\/wp-content\/uploads\/2019\/10\/Depositphotos_24553989_m-2015.jpg\" \/>\n\t<meta property=\"og:image:width\" content=\"1000\" \/>\n\t<meta property=\"og:image:height\" content=\"667\" \/>\n\t<meta property=\"og:image:type\" content=\"image\/jpeg\" \/>\n<meta name=\"author\" content=\"Alexander Wachter\" \/>\n<meta name=\"twitter:card\" content=\"summary_large_image\" \/>\n<script type=\"application\/ld+json\" class=\"yoast-schema-graph\">{\"@context\":\"https:\\\/\\\/schema.org\",\"@graph\":[{\"@type\":\"Article\",\"@id\":\"https:\\\/\\\/www.immobilienbusiness.ch\\\/allgemein\\\/2022-08-10\\\/hotels-zahl-der-logiernaechte-steigt-um-fast-die-haelfte\\\/#article\",\"isPartOf\":{\"@id\":\"https:\\\/\\\/www.immobilienbusiness.ch\\\/allgemein\\\/2022-08-10\\\/hotels-zahl-der-logiernaechte-steigt-um-fast-die-haelfte\\\/\"},\"author\":{\"name\":\"Alexander Wachter\",\"@id\":\"https:\\\/\\\/www.immobilienbusiness.ch\\\/#\\\/schema\\\/person\\\/aba8bea2db926aa0c24c08c43fe1fcd5\"},\"headline\":\"Hotels: Zahl der Logiern\u00e4chte steigt um fast die H\u00e4lfte\",\"datePublished\":\"2022-08-10T06:04:10+00:00\",\"dateModified\":\"2023-07-31T11:47:21+00:00\",\"mainEntityOfPage\":{\"@id\":\"https:\\\/\\\/www.immobilienbusiness.ch\\\/allgemein\\\/2022-08-10\\\/hotels-zahl-der-logiernaechte-steigt-um-fast-die-haelfte\\\/\"},\"wordCount\":185,\"publisher\":{\"@id\":\"https:\\\/\\\/www.immobilienbusiness.ch\\\/#organization\"},\"image\":{\"@id\":\"https:\\\/\\\/www.immobilienbusiness.ch\\\/allgemein\\\/2022-08-10\\\/hotels-zahl-der-logiernaechte-steigt-um-fast-die-haelfte\\\/#primaryimage\"},\"thumbnailUrl\":\"https:\\\/\\\/www.immobilienbusiness.ch\\\/wp-content\\\/uploads\\\/2019\\\/10\\\/Depositphotos_24553989_m-2015.jpg\",\"keywords\":[\"Basel\",\"Genf\",\"Hotels\",\"Marktbericht\",\"Z\u00fcrich\"],\"articleSection\":[\"Allgemein\"],\"inLanguage\":\"en-US\"},{\"@type\":\"WebPage\",\"@id\":\"https:\\\/\\\/www.immobilienbusiness.ch\\\/allgemein\\\/2022-08-10\\\/hotels-zahl-der-logiernaechte-steigt-um-fast-die-haelfte\\\/\",\"url\":\"https:\\\/\\\/www.immobilienbusiness.ch\\\/allgemein\\\/2022-08-10\\\/hotels-zahl-der-logiernaechte-steigt-um-fast-die-haelfte\\\/\",\"name\":\"Hotels: Zahl der Logiern\u00e4chte steigt um fast die H\u00e4lfte - IMMOBILIEN Business\",\"isPartOf\":{\"@id\":\"https:\\\/\\\/www.immobilienbusiness.ch\\\/#website\"},\"primaryImageOfPage\":{\"@id\":\"https:\\\/\\\/www.immobilienbusiness.ch\\\/allgemein\\\/2022-08-10\\\/hotels-zahl-der-logiernaechte-steigt-um-fast-die-haelfte\\\/#primaryimage\"},\"image\":{\"@id\":\"https:\\\/\\\/www.immobilienbusiness.ch\\\/allgemein\\\/2022-08-10\\\/hotels-zahl-der-logiernaechte-steigt-um-fast-die-haelfte\\\/#primaryimage\"},\"thumbnailUrl\":\"https:\\\/\\\/www.immobilienbusiness.ch\\\/wp-content\\\/uploads\\\/2019\\\/10\\\/Depositphotos_24553989_m-2015.jpg\",\"datePublished\":\"2022-08-10T06:04:10+00:00\",\"dateModified\":\"2023-07-31T11:47:21+00:00\",\"breadcrumb\":{\"@id\":\"https:\\\/\\\/www.immobilienbusiness.ch\\\/allgemein\\\/2022-08-10\\\/hotels-zahl-der-logiernaechte-steigt-um-fast-die-haelfte\\\/#breadcrumb\"},\"inLanguage\":\"en-US\",\"potentialAction\":[{\"@type\":\"ReadAction\",\"target\":[\"https:\\\/\\\/www.immobilienbusiness.ch\\\/allgemein\\\/2022-08-10\\\/hotels-zahl-der-logiernaechte-steigt-um-fast-die-haelfte\\\/\"]}]},{\"@type\":\"ImageObject\",\"inLanguage\":\"en-US\",\"@id\":\"https:\\\/\\\/www.immobilienbusiness.ch\\\/allgemein\\\/2022-08-10\\\/hotels-zahl-der-logiernaechte-steigt-um-fast-die-haelfte\\\/#primaryimage\",\"url\":\"https:\\\/\\\/www.immobilienbusiness.ch\\\/wp-content\\\/uploads\\\/2019\\\/10\\\/Depositphotos_24553989_m-2015.jpg\",\"contentUrl\":\"https:\\\/\\\/www.immobilienbusiness.ch\\\/wp-content\\\/uploads\\\/2019\\\/10\\\/Depositphotos_24553989_m-2015.jpg\",\"width\":1000,\"height\":667,\"caption\":\"Die Hotellerie darf sich \u00fcber steigende \u00dcbernachtungszahlen freuen (\u00a9 BrianAJackson \u2013 depositphotos\"},{\"@type\":\"BreadcrumbList\",\"@id\":\"https:\\\/\\\/www.immobilienbusiness.ch\\\/allgemein\\\/2022-08-10\\\/hotels-zahl-der-logiernaechte-steigt-um-fast-die-haelfte\\\/#breadcrumb\",\"itemListElement\":[{\"@type\":\"ListItem\",\"position\":1,\"name\":\"Home\",\"item\":\"https:\\\/\\\/www.immobilienbusiness.ch\\\/\"},{\"@type\":\"ListItem\",\"position\":2,\"name\":\"Hotels: Zahl der Logiern\u00e4chte steigt um fast die H\u00e4lfte\"}]},{\"@type\":\"WebSite\",\"@id\":\"https:\\\/\\\/www.immobilienbusiness.ch\\\/#website\",\"url\":\"https:\\\/\\\/www.immobilienbusiness.ch\\\/\",\"name\":\"IMMOBILIEN Business\",\"description\":\"Unabh\u00e4ngiges Schweizer Wirtschaftsmagazin mit Fokus auf Immobilien, Architektur- und Bau sowie Investment- und Finanzierung.\",\"publisher\":{\"@id\":\"https:\\\/\\\/www.immobilienbusiness.ch\\\/#organization\"},\"potentialAction\":[{\"@type\":\"SearchAction\",\"target\":{\"@type\":\"EntryPoint\",\"urlTemplate\":\"https:\\\/\\\/www.immobilienbusiness.ch\\\/?s={search_term_string}\"},\"query-input\":{\"@type\":\"PropertyValueSpecification\",\"valueRequired\":true,\"valueName\":\"search_term_string\"}}],\"inLanguage\":\"en-US\"},{\"@type\":\"Organization\",\"@id\":\"https:\\\/\\\/www.immobilienbusiness.ch\\\/#organization\",\"name\":\"IMMOBILIEN Business\",\"url\":\"https:\\\/\\\/www.immobilienbusiness.ch\\\/\",\"logo\":{\"@type\":\"ImageObject\",\"inLanguage\":\"en-US\",\"@id\":\"https:\\\/\\\/www.immobilienbusiness.ch\\\/#\\\/schema\\\/logo\\\/image\\\/\",\"url\":\"https:\\\/\\\/www.immobilienbusiness.ch\\\/wp-content\\\/uploads\\\/2021\\\/07\\\/logo_ib.png\",\"contentUrl\":\"https:\\\/\\\/www.immobilienbusiness.ch\\\/wp-content\\\/uploads\\\/2021\\\/07\\\/logo_ib.png\",\"width\":800,\"height\":181,\"caption\":\"IMMOBILIEN Business\"},\"image\":{\"@id\":\"https:\\\/\\\/www.immobilienbusiness.ch\\\/#\\\/schema\\\/logo\\\/image\\\/\"},\"sameAs\":[\"https:\\\/\\\/www.facebook.com\\\/immobilienbusiness\\\/\"]},{\"@type\":\"Person\",\"@id\":\"https:\\\/\\\/www.immobilienbusiness.ch\\\/#\\\/schema\\\/person\\\/aba8bea2db926aa0c24c08c43fe1fcd5\",\"name\":\"Alexander Wachter\",\"image\":{\"@type\":\"ImageObject\",\"inLanguage\":\"en-US\",\"@id\":\"https:\\\/\\\/secure.gravatar.com\\\/avatar\\\/1a09e471f5389b0e0a6416eac287e0927c7c97a7b77f9e787eba3af7aee281dd?s=96&d=mm&r=g\",\"url\":\"https:\\\/\\\/secure.gravatar.com\\\/avatar\\\/1a09e471f5389b0e0a6416eac287e0927c7c97a7b77f9e787eba3af7aee281dd?s=96&d=mm&r=g\",\"contentUrl\":\"https:\\\/\\\/secure.gravatar.com\\\/avatar\\\/1a09e471f5389b0e0a6416eac287e0927c7c97a7b77f9e787eba3af7aee281dd?s=96&d=mm&r=g\",\"caption\":\"Alexander Wachter\"},\"url\":\"https:\\\/\\\/www.immobilienbusiness.ch\\\/en\\\/author\\\/alexander-wachter\\\/\"}]}<\/script>\n<!-- \/ Yoast SEO plugin. -->","yoast_head_json":{"title":"Hotels: Zahl der Logiern\u00e4chte steigt um fast die H\u00e4lfte - IMMOBILIEN Business","robots":{"index":"index","follow":"follow","max-snippet":"max-snippet:-1","max-image-preview":"max-image-preview:large","max-video-preview":"max-video-preview:-1"},"canonical":"https:\/\/www.immobilienbusiness.ch\/en\/allgemein\/2022-08-10\/hotels-zahl-der-logiernaechte-steigt-um-fast-die-haelfte\/","og_locale":"en_US","og_type":"article","og_title":"Hotels: Zahl der Logiern\u00e4chte steigt um fast die H\u00e4lfte - IMMOBILIEN Business","og_description":"Zwar haben sich die \u00dcbernachtungszahlen in H1 sehr kr\u00e4ftig \u00fcberh\u00f6ht, sie bleiben aber unter dem Vorkrisenniveau. Vor allem Hotels in St\u00e4dten profitieren.","og_url":"https:\/\/www.immobilienbusiness.ch\/en\/allgemein\/2022-08-10\/hotels-zahl-der-logiernaechte-steigt-um-fast-die-haelfte\/","og_site_name":"IMMOBILIEN Business","article_publisher":"https:\/\/www.facebook.com\/immobilienbusiness\/","article_published_time":"2022-08-10T06:04:10+00:00","article_modified_time":"2023-07-31T11:47:21+00:00","og_image":[{"width":1000,"height":667,"url":"https:\/\/www.immobilienbusiness.ch\/wp-content\/uploads\/2019\/10\/Depositphotos_24553989_m-2015.jpg","type":"image\/jpeg"}],"author":"Alexander Wachter","twitter_card":"summary_large_image","schema":{"@context":"https:\/\/schema.org","@graph":[{"@type":"Article","@id":"https:\/\/www.immobilienbusiness.ch\/allgemein\/2022-08-10\/hotels-zahl-der-logiernaechte-steigt-um-fast-die-haelfte\/#article","isPartOf":{"@id":"https:\/\/www.immobilienbusiness.ch\/allgemein\/2022-08-10\/hotels-zahl-der-logiernaechte-steigt-um-fast-die-haelfte\/"},"author":{"name":"Alexander Wachter","@id":"https:\/\/www.immobilienbusiness.ch\/#\/schema\/person\/aba8bea2db926aa0c24c08c43fe1fcd5"},"headline":"Hotels: Zahl der Logiern\u00e4chte steigt um fast die H\u00e4lfte","datePublished":"2022-08-10T06:04:10+00:00","dateModified":"2023-07-31T11:47:21+00:00","mainEntityOfPage":{"@id":"https:\/\/www.immobilienbusiness.ch\/allgemein\/2022-08-10\/hotels-zahl-der-logiernaechte-steigt-um-fast-die-haelfte\/"},"wordCount":185,"publisher":{"@id":"https:\/\/www.immobilienbusiness.ch\/#organization"},"image":{"@id":"https:\/\/www.immobilienbusiness.ch\/allgemein\/2022-08-10\/hotels-zahl-der-logiernaechte-steigt-um-fast-die-haelfte\/#primaryimage"},"thumbnailUrl":"https:\/\/www.immobilienbusiness.ch\/wp-content\/uploads\/2019\/10\/Depositphotos_24553989_m-2015.jpg","keywords":["Basel","Genf","Hotels","Marktbericht","Z\u00fcrich"],"articleSection":["Allgemein"],"inLanguage":"en-US"},{"@type":"WebPage","@id":"https:\/\/www.immobilienbusiness.ch\/allgemein\/2022-08-10\/hotels-zahl-der-logiernaechte-steigt-um-fast-die-haelfte\/","url":"https:\/\/www.immobilienbusiness.ch\/allgemein\/2022-08-10\/hotels-zahl-der-logiernaechte-steigt-um-fast-die-haelfte\/","name":"Hotels: Zahl der Logiern\u00e4chte steigt um fast die H\u00e4lfte - IMMOBILIEN Business","isPartOf":{"@id":"https:\/\/www.immobilienbusiness.ch\/#website"},"primaryImageOfPage":{"@id":"https:\/\/www.immobilienbusiness.ch\/allgemein\/2022-08-10\/hotels-zahl-der-logiernaechte-steigt-um-fast-die-haelfte\/#primaryimage"},"image":{"@id":"https:\/\/www.immobilienbusiness.ch\/allgemein\/2022-08-10\/hotels-zahl-der-logiernaechte-steigt-um-fast-die-haelfte\/#primaryimage"},"thumbnailUrl":"https:\/\/www.immobilienbusiness.ch\/wp-content\/uploads\/2019\/10\/Depositphotos_24553989_m-2015.jpg","datePublished":"2022-08-10T06:04:10+00:00","dateModified":"2023-07-31T11:47:21+00:00","breadcrumb":{"@id":"https:\/\/www.immobilienbusiness.ch\/allgemein\/2022-08-10\/hotels-zahl-der-logiernaechte-steigt-um-fast-die-haelfte\/#breadcrumb"},"inLanguage":"en-US","potentialAction":[{"@type":"ReadAction","target":["https:\/\/www.immobilienbusiness.ch\/allgemein\/2022-08-10\/hotels-zahl-der-logiernaechte-steigt-um-fast-die-haelfte\/"]}]},{"@type":"ImageObject","inLanguage":"en-US","@id":"https:\/\/www.immobilienbusiness.ch\/allgemein\/2022-08-10\/hotels-zahl-der-logiernaechte-steigt-um-fast-die-haelfte\/#primaryimage","url":"https:\/\/www.immobilienbusiness.ch\/wp-content\/uploads\/2019\/10\/Depositphotos_24553989_m-2015.jpg","contentUrl":"https:\/\/www.immobilienbusiness.ch\/wp-content\/uploads\/2019\/10\/Depositphotos_24553989_m-2015.jpg","width":1000,"height":667,"caption":"Die Hotellerie darf sich \u00fcber steigende \u00dcbernachtungszahlen freuen (\u00a9 BrianAJackson \u2013 depositphotos"},{"@type":"BreadcrumbList","@id":"https:\/\/www.immobilienbusiness.ch\/allgemein\/2022-08-10\/hotels-zahl-der-logiernaechte-steigt-um-fast-die-haelfte\/#breadcrumb","itemListElement":[{"@type":"ListItem","position":1,"name":"Home","item":"https:\/\/www.immobilienbusiness.ch\/"},{"@type":"ListItem","position":2,"name":"Hotels: Zahl der Logiern\u00e4chte steigt um fast die H\u00e4lfte"}]},{"@type":"WebSite","@id":"https:\/\/www.immobilienbusiness.ch\/#website","url":"https:\/\/www.immobilienbusiness.ch\/","name":"REAL ESTATE Business","description":"Independent Swiss business magazine focusing on real estate, architecture and construction as well as investment and financing.","publisher":{"@id":"https:\/\/www.immobilienbusiness.ch\/#organization"},"potentialAction":[{"@type":"SearchAction","target":{"@type":"EntryPoint","urlTemplate":"https:\/\/www.immobilienbusiness.ch\/?s={search_term_string}"},"query-input":{"@type":"PropertyValueSpecification","valueRequired":true,"valueName":"search_term_string"}}],"inLanguage":"en-US"},{"@type":"Organization","@id":"https:\/\/www.immobilienbusiness.ch\/#organization","name":"REAL ESTATE Business","url":"https:\/\/www.immobilienbusiness.ch\/","logo":{"@type":"ImageObject","inLanguage":"en-US","@id":"https:\/\/www.immobilienbusiness.ch\/#\/schema\/logo\/image\/","url":"https:\/\/www.immobilienbusiness.ch\/wp-content\/uploads\/2021\/07\/logo_ib.png","contentUrl":"https:\/\/www.immobilienbusiness.ch\/wp-content\/uploads\/2021\/07\/logo_ib.png","width":800,"height":181,"caption":"IMMOBILIEN Business"},"image":{"@id":"https:\/\/www.immobilienbusiness.ch\/#\/schema\/logo\/image\/"},"sameAs":["https:\/\/www.facebook.com\/immobilienbusiness\/"]},{"@type":"Person","@id":"https:\/\/www.immobilienbusiness.ch\/#\/schema\/person\/aba8bea2db926aa0c24c08c43fe1fcd5","name":"Alexander Wachter","image":{"@type":"ImageObject","inLanguage":"en-US","@id":"https:\/\/secure.gravatar.com\/avatar\/1a09e471f5389b0e0a6416eac287e0927c7c97a7b77f9e787eba3af7aee281dd?s=96&d=mm&r=g","url":"https:\/\/secure.gravatar.com\/avatar\/1a09e471f5389b0e0a6416eac287e0927c7c97a7b77f9e787eba3af7aee281dd?s=96&d=mm&r=g","contentUrl":"https:\/\/secure.gravatar.com\/avatar\/1a09e471f5389b0e0a6416eac287e0927c7c97a7b77f9e787eba3af7aee281dd?s=96&d=mm&r=g","caption":"Alexander Wachter"},"url":"https:\/\/www.immobilienbusiness.ch\/en\/author\/alexander-wachter\/"}]}},"_links":{"self":[{"href":"https:\/\/www.immobilienbusiness.ch\/en\/wp-json\/wp\/v2\/posts\/43518","targetHints":{"allow":["GET"]}}],"collection":[{"href":"https:\/\/www.immobilienbusiness.ch\/en\/wp-json\/wp\/v2\/posts"}],"about":[{"href":"https:\/\/www.immobilienbusiness.ch\/en\/wp-json\/wp\/v2\/types\/post"}],"author":[{"embeddable":true,"href":"https:\/\/www.immobilienbusiness.ch\/en\/wp-json\/wp\/v2\/users\/102"}],"replies":[{"embeddable":true,"href":"https:\/\/www.immobilienbusiness.ch\/en\/wp-json\/wp\/v2\/comments?post=43518"}],"version-history":[{"count":1,"href":"https:\/\/www.immobilienbusiness.ch\/en\/wp-json\/wp\/v2\/posts\/43518\/revisions"}],"predecessor-version":[{"id":43519,"href":"https:\/\/www.immobilienbusiness.ch\/en\/wp-json\/wp\/v2\/posts\/43518\/revisions\/43519"}],"wp:featuredmedia":[{"embeddable":true,"href":"https:\/\/www.immobilienbusiness.ch\/en\/wp-json\/wp\/v2\/media\/18745"}],"wp:attachment":[{"href":"https:\/\/www.immobilienbusiness.ch\/en\/wp-json\/wp\/v2\/media?parent=43518"}],"wp:term":[{"taxonomy":"category","embeddable":true,"href":"https:\/\/www.immobilienbusiness.ch\/en\/wp-json\/wp\/v2\/categories?post=43518"},{"taxonomy":"post_tag","embeddable":true,"href":"https:\/\/www.immobilienbusiness.ch\/en\/wp-json\/wp\/v2\/tags?post=43518"}],"curies":[{"name":"wp","href":"https:\/\/api.w.org\/{rel}","templated":true}]}}