{"id":4300,"date":"2016-06-15T08:28:26","date_gmt":"2016-06-15T06:28:26","guid":{"rendered":"http:\/\/dev.immobilienbusiness.ch\/?p=4300"},"modified":"2016-06-15T08:28:26","modified_gmt":"2016-06-15T06:28:26","slug":"nationalrat-faessler-ist-neuer-praesident-des-vii","status":"publish","type":"post","link":"https:\/\/www.immobilienbusiness.ch\/en\/allgemein\/2016-06-15\/nationalrat-faessler-ist-neuer-praesident-des-vii\/","title":{"rendered":"National Councilor F\u00e4ssler is the new President of the VII"},"content":{"rendered":"<figure id=\"attachment_4301\" aria-describedby=\"caption-attachment-4301\" style=\"width: 680px\" class=\"wp-caption alignnone\"><img loading=\"lazy\" decoding=\"async\" class=\"size-medium wp-image-4301\" src=\"https:\/\/immobilienbusiness.ch\/wp-content\/uploads\/2016\/12\/Nationalrat-F\u00e4ssler-ist-neuer-Pr\u00e4sident-des-VII-immobilien-business.jpg\" alt=\"Nationalrat Daniel F\u00e4ssler ist neuer Pr\u00e4sident des VII (Foto: www.parlament.ch, Attribution, Wikimedia Commons)\" width=\"680\" height=\"952\" \/><figcaption id=\"caption-attachment-4301\" class=\"wp-caption-text\">National Councilor Daniel F\u00e4ssler is the new president of VII (Photo: www.parlament.ch, Attribution, Wikimedia Commons)<\/figcaption><\/figure>\n<p>The 55-year-old National Councilor Daniel F\u00e4ssler, Landammann in the Canton of Appenzell Innerrhoden (AI), was elected as the new President of the Real Estate Investors Association (VII) at the General Meeting on June 8, 2016 in Zurich. The VII represents pension funds, real estate divisions of insurance companies, banks and the large, investing private real estate companies in Switzerland.<\/p>\n<p>F\u00e4ssler, head of the Department of Economic Affairs AI, has long been familiar with the real estate industry: as a lawyer and notary, he has accompanied numerous real estate projects and investments during the financing and realization phases. He is also a member of the Commission for the Environment, Spatial Planning and Energy UREK.<\/p>\n<p>According to a media release, the VII wants to get more intensively involved in the political debate in the future and closely accompany regulatory processes and projects. \"The specialists and companies in the real estate industry that are organized in our association are to be involved in the political process on a continuous and formative basis. We want to help shape a Swiss settlement and housing policy that is far-sighted and sustainable. This requires a sustainable land policy and reasonable framework conditions,\" says F\u00e4ssler. \"Good investment opportunities for institutional investors and large Swiss real estate companies are enormously important in terms of the national economy and are in the interest of the Swiss population. They are the basis for a diversified housing supply in Switzerland.\" (ah)<\/p>","protected":false},"excerpt":{"rendered":"<p>Daniel F\u00e4ssler, National Councillor CVP, is the new president of the Association of Real Estate Investors VII. Together with the renewed board, he is to expand the cooperation with politics, business and the public. F\u00e4ssler replaces Reto Sch\u00e4r, Head of Real Estate Migros Pension Fund, who now serves as Vice President.<\/p>","protected":false},"author":1,"featured_media":4301,"comment_status":"open","ping_status":"open","sticky":false,"template":"","format":"standard","meta":{"_acf_changed":false,"_yoast_wpseo_focuskw":"Nationalrat","_yoast_wpseo_title":"","_yoast_wpseo_metadesc":"Daniel F\u00e4ssler, Nationalrat CVP, pr\u00e4sidiert neu den Verband der Immobilien-Investoren VII.","_yoast_wpseo_linkdex":71,"pgc_sgb_lightbox_settings":"","footnotes":""},"categories":[1],"tags":[1563,1564],"class_list":["post-4300","post","type-post","status-publish","format-standard","has-post-thumbnail","hentry","category-allgemein","tag-personalia","tag-personalien"],"acf":[],"yoast_head":"<!-- This site is optimized with the Yoast SEO plugin v27.4 - https:\/\/yoast.com\/product\/yoast-seo-wordpress\/ -->\n<title>Nationalrat F\u00e4ssler ist neuer Pr\u00e4sident des VII - IMMOBILIEN Business<\/title>\n<meta name=\"description\" content=\"Daniel F\u00e4ssler, Nationalrat CVP, pr\u00e4sidiert neu den Verband der Immobilien-Investoren VII.\" \/>\n<meta name=\"robots\" content=\"index, follow, max-snippet:-1, max-image-preview:large, max-video-preview:-1\" \/>\n<link rel=\"canonical\" href=\"https:\/\/www.immobilienbusiness.ch\/en\/allgemein\/2016-06-15\/nationalrat-faessler-ist-neuer-praesident-des-vii\/\" \/>\n<meta property=\"og:locale\" content=\"en_US\" \/>\n<meta property=\"og:type\" content=\"article\" \/>\n<meta property=\"og:title\" content=\"Nationalrat F\u00e4ssler ist neuer Pr\u00e4sident des VII\" \/>\n<meta property=\"og:description\" content=\"Daniel F\u00e4ssler, Nationalrat CVP, pr\u00e4sidiert neu den Verband der Immobilien-Investoren VII. Gemeinsam mit dem erneuerten Vorstand soll er die Zusammenarbeit mit Politik, Wirtschaft und \u00d6ffentlichkeit ausbauen. F\u00e4ssler l\u00f6st Reto Sch\u00e4r, Leiter Immobilien Migros-Pensionskasse ab, welcher nun als Vizepr\u00e4sident amtet.\" \/>\n<meta property=\"og:url\" content=\"https:\/\/www.immobilienbusiness.ch\/en\/allgemein\/2016-06-15\/nationalrat-faessler-ist-neuer-praesident-des-vii\/\" \/>\n<meta property=\"og:site_name\" content=\"IMMOBILIEN Business\" \/>\n<meta property=\"article:publisher\" content=\"https:\/\/www.facebook.com\/immobilienbusiness\/\" \/>\n<meta property=\"article:published_time\" content=\"2016-06-15T06:28:26+00:00\" \/>\n<meta name=\"author\" content=\"Redaktion\" \/>\n<meta name=\"twitter:card\" content=\"summary_large_image\" \/>\n<meta name=\"twitter:image\" content=\"https:\/\/www.immobilienbusiness.ch\/wp-content\/uploads\/2016\/12\/Nationalrat-Faessler-ist-neuer-Praesident-des-VII-immobilien-business.jpg\" \/>\n<script type=\"application\/ld+json\" class=\"yoast-schema-graph\">{\"@context\":\"https:\\\/\\\/schema.org\",\"@graph\":[{\"@type\":\"Article\",\"@id\":\"https:\\\/\\\/www.immobilienbusiness.ch\\\/allgemein\\\/2016-06-15\\\/nationalrat-faessler-ist-neuer-praesident-des-vii\\\/#article\",\"isPartOf\":{\"@id\":\"https:\\\/\\\/www.immobilienbusiness.ch\\\/allgemein\\\/2016-06-15\\\/nationalrat-faessler-ist-neuer-praesident-des-vii\\\/\"},\"author\":{\"name\":\"Redaktion\",\"@id\":\"https:\\\/\\\/www.immobilienbusiness.ch\\\/#\\\/schema\\\/person\\\/aa2bace6c5c5aad60102004a50c4eb1c\"},\"headline\":\"Nationalrat F\u00e4ssler ist neuer Pr\u00e4sident des VII\",\"datePublished\":\"2016-06-15T06:28:26+00:00\",\"mainEntityOfPage\":{\"@id\":\"https:\\\/\\\/www.immobilienbusiness.ch\\\/allgemein\\\/2016-06-15\\\/nationalrat-faessler-ist-neuer-praesident-des-vii\\\/\"},\"wordCount\":228,\"commentCount\":0,\"publisher\":{\"@id\":\"https:\\\/\\\/www.immobilienbusiness.ch\\\/#organization\"},\"image\":{\"@id\":\"https:\\\/\\\/www.immobilienbusiness.ch\\\/allgemein\\\/2016-06-15\\\/nationalrat-faessler-ist-neuer-praesident-des-vii\\\/#primaryimage\"},\"thumbnailUrl\":\"https:\\\/\\\/www.immobilienbusiness.ch\\\/wp-content\\\/uploads\\\/2016\\\/12\\\/Nationalrat-Faessler-ist-neuer-Praesident-des-VII-immobilien-business.jpg\",\"keywords\":[\"Personalia\",\"Personalien\"],\"articleSection\":[\"Allgemein\"],\"inLanguage\":\"en-US\"},{\"@type\":\"WebPage\",\"@id\":\"https:\\\/\\\/www.immobilienbusiness.ch\\\/allgemein\\\/2016-06-15\\\/nationalrat-faessler-ist-neuer-praesident-des-vii\\\/\",\"url\":\"https:\\\/\\\/www.immobilienbusiness.ch\\\/allgemein\\\/2016-06-15\\\/nationalrat-faessler-ist-neuer-praesident-des-vii\\\/\",\"name\":\"Nationalrat F\u00e4ssler ist neuer Pr\u00e4sident des VII - IMMOBILIEN Business\",\"isPartOf\":{\"@id\":\"https:\\\/\\\/www.immobilienbusiness.ch\\\/#website\"},\"primaryImageOfPage\":{\"@id\":\"https:\\\/\\\/www.immobilienbusiness.ch\\\/allgemein\\\/2016-06-15\\\/nationalrat-faessler-ist-neuer-praesident-des-vii\\\/#primaryimage\"},\"image\":{\"@id\":\"https:\\\/\\\/www.immobilienbusiness.ch\\\/allgemein\\\/2016-06-15\\\/nationalrat-faessler-ist-neuer-praesident-des-vii\\\/#primaryimage\"},\"thumbnailUrl\":\"https:\\\/\\\/www.immobilienbusiness.ch\\\/wp-content\\\/uploads\\\/2016\\\/12\\\/Nationalrat-Faessler-ist-neuer-Praesident-des-VII-immobilien-business.jpg\",\"datePublished\":\"2016-06-15T06:28:26+00:00\",\"description\":\"Daniel F\u00e4ssler, Nationalrat CVP, pr\u00e4sidiert neu den Verband der Immobilien-Investoren VII.\",\"breadcrumb\":{\"@id\":\"https:\\\/\\\/www.immobilienbusiness.ch\\\/allgemein\\\/2016-06-15\\\/nationalrat-faessler-ist-neuer-praesident-des-vii\\\/#breadcrumb\"},\"inLanguage\":\"en-US\",\"potentialAction\":[{\"@type\":\"ReadAction\",\"target\":[\"https:\\\/\\\/www.immobilienbusiness.ch\\\/allgemein\\\/2016-06-15\\\/nationalrat-faessler-ist-neuer-praesident-des-vii\\\/\"]}]},{\"@type\":\"ImageObject\",\"inLanguage\":\"en-US\",\"@id\":\"https:\\\/\\\/www.immobilienbusiness.ch\\\/allgemein\\\/2016-06-15\\\/nationalrat-faessler-ist-neuer-praesident-des-vii\\\/#primaryimage\",\"url\":\"https:\\\/\\\/www.immobilienbusiness.ch\\\/wp-content\\\/uploads\\\/2016\\\/12\\\/Nationalrat-Faessler-ist-neuer-Praesident-des-VII-immobilien-business.jpg\",\"contentUrl\":\"https:\\\/\\\/www.immobilienbusiness.ch\\\/wp-content\\\/uploads\\\/2016\\\/12\\\/Nationalrat-Faessler-ist-neuer-Praesident-des-VII-immobilien-business.jpg\",\"width\":1828,\"height\":2560,\"caption\":\"Nationalrat Daniel F\u00e4ssler ist neuer Pr\u00e4sident des VII (Foto: www.parlament.ch, Attribution, Wikimedia Commons)\"},{\"@type\":\"BreadcrumbList\",\"@id\":\"https:\\\/\\\/www.immobilienbusiness.ch\\\/allgemein\\\/2016-06-15\\\/nationalrat-faessler-ist-neuer-praesident-des-vii\\\/#breadcrumb\",\"itemListElement\":[{\"@type\":\"ListItem\",\"position\":1,\"name\":\"Home\",\"item\":\"https:\\\/\\\/www.immobilienbusiness.ch\\\/\"},{\"@type\":\"ListItem\",\"position\":2,\"name\":\"Nationalrat F\u00e4ssler ist neuer Pr\u00e4sident des VII\"}]},{\"@type\":\"WebSite\",\"@id\":\"https:\\\/\\\/www.immobilienbusiness.ch\\\/#website\",\"url\":\"https:\\\/\\\/www.immobilienbusiness.ch\\\/\",\"name\":\"IMMOBILIEN Business\",\"description\":\"Unabh\u00e4ngiges Schweizer Wirtschaftsmagazin mit Fokus auf Immobilien, Architektur- und Bau sowie Investment- und Finanzierung.\",\"publisher\":{\"@id\":\"https:\\\/\\\/www.immobilienbusiness.ch\\\/#organization\"},\"potentialAction\":[{\"@type\":\"SearchAction\",\"target\":{\"@type\":\"EntryPoint\",\"urlTemplate\":\"https:\\\/\\\/www.immobilienbusiness.ch\\\/?s={search_term_string}\"},\"query-input\":{\"@type\":\"PropertyValueSpecification\",\"valueRequired\":true,\"valueName\":\"search_term_string\"}}],\"inLanguage\":\"en-US\"},{\"@type\":\"Organization\",\"@id\":\"https:\\\/\\\/www.immobilienbusiness.ch\\\/#organization\",\"name\":\"IMMOBILIEN Business\",\"url\":\"https:\\\/\\\/www.immobilienbusiness.ch\\\/\",\"logo\":{\"@type\":\"ImageObject\",\"inLanguage\":\"en-US\",\"@id\":\"https:\\\/\\\/www.immobilienbusiness.ch\\\/#\\\/schema\\\/logo\\\/image\\\/\",\"url\":\"https:\\\/\\\/www.immobilienbusiness.ch\\\/wp-content\\\/uploads\\\/2021\\\/07\\\/logo_ib.png\",\"contentUrl\":\"https:\\\/\\\/www.immobilienbusiness.ch\\\/wp-content\\\/uploads\\\/2021\\\/07\\\/logo_ib.png\",\"width\":800,\"height\":181,\"caption\":\"IMMOBILIEN Business\"},\"image\":{\"@id\":\"https:\\\/\\\/www.immobilienbusiness.ch\\\/#\\\/schema\\\/logo\\\/image\\\/\"},\"sameAs\":[\"https:\\\/\\\/www.facebook.com\\\/immobilienbusiness\\\/\"]},{\"@type\":\"Person\",\"@id\":\"https:\\\/\\\/www.immobilienbusiness.ch\\\/#\\\/schema\\\/person\\\/aa2bace6c5c5aad60102004a50c4eb1c\",\"name\":\"Redaktion\",\"image\":{\"@type\":\"ImageObject\",\"inLanguage\":\"en-US\",\"@id\":\"https:\\\/\\\/secure.gravatar.com\\\/avatar\\\/ae2f4d718e6c49043e314ce431e7e645d646302a24a5ef5a8bc8e3f5a032e319?s=96&d=mm&r=g\",\"url\":\"https:\\\/\\\/secure.gravatar.com\\\/avatar\\\/ae2f4d718e6c49043e314ce431e7e645d646302a24a5ef5a8bc8e3f5a032e319?s=96&d=mm&r=g\",\"contentUrl\":\"https:\\\/\\\/secure.gravatar.com\\\/avatar\\\/ae2f4d718e6c49043e314ce431e7e645d646302a24a5ef5a8bc8e3f5a032e319?s=96&d=mm&r=g\",\"caption\":\"Redaktion\"},\"sameAs\":[\"http:\\\/\\\/develop.organisator.galledia.ch\"],\"url\":\"https:\\\/\\\/www.immobilienbusiness.ch\\\/en\\\/author\\\/admin\\\/\"}]}<\/script>\n<!-- \/ Yoast SEO plugin. -->","yoast_head_json":{"title":"Nationalrat F\u00e4ssler ist neuer Pr\u00e4sident des VII - IMMOBILIEN Business","description":"Daniel F\u00e4ssler, Nationalrat CVP, pr\u00e4sidiert neu den Verband der Immobilien-Investoren VII.","robots":{"index":"index","follow":"follow","max-snippet":"max-snippet:-1","max-image-preview":"max-image-preview:large","max-video-preview":"max-video-preview:-1"},"canonical":"https:\/\/www.immobilienbusiness.ch\/en\/allgemein\/2016-06-15\/nationalrat-faessler-ist-neuer-praesident-des-vii\/","og_locale":"en_US","og_type":"article","og_title":"Nationalrat F\u00e4ssler ist neuer Pr\u00e4sident des VII","og_description":"Daniel F\u00e4ssler, Nationalrat CVP, pr\u00e4sidiert neu den Verband der Immobilien-Investoren VII. Gemeinsam mit dem erneuerten Vorstand soll er die Zusammenarbeit mit Politik, Wirtschaft und \u00d6ffentlichkeit ausbauen. F\u00e4ssler l\u00f6st Reto Sch\u00e4r, Leiter Immobilien Migros-Pensionskasse ab, welcher nun als Vizepr\u00e4sident amtet.","og_url":"https:\/\/www.immobilienbusiness.ch\/en\/allgemein\/2016-06-15\/nationalrat-faessler-ist-neuer-praesident-des-vii\/","og_site_name":"IMMOBILIEN Business","article_publisher":"https:\/\/www.facebook.com\/immobilienbusiness\/","article_published_time":"2016-06-15T06:28:26+00:00","author":"Redaktion","twitter_card":"summary_large_image","twitter_image":"https:\/\/www.immobilienbusiness.ch\/wp-content\/uploads\/2016\/12\/Nationalrat-Faessler-ist-neuer-Praesident-des-VII-immobilien-business.jpg","schema":{"@context":"https:\/\/schema.org","@graph":[{"@type":"Article","@id":"https:\/\/www.immobilienbusiness.ch\/allgemein\/2016-06-15\/nationalrat-faessler-ist-neuer-praesident-des-vii\/#article","isPartOf":{"@id":"https:\/\/www.immobilienbusiness.ch\/allgemein\/2016-06-15\/nationalrat-faessler-ist-neuer-praesident-des-vii\/"},"author":{"name":"Redaktion","@id":"https:\/\/www.immobilienbusiness.ch\/#\/schema\/person\/aa2bace6c5c5aad60102004a50c4eb1c"},"headline":"Nationalrat F\u00e4ssler ist neuer Pr\u00e4sident des VII","datePublished":"2016-06-15T06:28:26+00:00","mainEntityOfPage":{"@id":"https:\/\/www.immobilienbusiness.ch\/allgemein\/2016-06-15\/nationalrat-faessler-ist-neuer-praesident-des-vii\/"},"wordCount":228,"commentCount":0,"publisher":{"@id":"https:\/\/www.immobilienbusiness.ch\/#organization"},"image":{"@id":"https:\/\/www.immobilienbusiness.ch\/allgemein\/2016-06-15\/nationalrat-faessler-ist-neuer-praesident-des-vii\/#primaryimage"},"thumbnailUrl":"https:\/\/www.immobilienbusiness.ch\/wp-content\/uploads\/2016\/12\/Nationalrat-Faessler-ist-neuer-Praesident-des-VII-immobilien-business.jpg","keywords":["Personalia","Personalien"],"articleSection":["Allgemein"],"inLanguage":"en-US"},{"@type":"WebPage","@id":"https:\/\/www.immobilienbusiness.ch\/allgemein\/2016-06-15\/nationalrat-faessler-ist-neuer-praesident-des-vii\/","url":"https:\/\/www.immobilienbusiness.ch\/allgemein\/2016-06-15\/nationalrat-faessler-ist-neuer-praesident-des-vii\/","name":"Nationalrat F\u00e4ssler ist neuer Pr\u00e4sident des VII - IMMOBILIEN Business","isPartOf":{"@id":"https:\/\/www.immobilienbusiness.ch\/#website"},"primaryImageOfPage":{"@id":"https:\/\/www.immobilienbusiness.ch\/allgemein\/2016-06-15\/nationalrat-faessler-ist-neuer-praesident-des-vii\/#primaryimage"},"image":{"@id":"https:\/\/www.immobilienbusiness.ch\/allgemein\/2016-06-15\/nationalrat-faessler-ist-neuer-praesident-des-vii\/#primaryimage"},"thumbnailUrl":"https:\/\/www.immobilienbusiness.ch\/wp-content\/uploads\/2016\/12\/Nationalrat-Faessler-ist-neuer-Praesident-des-VII-immobilien-business.jpg","datePublished":"2016-06-15T06:28:26+00:00","description":"Daniel F\u00e4ssler, Nationalrat CVP, pr\u00e4sidiert neu den Verband der Immobilien-Investoren VII.","breadcrumb":{"@id":"https:\/\/www.immobilienbusiness.ch\/allgemein\/2016-06-15\/nationalrat-faessler-ist-neuer-praesident-des-vii\/#breadcrumb"},"inLanguage":"en-US","potentialAction":[{"@type":"ReadAction","target":["https:\/\/www.immobilienbusiness.ch\/allgemein\/2016-06-15\/nationalrat-faessler-ist-neuer-praesident-des-vii\/"]}]},{"@type":"ImageObject","inLanguage":"en-US","@id":"https:\/\/www.immobilienbusiness.ch\/allgemein\/2016-06-15\/nationalrat-faessler-ist-neuer-praesident-des-vii\/#primaryimage","url":"https:\/\/www.immobilienbusiness.ch\/wp-content\/uploads\/2016\/12\/Nationalrat-Faessler-ist-neuer-Praesident-des-VII-immobilien-business.jpg","contentUrl":"https:\/\/www.immobilienbusiness.ch\/wp-content\/uploads\/2016\/12\/Nationalrat-Faessler-ist-neuer-Praesident-des-VII-immobilien-business.jpg","width":1828,"height":2560,"caption":"Nationalrat Daniel F\u00e4ssler ist neuer Pr\u00e4sident des VII (Foto: www.parlament.ch, Attribution, Wikimedia Commons)"},{"@type":"BreadcrumbList","@id":"https:\/\/www.immobilienbusiness.ch\/allgemein\/2016-06-15\/nationalrat-faessler-ist-neuer-praesident-des-vii\/#breadcrumb","itemListElement":[{"@type":"ListItem","position":1,"name":"Home","item":"https:\/\/www.immobilienbusiness.ch\/"},{"@type":"ListItem","position":2,"name":"Nationalrat F\u00e4ssler ist neuer Pr\u00e4sident des VII"}]},{"@type":"WebSite","@id":"https:\/\/www.immobilienbusiness.ch\/#website","url":"https:\/\/www.immobilienbusiness.ch\/","name":"REAL ESTATE Business","description":"Independent Swiss business magazine focusing on real estate, architecture and construction as well as investment and financing.","publisher":{"@id":"https:\/\/www.immobilienbusiness.ch\/#organization"},"potentialAction":[{"@type":"SearchAction","target":{"@type":"EntryPoint","urlTemplate":"https:\/\/www.immobilienbusiness.ch\/?s={search_term_string}"},"query-input":{"@type":"PropertyValueSpecification","valueRequired":true,"valueName":"search_term_string"}}],"inLanguage":"en-US"},{"@type":"Organization","@id":"https:\/\/www.immobilienbusiness.ch\/#organization","name":"REAL ESTATE Business","url":"https:\/\/www.immobilienbusiness.ch\/","logo":{"@type":"ImageObject","inLanguage":"en-US","@id":"https:\/\/www.immobilienbusiness.ch\/#\/schema\/logo\/image\/","url":"https:\/\/www.immobilienbusiness.ch\/wp-content\/uploads\/2021\/07\/logo_ib.png","contentUrl":"https:\/\/www.immobilienbusiness.ch\/wp-content\/uploads\/2021\/07\/logo_ib.png","width":800,"height":181,"caption":"IMMOBILIEN Business"},"image":{"@id":"https:\/\/www.immobilienbusiness.ch\/#\/schema\/logo\/image\/"},"sameAs":["https:\/\/www.facebook.com\/immobilienbusiness\/"]},{"@type":"Person","@id":"https:\/\/www.immobilienbusiness.ch\/#\/schema\/person\/aa2bace6c5c5aad60102004a50c4eb1c","name":"Editorial","image":{"@type":"ImageObject","inLanguage":"en-US","@id":"https:\/\/secure.gravatar.com\/avatar\/ae2f4d718e6c49043e314ce431e7e645d646302a24a5ef5a8bc8e3f5a032e319?s=96&d=mm&r=g","url":"https:\/\/secure.gravatar.com\/avatar\/ae2f4d718e6c49043e314ce431e7e645d646302a24a5ef5a8bc8e3f5a032e319?s=96&d=mm&r=g","contentUrl":"https:\/\/secure.gravatar.com\/avatar\/ae2f4d718e6c49043e314ce431e7e645d646302a24a5ef5a8bc8e3f5a032e319?s=96&d=mm&r=g","caption":"Redaktion"},"sameAs":["http:\/\/develop.organisator.galledia.ch"],"url":"https:\/\/www.immobilienbusiness.ch\/en\/author\/admin\/"}]}},"_links":{"self":[{"href":"https:\/\/www.immobilienbusiness.ch\/en\/wp-json\/wp\/v2\/posts\/4300","targetHints":{"allow":["GET"]}}],"collection":[{"href":"https:\/\/www.immobilienbusiness.ch\/en\/wp-json\/wp\/v2\/posts"}],"about":[{"href":"https:\/\/www.immobilienbusiness.ch\/en\/wp-json\/wp\/v2\/types\/post"}],"author":[{"embeddable":true,"href":"https:\/\/www.immobilienbusiness.ch\/en\/wp-json\/wp\/v2\/users\/1"}],"replies":[{"embeddable":true,"href":"https:\/\/www.immobilienbusiness.ch\/en\/wp-json\/wp\/v2\/comments?post=4300"}],"version-history":[{"count":0,"href":"https:\/\/www.immobilienbusiness.ch\/en\/wp-json\/wp\/v2\/posts\/4300\/revisions"}],"wp:featuredmedia":[{"embeddable":true,"href":"https:\/\/www.immobilienbusiness.ch\/en\/wp-json\/wp\/v2\/media\/4301"}],"wp:attachment":[{"href":"https:\/\/www.immobilienbusiness.ch\/en\/wp-json\/wp\/v2\/media?parent=4300"}],"wp:term":[{"taxonomy":"category","embeddable":true,"href":"https:\/\/www.immobilienbusiness.ch\/en\/wp-json\/wp\/v2\/categories?post=4300"},{"taxonomy":"post_tag","embeddable":true,"href":"https:\/\/www.immobilienbusiness.ch\/en\/wp-json\/wp\/v2\/tags?post=4300"}],"curies":[{"name":"wp","href":"https:\/\/api.w.org\/{rel}","templated":true}]}}