{"id":42638,"date":"2022-05-20T07:45:30","date_gmt":"2022-05-20T05:45:30","guid":{"rendered":"https:\/\/www.immobilienbusiness.ch\/?p=42638"},"modified":"2022-05-25T08:45:37","modified_gmt":"2022-05-25T06:45:37","slug":"stadt-zuerich-und-welti-furrer-schliessen-tauschgeschaeft","status":"publish","type":"post","link":"https:\/\/www.immobilienbusiness.ch\/en\/regionen\/2022-05-20\/stadt-zuerich-und-welti-furrer-schliessen-tauschgeschaeft\/","title":{"rendered":"City of Zurich and Welti-Furrer conclude barter deal"},"content":{"rendered":"<figure id=\"attachment_5424\" aria-describedby=\"caption-attachment-5424\" style=\"width: 2000px\" class=\"wp-caption alignnone\"><a href=\"https:\/\/www.immobilienbusiness.ch\/wp-content\/uploads\/2016\/12\/Depositphotos_11631521_l-2015.jpg\"><img loading=\"lazy\" decoding=\"async\" class=\"size-full wp-image-5424\" src=\"https:\/\/www.immobilienbusiness.ch\/wp-content\/uploads\/2016\/12\/Depositphotos_11631521_l-2015.jpg\" alt=\"\" width=\"2000\" height=\"1333\" srcset=\"https:\/\/www.immobilienbusiness.ch\/wp-content\/uploads\/2016\/12\/Depositphotos_11631521_l-2015.jpg 2000w, https:\/\/www.immobilienbusiness.ch\/wp-content\/uploads\/2016\/12\/Depositphotos_11631521_l-2015-300x200.jpg 300w, https:\/\/www.immobilienbusiness.ch\/wp-content\/uploads\/2016\/12\/Depositphotos_11631521_l-2015-1024x682.jpg 1024w, https:\/\/www.immobilienbusiness.ch\/wp-content\/uploads\/2016\/12\/Depositphotos_11631521_l-2015-768x512.jpg 768w, https:\/\/www.immobilienbusiness.ch\/wp-content\/uploads\/2016\/12\/Depositphotos_11631521_l-2015-1536x1024.jpg 1536w, https:\/\/www.immobilienbusiness.ch\/wp-content\/uploads\/2016\/12\/Depositphotos_11631521_l-2015-16x12.jpg 16w, https:\/\/www.immobilienbusiness.ch\/wp-content\/uploads\/2016\/12\/Depositphotos_11631521_l-2015-263x175.jpg 263w, https:\/\/www.immobilienbusiness.ch\/wp-content\/uploads\/2016\/12\/Depositphotos_11631521_l-2015-525x350.jpg 525w, https:\/\/www.immobilienbusiness.ch\/wp-content\/uploads\/2016\/12\/Depositphotos_11631521_l-2015-1200x800.jpg 1200w, https:\/\/www.immobilienbusiness.ch\/wp-content\/uploads\/2016\/12\/Depositphotos_11631521_l-2015-920x613.jpg 920w, https:\/\/www.immobilienbusiness.ch\/wp-content\/uploads\/2016\/12\/Depositphotos_11631521_l-2015-1400x933.jpg 1400w\" sizes=\"auto, (max-width: 2000px) 100vw, 2000px\" \/><\/a><figcaption id=\"caption-attachment-5424\" class=\"wp-caption-text\">City of Zurich and Welti-Furrer Immobilien agree on an exchange deal (Photo: pressmaster - depositphotos)<\/figcaption><\/figure>\n<p>Welti-Furrer Immobilien AG is building a commercial and residential development in stages on a site on Pfingstweidstrasse between Hardbr\u00fccke and Turbinenstrasse. For this purpose, the real estate company also wanted to acquire urban parcels on Turbinenstrasse with a total area of 2,234 sqm. As an exchange object, it offered the residential property at Eugen-Huber-Strasse 61 and 63\/Stampfenbrunnenstrasse 24 in Altstetten, built in 1982, with 18 apartments.<\/p>\n<p>The Zurich City Council initially demanded that Welti-Furrer also build at least 974 square meters of affordable housing in the new superstructure and rent it out for 25 years according to the principle of cost rent.<\/p>\n<p>But that was not enough for the finance committee of the city council, which looked into the deal last summer: The city council should demand more affordable housing and oblige Welti-Furrer to offer it for a longer period, it demanded. In renegotiations, it has now been achieved that the real estate company offers more affordable housing in its planned superstructure than previously planned, the city of Zurich says. At least 1,333 square meters will be rented out at low prices for 30 years.<\/p>\n<p>There are no changes to the other provisions of the exchange transaction. The market value of the parcels of land that the city is giving away is CHF 15.437 million. The residential property is worth CHF 14.01 million, which is why Welti-Furrer will make an additional payment of CHF 1.43 million to the city. <em>(ah)<\/em><\/p>","protected":false},"excerpt":{"rendered":"<p>The City of Zurich is exchanging land in the industrial district for a residential property in Altstetten. In addition, Welti-Furrer will build more affordable housing than previously planned.<\/p>","protected":false},"author":3,"featured_media":5424,"comment_status":"closed","ping_status":"closed","sticky":false,"template":"","format":"standard","meta":{"_acf_changed":false,"_yoast_wpseo_focuskw":"Welti-Furrer","_yoast_wpseo_title":"","_yoast_wpseo_metadesc":"Die Stadt Z\u00fcrich tauscht mit der Welti-Furrer Immobilien AG Land im Industriequartier gegen eine Wohnliegenschaft in Altstetten.","_yoast_wpseo_linkdex":67,"pgc_sgb_lightbox_settings":"","footnotes":""},"categories":[985],"tags":[1600,1888],"class_list":["post-42638","post","type-post","status-publish","format-standard","has-post-thumbnail","hentry","category-regionen","tag-projekt-in-planung","tag-zuerich"],"acf":[],"yoast_head":"<!-- This site is optimized with the Yoast SEO plugin v27.5 - https:\/\/yoast.com\/product\/yoast-seo-wordpress\/ -->\n<title>Stadt Z\u00fcrich und Welti-Furrer schliessen Tauschgesch\u00e4ft - IMMOBILIEN Business<\/title>\n<meta name=\"description\" content=\"Die Stadt Z\u00fcrich tauscht mit der Welti-Furrer Immobilien AG Land im Industriequartier gegen eine Wohnliegenschaft in Altstetten.\" \/>\n<meta name=\"robots\" content=\"index, follow, max-snippet:-1, max-image-preview:large, max-video-preview:-1\" \/>\n<link rel=\"canonical\" href=\"https:\/\/www.immobilienbusiness.ch\/en\/regionen\/2022-05-20\/stadt-zuerich-und-welti-furrer-schliessen-tauschgeschaeft\/\" \/>\n<meta property=\"og:locale\" content=\"en_US\" \/>\n<meta property=\"og:type\" content=\"article\" \/>\n<meta property=\"og:title\" content=\"Stadt Z\u00fcrich und Welti-Furrer schliessen Tauschgesch\u00e4ft - IMMOBILIEN Business\" \/>\n<meta property=\"og:description\" content=\"Die Stadt Z\u00fcrich tauscht mit der Welti-Furrer Immobilien AG Land im Industriequartier gegen eine Wohnliegenschaft in Altstetten.\" \/>\n<meta property=\"og:url\" content=\"https:\/\/www.immobilienbusiness.ch\/en\/regionen\/2022-05-20\/stadt-zuerich-und-welti-furrer-schliessen-tauschgeschaeft\/\" \/>\n<meta property=\"og:site_name\" content=\"IMMOBILIEN Business\" \/>\n<meta property=\"article:publisher\" content=\"https:\/\/www.facebook.com\/immobilienbusiness\/\" \/>\n<meta property=\"article:published_time\" content=\"2022-05-20T05:45:30+00:00\" \/>\n<meta property=\"article:modified_time\" content=\"2022-05-25T06:45:37+00:00\" \/>\n<meta property=\"og:image\" content=\"https:\/\/www.immobilienbusiness.ch\/wp-content\/uploads\/2016\/12\/Depositphotos_11631521_l-2015-1024x682.jpg\" \/>\n\t<meta property=\"og:image:width\" content=\"1024\" \/>\n\t<meta property=\"og:image:height\" content=\"682\" \/>\n\t<meta property=\"og:image:type\" content=\"image\/jpeg\" \/>\n<meta name=\"author\" content=\"anja.hall\" \/>\n<meta name=\"twitter:card\" content=\"summary_large_image\" \/>\n<meta name=\"twitter:image\" content=\"https:\/\/www.immobilienbusiness.ch\/wp-content\/uploads\/2016\/12\/Depositphotos_11631521_l-2015.jpg\" \/>\n<script type=\"application\/ld+json\" class=\"yoast-schema-graph\">{\"@context\":\"https:\\\/\\\/schema.org\",\"@graph\":[{\"@type\":\"Article\",\"@id\":\"https:\\\/\\\/www.immobilienbusiness.ch\\\/de\\\/regionen\\\/2022-05-20\\\/stadt-zuerich-und-welti-furrer-schliessen-tauschgeschaeft\\\/#article\",\"isPartOf\":{\"@id\":\"https:\\\/\\\/www.immobilienbusiness.ch\\\/de\\\/regionen\\\/2022-05-20\\\/stadt-zuerich-und-welti-furrer-schliessen-tauschgeschaeft\\\/\"},\"author\":{\"name\":\"anja.hall\",\"@id\":\"https:\\\/\\\/www.immobilienbusiness.ch\\\/#\\\/schema\\\/person\\\/3fc036297b10b9f42d6db5ee932af8c8\"},\"headline\":\"Stadt Z\u00fcrich und Welti-Furrer schliessen Tauschgesch\u00e4ft\",\"datePublished\":\"2022-05-20T05:45:30+00:00\",\"dateModified\":\"2022-05-25T06:45:37+00:00\",\"mainEntityOfPage\":{\"@id\":\"https:\\\/\\\/www.immobilienbusiness.ch\\\/de\\\/regionen\\\/2022-05-20\\\/stadt-zuerich-und-welti-furrer-schliessen-tauschgeschaeft\\\/\"},\"wordCount\":238,\"publisher\":{\"@id\":\"https:\\\/\\\/www.immobilienbusiness.ch\\\/#organization\"},\"image\":{\"@id\":\"https:\\\/\\\/www.immobilienbusiness.ch\\\/de\\\/regionen\\\/2022-05-20\\\/stadt-zuerich-und-welti-furrer-schliessen-tauschgeschaeft\\\/#primaryimage\"},\"thumbnailUrl\":\"https:\\\/\\\/www.immobilienbusiness.ch\\\/wp-content\\\/uploads\\\/2016\\\/12\\\/Depositphotos_11631521_l-2015.jpg\",\"keywords\":[\"Projekt in Planung\",\"Z\u00fcrich\"],\"articleSection\":[\"REGIONEN\"],\"inLanguage\":\"en-US\"},{\"@type\":\"WebPage\",\"@id\":\"https:\\\/\\\/www.immobilienbusiness.ch\\\/de\\\/regionen\\\/2022-05-20\\\/stadt-zuerich-und-welti-furrer-schliessen-tauschgeschaeft\\\/\",\"url\":\"https:\\\/\\\/www.immobilienbusiness.ch\\\/de\\\/regionen\\\/2022-05-20\\\/stadt-zuerich-und-welti-furrer-schliessen-tauschgeschaeft\\\/\",\"name\":\"Stadt Z\u00fcrich und Welti-Furrer schliessen Tauschgesch\u00e4ft - IMMOBILIEN Business\",\"isPartOf\":{\"@id\":\"https:\\\/\\\/www.immobilienbusiness.ch\\\/#website\"},\"primaryImageOfPage\":{\"@id\":\"https:\\\/\\\/www.immobilienbusiness.ch\\\/de\\\/regionen\\\/2022-05-20\\\/stadt-zuerich-und-welti-furrer-schliessen-tauschgeschaeft\\\/#primaryimage\"},\"image\":{\"@id\":\"https:\\\/\\\/www.immobilienbusiness.ch\\\/de\\\/regionen\\\/2022-05-20\\\/stadt-zuerich-und-welti-furrer-schliessen-tauschgeschaeft\\\/#primaryimage\"},\"thumbnailUrl\":\"https:\\\/\\\/www.immobilienbusiness.ch\\\/wp-content\\\/uploads\\\/2016\\\/12\\\/Depositphotos_11631521_l-2015.jpg\",\"datePublished\":\"2022-05-20T05:45:30+00:00\",\"dateModified\":\"2022-05-25T06:45:37+00:00\",\"description\":\"Die Stadt Z\u00fcrich tauscht mit der Welti-Furrer Immobilien AG Land im Industriequartier gegen eine Wohnliegenschaft in Altstetten.\",\"breadcrumb\":{\"@id\":\"https:\\\/\\\/www.immobilienbusiness.ch\\\/de\\\/regionen\\\/2022-05-20\\\/stadt-zuerich-und-welti-furrer-schliessen-tauschgeschaeft\\\/#breadcrumb\"},\"inLanguage\":\"en-US\",\"potentialAction\":[{\"@type\":\"ReadAction\",\"target\":[\"https:\\\/\\\/www.immobilienbusiness.ch\\\/de\\\/regionen\\\/2022-05-20\\\/stadt-zuerich-und-welti-furrer-schliessen-tauschgeschaeft\\\/\"]}]},{\"@type\":\"ImageObject\",\"inLanguage\":\"en-US\",\"@id\":\"https:\\\/\\\/www.immobilienbusiness.ch\\\/de\\\/regionen\\\/2022-05-20\\\/stadt-zuerich-und-welti-furrer-schliessen-tauschgeschaeft\\\/#primaryimage\",\"url\":\"https:\\\/\\\/www.immobilienbusiness.ch\\\/wp-content\\\/uploads\\\/2016\\\/12\\\/Depositphotos_11631521_l-2015.jpg\",\"contentUrl\":\"https:\\\/\\\/www.immobilienbusiness.ch\\\/wp-content\\\/uploads\\\/2016\\\/12\\\/Depositphotos_11631521_l-2015.jpg\",\"width\":2000,\"height\":1333,\"caption\":\"Johannes Fr\u00e4ulin ist neue Mitglied der Gesch\u00e4ftsleitung bei H&B Real Estate (Foto: pressmaster - deposidphotos)\"},{\"@type\":\"BreadcrumbList\",\"@id\":\"https:\\\/\\\/www.immobilienbusiness.ch\\\/de\\\/regionen\\\/2022-05-20\\\/stadt-zuerich-und-welti-furrer-schliessen-tauschgeschaeft\\\/#breadcrumb\",\"itemListElement\":[{\"@type\":\"ListItem\",\"position\":1,\"name\":\"Home\",\"item\":\"https:\\\/\\\/www.immobilienbusiness.ch\\\/\"},{\"@type\":\"ListItem\",\"position\":2,\"name\":\"Stadt Z\u00fcrich und Welti-Furrer schliessen Tauschgesch\u00e4ft\"}]},{\"@type\":\"WebSite\",\"@id\":\"https:\\\/\\\/www.immobilienbusiness.ch\\\/#website\",\"url\":\"https:\\\/\\\/www.immobilienbusiness.ch\\\/\",\"name\":\"IMMOBILIEN Business\",\"description\":\"Unabh\u00e4ngiges Schweizer Wirtschaftsmagazin mit Fokus auf Immobilien, Architektur- und Bau sowie Investment- und Finanzierung.\",\"publisher\":{\"@id\":\"https:\\\/\\\/www.immobilienbusiness.ch\\\/#organization\"},\"potentialAction\":[{\"@type\":\"SearchAction\",\"target\":{\"@type\":\"EntryPoint\",\"urlTemplate\":\"https:\\\/\\\/www.immobilienbusiness.ch\\\/?s={search_term_string}\"},\"query-input\":{\"@type\":\"PropertyValueSpecification\",\"valueRequired\":true,\"valueName\":\"search_term_string\"}}],\"inLanguage\":\"en-US\"},{\"@type\":\"Organization\",\"@id\":\"https:\\\/\\\/www.immobilienbusiness.ch\\\/#organization\",\"name\":\"IMMOBILIEN Business\",\"url\":\"https:\\\/\\\/www.immobilienbusiness.ch\\\/\",\"logo\":{\"@type\":\"ImageObject\",\"inLanguage\":\"en-US\",\"@id\":\"https:\\\/\\\/www.immobilienbusiness.ch\\\/#\\\/schema\\\/logo\\\/image\\\/\",\"url\":\"https:\\\/\\\/www.immobilienbusiness.ch\\\/wp-content\\\/uploads\\\/2021\\\/07\\\/logo_ib.png\",\"contentUrl\":\"https:\\\/\\\/www.immobilienbusiness.ch\\\/wp-content\\\/uploads\\\/2021\\\/07\\\/logo_ib.png\",\"width\":800,\"height\":181,\"caption\":\"IMMOBILIEN Business\"},\"image\":{\"@id\":\"https:\\\/\\\/www.immobilienbusiness.ch\\\/#\\\/schema\\\/logo\\\/image\\\/\"},\"sameAs\":[\"https:\\\/\\\/www.facebook.com\\\/immobilienbusiness\\\/\"]},{\"@type\":\"Person\",\"@id\":\"https:\\\/\\\/www.immobilienbusiness.ch\\\/#\\\/schema\\\/person\\\/3fc036297b10b9f42d6db5ee932af8c8\",\"name\":\"anja.hall\",\"image\":{\"@type\":\"ImageObject\",\"inLanguage\":\"en-US\",\"@id\":\"https:\\\/\\\/secure.gravatar.com\\\/avatar\\\/066b5a0d447013502c71a5782f4f3469f03cfe595cc2329fb94652fe47511bfb?s=96&d=mm&r=g\",\"url\":\"https:\\\/\\\/secure.gravatar.com\\\/avatar\\\/066b5a0d447013502c71a5782f4f3469f03cfe595cc2329fb94652fe47511bfb?s=96&d=mm&r=g\",\"contentUrl\":\"https:\\\/\\\/secure.gravatar.com\\\/avatar\\\/066b5a0d447013502c71a5782f4f3469f03cfe595cc2329fb94652fe47511bfb?s=96&d=mm&r=g\",\"caption\":\"anja.hall\"},\"url\":\"https:\\\/\\\/www.immobilienbusiness.ch\\\/en\\\/author\\\/anja-hall\\\/\"}]}<\/script>\n<!-- \/ Yoast SEO plugin. -->","yoast_head_json":{"title":"Stadt Z\u00fcrich und Welti-Furrer schliessen Tauschgesch\u00e4ft - IMMOBILIEN Business","description":"Die Stadt Z\u00fcrich tauscht mit der Welti-Furrer Immobilien AG Land im Industriequartier gegen eine Wohnliegenschaft in Altstetten.","robots":{"index":"index","follow":"follow","max-snippet":"max-snippet:-1","max-image-preview":"max-image-preview:large","max-video-preview":"max-video-preview:-1"},"canonical":"https:\/\/www.immobilienbusiness.ch\/en\/regionen\/2022-05-20\/stadt-zuerich-und-welti-furrer-schliessen-tauschgeschaeft\/","og_locale":"en_US","og_type":"article","og_title":"Stadt Z\u00fcrich und Welti-Furrer schliessen Tauschgesch\u00e4ft - IMMOBILIEN Business","og_description":"Die Stadt Z\u00fcrich tauscht mit der Welti-Furrer Immobilien AG Land im Industriequartier gegen eine Wohnliegenschaft in Altstetten.","og_url":"https:\/\/www.immobilienbusiness.ch\/en\/regionen\/2022-05-20\/stadt-zuerich-und-welti-furrer-schliessen-tauschgeschaeft\/","og_site_name":"IMMOBILIEN Business","article_publisher":"https:\/\/www.facebook.com\/immobilienbusiness\/","article_published_time":"2022-05-20T05:45:30+00:00","article_modified_time":"2022-05-25T06:45:37+00:00","og_image":[{"width":1024,"height":682,"url":"https:\/\/www.immobilienbusiness.ch\/wp-content\/uploads\/2016\/12\/Depositphotos_11631521_l-2015-1024x682.jpg","type":"image\/jpeg"}],"author":"anja.hall","twitter_card":"summary_large_image","twitter_image":"https:\/\/www.immobilienbusiness.ch\/wp-content\/uploads\/2016\/12\/Depositphotos_11631521_l-2015.jpg","schema":{"@context":"https:\/\/schema.org","@graph":[{"@type":"Article","@id":"https:\/\/www.immobilienbusiness.ch\/de\/regionen\/2022-05-20\/stadt-zuerich-und-welti-furrer-schliessen-tauschgeschaeft\/#article","isPartOf":{"@id":"https:\/\/www.immobilienbusiness.ch\/de\/regionen\/2022-05-20\/stadt-zuerich-und-welti-furrer-schliessen-tauschgeschaeft\/"},"author":{"name":"anja.hall","@id":"https:\/\/www.immobilienbusiness.ch\/#\/schema\/person\/3fc036297b10b9f42d6db5ee932af8c8"},"headline":"Stadt Z\u00fcrich und Welti-Furrer schliessen Tauschgesch\u00e4ft","datePublished":"2022-05-20T05:45:30+00:00","dateModified":"2022-05-25T06:45:37+00:00","mainEntityOfPage":{"@id":"https:\/\/www.immobilienbusiness.ch\/de\/regionen\/2022-05-20\/stadt-zuerich-und-welti-furrer-schliessen-tauschgeschaeft\/"},"wordCount":238,"publisher":{"@id":"https:\/\/www.immobilienbusiness.ch\/#organization"},"image":{"@id":"https:\/\/www.immobilienbusiness.ch\/de\/regionen\/2022-05-20\/stadt-zuerich-und-welti-furrer-schliessen-tauschgeschaeft\/#primaryimage"},"thumbnailUrl":"https:\/\/www.immobilienbusiness.ch\/wp-content\/uploads\/2016\/12\/Depositphotos_11631521_l-2015.jpg","keywords":["Projekt in Planung","Z\u00fcrich"],"articleSection":["REGIONEN"],"inLanguage":"en-US"},{"@type":"WebPage","@id":"https:\/\/www.immobilienbusiness.ch\/de\/regionen\/2022-05-20\/stadt-zuerich-und-welti-furrer-schliessen-tauschgeschaeft\/","url":"https:\/\/www.immobilienbusiness.ch\/de\/regionen\/2022-05-20\/stadt-zuerich-und-welti-furrer-schliessen-tauschgeschaeft\/","name":"Stadt Z\u00fcrich und Welti-Furrer schliessen Tauschgesch\u00e4ft - IMMOBILIEN Business","isPartOf":{"@id":"https:\/\/www.immobilienbusiness.ch\/#website"},"primaryImageOfPage":{"@id":"https:\/\/www.immobilienbusiness.ch\/de\/regionen\/2022-05-20\/stadt-zuerich-und-welti-furrer-schliessen-tauschgeschaeft\/#primaryimage"},"image":{"@id":"https:\/\/www.immobilienbusiness.ch\/de\/regionen\/2022-05-20\/stadt-zuerich-und-welti-furrer-schliessen-tauschgeschaeft\/#primaryimage"},"thumbnailUrl":"https:\/\/www.immobilienbusiness.ch\/wp-content\/uploads\/2016\/12\/Depositphotos_11631521_l-2015.jpg","datePublished":"2022-05-20T05:45:30+00:00","dateModified":"2022-05-25T06:45:37+00:00","description":"Die Stadt Z\u00fcrich tauscht mit der Welti-Furrer Immobilien AG Land im Industriequartier gegen eine Wohnliegenschaft in Altstetten.","breadcrumb":{"@id":"https:\/\/www.immobilienbusiness.ch\/de\/regionen\/2022-05-20\/stadt-zuerich-und-welti-furrer-schliessen-tauschgeschaeft\/#breadcrumb"},"inLanguage":"en-US","potentialAction":[{"@type":"ReadAction","target":["https:\/\/www.immobilienbusiness.ch\/de\/regionen\/2022-05-20\/stadt-zuerich-und-welti-furrer-schliessen-tauschgeschaeft\/"]}]},{"@type":"ImageObject","inLanguage":"en-US","@id":"https:\/\/www.immobilienbusiness.ch\/de\/regionen\/2022-05-20\/stadt-zuerich-und-welti-furrer-schliessen-tauschgeschaeft\/#primaryimage","url":"https:\/\/www.immobilienbusiness.ch\/wp-content\/uploads\/2016\/12\/Depositphotos_11631521_l-2015.jpg","contentUrl":"https:\/\/www.immobilienbusiness.ch\/wp-content\/uploads\/2016\/12\/Depositphotos_11631521_l-2015.jpg","width":2000,"height":1333,"caption":"Johannes Fr\u00e4ulin ist neue Mitglied der Gesch\u00e4ftsleitung bei H&B Real Estate (Foto: pressmaster - deposidphotos)"},{"@type":"BreadcrumbList","@id":"https:\/\/www.immobilienbusiness.ch\/de\/regionen\/2022-05-20\/stadt-zuerich-und-welti-furrer-schliessen-tauschgeschaeft\/#breadcrumb","itemListElement":[{"@type":"ListItem","position":1,"name":"Home","item":"https:\/\/www.immobilienbusiness.ch\/"},{"@type":"ListItem","position":2,"name":"Stadt Z\u00fcrich und Welti-Furrer schliessen Tauschgesch\u00e4ft"}]},{"@type":"WebSite","@id":"https:\/\/www.immobilienbusiness.ch\/#website","url":"https:\/\/www.immobilienbusiness.ch\/","name":"REAL ESTATE Business","description":"Independent Swiss business magazine focusing on real estate, architecture and construction as well as investment and financing.","publisher":{"@id":"https:\/\/www.immobilienbusiness.ch\/#organization"},"potentialAction":[{"@type":"SearchAction","target":{"@type":"EntryPoint","urlTemplate":"https:\/\/www.immobilienbusiness.ch\/?s={search_term_string}"},"query-input":{"@type":"PropertyValueSpecification","valueRequired":true,"valueName":"search_term_string"}}],"inLanguage":"en-US"},{"@type":"Organization","@id":"https:\/\/www.immobilienbusiness.ch\/#organization","name":"REAL ESTATE Business","url":"https:\/\/www.immobilienbusiness.ch\/","logo":{"@type":"ImageObject","inLanguage":"en-US","@id":"https:\/\/www.immobilienbusiness.ch\/#\/schema\/logo\/image\/","url":"https:\/\/www.immobilienbusiness.ch\/wp-content\/uploads\/2021\/07\/logo_ib.png","contentUrl":"https:\/\/www.immobilienbusiness.ch\/wp-content\/uploads\/2021\/07\/logo_ib.png","width":800,"height":181,"caption":"IMMOBILIEN Business"},"image":{"@id":"https:\/\/www.immobilienbusiness.ch\/#\/schema\/logo\/image\/"},"sameAs":["https:\/\/www.facebook.com\/immobilienbusiness\/"]},{"@type":"Person","@id":"https:\/\/www.immobilienbusiness.ch\/#\/schema\/person\/3fc036297b10b9f42d6db5ee932af8c8","name":"anja.hall","image":{"@type":"ImageObject","inLanguage":"en-US","@id":"https:\/\/secure.gravatar.com\/avatar\/066b5a0d447013502c71a5782f4f3469f03cfe595cc2329fb94652fe47511bfb?s=96&d=mm&r=g","url":"https:\/\/secure.gravatar.com\/avatar\/066b5a0d447013502c71a5782f4f3469f03cfe595cc2329fb94652fe47511bfb?s=96&d=mm&r=g","contentUrl":"https:\/\/secure.gravatar.com\/avatar\/066b5a0d447013502c71a5782f4f3469f03cfe595cc2329fb94652fe47511bfb?s=96&d=mm&r=g","caption":"anja.hall"},"url":"https:\/\/www.immobilienbusiness.ch\/en\/author\/anja-hall\/"}]}},"_links":{"self":[{"href":"https:\/\/www.immobilienbusiness.ch\/en\/wp-json\/wp\/v2\/posts\/42638","targetHints":{"allow":["GET"]}}],"collection":[{"href":"https:\/\/www.immobilienbusiness.ch\/en\/wp-json\/wp\/v2\/posts"}],"about":[{"href":"https:\/\/www.immobilienbusiness.ch\/en\/wp-json\/wp\/v2\/types\/post"}],"author":[{"embeddable":true,"href":"https:\/\/www.immobilienbusiness.ch\/en\/wp-json\/wp\/v2\/users\/3"}],"replies":[{"embeddable":true,"href":"https:\/\/www.immobilienbusiness.ch\/en\/wp-json\/wp\/v2\/comments?post=42638"}],"version-history":[{"count":2,"href":"https:\/\/www.immobilienbusiness.ch\/en\/wp-json\/wp\/v2\/posts\/42638\/revisions"}],"predecessor-version":[{"id":42674,"href":"https:\/\/www.immobilienbusiness.ch\/en\/wp-json\/wp\/v2\/posts\/42638\/revisions\/42674"}],"wp:featuredmedia":[{"embeddable":true,"href":"https:\/\/www.immobilienbusiness.ch\/en\/wp-json\/wp\/v2\/media\/5424"}],"wp:attachment":[{"href":"https:\/\/www.immobilienbusiness.ch\/en\/wp-json\/wp\/v2\/media?parent=42638"}],"wp:term":[{"taxonomy":"category","embeddable":true,"href":"https:\/\/www.immobilienbusiness.ch\/en\/wp-json\/wp\/v2\/categories?post=42638"},{"taxonomy":"post_tag","embeddable":true,"href":"https:\/\/www.immobilienbusiness.ch\/en\/wp-json\/wp\/v2\/tags?post=42638"}],"curies":[{"name":"wp","href":"https:\/\/api.w.org\/{rel}","templated":true}]}}